{"id":70765,"date":"2013-06-30T11:59:52","date_gmt":"2013-06-30T11:59:52","guid":{"rendered":"https:\/\/dev.president-ksgov.net\/president-jahjaga-participates-at-the-celebrations-held-on-the-occasion-of-croatias-accession-into-european-union\/"},"modified":"2023-03-07T10:41:29","modified_gmt":"2023-03-07T10:41:29","slug":"president-jahjaga-participates-at-the-celebrations-held-on-the-occasion-of-croatias-accession-into-european-union","status":"publish","type":"post","link":"https:\/\/president-ksgov.net\/en\/president-jahjaga-participates-at-the-celebrations-held-on-the-occasion-of-croatias-accession-into-european-union\/","title":{"rendered":"President Jahjaga participates at the celebrations held on the occasion of Croatia&#146;s accession into European Union"},"content":{"rendered":"<p>President of the Republic of Kosovo, Mrs. Atifete Jahjaga is currently visiting Zagreb, where she is attending the manifestations celebrating the accession of the Republic of Croatia into European Union.<\/p>\n<p>President of the Republic of Kosovo, Mrs. Atifete Jahjaga is currently visiting Zagreb, where she is attending the manifestations celebrating the accession of the Republic of Croatia into European Union.<\/p>\n<p>Manifestations are being attended by a number of leaders of the countries of the region and further afield.<\/p>\n<p>President Jahjaga congratulated on behalf of the people of Kosovo and on her personal behalf the Republic of Croatia on this historic success and emphasized that the merit for Croatia joining the European Union rests with its people and its institutions.<\/p>\n<p>President Jahjaga also stated that Croatia&#8217;s membership will expedite the integration of the rest of the western Balkans into European Union, which will be an added value for the Union and a guarantee for the prosperity, stability and cooperation in the region.<\/p>\n<p>Taking into consideration the difficult past through which we have traverse as a region, the countries of the western Balkans consider the joining of the union of free nations as a guarantee that we will be building societies of free and equal citizens, rule of law and order and transformation of our states into democratic countries of grand oportunities, said President Jahjaga.<\/p>\n","protected":false},"excerpt":{"rendered":"<p>President of the Republic of Kosovo, Mrs. Atifete Jahjaga is currently visiting Zagreb, where she is attending the manifestations celebrating the accession of the Republic of Croatia into European Union.<\/p>\n","protected":false},"author":1,"featured_media":50425,"comment_status":"open","ping_status":"closed","sticky":false,"template":"","format":"standard","meta":{"_eb_attr":"","footnotes":""},"categories":[111],"tags":[],"class_list":["post-70765","post","type-post","status-publish","format-standard","has-post-thumbnail","hentry","category-news"],"yoast_head":"<!-- This site is optimized with the Yoast SEO plugin v23.5 - https:\/\/yoast.com\/wordpress\/plugins\/seo\/ -->\n<title>President Jahjaga participates at the celebrations held on the occasion of Croatia&#146;s accession into European Union - President of the Republic of Kosovo - DR. VJOSA OSMANI - SADRIU<\/title>\n<meta name=\"description\" content=\"President Jahjaga participates at the celebrations held on the occasion of Croatia&#146;s accession into European Union - President of the Republic of Kosovo - DR. VJOSA OSMANI - SADRIU -\" \/>\n<meta name=\"robots\" content=\"index, follow, max-snippet:-1, max-image-preview:large, max-video-preview:-1\" \/>\n<link rel=\"canonical\" href=\"https:\/\/president-ksgov.net\/presidentja-jahjaga-po-merr-pjese-ne-manifestimet-me-rastin-e-anetaresimit-te-kroacise-ne-bashkimin-evropian\/\" \/>\n<meta property=\"og:locale\" content=\"en_US\" \/>\n<meta property=\"og:type\" content=\"article\" \/>\n<meta property=\"og:title\" content=\"President Jahjaga participates at the celebrations held on the occasion of Croatia&#146;s accession into European Union - President of the Republic of Kosovo - DR. VJOSA OSMANI - SADRIU\" \/>\n<meta property=\"og:description\" content=\"President Jahjaga participates at the celebrations held on the occasion of Croatia&#146;s accession into European Union - President of the Republic of Kosovo - DR. VJOSA OSMANI - SADRIU -\" \/>\n<meta property=\"og:url\" content=\"https:\/\/president-ksgov.net\/presidentja-jahjaga-po-merr-pjese-ne-manifestimet-me-rastin-e-anetaresimit-te-kroacise-ne-bashkimin-evropian\/\" \/>\n<meta property=\"og:site_name\" content=\"President of the Republic of Kosovo - DR. VJOSA OSMANI - SADRIU\" \/>\n<meta property=\"article:published_time\" content=\"2013-06-30T11:59:52+00:00\" \/>\n<meta property=\"article:modified_time\" content=\"2023-03-07T10:41:29+00:00\" \/>\n<meta property=\"og:image\" content=\"https:\/\/president-ksgov.net\/wp-content\/uploads\/zagrebi_.jpg\" \/>\n\t<meta property=\"og:image:width\" content=\"850\" \/>\n\t<meta property=\"og:image:height\" content=\"566\" \/>\n\t<meta property=\"og:image:type\" content=\"image\/jpeg\" \/>\n<meta name=\"author\" content=\"admin\" \/>\n<meta name=\"twitter:card\" content=\"summary_large_image\" \/>\n<meta name=\"twitter:label1\" content=\"Written by\" \/>\n\t<meta name=\"twitter:data1\" content=\"admin\" \/>\n\t<meta name=\"twitter:label2\" content=\"Est. reading time\" \/>\n\t<meta name=\"twitter:data2\" content=\"1 minute\" \/>\n<script type=\"application\/ld+json\" class=\"yoast-schema-graph\">{\"@context\":\"https:\/\/schema.org\",\"@graph\":[{\"@type\":\"WebPage\",\"@id\":\"https:\/\/president-ksgov.net\/presidentja-jahjaga-po-merr-pjese-ne-manifestimet-me-rastin-e-anetaresimit-te-kroacise-ne-bashkimin-evropian\/\",\"url\":\"https:\/\/president-ksgov.net\/presidentja-jahjaga-po-merr-pjese-ne-manifestimet-me-rastin-e-anetaresimit-te-kroacise-ne-bashkimin-evropian\/\",\"name\":\"President Jahjaga participates at the celebrations held on the occasion of Croatia&#146;s accession into European Union - President of the Republic of Kosovo - DR. VJOSA OSMANI - SADRIU\",\"isPartOf\":{\"@id\":\"https:\/\/president-ksgov.net\/#website\"},\"primaryImageOfPage\":{\"@id\":\"https:\/\/president-ksgov.net\/presidentja-jahjaga-po-merr-pjese-ne-manifestimet-me-rastin-e-anetaresimit-te-kroacise-ne-bashkimin-evropian\/#primaryimage\"},\"image\":{\"@id\":\"https:\/\/president-ksgov.net\/presidentja-jahjaga-po-merr-pjese-ne-manifestimet-me-rastin-e-anetaresimit-te-kroacise-ne-bashkimin-evropian\/#primaryimage\"},\"thumbnailUrl\":\"https:\/\/president-ksgov.net\/wp-content\/uploads\/zagrebi_.jpg\",\"datePublished\":\"2013-06-30T11:59:52+00:00\",\"dateModified\":\"2023-03-07T10:41:29+00:00\",\"author\":{\"@id\":\"https:\/\/president-ksgov.net\/#\/schema\/person\/bb4337a5fb147cb2046d80548172cbee\"},\"description\":\"President Jahjaga participates at the celebrations held on the occasion of Croatia&#146;s accession into European Union - President of the Republic of Kosovo - DR. VJOSA OSMANI - SADRIU -\",\"breadcrumb\":{\"@id\":\"https:\/\/president-ksgov.net\/presidentja-jahjaga-po-merr-pjese-ne-manifestimet-me-rastin-e-anetaresimit-te-kroacise-ne-bashkimin-evropian\/#breadcrumb\"},\"inLanguage\":\"en-US\",\"potentialAction\":[{\"@type\":\"ReadAction\",\"target\":[\"https:\/\/president-ksgov.net\/presidentja-jahjaga-po-merr-pjese-ne-manifestimet-me-rastin-e-anetaresimit-te-kroacise-ne-bashkimin-evropian\/\"]}]},{\"@type\":\"ImageObject\",\"inLanguage\":\"en-US\",\"@id\":\"https:\/\/president-ksgov.net\/presidentja-jahjaga-po-merr-pjese-ne-manifestimet-me-rastin-e-anetaresimit-te-kroacise-ne-bashkimin-evropian\/#primaryimage\",\"url\":\"https:\/\/president-ksgov.net\/wp-content\/uploads\/zagrebi_.jpg\",\"contentUrl\":\"https:\/\/president-ksgov.net\/wp-content\/uploads\/zagrebi_.jpg\",\"width\":850,\"height\":566},{\"@type\":\"BreadcrumbList\",\"@id\":\"https:\/\/president-ksgov.net\/presidentja-jahjaga-po-merr-pjese-ne-manifestimet-me-rastin-e-anetaresimit-te-kroacise-ne-bashkimin-evropian\/#breadcrumb\",\"itemListElement\":[{\"@type\":\"ListItem\",\"position\":1,\"name\":\"Home\",\"item\":\"https:\/\/president-ksgov.net\/en\/\"},{\"@type\":\"ListItem\",\"position\":2,\"name\":\"President Jahjaga participates at the celebrations held on the occasion of Croatia&#146;s accession into European Union\"}]},{\"@type\":\"WebSite\",\"@id\":\"https:\/\/president-ksgov.net\/#website\",\"url\":\"https:\/\/president-ksgov.net\/\",\"name\":\"Presidente e Republik\u00ebs s\u00eb Kosov\u00ebs\",\"description\":\"Presidente e Republik\u00ebs s\u00eb Kosov\u00ebs\",\"alternateName\":\"DR. VJOSA OSMANI - SADRIU\",\"potentialAction\":[{\"@type\":\"SearchAction\",\"target\":{\"@type\":\"EntryPoint\",\"urlTemplate\":\"https:\/\/president-ksgov.net\/?s={search_term_string}\"},\"query-input\":{\"@type\":\"PropertyValueSpecification\",\"valueRequired\":true,\"valueName\":\"search_term_string\"}}],\"inLanguage\":\"en-US\"},{\"@type\":\"Person\",\"@id\":\"https:\/\/president-ksgov.net\/#\/schema\/person\/bb4337a5fb147cb2046d80548172cbee\",\"name\":\"admin\",\"image\":{\"@type\":\"ImageObject\",\"inLanguage\":\"en-US\",\"@id\":\"https:\/\/president-ksgov.net\/#\/schema\/person\/image\/\",\"url\":\"https:\/\/secure.gravatar.com\/avatar\/36156ca0fa3b8d9d25174f146e16beea0cf28f37adf1b9e19b6c9c279a7c9dd3?s=96&d=mm&r=g\",\"contentUrl\":\"https:\/\/secure.gravatar.com\/avatar\/36156ca0fa3b8d9d25174f146e16beea0cf28f37adf1b9e19b6c9c279a7c9dd3?s=96&d=mm&r=g\",\"caption\":\"admin\"},\"sameAs\":[\"https:\/\/president-ksgov.net\"]}]}<\/script>\n<!-- \/ Yoast SEO plugin. -->","yoast_head_json":{"title":"President Jahjaga participates at the celebrations held on the occasion of Croatia&#146;s accession into European Union - President of the Republic of Kosovo - DR. VJOSA OSMANI - SADRIU","description":"President Jahjaga participates at the celebrations held on the occasion of Croatia&#146;s accession into European Union - President of the Republic of Kosovo - DR. VJOSA OSMANI - SADRIU -","robots":{"index":"index","follow":"follow","max-snippet":"max-snippet:-1","max-image-preview":"max-image-preview:large","max-video-preview":"max-video-preview:-1"},"canonical":"https:\/\/president-ksgov.net\/presidentja-jahjaga-po-merr-pjese-ne-manifestimet-me-rastin-e-anetaresimit-te-kroacise-ne-bashkimin-evropian\/","og_locale":"en_US","og_type":"article","og_title":"President Jahjaga participates at the celebrations held on the occasion of Croatia&#146;s accession into European Union - President of the Republic of Kosovo - DR. VJOSA OSMANI - SADRIU","og_description":"President Jahjaga participates at the celebrations held on the occasion of Croatia&#146;s accession into European Union - President of the Republic of Kosovo - DR. VJOSA OSMANI - SADRIU -","og_url":"https:\/\/president-ksgov.net\/presidentja-jahjaga-po-merr-pjese-ne-manifestimet-me-rastin-e-anetaresimit-te-kroacise-ne-bashkimin-evropian\/","og_site_name":"President of the Republic of Kosovo - DR. VJOSA OSMANI - SADRIU","article_published_time":"2013-06-30T11:59:52+00:00","article_modified_time":"2023-03-07T10:41:29+00:00","og_image":[{"width":850,"height":566,"url":"https:\/\/president-ksgov.net\/wp-content\/uploads\/zagrebi_.jpg","type":"image\/jpeg"}],"author":"admin","twitter_card":"summary_large_image","twitter_misc":{"Written by":"admin","Est. reading time":"1 minute"},"schema":{"@context":"https:\/\/schema.org","@graph":[{"@type":"WebPage","@id":"https:\/\/president-ksgov.net\/presidentja-jahjaga-po-merr-pjese-ne-manifestimet-me-rastin-e-anetaresimit-te-kroacise-ne-bashkimin-evropian\/","url":"https:\/\/president-ksgov.net\/presidentja-jahjaga-po-merr-pjese-ne-manifestimet-me-rastin-e-anetaresimit-te-kroacise-ne-bashkimin-evropian\/","name":"President Jahjaga participates at the celebrations held on the occasion of Croatia&#146;s accession into European Union - President of the Republic of Kosovo - DR. VJOSA OSMANI - SADRIU","isPartOf":{"@id":"https:\/\/president-ksgov.net\/#website"},"primaryImageOfPage":{"@id":"https:\/\/president-ksgov.net\/presidentja-jahjaga-po-merr-pjese-ne-manifestimet-me-rastin-e-anetaresimit-te-kroacise-ne-bashkimin-evropian\/#primaryimage"},"image":{"@id":"https:\/\/president-ksgov.net\/presidentja-jahjaga-po-merr-pjese-ne-manifestimet-me-rastin-e-anetaresimit-te-kroacise-ne-bashkimin-evropian\/#primaryimage"},"thumbnailUrl":"https:\/\/president-ksgov.net\/wp-content\/uploads\/zagrebi_.jpg","datePublished":"2013-06-30T11:59:52+00:00","dateModified":"2023-03-07T10:41:29+00:00","author":{"@id":"https:\/\/president-ksgov.net\/#\/schema\/person\/bb4337a5fb147cb2046d80548172cbee"},"description":"President Jahjaga participates at the celebrations held on the occasion of Croatia&#146;s accession into European Union - President of the Republic of Kosovo - DR. VJOSA OSMANI - SADRIU -","breadcrumb":{"@id":"https:\/\/president-ksgov.net\/presidentja-jahjaga-po-merr-pjese-ne-manifestimet-me-rastin-e-anetaresimit-te-kroacise-ne-bashkimin-evropian\/#breadcrumb"},"inLanguage":"en-US","potentialAction":[{"@type":"ReadAction","target":["https:\/\/president-ksgov.net\/presidentja-jahjaga-po-merr-pjese-ne-manifestimet-me-rastin-e-anetaresimit-te-kroacise-ne-bashkimin-evropian\/"]}]},{"@type":"ImageObject","inLanguage":"en-US","@id":"https:\/\/president-ksgov.net\/presidentja-jahjaga-po-merr-pjese-ne-manifestimet-me-rastin-e-anetaresimit-te-kroacise-ne-bashkimin-evropian\/#primaryimage","url":"https:\/\/president-ksgov.net\/wp-content\/uploads\/zagrebi_.jpg","contentUrl":"https:\/\/president-ksgov.net\/wp-content\/uploads\/zagrebi_.jpg","width":850,"height":566},{"@type":"BreadcrumbList","@id":"https:\/\/president-ksgov.net\/presidentja-jahjaga-po-merr-pjese-ne-manifestimet-me-rastin-e-anetaresimit-te-kroacise-ne-bashkimin-evropian\/#breadcrumb","itemListElement":[{"@type":"ListItem","position":1,"name":"Home","item":"https:\/\/president-ksgov.net\/en\/"},{"@type":"ListItem","position":2,"name":"President Jahjaga participates at the celebrations held on the occasion of Croatia&#146;s accession into European Union"}]},{"@type":"WebSite","@id":"https:\/\/president-ksgov.net\/#website","url":"https:\/\/president-ksgov.net\/","name":"Presidente e Republik\u00ebs s\u00eb Kosov\u00ebs","description":"Presidente e Republik\u00ebs s\u00eb Kosov\u00ebs","alternateName":"DR. VJOSA OSMANI - SADRIU","potentialAction":[{"@type":"SearchAction","target":{"@type":"EntryPoint","urlTemplate":"https:\/\/president-ksgov.net\/?s={search_term_string}"},"query-input":{"@type":"PropertyValueSpecification","valueRequired":true,"valueName":"search_term_string"}}],"inLanguage":"en-US"},{"@type":"Person","@id":"https:\/\/president-ksgov.net\/#\/schema\/person\/bb4337a5fb147cb2046d80548172cbee","name":"admin","image":{"@type":"ImageObject","inLanguage":"en-US","@id":"https:\/\/president-ksgov.net\/#\/schema\/person\/image\/","url":"https:\/\/secure.gravatar.com\/avatar\/36156ca0fa3b8d9d25174f146e16beea0cf28f37adf1b9e19b6c9c279a7c9dd3?s=96&d=mm&r=g","contentUrl":"https:\/\/secure.gravatar.com\/avatar\/36156ca0fa3b8d9d25174f146e16beea0cf28f37adf1b9e19b6c9c279a7c9dd3?s=96&d=mm&r=g","caption":"admin"},"sameAs":["https:\/\/president-ksgov.net"]}]}},"_links":{"self":[{"href":"https:\/\/president-ksgov.net\/en\/wp-json\/wp\/v2\/posts\/70765","targetHints":{"allow":["GET"]}}],"collection":[{"href":"https:\/\/president-ksgov.net\/en\/wp-json\/wp\/v2\/posts"}],"about":[{"href":"https:\/\/president-ksgov.net\/en\/wp-json\/wp\/v2\/types\/post"}],"author":[{"embeddable":true,"href":"https:\/\/president-ksgov.net\/en\/wp-json\/wp\/v2\/users\/1"}],"replies":[{"embeddable":true,"href":"https:\/\/president-ksgov.net\/en\/wp-json\/wp\/v2\/comments?post=70765"}],"version-history":[{"count":0,"href":"https:\/\/president-ksgov.net\/en\/wp-json\/wp\/v2\/posts\/70765\/revisions"}],"wp:featuredmedia":[{"embeddable":true,"href":"https:\/\/president-ksgov.net\/en\/wp-json\/wp\/v2\/media\/50425"}],"wp:attachment":[{"href":"https:\/\/president-ksgov.net\/en\/wp-json\/wp\/v2\/media?parent=70765"}],"wp:term":[{"taxonomy":"category","embeddable":true,"href":"https:\/\/president-ksgov.net\/en\/wp-json\/wp\/v2\/categories?post=70765"},{"taxonomy":"post_tag","embeddable":true,"href":"https:\/\/president-ksgov.net\/en\/wp-json\/wp\/v2\/tags?post=70765"}],"curies":[{"name":"wp","href":"https:\/\/api.w.org\/{rel}","templated":true}]}}