{"id":70604,"date":"2013-10-08T12:14:08","date_gmt":"2013-10-08T12:14:08","guid":{"rendered":"https:\/\/dev.president-ksgov.net\/president-jahjaga-received-a-delegation-of-the-turkish-armed-forces\/"},"modified":"2023-03-07T10:36:17","modified_gmt":"2023-03-07T10:36:17","slug":"president-jahjaga-received-a-delegation-of-the-turkish-armed-forces","status":"publish","type":"post","link":"https:\/\/president-ksgov.net\/en\/president-jahjaga-received-a-delegation-of-the-turkish-armed-forces\/","title":{"rendered":"President Jahjaga received a delegation of the Turkish Armed Forces"},"content":{"rendered":"<p>President of the Republic of Kosovo, Mrs. Atifete Jahjaga, received today at a meeting a delegation of the Turkish Armed Forces, led by the Chief of the Turkish General Staff, General Necdet Ozel.<\/p>\n<p>President Jahjaga thanked General Ozel for the continuous support of the Republic of Turkey to the citizens and the institutions of the Republic of Kosovo in all fields, particularly in the field of security.<\/p>\n<p>Madam President emphasized the importance of cooperation between the Armed Forces of the Republic of Turkey and the Kosovo Security Force, in benefit of the peace and general stability in the Balkans and beyond. She also praised highly the professional help offered by the Turkish Army to the Kosovo Security Force.<\/p>\n<p>President of the Republic of Kosovo, Mrs. Atifete Jahjaga, the Supreme Commander of the KSF, expressed the readiness of this force, after the achievement of the full operational capacities, to participate at in international missions.<\/p>\n<p>Chief of the Turkish General Staff of the Turkish Armed Forces, General Necdet Ozel, stated that Kosovo enjoys the full support of Turkey in its path of integrations into NATO, EU and other international institutions.<\/p>\n<p>General Ozel also expressed the dedication for expansion of the cooperation between the Armed Forces of the Republic of Turkey and Kosovo Security Force in the benefit of general security in the Balkans, which has its impact on the global security.<\/p>\n","protected":false},"excerpt":{"rendered":"<p>President of the Republic of Kosovo, Mrs. Atifete Jahjaga, received today at a meeting a delegation of the Turkish Armed Forces, led by the Chief of the Turkish General Staff, General Necdet Ozel.<\/p>\n","protected":false},"author":1,"featured_media":49074,"comment_status":"open","ping_status":"closed","sticky":false,"template":"","format":"standard","meta":{"_eb_attr":"","footnotes":""},"categories":[111],"tags":[],"class_list":["post-70604","post","type-post","status-publish","format-standard","has-post-thumbnail","hentry","category-news"],"yoast_head":"<!-- This site is optimized with the Yoast SEO plugin v23.5 - https:\/\/yoast.com\/wordpress\/plugins\/seo\/ -->\n<title>President Jahjaga received a delegation of the Turkish Armed Forces - President of the Republic of Kosovo - DR. VJOSA OSMANI - SADRIU<\/title>\n<meta name=\"description\" content=\"President Jahjaga received a delegation of the Turkish Armed Forces - President of the Republic of Kosovo - DR. VJOSA OSMANI - SADRIU -\" \/>\n<meta name=\"robots\" content=\"index, follow, max-snippet:-1, max-image-preview:large, max-video-preview:-1\" \/>\n<link rel=\"canonical\" href=\"https:\/\/president-ksgov.net\/presidentja-atifete-jahjaga-priti-nje-delegacion-nga-forcat-e-armatosura-te-turqise\/\" \/>\n<meta property=\"og:locale\" content=\"en_US\" \/>\n<meta property=\"og:type\" content=\"article\" \/>\n<meta property=\"og:title\" content=\"President Jahjaga received a delegation of the Turkish Armed Forces - President of the Republic of Kosovo - DR. VJOSA OSMANI - SADRIU\" \/>\n<meta property=\"og:description\" content=\"President Jahjaga received a delegation of the Turkish Armed Forces - President of the Republic of Kosovo - DR. VJOSA OSMANI - SADRIU -\" \/>\n<meta property=\"og:url\" content=\"https:\/\/president-ksgov.net\/presidentja-atifete-jahjaga-priti-nje-delegacion-nga-forcat-e-armatosura-te-turqise\/\" \/>\n<meta property=\"og:site_name\" content=\"President of the Republic of Kosovo - DR. VJOSA OSMANI - SADRIU\" \/>\n<meta property=\"article:published_time\" content=\"2013-10-08T12:14:08+00:00\" \/>\n<meta property=\"article:modified_time\" content=\"2023-03-07T10:36:17+00:00\" \/>\n<meta property=\"og:image\" content=\"https:\/\/president-ksgov.net\/wp-content\/uploads\/08_10_2013_749995_08_10_2013_Takim_me_gjeneralin_turk_1.jpg\" \/>\n\t<meta property=\"og:image:width\" content=\"1000\" \/>\n\t<meta property=\"og:image:height\" content=\"965\" \/>\n\t<meta property=\"og:image:type\" content=\"image\/jpeg\" \/>\n<meta name=\"author\" content=\"admin\" \/>\n<meta name=\"twitter:card\" content=\"summary_large_image\" \/>\n<meta name=\"twitter:label1\" content=\"Written by\" \/>\n\t<meta name=\"twitter:data1\" content=\"admin\" \/>\n\t<meta name=\"twitter:label2\" content=\"Est. reading time\" \/>\n\t<meta name=\"twitter:data2\" content=\"1 minute\" \/>\n<script type=\"application\/ld+json\" class=\"yoast-schema-graph\">{\"@context\":\"https:\/\/schema.org\",\"@graph\":[{\"@type\":\"WebPage\",\"@id\":\"https:\/\/president-ksgov.net\/presidentja-atifete-jahjaga-priti-nje-delegacion-nga-forcat-e-armatosura-te-turqise\/\",\"url\":\"https:\/\/president-ksgov.net\/presidentja-atifete-jahjaga-priti-nje-delegacion-nga-forcat-e-armatosura-te-turqise\/\",\"name\":\"President Jahjaga received a delegation of the Turkish Armed Forces - President of the Republic of Kosovo - DR. VJOSA OSMANI - SADRIU\",\"isPartOf\":{\"@id\":\"https:\/\/president-ksgov.net\/#website\"},\"primaryImageOfPage\":{\"@id\":\"https:\/\/president-ksgov.net\/presidentja-atifete-jahjaga-priti-nje-delegacion-nga-forcat-e-armatosura-te-turqise\/#primaryimage\"},\"image\":{\"@id\":\"https:\/\/president-ksgov.net\/presidentja-atifete-jahjaga-priti-nje-delegacion-nga-forcat-e-armatosura-te-turqise\/#primaryimage\"},\"thumbnailUrl\":\"https:\/\/president-ksgov.net\/wp-content\/uploads\/08_10_2013_749995_08_10_2013_Takim_me_gjeneralin_turk_1.jpg\",\"datePublished\":\"2013-10-08T12:14:08+00:00\",\"dateModified\":\"2023-03-07T10:36:17+00:00\",\"author\":{\"@id\":\"https:\/\/president-ksgov.net\/#\/schema\/person\/bb4337a5fb147cb2046d80548172cbee\"},\"description\":\"President Jahjaga received a delegation of the Turkish Armed Forces - President of the Republic of Kosovo - DR. VJOSA OSMANI - SADRIU -\",\"breadcrumb\":{\"@id\":\"https:\/\/president-ksgov.net\/presidentja-atifete-jahjaga-priti-nje-delegacion-nga-forcat-e-armatosura-te-turqise\/#breadcrumb\"},\"inLanguage\":\"en-US\",\"potentialAction\":[{\"@type\":\"ReadAction\",\"target\":[\"https:\/\/president-ksgov.net\/presidentja-atifete-jahjaga-priti-nje-delegacion-nga-forcat-e-armatosura-te-turqise\/\"]}]},{\"@type\":\"ImageObject\",\"inLanguage\":\"en-US\",\"@id\":\"https:\/\/president-ksgov.net\/presidentja-atifete-jahjaga-priti-nje-delegacion-nga-forcat-e-armatosura-te-turqise\/#primaryimage\",\"url\":\"https:\/\/president-ksgov.net\/wp-content\/uploads\/08_10_2013_749995_08_10_2013_Takim_me_gjeneralin_turk_1.jpg\",\"contentUrl\":\"https:\/\/president-ksgov.net\/wp-content\/uploads\/08_10_2013_749995_08_10_2013_Takim_me_gjeneralin_turk_1.jpg\",\"width\":1000,\"height\":965},{\"@type\":\"BreadcrumbList\",\"@id\":\"https:\/\/president-ksgov.net\/presidentja-atifete-jahjaga-priti-nje-delegacion-nga-forcat-e-armatosura-te-turqise\/#breadcrumb\",\"itemListElement\":[{\"@type\":\"ListItem\",\"position\":1,\"name\":\"Home\",\"item\":\"https:\/\/president-ksgov.net\/en\/\"},{\"@type\":\"ListItem\",\"position\":2,\"name\":\"President Jahjaga received a delegation of the Turkish Armed Forces\"}]},{\"@type\":\"WebSite\",\"@id\":\"https:\/\/president-ksgov.net\/#website\",\"url\":\"https:\/\/president-ksgov.net\/\",\"name\":\"Presidente e Republik\u00ebs s\u00eb Kosov\u00ebs\",\"description\":\"Presidente e Republik\u00ebs s\u00eb Kosov\u00ebs\",\"alternateName\":\"DR. VJOSA OSMANI - SADRIU\",\"potentialAction\":[{\"@type\":\"SearchAction\",\"target\":{\"@type\":\"EntryPoint\",\"urlTemplate\":\"https:\/\/president-ksgov.net\/?s={search_term_string}\"},\"query-input\":{\"@type\":\"PropertyValueSpecification\",\"valueRequired\":true,\"valueName\":\"search_term_string\"}}],\"inLanguage\":\"en-US\"},{\"@type\":\"Person\",\"@id\":\"https:\/\/president-ksgov.net\/#\/schema\/person\/bb4337a5fb147cb2046d80548172cbee\",\"name\":\"admin\",\"image\":{\"@type\":\"ImageObject\",\"inLanguage\":\"en-US\",\"@id\":\"https:\/\/president-ksgov.net\/#\/schema\/person\/image\/\",\"url\":\"https:\/\/secure.gravatar.com\/avatar\/36156ca0fa3b8d9d25174f146e16beea0cf28f37adf1b9e19b6c9c279a7c9dd3?s=96&d=mm&r=g\",\"contentUrl\":\"https:\/\/secure.gravatar.com\/avatar\/36156ca0fa3b8d9d25174f146e16beea0cf28f37adf1b9e19b6c9c279a7c9dd3?s=96&d=mm&r=g\",\"caption\":\"admin\"},\"sameAs\":[\"https:\/\/president-ksgov.net\"]}]}<\/script>\n<!-- \/ Yoast SEO plugin. -->","yoast_head_json":{"title":"President Jahjaga received a delegation of the Turkish Armed Forces - President of the Republic of Kosovo - DR. VJOSA OSMANI - SADRIU","description":"President Jahjaga received a delegation of the Turkish Armed Forces - President of the Republic of Kosovo - DR. VJOSA OSMANI - SADRIU -","robots":{"index":"index","follow":"follow","max-snippet":"max-snippet:-1","max-image-preview":"max-image-preview:large","max-video-preview":"max-video-preview:-1"},"canonical":"https:\/\/president-ksgov.net\/presidentja-atifete-jahjaga-priti-nje-delegacion-nga-forcat-e-armatosura-te-turqise\/","og_locale":"en_US","og_type":"article","og_title":"President Jahjaga received a delegation of the Turkish Armed Forces - President of the Republic of Kosovo - DR. VJOSA OSMANI - SADRIU","og_description":"President Jahjaga received a delegation of the Turkish Armed Forces - President of the Republic of Kosovo - DR. VJOSA OSMANI - SADRIU -","og_url":"https:\/\/president-ksgov.net\/presidentja-atifete-jahjaga-priti-nje-delegacion-nga-forcat-e-armatosura-te-turqise\/","og_site_name":"President of the Republic of Kosovo - DR. VJOSA OSMANI - SADRIU","article_published_time":"2013-10-08T12:14:08+00:00","article_modified_time":"2023-03-07T10:36:17+00:00","og_image":[{"width":1000,"height":965,"url":"https:\/\/president-ksgov.net\/wp-content\/uploads\/08_10_2013_749995_08_10_2013_Takim_me_gjeneralin_turk_1.jpg","type":"image\/jpeg"}],"author":"admin","twitter_card":"summary_large_image","twitter_misc":{"Written by":"admin","Est. reading time":"1 minute"},"schema":{"@context":"https:\/\/schema.org","@graph":[{"@type":"WebPage","@id":"https:\/\/president-ksgov.net\/presidentja-atifete-jahjaga-priti-nje-delegacion-nga-forcat-e-armatosura-te-turqise\/","url":"https:\/\/president-ksgov.net\/presidentja-atifete-jahjaga-priti-nje-delegacion-nga-forcat-e-armatosura-te-turqise\/","name":"President Jahjaga received a delegation of the Turkish Armed Forces - President of the Republic of Kosovo - DR. VJOSA OSMANI - SADRIU","isPartOf":{"@id":"https:\/\/president-ksgov.net\/#website"},"primaryImageOfPage":{"@id":"https:\/\/president-ksgov.net\/presidentja-atifete-jahjaga-priti-nje-delegacion-nga-forcat-e-armatosura-te-turqise\/#primaryimage"},"image":{"@id":"https:\/\/president-ksgov.net\/presidentja-atifete-jahjaga-priti-nje-delegacion-nga-forcat-e-armatosura-te-turqise\/#primaryimage"},"thumbnailUrl":"https:\/\/president-ksgov.net\/wp-content\/uploads\/08_10_2013_749995_08_10_2013_Takim_me_gjeneralin_turk_1.jpg","datePublished":"2013-10-08T12:14:08+00:00","dateModified":"2023-03-07T10:36:17+00:00","author":{"@id":"https:\/\/president-ksgov.net\/#\/schema\/person\/bb4337a5fb147cb2046d80548172cbee"},"description":"President Jahjaga received a delegation of the Turkish Armed Forces - President of the Republic of Kosovo - DR. VJOSA OSMANI - SADRIU -","breadcrumb":{"@id":"https:\/\/president-ksgov.net\/presidentja-atifete-jahjaga-priti-nje-delegacion-nga-forcat-e-armatosura-te-turqise\/#breadcrumb"},"inLanguage":"en-US","potentialAction":[{"@type":"ReadAction","target":["https:\/\/president-ksgov.net\/presidentja-atifete-jahjaga-priti-nje-delegacion-nga-forcat-e-armatosura-te-turqise\/"]}]},{"@type":"ImageObject","inLanguage":"en-US","@id":"https:\/\/president-ksgov.net\/presidentja-atifete-jahjaga-priti-nje-delegacion-nga-forcat-e-armatosura-te-turqise\/#primaryimage","url":"https:\/\/president-ksgov.net\/wp-content\/uploads\/08_10_2013_749995_08_10_2013_Takim_me_gjeneralin_turk_1.jpg","contentUrl":"https:\/\/president-ksgov.net\/wp-content\/uploads\/08_10_2013_749995_08_10_2013_Takim_me_gjeneralin_turk_1.jpg","width":1000,"height":965},{"@type":"BreadcrumbList","@id":"https:\/\/president-ksgov.net\/presidentja-atifete-jahjaga-priti-nje-delegacion-nga-forcat-e-armatosura-te-turqise\/#breadcrumb","itemListElement":[{"@type":"ListItem","position":1,"name":"Home","item":"https:\/\/president-ksgov.net\/en\/"},{"@type":"ListItem","position":2,"name":"President Jahjaga received a delegation of the Turkish Armed Forces"}]},{"@type":"WebSite","@id":"https:\/\/president-ksgov.net\/#website","url":"https:\/\/president-ksgov.net\/","name":"Presidente e Republik\u00ebs s\u00eb Kosov\u00ebs","description":"Presidente e Republik\u00ebs s\u00eb Kosov\u00ebs","alternateName":"DR. VJOSA OSMANI - SADRIU","potentialAction":[{"@type":"SearchAction","target":{"@type":"EntryPoint","urlTemplate":"https:\/\/president-ksgov.net\/?s={search_term_string}"},"query-input":{"@type":"PropertyValueSpecification","valueRequired":true,"valueName":"search_term_string"}}],"inLanguage":"en-US"},{"@type":"Person","@id":"https:\/\/president-ksgov.net\/#\/schema\/person\/bb4337a5fb147cb2046d80548172cbee","name":"admin","image":{"@type":"ImageObject","inLanguage":"en-US","@id":"https:\/\/president-ksgov.net\/#\/schema\/person\/image\/","url":"https:\/\/secure.gravatar.com\/avatar\/36156ca0fa3b8d9d25174f146e16beea0cf28f37adf1b9e19b6c9c279a7c9dd3?s=96&d=mm&r=g","contentUrl":"https:\/\/secure.gravatar.com\/avatar\/36156ca0fa3b8d9d25174f146e16beea0cf28f37adf1b9e19b6c9c279a7c9dd3?s=96&d=mm&r=g","caption":"admin"},"sameAs":["https:\/\/president-ksgov.net"]}]}},"_links":{"self":[{"href":"https:\/\/president-ksgov.net\/en\/wp-json\/wp\/v2\/posts\/70604","targetHints":{"allow":["GET"]}}],"collection":[{"href":"https:\/\/president-ksgov.net\/en\/wp-json\/wp\/v2\/posts"}],"about":[{"href":"https:\/\/president-ksgov.net\/en\/wp-json\/wp\/v2\/types\/post"}],"author":[{"embeddable":true,"href":"https:\/\/president-ksgov.net\/en\/wp-json\/wp\/v2\/users\/1"}],"replies":[{"embeddable":true,"href":"https:\/\/president-ksgov.net\/en\/wp-json\/wp\/v2\/comments?post=70604"}],"version-history":[{"count":0,"href":"https:\/\/president-ksgov.net\/en\/wp-json\/wp\/v2\/posts\/70604\/revisions"}],"wp:featuredmedia":[{"embeddable":true,"href":"https:\/\/president-ksgov.net\/en\/wp-json\/wp\/v2\/media\/49074"}],"wp:attachment":[{"href":"https:\/\/president-ksgov.net\/en\/wp-json\/wp\/v2\/media?parent=70604"}],"wp:term":[{"taxonomy":"category","embeddable":true,"href":"https:\/\/president-ksgov.net\/en\/wp-json\/wp\/v2\/categories?post=70604"},{"taxonomy":"post_tag","embeddable":true,"href":"https:\/\/president-ksgov.net\/en\/wp-json\/wp\/v2\/tags?post=70604"}],"curies":[{"name":"wp","href":"https:\/\/api.w.org\/{rel}","templated":true}]}}