{"id":70589,"date":"2013-10-16T15:11:26","date_gmt":"2013-10-16T15:11:26","guid":{"rendered":"https:\/\/dev.president-ksgov.net\/nenad-rikalo-is-nominated-as-the-new-cec-member\/"},"modified":"2023-03-07T10:36:17","modified_gmt":"2023-03-07T10:36:17","slug":"nenad-rikalo-is-nominated-as-the-new-cec-member","status":"publish","type":"post","link":"https:\/\/president-ksgov.net\/en\/nenad-rikalo-is-nominated-as-the-new-cec-member\/","title":{"rendered":"Nenad Rikalo is nominated as the new CEC member"},"content":{"rendered":"<p>President of the Republic of Kosovo, Mrs. Atifete Jahjaga, took the decision today to nominate Mr. Nenad Rikalo as a member of the Central Electoral Commission of the Republic of Kosovo, in the position of the observer of the Serbian Liberal Party Parliamentary Group.<\/p>\n<p>The decision for the nomination was reached based on the law 139, section 4 of the Constitution of the Republic of Kosovo, articles 61 and 62 of the law Nr. 03\/L-073 on General Elections in the Republic of Kosovo, as well as upon the letter by the Serbian Liberal Party Parliamentary Group, received by the Office of the President on October 14th, 2013, under the protocol number 956.<\/p>\n<p>Mr. Rikalo swore the oath today, in the presence of the President Jahjaga.<\/p>\n","protected":false},"excerpt":{"rendered":"<p>President of the Republic of Kosovo, Mrs. Atifete Jahjaga, took the decision today to nominate Mr. Nenad Rikalo as a member of the Central Electoral Commission of the Republic of Kosovo, in the position of the observer of the Serbian Liberal Party Parliamentary Group.<\/p>\n","protected":false},"author":1,"featured_media":48853,"comment_status":"open","ping_status":"closed","sticky":false,"template":"","format":"standard","meta":{"_eb_attr":"","footnotes":""},"categories":[111],"tags":[],"class_list":["post-70589","post","type-post","status-publish","format-standard","has-post-thumbnail","hentry","category-news"],"yoast_head":"<!-- This site is optimized with the Yoast SEO plugin v23.5 - https:\/\/yoast.com\/wordpress\/plugins\/seo\/ -->\n<title>Nenad Rikalo is nominated as the new CEC member - President of the Republic of Kosovo - DR. VJOSA OSMANI - SADRIU<\/title>\n<meta name=\"description\" content=\"Nenad Rikalo is nominated as the new CEC member - President of the Republic of Kosovo - DR. VJOSA OSMANI - SADRIU -\" \/>\n<meta name=\"robots\" content=\"index, follow, max-snippet:-1, max-image-preview:large, max-video-preview:-1\" \/>\n<link rel=\"canonical\" href=\"https:\/\/president-ksgov.net\/nenad-rikalo-emerohet-anetar-i-kqz-se\/\" \/>\n<meta property=\"og:locale\" content=\"en_US\" \/>\n<meta property=\"og:type\" content=\"article\" \/>\n<meta property=\"og:title\" content=\"Nenad Rikalo is nominated as the new CEC member - President of the Republic of Kosovo - DR. VJOSA OSMANI - SADRIU\" \/>\n<meta property=\"og:description\" content=\"Nenad Rikalo is nominated as the new CEC member - President of the Republic of Kosovo - DR. VJOSA OSMANI - SADRIU -\" \/>\n<meta property=\"og:url\" content=\"https:\/\/president-ksgov.net\/nenad-rikalo-emerohet-anetar-i-kqz-se\/\" \/>\n<meta property=\"og:site_name\" content=\"President of the Republic of Kosovo - DR. VJOSA OSMANI - SADRIU\" \/>\n<meta property=\"article:published_time\" content=\"2013-10-16T15:11:26+00:00\" \/>\n<meta property=\"article:modified_time\" content=\"2023-03-07T10:36:17+00:00\" \/>\n<meta property=\"og:image\" content=\"https:\/\/president-ksgov.net\/wp-content\/uploads\/16_10_2013_9370228_16_10_2013_Betimi_i_anetarit_te_KQZ_1.jpg\" \/>\n\t<meta property=\"og:image:width\" content=\"600\" \/>\n\t<meta property=\"og:image:height\" content=\"744\" \/>\n\t<meta property=\"og:image:type\" content=\"image\/jpeg\" \/>\n<meta name=\"author\" content=\"admin\" \/>\n<meta name=\"twitter:card\" content=\"summary_large_image\" \/>\n<meta name=\"twitter:label1\" content=\"Written by\" \/>\n\t<meta name=\"twitter:data1\" content=\"admin\" \/>\n\t<meta name=\"twitter:label2\" content=\"Est. reading time\" \/>\n\t<meta name=\"twitter:data2\" content=\"1 minute\" \/>\n<script type=\"application\/ld+json\" class=\"yoast-schema-graph\">{\"@context\":\"https:\/\/schema.org\",\"@graph\":[{\"@type\":\"WebPage\",\"@id\":\"https:\/\/president-ksgov.net\/nenad-rikalo-emerohet-anetar-i-kqz-se\/\",\"url\":\"https:\/\/president-ksgov.net\/nenad-rikalo-emerohet-anetar-i-kqz-se\/\",\"name\":\"Nenad Rikalo is nominated as the new CEC member - President of the Republic of Kosovo - DR. VJOSA OSMANI - SADRIU\",\"isPartOf\":{\"@id\":\"https:\/\/president-ksgov.net\/#website\"},\"primaryImageOfPage\":{\"@id\":\"https:\/\/president-ksgov.net\/nenad-rikalo-emerohet-anetar-i-kqz-se\/#primaryimage\"},\"image\":{\"@id\":\"https:\/\/president-ksgov.net\/nenad-rikalo-emerohet-anetar-i-kqz-se\/#primaryimage\"},\"thumbnailUrl\":\"https:\/\/president-ksgov.net\/wp-content\/uploads\/16_10_2013_9370228_16_10_2013_Betimi_i_anetarit_te_KQZ_1.jpg\",\"datePublished\":\"2013-10-16T15:11:26+00:00\",\"dateModified\":\"2023-03-07T10:36:17+00:00\",\"author\":{\"@id\":\"https:\/\/president-ksgov.net\/#\/schema\/person\/bb4337a5fb147cb2046d80548172cbee\"},\"description\":\"Nenad Rikalo is nominated as the new CEC member - President of the Republic of Kosovo - DR. VJOSA OSMANI - SADRIU -\",\"breadcrumb\":{\"@id\":\"https:\/\/president-ksgov.net\/nenad-rikalo-emerohet-anetar-i-kqz-se\/#breadcrumb\"},\"inLanguage\":\"en-US\",\"potentialAction\":[{\"@type\":\"ReadAction\",\"target\":[\"https:\/\/president-ksgov.net\/nenad-rikalo-emerohet-anetar-i-kqz-se\/\"]}]},{\"@type\":\"ImageObject\",\"inLanguage\":\"en-US\",\"@id\":\"https:\/\/president-ksgov.net\/nenad-rikalo-emerohet-anetar-i-kqz-se\/#primaryimage\",\"url\":\"https:\/\/president-ksgov.net\/wp-content\/uploads\/16_10_2013_9370228_16_10_2013_Betimi_i_anetarit_te_KQZ_1.jpg\",\"contentUrl\":\"https:\/\/president-ksgov.net\/wp-content\/uploads\/16_10_2013_9370228_16_10_2013_Betimi_i_anetarit_te_KQZ_1.jpg\",\"width\":600,\"height\":744},{\"@type\":\"BreadcrumbList\",\"@id\":\"https:\/\/president-ksgov.net\/nenad-rikalo-emerohet-anetar-i-kqz-se\/#breadcrumb\",\"itemListElement\":[{\"@type\":\"ListItem\",\"position\":1,\"name\":\"Home\",\"item\":\"https:\/\/president-ksgov.net\/en\/\"},{\"@type\":\"ListItem\",\"position\":2,\"name\":\"Nenad Rikalo is nominated as the new CEC member\"}]},{\"@type\":\"WebSite\",\"@id\":\"https:\/\/president-ksgov.net\/#website\",\"url\":\"https:\/\/president-ksgov.net\/\",\"name\":\"Presidente e Republik\u00ebs s\u00eb Kosov\u00ebs\",\"description\":\"Presidente e Republik\u00ebs s\u00eb Kosov\u00ebs\",\"alternateName\":\"DR. VJOSA OSMANI - SADRIU\",\"potentialAction\":[{\"@type\":\"SearchAction\",\"target\":{\"@type\":\"EntryPoint\",\"urlTemplate\":\"https:\/\/president-ksgov.net\/?s={search_term_string}\"},\"query-input\":{\"@type\":\"PropertyValueSpecification\",\"valueRequired\":true,\"valueName\":\"search_term_string\"}}],\"inLanguage\":\"en-US\"},{\"@type\":\"Person\",\"@id\":\"https:\/\/president-ksgov.net\/#\/schema\/person\/bb4337a5fb147cb2046d80548172cbee\",\"name\":\"admin\",\"image\":{\"@type\":\"ImageObject\",\"inLanguage\":\"en-US\",\"@id\":\"https:\/\/president-ksgov.net\/#\/schema\/person\/image\/\",\"url\":\"https:\/\/secure.gravatar.com\/avatar\/36156ca0fa3b8d9d25174f146e16beea0cf28f37adf1b9e19b6c9c279a7c9dd3?s=96&d=mm&r=g\",\"contentUrl\":\"https:\/\/secure.gravatar.com\/avatar\/36156ca0fa3b8d9d25174f146e16beea0cf28f37adf1b9e19b6c9c279a7c9dd3?s=96&d=mm&r=g\",\"caption\":\"admin\"},\"sameAs\":[\"https:\/\/president-ksgov.net\"]}]}<\/script>\n<!-- \/ Yoast SEO plugin. -->","yoast_head_json":{"title":"Nenad Rikalo is nominated as the new CEC member - President of the Republic of Kosovo - DR. VJOSA OSMANI - SADRIU","description":"Nenad Rikalo is nominated as the new CEC member - President of the Republic of Kosovo - DR. VJOSA OSMANI - SADRIU -","robots":{"index":"index","follow":"follow","max-snippet":"max-snippet:-1","max-image-preview":"max-image-preview:large","max-video-preview":"max-video-preview:-1"},"canonical":"https:\/\/president-ksgov.net\/nenad-rikalo-emerohet-anetar-i-kqz-se\/","og_locale":"en_US","og_type":"article","og_title":"Nenad Rikalo is nominated as the new CEC member - President of the Republic of Kosovo - DR. VJOSA OSMANI - SADRIU","og_description":"Nenad Rikalo is nominated as the new CEC member - President of the Republic of Kosovo - DR. VJOSA OSMANI - SADRIU -","og_url":"https:\/\/president-ksgov.net\/nenad-rikalo-emerohet-anetar-i-kqz-se\/","og_site_name":"President of the Republic of Kosovo - DR. VJOSA OSMANI - SADRIU","article_published_time":"2013-10-16T15:11:26+00:00","article_modified_time":"2023-03-07T10:36:17+00:00","og_image":[{"width":600,"height":744,"url":"https:\/\/president-ksgov.net\/wp-content\/uploads\/16_10_2013_9370228_16_10_2013_Betimi_i_anetarit_te_KQZ_1.jpg","type":"image\/jpeg"}],"author":"admin","twitter_card":"summary_large_image","twitter_misc":{"Written by":"admin","Est. reading time":"1 minute"},"schema":{"@context":"https:\/\/schema.org","@graph":[{"@type":"WebPage","@id":"https:\/\/president-ksgov.net\/nenad-rikalo-emerohet-anetar-i-kqz-se\/","url":"https:\/\/president-ksgov.net\/nenad-rikalo-emerohet-anetar-i-kqz-se\/","name":"Nenad Rikalo is nominated as the new CEC member - President of the Republic of Kosovo - DR. VJOSA OSMANI - SADRIU","isPartOf":{"@id":"https:\/\/president-ksgov.net\/#website"},"primaryImageOfPage":{"@id":"https:\/\/president-ksgov.net\/nenad-rikalo-emerohet-anetar-i-kqz-se\/#primaryimage"},"image":{"@id":"https:\/\/president-ksgov.net\/nenad-rikalo-emerohet-anetar-i-kqz-se\/#primaryimage"},"thumbnailUrl":"https:\/\/president-ksgov.net\/wp-content\/uploads\/16_10_2013_9370228_16_10_2013_Betimi_i_anetarit_te_KQZ_1.jpg","datePublished":"2013-10-16T15:11:26+00:00","dateModified":"2023-03-07T10:36:17+00:00","author":{"@id":"https:\/\/president-ksgov.net\/#\/schema\/person\/bb4337a5fb147cb2046d80548172cbee"},"description":"Nenad Rikalo is nominated as the new CEC member - President of the Republic of Kosovo - DR. VJOSA OSMANI - SADRIU -","breadcrumb":{"@id":"https:\/\/president-ksgov.net\/nenad-rikalo-emerohet-anetar-i-kqz-se\/#breadcrumb"},"inLanguage":"en-US","potentialAction":[{"@type":"ReadAction","target":["https:\/\/president-ksgov.net\/nenad-rikalo-emerohet-anetar-i-kqz-se\/"]}]},{"@type":"ImageObject","inLanguage":"en-US","@id":"https:\/\/president-ksgov.net\/nenad-rikalo-emerohet-anetar-i-kqz-se\/#primaryimage","url":"https:\/\/president-ksgov.net\/wp-content\/uploads\/16_10_2013_9370228_16_10_2013_Betimi_i_anetarit_te_KQZ_1.jpg","contentUrl":"https:\/\/president-ksgov.net\/wp-content\/uploads\/16_10_2013_9370228_16_10_2013_Betimi_i_anetarit_te_KQZ_1.jpg","width":600,"height":744},{"@type":"BreadcrumbList","@id":"https:\/\/president-ksgov.net\/nenad-rikalo-emerohet-anetar-i-kqz-se\/#breadcrumb","itemListElement":[{"@type":"ListItem","position":1,"name":"Home","item":"https:\/\/president-ksgov.net\/en\/"},{"@type":"ListItem","position":2,"name":"Nenad Rikalo is nominated as the new CEC member"}]},{"@type":"WebSite","@id":"https:\/\/president-ksgov.net\/#website","url":"https:\/\/president-ksgov.net\/","name":"Presidente e Republik\u00ebs s\u00eb Kosov\u00ebs","description":"Presidente e Republik\u00ebs s\u00eb Kosov\u00ebs","alternateName":"DR. VJOSA OSMANI - SADRIU","potentialAction":[{"@type":"SearchAction","target":{"@type":"EntryPoint","urlTemplate":"https:\/\/president-ksgov.net\/?s={search_term_string}"},"query-input":{"@type":"PropertyValueSpecification","valueRequired":true,"valueName":"search_term_string"}}],"inLanguage":"en-US"},{"@type":"Person","@id":"https:\/\/president-ksgov.net\/#\/schema\/person\/bb4337a5fb147cb2046d80548172cbee","name":"admin","image":{"@type":"ImageObject","inLanguage":"en-US","@id":"https:\/\/president-ksgov.net\/#\/schema\/person\/image\/","url":"https:\/\/secure.gravatar.com\/avatar\/36156ca0fa3b8d9d25174f146e16beea0cf28f37adf1b9e19b6c9c279a7c9dd3?s=96&d=mm&r=g","contentUrl":"https:\/\/secure.gravatar.com\/avatar\/36156ca0fa3b8d9d25174f146e16beea0cf28f37adf1b9e19b6c9c279a7c9dd3?s=96&d=mm&r=g","caption":"admin"},"sameAs":["https:\/\/president-ksgov.net"]}]}},"_links":{"self":[{"href":"https:\/\/president-ksgov.net\/en\/wp-json\/wp\/v2\/posts\/70589","targetHints":{"allow":["GET"]}}],"collection":[{"href":"https:\/\/president-ksgov.net\/en\/wp-json\/wp\/v2\/posts"}],"about":[{"href":"https:\/\/president-ksgov.net\/en\/wp-json\/wp\/v2\/types\/post"}],"author":[{"embeddable":true,"href":"https:\/\/president-ksgov.net\/en\/wp-json\/wp\/v2\/users\/1"}],"replies":[{"embeddable":true,"href":"https:\/\/president-ksgov.net\/en\/wp-json\/wp\/v2\/comments?post=70589"}],"version-history":[{"count":0,"href":"https:\/\/president-ksgov.net\/en\/wp-json\/wp\/v2\/posts\/70589\/revisions"}],"wp:featuredmedia":[{"embeddable":true,"href":"https:\/\/president-ksgov.net\/en\/wp-json\/wp\/v2\/media\/48853"}],"wp:attachment":[{"href":"https:\/\/president-ksgov.net\/en\/wp-json\/wp\/v2\/media?parent=70589"}],"wp:term":[{"taxonomy":"category","embeddable":true,"href":"https:\/\/president-ksgov.net\/en\/wp-json\/wp\/v2\/categories?post=70589"},{"taxonomy":"post_tag","embeddable":true,"href":"https:\/\/president-ksgov.net\/en\/wp-json\/wp\/v2\/tags?post=70589"}],"curies":[{"name":"wp","href":"https:\/\/api.w.org\/{rel}","templated":true}]}}