{"id":70588,"date":"2013-10-17T18:47:46","date_gmt":"2013-10-17T18:47:46","guid":{"rendered":"https:\/\/dev.president-ksgov.net\/president-jahjagas-speech-at-the-opening-ceremony-of-the-week-of-the-man-with-the-white-stick-2\/"},"modified":"2023-03-07T10:36:17","modified_gmt":"2023-03-07T10:36:17","slug":"president-jahjagas-speech-at-the-opening-ceremony-of-the-week-of-the-man-with-the-white-stick-2","status":"publish","type":"post","link":"https:\/\/president-ksgov.net\/en\/president-jahjagas-speech-at-the-opening-ceremony-of-the-week-of-the-man-with-the-white-stick-2\/","title":{"rendered":"President Jahjaga&#146;s speech at the opening ceremony of the &#147;Week of the Man with the White Stick&#148;"},"content":{"rendered":"<p>During this &#8220;Week of the Man with the White Stick&#8221; we are demonstrating our dedication to offer to you all the opportunities and conditions for an easier, more independent and active life in our society.<\/p>\n<p>This white stick week is a week of awareness, of human solidarity and the obligation which we all have to respond to the needs of each other, in order to offer to each citizen a dignified life of equal opportunities.<br \/>\n\u00a0<br \/>\nToday we speak the language of human solidarity, language which recognises the difficulties faced by your community and of the individual and institutional dedication to help overcome the challenges together.<br \/>\n\u00a0<br \/>\nToday we praise the work and contribution you provide on daily basis through your engagements in various fields of life. We praise the message you are giving, the message of human courage that you spread throughout your community and the rest of the society &#8211;messages of hope and determination not to succumb to the difficulties and the challenges of life.<br \/>\nAs we go through your endurances, we also go through the hope and the desire you have to live your lives equally with the others, to be an active participant in this society, to provide your contribution towards building and advancement of this society to a society of equal opportunities for everyone.<\/p>\n<p>We remain dedicated to adhere to free and democratic societies, whose main developmental aim is the integration of all of its citizens and paving of the roads of opportunity to fulfil their ideals, dreams and realize their potential, regardless.<br \/>\n\u00a0<br \/>\nI would like to assure you that I remain dedicated to offer to you my institutional support for the advancement of the necessary opportunities for your community, in order to ensure your full integration in all fields of life.<br \/>\n\u00a0<br \/>\nTogether we can build a country where each citizen, regardless, feels and is a part of it, through the conditions and services offered to them. You are a part of this country, part of its development.<br \/>\n\u00a0<br \/>\nThere is a lot that you can teach us about and a lot that you can give to this country.<br \/>\n\u00a0<br \/>\nI congratulate the Association of the Blind and Short Sighted for their incessant work and insistence to assure that your community gets to the well deserved position.<br \/>\n\u00a0<br \/>\nI praise the support provided by the European Commission through the backing of the projects of your Association to offer the access to necessary services and to enable your active participation.<br \/>\n\u00a0<br \/>\nHelen Keller, an American political activist of the turn of the 19th and 20th century, visually impaired and with hearing impediment, was the first person with such difficulties to graduate from the university.<br \/>\n\u00a0<br \/>\nShe used to say: &#8220;Alone we can do so little; together we can do so much. Optimism is the faith that leads to achievement. Nothing can be done without hope and confidence&#8221;.<br \/>\n\u00a0<br \/>\nThank you!<\/p>\n","protected":false},"excerpt":{"rendered":"<p>During this &#8220;Week of the Man with the White Stick&#8221; we are demonstrating our dedication to offer to you all the opportunities and conditions for an easier, more independent and active life in our society.<\/p>\n","protected":false},"author":1,"featured_media":48828,"comment_status":"open","ping_status":"closed","sticky":false,"template":"","format":"standard","meta":{"_eb_attr":"","footnotes":""},"categories":[111],"tags":[],"class_list":["post-70588","post","type-post","status-publish","format-standard","has-post-thumbnail","hentry","category-news"],"yoast_head":"<!-- This site is optimized with the Yoast SEO plugin v23.5 - https:\/\/yoast.com\/wordpress\/plugins\/seo\/ -->\n<title>President Jahjaga&#146;s speech at the opening ceremony of the &#147;Week of the Man with the White Stick&#148; - President of the Republic of Kosovo - DR. VJOSA OSMANI - SADRIU<\/title>\n<meta name=\"description\" content=\"President Jahjaga&#146;s speech at the opening ceremony of the &#147;Week of the Man with the White Stick&#148; - President of the Republic of Kosovo - DR. VJOSA OSMANI - SADRIU -\" \/>\n<meta name=\"robots\" content=\"index, follow, max-snippet:-1, max-image-preview:large, max-video-preview:-1\" \/>\n<link rel=\"canonical\" href=\"https:\/\/president-ksgov.net\/en\/president-jahjagas-speech-at-the-opening-ceremony-of-the-week-of-the-man-with-the-white-stick-2\/\" \/>\n<meta property=\"og:locale\" content=\"en_US\" \/>\n<meta property=\"og:type\" content=\"article\" \/>\n<meta property=\"og:title\" content=\"President Jahjaga&#146;s speech at the opening ceremony of the &#147;Week of the Man with the White Stick&#148; - President of the Republic of Kosovo - DR. VJOSA OSMANI - SADRIU\" \/>\n<meta property=\"og:description\" content=\"President Jahjaga&#146;s speech at the opening ceremony of the &#147;Week of the Man with the White Stick&#148; - President of the Republic of Kosovo - DR. VJOSA OSMANI - SADRIU -\" \/>\n<meta property=\"og:url\" content=\"https:\/\/president-ksgov.net\/en\/president-jahjagas-speech-at-the-opening-ceremony-of-the-week-of-the-man-with-the-white-stick-2\/\" \/>\n<meta property=\"og:site_name\" content=\"President of the Republic of Kosovo - DR. VJOSA OSMANI - SADRIU\" \/>\n<meta property=\"article:published_time\" content=\"2013-10-17T18:47:46+00:00\" \/>\n<meta property=\"article:modified_time\" content=\"2023-03-07T10:36:17+00:00\" \/>\n<meta property=\"og:image\" content=\"https:\/\/president-ksgov.net\/wp-content\/uploads\/17_10_2013_2427918_fOTO_5.jpg\" \/>\n\t<meta property=\"og:image:width\" content=\"1024\" \/>\n\t<meta property=\"og:image:height\" content=\"683\" \/>\n\t<meta property=\"og:image:type\" content=\"image\/jpeg\" \/>\n<meta name=\"author\" content=\"admin\" \/>\n<meta name=\"twitter:card\" content=\"summary_large_image\" \/>\n<meta name=\"twitter:label1\" content=\"Written by\" \/>\n\t<meta name=\"twitter:data1\" content=\"admin\" \/>\n\t<meta name=\"twitter:label2\" content=\"Est. reading time\" \/>\n\t<meta name=\"twitter:data2\" content=\"2 minutes\" \/>\n<script type=\"application\/ld+json\" class=\"yoast-schema-graph\">{\"@context\":\"https:\/\/schema.org\",\"@graph\":[{\"@type\":\"WebPage\",\"@id\":\"https:\/\/president-ksgov.net\/en\/president-jahjagas-speech-at-the-opening-ceremony-of-the-week-of-the-man-with-the-white-stick-2\/\",\"url\":\"https:\/\/president-ksgov.net\/en\/president-jahjagas-speech-at-the-opening-ceremony-of-the-week-of-the-man-with-the-white-stick-2\/\",\"name\":\"President Jahjaga&#146;s speech at the opening ceremony of the &#147;Week of the Man with the White Stick&#148; - President of the Republic of Kosovo - DR. VJOSA OSMANI - SADRIU\",\"isPartOf\":{\"@id\":\"https:\/\/president-ksgov.net\/#website\"},\"primaryImageOfPage\":{\"@id\":\"https:\/\/president-ksgov.net\/en\/president-jahjagas-speech-at-the-opening-ceremony-of-the-week-of-the-man-with-the-white-stick-2\/#primaryimage\"},\"image\":{\"@id\":\"https:\/\/president-ksgov.net\/en\/president-jahjagas-speech-at-the-opening-ceremony-of-the-week-of-the-man-with-the-white-stick-2\/#primaryimage\"},\"thumbnailUrl\":\"https:\/\/president-ksgov.net\/wp-content\/uploads\/17_10_2013_2427918_fOTO_5.jpg\",\"datePublished\":\"2013-10-17T18:47:46+00:00\",\"dateModified\":\"2023-03-07T10:36:17+00:00\",\"author\":{\"@id\":\"https:\/\/president-ksgov.net\/#\/schema\/person\/bb4337a5fb147cb2046d80548172cbee\"},\"description\":\"President Jahjaga&#146;s speech at the opening ceremony of the &#147;Week of the Man with the White Stick&#148; - President of the Republic of Kosovo - DR. VJOSA OSMANI - SADRIU -\",\"breadcrumb\":{\"@id\":\"https:\/\/president-ksgov.net\/en\/president-jahjagas-speech-at-the-opening-ceremony-of-the-week-of-the-man-with-the-white-stick-2\/#breadcrumb\"},\"inLanguage\":\"en-US\",\"potentialAction\":[{\"@type\":\"ReadAction\",\"target\":[\"https:\/\/president-ksgov.net\/en\/president-jahjagas-speech-at-the-opening-ceremony-of-the-week-of-the-man-with-the-white-stick-2\/\"]}]},{\"@type\":\"ImageObject\",\"inLanguage\":\"en-US\",\"@id\":\"https:\/\/president-ksgov.net\/en\/president-jahjagas-speech-at-the-opening-ceremony-of-the-week-of-the-man-with-the-white-stick-2\/#primaryimage\",\"url\":\"https:\/\/president-ksgov.net\/wp-content\/uploads\/17_10_2013_2427918_fOTO_5.jpg\",\"contentUrl\":\"https:\/\/president-ksgov.net\/wp-content\/uploads\/17_10_2013_2427918_fOTO_5.jpg\",\"width\":1024,\"height\":683},{\"@type\":\"BreadcrumbList\",\"@id\":\"https:\/\/president-ksgov.net\/en\/president-jahjagas-speech-at-the-opening-ceremony-of-the-week-of-the-man-with-the-white-stick-2\/#breadcrumb\",\"itemListElement\":[{\"@type\":\"ListItem\",\"position\":1,\"name\":\"Home\",\"item\":\"https:\/\/president-ksgov.net\/en\/\"},{\"@type\":\"ListItem\",\"position\":2,\"name\":\"President Jahjaga&#146;s speech at the opening ceremony of the &#147;Week of the Man with the White Stick&#148;\"}]},{\"@type\":\"WebSite\",\"@id\":\"https:\/\/president-ksgov.net\/#website\",\"url\":\"https:\/\/president-ksgov.net\/\",\"name\":\"Presidente e Republik\u00ebs s\u00eb Kosov\u00ebs\",\"description\":\"Presidente e Republik\u00ebs s\u00eb Kosov\u00ebs\",\"alternateName\":\"DR. VJOSA OSMANI - SADRIU\",\"potentialAction\":[{\"@type\":\"SearchAction\",\"target\":{\"@type\":\"EntryPoint\",\"urlTemplate\":\"https:\/\/president-ksgov.net\/?s={search_term_string}\"},\"query-input\":{\"@type\":\"PropertyValueSpecification\",\"valueRequired\":true,\"valueName\":\"search_term_string\"}}],\"inLanguage\":\"en-US\"},{\"@type\":\"Person\",\"@id\":\"https:\/\/president-ksgov.net\/#\/schema\/person\/bb4337a5fb147cb2046d80548172cbee\",\"name\":\"admin\",\"image\":{\"@type\":\"ImageObject\",\"inLanguage\":\"en-US\",\"@id\":\"https:\/\/president-ksgov.net\/#\/schema\/person\/image\/\",\"url\":\"https:\/\/secure.gravatar.com\/avatar\/36156ca0fa3b8d9d25174f146e16beea0cf28f37adf1b9e19b6c9c279a7c9dd3?s=96&d=mm&r=g\",\"contentUrl\":\"https:\/\/secure.gravatar.com\/avatar\/36156ca0fa3b8d9d25174f146e16beea0cf28f37adf1b9e19b6c9c279a7c9dd3?s=96&d=mm&r=g\",\"caption\":\"admin\"},\"sameAs\":[\"https:\/\/president-ksgov.net\"]}]}<\/script>\n<!-- \/ Yoast SEO plugin. -->","yoast_head_json":{"title":"President Jahjaga&#146;s speech at the opening ceremony of the &#147;Week of the Man with the White Stick&#148; - President of the Republic of Kosovo - DR. VJOSA OSMANI - SADRIU","description":"President Jahjaga&#146;s speech at the opening ceremony of the &#147;Week of the Man with the White Stick&#148; - President of the Republic of Kosovo - DR. VJOSA OSMANI - SADRIU -","robots":{"index":"index","follow":"follow","max-snippet":"max-snippet:-1","max-image-preview":"max-image-preview:large","max-video-preview":"max-video-preview:-1"},"canonical":"https:\/\/president-ksgov.net\/en\/president-jahjagas-speech-at-the-opening-ceremony-of-the-week-of-the-man-with-the-white-stick-2\/","og_locale":"en_US","og_type":"article","og_title":"President Jahjaga&#146;s speech at the opening ceremony of the &#147;Week of the Man with the White Stick&#148; - President of the Republic of Kosovo - DR. VJOSA OSMANI - SADRIU","og_description":"President Jahjaga&#146;s speech at the opening ceremony of the &#147;Week of the Man with the White Stick&#148; - President of the Republic of Kosovo - DR. VJOSA OSMANI - SADRIU -","og_url":"https:\/\/president-ksgov.net\/en\/president-jahjagas-speech-at-the-opening-ceremony-of-the-week-of-the-man-with-the-white-stick-2\/","og_site_name":"President of the Republic of Kosovo - DR. VJOSA OSMANI - SADRIU","article_published_time":"2013-10-17T18:47:46+00:00","article_modified_time":"2023-03-07T10:36:17+00:00","og_image":[{"width":1024,"height":683,"url":"https:\/\/president-ksgov.net\/wp-content\/uploads\/17_10_2013_2427918_fOTO_5.jpg","type":"image\/jpeg"}],"author":"admin","twitter_card":"summary_large_image","twitter_misc":{"Written by":"admin","Est. reading time":"2 minutes"},"schema":{"@context":"https:\/\/schema.org","@graph":[{"@type":"WebPage","@id":"https:\/\/president-ksgov.net\/en\/president-jahjagas-speech-at-the-opening-ceremony-of-the-week-of-the-man-with-the-white-stick-2\/","url":"https:\/\/president-ksgov.net\/en\/president-jahjagas-speech-at-the-opening-ceremony-of-the-week-of-the-man-with-the-white-stick-2\/","name":"President Jahjaga&#146;s speech at the opening ceremony of the &#147;Week of the Man with the White Stick&#148; - President of the Republic of Kosovo - DR. VJOSA OSMANI - SADRIU","isPartOf":{"@id":"https:\/\/president-ksgov.net\/#website"},"primaryImageOfPage":{"@id":"https:\/\/president-ksgov.net\/en\/president-jahjagas-speech-at-the-opening-ceremony-of-the-week-of-the-man-with-the-white-stick-2\/#primaryimage"},"image":{"@id":"https:\/\/president-ksgov.net\/en\/president-jahjagas-speech-at-the-opening-ceremony-of-the-week-of-the-man-with-the-white-stick-2\/#primaryimage"},"thumbnailUrl":"https:\/\/president-ksgov.net\/wp-content\/uploads\/17_10_2013_2427918_fOTO_5.jpg","datePublished":"2013-10-17T18:47:46+00:00","dateModified":"2023-03-07T10:36:17+00:00","author":{"@id":"https:\/\/president-ksgov.net\/#\/schema\/person\/bb4337a5fb147cb2046d80548172cbee"},"description":"President Jahjaga&#146;s speech at the opening ceremony of the &#147;Week of the Man with the White Stick&#148; - President of the Republic of Kosovo - DR. VJOSA OSMANI - SADRIU -","breadcrumb":{"@id":"https:\/\/president-ksgov.net\/en\/president-jahjagas-speech-at-the-opening-ceremony-of-the-week-of-the-man-with-the-white-stick-2\/#breadcrumb"},"inLanguage":"en-US","potentialAction":[{"@type":"ReadAction","target":["https:\/\/president-ksgov.net\/en\/president-jahjagas-speech-at-the-opening-ceremony-of-the-week-of-the-man-with-the-white-stick-2\/"]}]},{"@type":"ImageObject","inLanguage":"en-US","@id":"https:\/\/president-ksgov.net\/en\/president-jahjagas-speech-at-the-opening-ceremony-of-the-week-of-the-man-with-the-white-stick-2\/#primaryimage","url":"https:\/\/president-ksgov.net\/wp-content\/uploads\/17_10_2013_2427918_fOTO_5.jpg","contentUrl":"https:\/\/president-ksgov.net\/wp-content\/uploads\/17_10_2013_2427918_fOTO_5.jpg","width":1024,"height":683},{"@type":"BreadcrumbList","@id":"https:\/\/president-ksgov.net\/en\/president-jahjagas-speech-at-the-opening-ceremony-of-the-week-of-the-man-with-the-white-stick-2\/#breadcrumb","itemListElement":[{"@type":"ListItem","position":1,"name":"Home","item":"https:\/\/president-ksgov.net\/en\/"},{"@type":"ListItem","position":2,"name":"President Jahjaga&#146;s speech at the opening ceremony of the &#147;Week of the Man with the White Stick&#148;"}]},{"@type":"WebSite","@id":"https:\/\/president-ksgov.net\/#website","url":"https:\/\/president-ksgov.net\/","name":"Presidente e Republik\u00ebs s\u00eb Kosov\u00ebs","description":"Presidente e Republik\u00ebs s\u00eb Kosov\u00ebs","alternateName":"DR. VJOSA OSMANI - SADRIU","potentialAction":[{"@type":"SearchAction","target":{"@type":"EntryPoint","urlTemplate":"https:\/\/president-ksgov.net\/?s={search_term_string}"},"query-input":{"@type":"PropertyValueSpecification","valueRequired":true,"valueName":"search_term_string"}}],"inLanguage":"en-US"},{"@type":"Person","@id":"https:\/\/president-ksgov.net\/#\/schema\/person\/bb4337a5fb147cb2046d80548172cbee","name":"admin","image":{"@type":"ImageObject","inLanguage":"en-US","@id":"https:\/\/president-ksgov.net\/#\/schema\/person\/image\/","url":"https:\/\/secure.gravatar.com\/avatar\/36156ca0fa3b8d9d25174f146e16beea0cf28f37adf1b9e19b6c9c279a7c9dd3?s=96&d=mm&r=g","contentUrl":"https:\/\/secure.gravatar.com\/avatar\/36156ca0fa3b8d9d25174f146e16beea0cf28f37adf1b9e19b6c9c279a7c9dd3?s=96&d=mm&r=g","caption":"admin"},"sameAs":["https:\/\/president-ksgov.net"]}]}},"_links":{"self":[{"href":"https:\/\/president-ksgov.net\/en\/wp-json\/wp\/v2\/posts\/70588","targetHints":{"allow":["GET"]}}],"collection":[{"href":"https:\/\/president-ksgov.net\/en\/wp-json\/wp\/v2\/posts"}],"about":[{"href":"https:\/\/president-ksgov.net\/en\/wp-json\/wp\/v2\/types\/post"}],"author":[{"embeddable":true,"href":"https:\/\/president-ksgov.net\/en\/wp-json\/wp\/v2\/users\/1"}],"replies":[{"embeddable":true,"href":"https:\/\/president-ksgov.net\/en\/wp-json\/wp\/v2\/comments?post=70588"}],"version-history":[{"count":0,"href":"https:\/\/president-ksgov.net\/en\/wp-json\/wp\/v2\/posts\/70588\/revisions"}],"wp:featuredmedia":[{"embeddable":true,"href":"https:\/\/president-ksgov.net\/en\/wp-json\/wp\/v2\/media\/48828"}],"wp:attachment":[{"href":"https:\/\/president-ksgov.net\/en\/wp-json\/wp\/v2\/media?parent=70588"}],"wp:term":[{"taxonomy":"category","embeddable":true,"href":"https:\/\/president-ksgov.net\/en\/wp-json\/wp\/v2\/categories?post=70588"},{"taxonomy":"post_tag","embeddable":true,"href":"https:\/\/president-ksgov.net\/en\/wp-json\/wp\/v2\/tags?post=70588"}],"curies":[{"name":"wp","href":"https:\/\/api.w.org\/{rel}","templated":true}]}}