{"id":70433,"date":"2014-01-15T16:12:15","date_gmt":"2014-01-15T16:12:15","guid":{"rendered":"https:\/\/dev.president-ksgov.net\/president-jahjagas-speech-at-the-marking-of-the-15th-anniversary-of-the-recak-massacre\/"},"modified":"2023-03-07T10:30:49","modified_gmt":"2023-03-07T10:30:49","slug":"president-jahjagas-speech-at-the-marking-of-the-15th-anniversary-of-the-recak-massacre","status":"publish","type":"post","link":"https:\/\/president-ksgov.net\/en\/president-jahjagas-speech-at-the-marking-of-the-15th-anniversary-of-the-recak-massacre\/","title":{"rendered":"President Jahjaga&#146;s speech at the marking of the 15th anniversary of the Re\u00e7ak massacre"},"content":{"rendered":"<p>I feel deeply saddened while I am standing here in front of you in remembrance of the victims of the Re\u00e7ak massacre, a macabre crime which left your families, as well as many other families in Kosovo in eternal pain and with broken hearts.<\/p>\n<p>Honourable families of the martyrs and heroes,<br \/>\nHonourable representatives of the institutions of the Republic of Kosovo;<\/p>\n<p>I feel deeply saddened while I am standing here in front of you in remembrance of the victims of the Re\u00e7ak massacre, a macabre crime which left your families, as well as many other families in Kosovo in eternal pain and with broken hearts.<\/p>\n<p>Today, with great pain, we commemorate the 15th anniversary of this inhuman crime committed by Serbian forces, this crime against humanity, the execution of your innocent family members on that ominous and cold day in January, aware that years gone by have not ameliorated your pain or healed your wounds, aware that our condolences will not compensate for your lost family members.<\/p>\n<p>We can in no manner fill the void left behind by the 45 residents of Re\u00e7ak who never lived long enough to feel happiness for the graduation of their children. We cannot compensate their absence, and I know that you, dear family members, as you see them each day as they lie in eternal peace in their tombs at the slope of the hill, you shall miss them eternally.<\/p>\n<p>But we must find the strength to move ahead, as their martyrdom gave Kosovo, gave to all of us, an opportunity to create a country rather different, in which people live in dignity, free and empowered to determine their own fate. A country where crimes such as this one, shall never occur again. The price was too high for all of us, especially for you. But, as we are demonstrating each and every day upon this collective sacrifice, we are building a state which is a realization of the dream to live as equals, in freedom.<\/p>\n<p>Honourable participants, <\/p>\n<p>Re\u00e7ak massacre, as equally as all the other tragedies of the last war in Kosovo, will be remembered by many a generations, they will become part of our collective national memory. But they by all means require justice, which will pacify the souls of all of you family members here in Re\u00e7ak and all around Kosovo. Justice which will help each and every one of you hold on to the memories of your dearly beloved, as you have held them in greatest love so far but without the pain of injustice. And this will also help our country move ahead, in its unstoppable path of progress and development.<\/p>\n<p>Their martyrdom must serve to us as a motive to make true the final words of all the heroes and martyrs of our nation, to build strong and democratic institutions, a state where law and order prevail.<\/p>\n<p>Now and forever we shall remain together and by your side in sharing of your pain.<\/p>\n<p>Thank you.<\/p>\n","protected":false},"excerpt":{"rendered":"<p>I feel deeply saddened while I am standing here in front of you in remembrance of the victims of the Re\u00e7ak massacre, a macabre crime which left your families, as well as many other families in Kosovo in eternal pain and with broken hearts.<\/p>\n","protected":false},"author":1,"featured_media":47236,"comment_status":"open","ping_status":"closed","sticky":false,"template":"","format":"standard","meta":{"_eb_attr":"","footnotes":""},"categories":[105],"tags":[],"class_list":["post-70433","post","type-post","status-publish","format-standard","has-post-thumbnail","hentry","category-speeches"],"yoast_head":"<!-- This site is optimized with the Yoast SEO plugin v23.5 - https:\/\/yoast.com\/wordpress\/plugins\/seo\/ -->\n<title>President Jahjaga&#146;s speech at the marking of the 15th anniversary of the Re\u00e7ak massacre - President of the Republic of Kosovo - DR. VJOSA OSMANI - SADRIU<\/title>\n<meta name=\"description\" content=\"President Jahjaga&#146;s speech at the marking of the 15th anniversary of the Re\u00e7ak massacre - President of the Republic of Kosovo - DR. VJOSA OSMANI - SADRIU -\" \/>\n<meta name=\"robots\" content=\"index, follow, max-snippet:-1, max-image-preview:large, max-video-preview:-1\" \/>\n<link rel=\"canonical\" href=\"https:\/\/president-ksgov.net\/fjala-e-presidentes-jahjaga-ne-shenimin-e-15-vjetorit-te-masakres-se-recakut\/\" \/>\n<meta property=\"og:locale\" content=\"en_US\" \/>\n<meta property=\"og:type\" content=\"article\" \/>\n<meta property=\"og:title\" content=\"President Jahjaga&#146;s speech at the marking of the 15th anniversary of the Re\u00e7ak massacre - President of the Republic of Kosovo - DR. VJOSA OSMANI - SADRIU\" \/>\n<meta property=\"og:description\" content=\"President Jahjaga&#146;s speech at the marking of the 15th anniversary of the Re\u00e7ak massacre - President of the Republic of Kosovo - DR. VJOSA OSMANI - SADRIU -\" \/>\n<meta property=\"og:url\" content=\"https:\/\/president-ksgov.net\/fjala-e-presidentes-jahjaga-ne-shenimin-e-15-vjetorit-te-masakres-se-recakut\/\" \/>\n<meta property=\"og:site_name\" content=\"President of the Republic of Kosovo - DR. VJOSA OSMANI - SADRIU\" \/>\n<meta property=\"article:published_time\" content=\"2014-01-15T16:12:15+00:00\" \/>\n<meta property=\"article:modified_time\" content=\"2023-03-07T10:30:49+00:00\" \/>\n<meta property=\"og:image\" content=\"https:\/\/president-ksgov.net\/wp-content\/uploads\/15_01_2014_6524077_15_01_2014_akademia_01.jpg\" \/>\n\t<meta property=\"og:image:width\" content=\"1024\" \/>\n\t<meta property=\"og:image:height\" content=\"400\" \/>\n\t<meta property=\"og:image:type\" content=\"image\/jpeg\" \/>\n<meta name=\"author\" content=\"admin\" \/>\n<meta name=\"twitter:card\" content=\"summary_large_image\" \/>\n<meta name=\"twitter:label1\" content=\"Written by\" \/>\n\t<meta name=\"twitter:data1\" content=\"admin\" \/>\n\t<meta name=\"twitter:label2\" content=\"Est. reading time\" \/>\n\t<meta name=\"twitter:data2\" content=\"3 minutes\" \/>\n<script type=\"application\/ld+json\" class=\"yoast-schema-graph\">{\"@context\":\"https:\/\/schema.org\",\"@graph\":[{\"@type\":\"WebPage\",\"@id\":\"https:\/\/president-ksgov.net\/fjala-e-presidentes-jahjaga-ne-shenimin-e-15-vjetorit-te-masakres-se-recakut\/\",\"url\":\"https:\/\/president-ksgov.net\/fjala-e-presidentes-jahjaga-ne-shenimin-e-15-vjetorit-te-masakres-se-recakut\/\",\"name\":\"President Jahjaga&#146;s speech at the marking of the 15th anniversary of the Re\u00e7ak massacre - President of the Republic of Kosovo - DR. VJOSA OSMANI - SADRIU\",\"isPartOf\":{\"@id\":\"https:\/\/president-ksgov.net\/#website\"},\"primaryImageOfPage\":{\"@id\":\"https:\/\/president-ksgov.net\/fjala-e-presidentes-jahjaga-ne-shenimin-e-15-vjetorit-te-masakres-se-recakut\/#primaryimage\"},\"image\":{\"@id\":\"https:\/\/president-ksgov.net\/fjala-e-presidentes-jahjaga-ne-shenimin-e-15-vjetorit-te-masakres-se-recakut\/#primaryimage\"},\"thumbnailUrl\":\"https:\/\/president-ksgov.net\/wp-content\/uploads\/15_01_2014_6524077_15_01_2014_akademia_01.jpg\",\"datePublished\":\"2014-01-15T16:12:15+00:00\",\"dateModified\":\"2023-03-07T10:30:49+00:00\",\"author\":{\"@id\":\"https:\/\/president-ksgov.net\/#\/schema\/person\/bb4337a5fb147cb2046d80548172cbee\"},\"description\":\"President Jahjaga&#146;s speech at the marking of the 15th anniversary of the Re\u00e7ak massacre - President of the Republic of Kosovo - DR. VJOSA OSMANI - SADRIU -\",\"breadcrumb\":{\"@id\":\"https:\/\/president-ksgov.net\/fjala-e-presidentes-jahjaga-ne-shenimin-e-15-vjetorit-te-masakres-se-recakut\/#breadcrumb\"},\"inLanguage\":\"en-US\",\"potentialAction\":[{\"@type\":\"ReadAction\",\"target\":[\"https:\/\/president-ksgov.net\/fjala-e-presidentes-jahjaga-ne-shenimin-e-15-vjetorit-te-masakres-se-recakut\/\"]}]},{\"@type\":\"ImageObject\",\"inLanguage\":\"en-US\",\"@id\":\"https:\/\/president-ksgov.net\/fjala-e-presidentes-jahjaga-ne-shenimin-e-15-vjetorit-te-masakres-se-recakut\/#primaryimage\",\"url\":\"https:\/\/president-ksgov.net\/wp-content\/uploads\/15_01_2014_6524077_15_01_2014_akademia_01.jpg\",\"contentUrl\":\"https:\/\/president-ksgov.net\/wp-content\/uploads\/15_01_2014_6524077_15_01_2014_akademia_01.jpg\",\"width\":1024,\"height\":400},{\"@type\":\"BreadcrumbList\",\"@id\":\"https:\/\/president-ksgov.net\/fjala-e-presidentes-jahjaga-ne-shenimin-e-15-vjetorit-te-masakres-se-recakut\/#breadcrumb\",\"itemListElement\":[{\"@type\":\"ListItem\",\"position\":1,\"name\":\"Home\",\"item\":\"https:\/\/president-ksgov.net\/en\/\"},{\"@type\":\"ListItem\",\"position\":2,\"name\":\"President Jahjaga&#146;s speech at the marking of the 15th anniversary of the Re\u00e7ak massacre\"}]},{\"@type\":\"WebSite\",\"@id\":\"https:\/\/president-ksgov.net\/#website\",\"url\":\"https:\/\/president-ksgov.net\/\",\"name\":\"Presidente e Republik\u00ebs s\u00eb Kosov\u00ebs\",\"description\":\"Presidente e Republik\u00ebs s\u00eb Kosov\u00ebs\",\"alternateName\":\"DR. VJOSA OSMANI - SADRIU\",\"potentialAction\":[{\"@type\":\"SearchAction\",\"target\":{\"@type\":\"EntryPoint\",\"urlTemplate\":\"https:\/\/president-ksgov.net\/?s={search_term_string}\"},\"query-input\":{\"@type\":\"PropertyValueSpecification\",\"valueRequired\":true,\"valueName\":\"search_term_string\"}}],\"inLanguage\":\"en-US\"},{\"@type\":\"Person\",\"@id\":\"https:\/\/president-ksgov.net\/#\/schema\/person\/bb4337a5fb147cb2046d80548172cbee\",\"name\":\"admin\",\"image\":{\"@type\":\"ImageObject\",\"inLanguage\":\"en-US\",\"@id\":\"https:\/\/president-ksgov.net\/#\/schema\/person\/image\/\",\"url\":\"https:\/\/secure.gravatar.com\/avatar\/36156ca0fa3b8d9d25174f146e16beea0cf28f37adf1b9e19b6c9c279a7c9dd3?s=96&d=mm&r=g\",\"contentUrl\":\"https:\/\/secure.gravatar.com\/avatar\/36156ca0fa3b8d9d25174f146e16beea0cf28f37adf1b9e19b6c9c279a7c9dd3?s=96&d=mm&r=g\",\"caption\":\"admin\"},\"sameAs\":[\"https:\/\/president-ksgov.net\"]}]}<\/script>\n<!-- \/ Yoast SEO plugin. -->","yoast_head_json":{"title":"President Jahjaga&#146;s speech at the marking of the 15th anniversary of the Re\u00e7ak massacre - President of the Republic of Kosovo - DR. VJOSA OSMANI - SADRIU","description":"President Jahjaga&#146;s speech at the marking of the 15th anniversary of the Re\u00e7ak massacre - President of the Republic of Kosovo - DR. VJOSA OSMANI - SADRIU -","robots":{"index":"index","follow":"follow","max-snippet":"max-snippet:-1","max-image-preview":"max-image-preview:large","max-video-preview":"max-video-preview:-1"},"canonical":"https:\/\/president-ksgov.net\/fjala-e-presidentes-jahjaga-ne-shenimin-e-15-vjetorit-te-masakres-se-recakut\/","og_locale":"en_US","og_type":"article","og_title":"President Jahjaga&#146;s speech at the marking of the 15th anniversary of the Re\u00e7ak massacre - President of the Republic of Kosovo - DR. VJOSA OSMANI - SADRIU","og_description":"President Jahjaga&#146;s speech at the marking of the 15th anniversary of the Re\u00e7ak massacre - President of the Republic of Kosovo - DR. VJOSA OSMANI - SADRIU -","og_url":"https:\/\/president-ksgov.net\/fjala-e-presidentes-jahjaga-ne-shenimin-e-15-vjetorit-te-masakres-se-recakut\/","og_site_name":"President of the Republic of Kosovo - DR. VJOSA OSMANI - SADRIU","article_published_time":"2014-01-15T16:12:15+00:00","article_modified_time":"2023-03-07T10:30:49+00:00","og_image":[{"width":1024,"height":400,"url":"https:\/\/president-ksgov.net\/wp-content\/uploads\/15_01_2014_6524077_15_01_2014_akademia_01.jpg","type":"image\/jpeg"}],"author":"admin","twitter_card":"summary_large_image","twitter_misc":{"Written by":"admin","Est. reading time":"3 minutes"},"schema":{"@context":"https:\/\/schema.org","@graph":[{"@type":"WebPage","@id":"https:\/\/president-ksgov.net\/fjala-e-presidentes-jahjaga-ne-shenimin-e-15-vjetorit-te-masakres-se-recakut\/","url":"https:\/\/president-ksgov.net\/fjala-e-presidentes-jahjaga-ne-shenimin-e-15-vjetorit-te-masakres-se-recakut\/","name":"President Jahjaga&#146;s speech at the marking of the 15th anniversary of the Re\u00e7ak massacre - President of the Republic of Kosovo - DR. VJOSA OSMANI - SADRIU","isPartOf":{"@id":"https:\/\/president-ksgov.net\/#website"},"primaryImageOfPage":{"@id":"https:\/\/president-ksgov.net\/fjala-e-presidentes-jahjaga-ne-shenimin-e-15-vjetorit-te-masakres-se-recakut\/#primaryimage"},"image":{"@id":"https:\/\/president-ksgov.net\/fjala-e-presidentes-jahjaga-ne-shenimin-e-15-vjetorit-te-masakres-se-recakut\/#primaryimage"},"thumbnailUrl":"https:\/\/president-ksgov.net\/wp-content\/uploads\/15_01_2014_6524077_15_01_2014_akademia_01.jpg","datePublished":"2014-01-15T16:12:15+00:00","dateModified":"2023-03-07T10:30:49+00:00","author":{"@id":"https:\/\/president-ksgov.net\/#\/schema\/person\/bb4337a5fb147cb2046d80548172cbee"},"description":"President Jahjaga&#146;s speech at the marking of the 15th anniversary of the Re\u00e7ak massacre - President of the Republic of Kosovo - DR. VJOSA OSMANI - SADRIU -","breadcrumb":{"@id":"https:\/\/president-ksgov.net\/fjala-e-presidentes-jahjaga-ne-shenimin-e-15-vjetorit-te-masakres-se-recakut\/#breadcrumb"},"inLanguage":"en-US","potentialAction":[{"@type":"ReadAction","target":["https:\/\/president-ksgov.net\/fjala-e-presidentes-jahjaga-ne-shenimin-e-15-vjetorit-te-masakres-se-recakut\/"]}]},{"@type":"ImageObject","inLanguage":"en-US","@id":"https:\/\/president-ksgov.net\/fjala-e-presidentes-jahjaga-ne-shenimin-e-15-vjetorit-te-masakres-se-recakut\/#primaryimage","url":"https:\/\/president-ksgov.net\/wp-content\/uploads\/15_01_2014_6524077_15_01_2014_akademia_01.jpg","contentUrl":"https:\/\/president-ksgov.net\/wp-content\/uploads\/15_01_2014_6524077_15_01_2014_akademia_01.jpg","width":1024,"height":400},{"@type":"BreadcrumbList","@id":"https:\/\/president-ksgov.net\/fjala-e-presidentes-jahjaga-ne-shenimin-e-15-vjetorit-te-masakres-se-recakut\/#breadcrumb","itemListElement":[{"@type":"ListItem","position":1,"name":"Home","item":"https:\/\/president-ksgov.net\/en\/"},{"@type":"ListItem","position":2,"name":"President Jahjaga&#146;s speech at the marking of the 15th anniversary of the Re\u00e7ak massacre"}]},{"@type":"WebSite","@id":"https:\/\/president-ksgov.net\/#website","url":"https:\/\/president-ksgov.net\/","name":"Presidente e Republik\u00ebs s\u00eb Kosov\u00ebs","description":"Presidente e Republik\u00ebs s\u00eb Kosov\u00ebs","alternateName":"DR. VJOSA OSMANI - SADRIU","potentialAction":[{"@type":"SearchAction","target":{"@type":"EntryPoint","urlTemplate":"https:\/\/president-ksgov.net\/?s={search_term_string}"},"query-input":{"@type":"PropertyValueSpecification","valueRequired":true,"valueName":"search_term_string"}}],"inLanguage":"en-US"},{"@type":"Person","@id":"https:\/\/president-ksgov.net\/#\/schema\/person\/bb4337a5fb147cb2046d80548172cbee","name":"admin","image":{"@type":"ImageObject","inLanguage":"en-US","@id":"https:\/\/president-ksgov.net\/#\/schema\/person\/image\/","url":"https:\/\/secure.gravatar.com\/avatar\/36156ca0fa3b8d9d25174f146e16beea0cf28f37adf1b9e19b6c9c279a7c9dd3?s=96&d=mm&r=g","contentUrl":"https:\/\/secure.gravatar.com\/avatar\/36156ca0fa3b8d9d25174f146e16beea0cf28f37adf1b9e19b6c9c279a7c9dd3?s=96&d=mm&r=g","caption":"admin"},"sameAs":["https:\/\/president-ksgov.net"]}]}},"_links":{"self":[{"href":"https:\/\/president-ksgov.net\/en\/wp-json\/wp\/v2\/posts\/70433","targetHints":{"allow":["GET"]}}],"collection":[{"href":"https:\/\/president-ksgov.net\/en\/wp-json\/wp\/v2\/posts"}],"about":[{"href":"https:\/\/president-ksgov.net\/en\/wp-json\/wp\/v2\/types\/post"}],"author":[{"embeddable":true,"href":"https:\/\/president-ksgov.net\/en\/wp-json\/wp\/v2\/users\/1"}],"replies":[{"embeddable":true,"href":"https:\/\/president-ksgov.net\/en\/wp-json\/wp\/v2\/comments?post=70433"}],"version-history":[{"count":0,"href":"https:\/\/president-ksgov.net\/en\/wp-json\/wp\/v2\/posts\/70433\/revisions"}],"wp:featuredmedia":[{"embeddable":true,"href":"https:\/\/president-ksgov.net\/en\/wp-json\/wp\/v2\/media\/47236"}],"wp:attachment":[{"href":"https:\/\/president-ksgov.net\/en\/wp-json\/wp\/v2\/media?parent=70433"}],"wp:term":[{"taxonomy":"category","embeddable":true,"href":"https:\/\/president-ksgov.net\/en\/wp-json\/wp\/v2\/categories?post=70433"},{"taxonomy":"post_tag","embeddable":true,"href":"https:\/\/president-ksgov.net\/en\/wp-json\/wp\/v2\/tags?post=70433"}],"curies":[{"name":"wp","href":"https:\/\/api.w.org\/{rel}","templated":true}]}}