{"id":70364,"date":"2014-04-02T17:46:08","date_gmt":"2014-04-02T17:46:08","guid":{"rendered":"https:\/\/dev.president-ksgov.net\/president-jahjaga-met-with-the-minister-for-strategic-affairs-of-brazil-mr-marcelo-cortes-neri\/"},"modified":"2023-03-07T10:27:26","modified_gmt":"2023-03-07T10:27:26","slug":"president-jahjaga-met-with-the-minister-for-strategic-affairs-of-brazil-mr-marcelo-cortes-neri","status":"publish","type":"post","link":"https:\/\/president-ksgov.net\/en\/president-jahjaga-met-with-the-minister-for-strategic-affairs-of-brazil-mr-marcelo-cortes-neri\/","title":{"rendered":"President Jahjaga met with the Minister for Strategic Affairs of Brazil, Mr. Marcelo Cortes Neri"},"content":{"rendered":"<p>President of the Republic of Kosovo, Mrs. Atifete Jahjaga, met today with the Minister for Strategic Affairs of Brazil, Mr. Marcelo Cortes Neri, with whom she discussed the issue of recognition of the independence of Kosovo.<\/p>\n<p>President Jahjaga said that Kosovo in six years of its independence has achieved to consolidate its statehood o the international stage and is recognises by 106 UN member states, is building a democratic and all inclusive state and is a factor of peace and stability in the region of South Eastern Europe. <\/p>\n<p>President Jahjaga added that independence of Kosovo was a long and difficult process, conducted under special circumstances, which is today proving to be a joint success of its citizens, its institutions and of the international community, also confirmed by the verdict of the International Court of Justice.<\/p>\n<p>Madam President stated that Republic of Kosovo aims to gain full membership into international organisations, primarily EU, NATO and UN. She added that recognition of the independence of Kosovo is important to our country as\u00a0 it contributes to its international consolidation and promotes peace and stability not only in the Balkan region but beyond it. <\/p>\n<p>She potentiated that a number of countries of Central and Southern America, Brazil being one of them, have not as yet recognised Kosovo, and emphasized the importance for this countries to evaluate their position on Kosovo.<\/p>\n<p>Minister of Strategic Affairs of Brazil, Mr. Marcelo Cortes Neri, stated that his country is closely observing the developments in Kosovo and the Balkan region and said that he will convey to Madam President the arguments of Kosovo for its recognition.<\/p>\n","protected":false},"excerpt":{"rendered":"<p>President of the Republic of Kosovo, Mrs. Atifete Jahjaga, met today with the Minister for Strategic Affairs of Brazil, Mr. Marcelo Cortes Neri, with whom she discussed the issue of recognition of the independence of Kosovo.<\/p>\n","protected":false},"author":1,"featured_media":46070,"comment_status":"open","ping_status":"closed","sticky":false,"template":"","format":"standard","meta":{"_eb_attr":"","footnotes":""},"categories":[111],"tags":[],"class_list":["post-70364","post","type-post","status-publish","format-standard","has-post-thumbnail","hentry","category-news"],"yoast_head":"<!-- This site is optimized with the Yoast SEO plugin v23.5 - https:\/\/yoast.com\/wordpress\/plugins\/seo\/ -->\n<title>President Jahjaga met with the Minister for Strategic Affairs of Brazil, Mr. Marcelo Cortes Neri - President of the Republic of Kosovo - DR. VJOSA OSMANI - SADRIU<\/title>\n<meta name=\"description\" content=\"President Jahjaga met with the Minister for Strategic Affairs of Brazil, Mr. Marcelo Cortes Neri - President of the Republic of Kosovo - DR. VJOSA OSMANI - SADRIU -\" \/>\n<meta name=\"robots\" content=\"index, follow, max-snippet:-1, max-image-preview:large, max-video-preview:-1\" \/>\n<link rel=\"canonical\" href=\"https:\/\/president-ksgov.net\/presidentja-atifete-jahjaga-u-takua-me-ministrin-per-ceshtjet-strategjike-te-brazilit-marcelo-cortes-neri\/\" \/>\n<meta property=\"og:locale\" content=\"en_US\" \/>\n<meta property=\"og:type\" content=\"article\" \/>\n<meta property=\"og:title\" content=\"President Jahjaga met with the Minister for Strategic Affairs of Brazil, Mr. Marcelo Cortes Neri - President of the Republic of Kosovo - DR. VJOSA OSMANI - SADRIU\" \/>\n<meta property=\"og:description\" content=\"President Jahjaga met with the Minister for Strategic Affairs of Brazil, Mr. Marcelo Cortes Neri - President of the Republic of Kosovo - DR. VJOSA OSMANI - SADRIU -\" \/>\n<meta property=\"og:url\" content=\"https:\/\/president-ksgov.net\/presidentja-atifete-jahjaga-u-takua-me-ministrin-per-ceshtjet-strategjike-te-brazilit-marcelo-cortes-neri\/\" \/>\n<meta property=\"og:site_name\" content=\"President of the Republic of Kosovo - DR. VJOSA OSMANI - SADRIU\" \/>\n<meta property=\"article:published_time\" content=\"2014-04-02T17:46:08+00:00\" \/>\n<meta property=\"article:modified_time\" content=\"2023-03-07T10:27:26+00:00\" \/>\n<meta property=\"og:image\" content=\"https:\/\/president-ksgov.net\/wp-content\/uploads\/02_04_2014_9961236_IMG_9247___.jpg\" \/>\n\t<meta property=\"og:image:width\" content=\"850\" \/>\n\t<meta property=\"og:image:height\" content=\"514\" \/>\n\t<meta property=\"og:image:type\" content=\"image\/jpeg\" \/>\n<meta name=\"author\" content=\"admin\" \/>\n<meta name=\"twitter:card\" content=\"summary_large_image\" \/>\n<meta name=\"twitter:label1\" content=\"Written by\" \/>\n\t<meta name=\"twitter:data1\" content=\"admin\" \/>\n\t<meta name=\"twitter:label2\" content=\"Est. reading time\" \/>\n\t<meta name=\"twitter:data2\" content=\"1 minute\" \/>\n<script type=\"application\/ld+json\" class=\"yoast-schema-graph\">{\"@context\":\"https:\/\/schema.org\",\"@graph\":[{\"@type\":\"WebPage\",\"@id\":\"https:\/\/president-ksgov.net\/presidentja-atifete-jahjaga-u-takua-me-ministrin-per-ceshtjet-strategjike-te-brazilit-marcelo-cortes-neri\/\",\"url\":\"https:\/\/president-ksgov.net\/presidentja-atifete-jahjaga-u-takua-me-ministrin-per-ceshtjet-strategjike-te-brazilit-marcelo-cortes-neri\/\",\"name\":\"President Jahjaga met with the Minister for Strategic Affairs of Brazil, Mr. Marcelo Cortes Neri - President of the Republic of Kosovo - DR. VJOSA OSMANI - SADRIU\",\"isPartOf\":{\"@id\":\"https:\/\/president-ksgov.net\/#website\"},\"primaryImageOfPage\":{\"@id\":\"https:\/\/president-ksgov.net\/presidentja-atifete-jahjaga-u-takua-me-ministrin-per-ceshtjet-strategjike-te-brazilit-marcelo-cortes-neri\/#primaryimage\"},\"image\":{\"@id\":\"https:\/\/president-ksgov.net\/presidentja-atifete-jahjaga-u-takua-me-ministrin-per-ceshtjet-strategjike-te-brazilit-marcelo-cortes-neri\/#primaryimage\"},\"thumbnailUrl\":\"https:\/\/president-ksgov.net\/wp-content\/uploads\/02_04_2014_9961236_IMG_9247___.jpg\",\"datePublished\":\"2014-04-02T17:46:08+00:00\",\"dateModified\":\"2023-03-07T10:27:26+00:00\",\"author\":{\"@id\":\"https:\/\/president-ksgov.net\/#\/schema\/person\/bb4337a5fb147cb2046d80548172cbee\"},\"description\":\"President Jahjaga met with the Minister for Strategic Affairs of Brazil, Mr. Marcelo Cortes Neri - President of the Republic of Kosovo - DR. VJOSA OSMANI - SADRIU -\",\"breadcrumb\":{\"@id\":\"https:\/\/president-ksgov.net\/presidentja-atifete-jahjaga-u-takua-me-ministrin-per-ceshtjet-strategjike-te-brazilit-marcelo-cortes-neri\/#breadcrumb\"},\"inLanguage\":\"en-US\",\"potentialAction\":[{\"@type\":\"ReadAction\",\"target\":[\"https:\/\/president-ksgov.net\/presidentja-atifete-jahjaga-u-takua-me-ministrin-per-ceshtjet-strategjike-te-brazilit-marcelo-cortes-neri\/\"]}]},{\"@type\":\"ImageObject\",\"inLanguage\":\"en-US\",\"@id\":\"https:\/\/president-ksgov.net\/presidentja-atifete-jahjaga-u-takua-me-ministrin-per-ceshtjet-strategjike-te-brazilit-marcelo-cortes-neri\/#primaryimage\",\"url\":\"https:\/\/president-ksgov.net\/wp-content\/uploads\/02_04_2014_9961236_IMG_9247___.jpg\",\"contentUrl\":\"https:\/\/president-ksgov.net\/wp-content\/uploads\/02_04_2014_9961236_IMG_9247___.jpg\",\"width\":850,\"height\":514},{\"@type\":\"BreadcrumbList\",\"@id\":\"https:\/\/president-ksgov.net\/presidentja-atifete-jahjaga-u-takua-me-ministrin-per-ceshtjet-strategjike-te-brazilit-marcelo-cortes-neri\/#breadcrumb\",\"itemListElement\":[{\"@type\":\"ListItem\",\"position\":1,\"name\":\"Home\",\"item\":\"https:\/\/president-ksgov.net\/en\/\"},{\"@type\":\"ListItem\",\"position\":2,\"name\":\"President Jahjaga met with the Minister for Strategic Affairs of Brazil, Mr. Marcelo Cortes Neri\"}]},{\"@type\":\"WebSite\",\"@id\":\"https:\/\/president-ksgov.net\/#website\",\"url\":\"https:\/\/president-ksgov.net\/\",\"name\":\"Presidente e Republik\u00ebs s\u00eb Kosov\u00ebs\",\"description\":\"Presidente e Republik\u00ebs s\u00eb Kosov\u00ebs\",\"alternateName\":\"DR. VJOSA OSMANI - SADRIU\",\"potentialAction\":[{\"@type\":\"SearchAction\",\"target\":{\"@type\":\"EntryPoint\",\"urlTemplate\":\"https:\/\/president-ksgov.net\/?s={search_term_string}\"},\"query-input\":{\"@type\":\"PropertyValueSpecification\",\"valueRequired\":true,\"valueName\":\"search_term_string\"}}],\"inLanguage\":\"en-US\"},{\"@type\":\"Person\",\"@id\":\"https:\/\/president-ksgov.net\/#\/schema\/person\/bb4337a5fb147cb2046d80548172cbee\",\"name\":\"admin\",\"image\":{\"@type\":\"ImageObject\",\"inLanguage\":\"en-US\",\"@id\":\"https:\/\/president-ksgov.net\/#\/schema\/person\/image\/\",\"url\":\"https:\/\/secure.gravatar.com\/avatar\/36156ca0fa3b8d9d25174f146e16beea0cf28f37adf1b9e19b6c9c279a7c9dd3?s=96&d=mm&r=g\",\"contentUrl\":\"https:\/\/secure.gravatar.com\/avatar\/36156ca0fa3b8d9d25174f146e16beea0cf28f37adf1b9e19b6c9c279a7c9dd3?s=96&d=mm&r=g\",\"caption\":\"admin\"},\"sameAs\":[\"https:\/\/president-ksgov.net\"]}]}<\/script>\n<!-- \/ Yoast SEO plugin. -->","yoast_head_json":{"title":"President Jahjaga met with the Minister for Strategic Affairs of Brazil, Mr. Marcelo Cortes Neri - President of the Republic of Kosovo - DR. VJOSA OSMANI - SADRIU","description":"President Jahjaga met with the Minister for Strategic Affairs of Brazil, Mr. Marcelo Cortes Neri - President of the Republic of Kosovo - DR. VJOSA OSMANI - SADRIU -","robots":{"index":"index","follow":"follow","max-snippet":"max-snippet:-1","max-image-preview":"max-image-preview:large","max-video-preview":"max-video-preview:-1"},"canonical":"https:\/\/president-ksgov.net\/presidentja-atifete-jahjaga-u-takua-me-ministrin-per-ceshtjet-strategjike-te-brazilit-marcelo-cortes-neri\/","og_locale":"en_US","og_type":"article","og_title":"President Jahjaga met with the Minister for Strategic Affairs of Brazil, Mr. Marcelo Cortes Neri - President of the Republic of Kosovo - DR. VJOSA OSMANI - SADRIU","og_description":"President Jahjaga met with the Minister for Strategic Affairs of Brazil, Mr. Marcelo Cortes Neri - President of the Republic of Kosovo - DR. VJOSA OSMANI - SADRIU -","og_url":"https:\/\/president-ksgov.net\/presidentja-atifete-jahjaga-u-takua-me-ministrin-per-ceshtjet-strategjike-te-brazilit-marcelo-cortes-neri\/","og_site_name":"President of the Republic of Kosovo - DR. VJOSA OSMANI - SADRIU","article_published_time":"2014-04-02T17:46:08+00:00","article_modified_time":"2023-03-07T10:27:26+00:00","og_image":[{"width":850,"height":514,"url":"https:\/\/president-ksgov.net\/wp-content\/uploads\/02_04_2014_9961236_IMG_9247___.jpg","type":"image\/jpeg"}],"author":"admin","twitter_card":"summary_large_image","twitter_misc":{"Written by":"admin","Est. reading time":"1 minute"},"schema":{"@context":"https:\/\/schema.org","@graph":[{"@type":"WebPage","@id":"https:\/\/president-ksgov.net\/presidentja-atifete-jahjaga-u-takua-me-ministrin-per-ceshtjet-strategjike-te-brazilit-marcelo-cortes-neri\/","url":"https:\/\/president-ksgov.net\/presidentja-atifete-jahjaga-u-takua-me-ministrin-per-ceshtjet-strategjike-te-brazilit-marcelo-cortes-neri\/","name":"President Jahjaga met with the Minister for Strategic Affairs of Brazil, Mr. Marcelo Cortes Neri - President of the Republic of Kosovo - DR. VJOSA OSMANI - SADRIU","isPartOf":{"@id":"https:\/\/president-ksgov.net\/#website"},"primaryImageOfPage":{"@id":"https:\/\/president-ksgov.net\/presidentja-atifete-jahjaga-u-takua-me-ministrin-per-ceshtjet-strategjike-te-brazilit-marcelo-cortes-neri\/#primaryimage"},"image":{"@id":"https:\/\/president-ksgov.net\/presidentja-atifete-jahjaga-u-takua-me-ministrin-per-ceshtjet-strategjike-te-brazilit-marcelo-cortes-neri\/#primaryimage"},"thumbnailUrl":"https:\/\/president-ksgov.net\/wp-content\/uploads\/02_04_2014_9961236_IMG_9247___.jpg","datePublished":"2014-04-02T17:46:08+00:00","dateModified":"2023-03-07T10:27:26+00:00","author":{"@id":"https:\/\/president-ksgov.net\/#\/schema\/person\/bb4337a5fb147cb2046d80548172cbee"},"description":"President Jahjaga met with the Minister for Strategic Affairs of Brazil, Mr. Marcelo Cortes Neri - President of the Republic of Kosovo - DR. VJOSA OSMANI - SADRIU -","breadcrumb":{"@id":"https:\/\/president-ksgov.net\/presidentja-atifete-jahjaga-u-takua-me-ministrin-per-ceshtjet-strategjike-te-brazilit-marcelo-cortes-neri\/#breadcrumb"},"inLanguage":"en-US","potentialAction":[{"@type":"ReadAction","target":["https:\/\/president-ksgov.net\/presidentja-atifete-jahjaga-u-takua-me-ministrin-per-ceshtjet-strategjike-te-brazilit-marcelo-cortes-neri\/"]}]},{"@type":"ImageObject","inLanguage":"en-US","@id":"https:\/\/president-ksgov.net\/presidentja-atifete-jahjaga-u-takua-me-ministrin-per-ceshtjet-strategjike-te-brazilit-marcelo-cortes-neri\/#primaryimage","url":"https:\/\/president-ksgov.net\/wp-content\/uploads\/02_04_2014_9961236_IMG_9247___.jpg","contentUrl":"https:\/\/president-ksgov.net\/wp-content\/uploads\/02_04_2014_9961236_IMG_9247___.jpg","width":850,"height":514},{"@type":"BreadcrumbList","@id":"https:\/\/president-ksgov.net\/presidentja-atifete-jahjaga-u-takua-me-ministrin-per-ceshtjet-strategjike-te-brazilit-marcelo-cortes-neri\/#breadcrumb","itemListElement":[{"@type":"ListItem","position":1,"name":"Home","item":"https:\/\/president-ksgov.net\/en\/"},{"@type":"ListItem","position":2,"name":"President Jahjaga met with the Minister for Strategic Affairs of Brazil, Mr. Marcelo Cortes Neri"}]},{"@type":"WebSite","@id":"https:\/\/president-ksgov.net\/#website","url":"https:\/\/president-ksgov.net\/","name":"Presidente e Republik\u00ebs s\u00eb Kosov\u00ebs","description":"Presidente e Republik\u00ebs s\u00eb Kosov\u00ebs","alternateName":"DR. VJOSA OSMANI - SADRIU","potentialAction":[{"@type":"SearchAction","target":{"@type":"EntryPoint","urlTemplate":"https:\/\/president-ksgov.net\/?s={search_term_string}"},"query-input":{"@type":"PropertyValueSpecification","valueRequired":true,"valueName":"search_term_string"}}],"inLanguage":"en-US"},{"@type":"Person","@id":"https:\/\/president-ksgov.net\/#\/schema\/person\/bb4337a5fb147cb2046d80548172cbee","name":"admin","image":{"@type":"ImageObject","inLanguage":"en-US","@id":"https:\/\/president-ksgov.net\/#\/schema\/person\/image\/","url":"https:\/\/secure.gravatar.com\/avatar\/36156ca0fa3b8d9d25174f146e16beea0cf28f37adf1b9e19b6c9c279a7c9dd3?s=96&d=mm&r=g","contentUrl":"https:\/\/secure.gravatar.com\/avatar\/36156ca0fa3b8d9d25174f146e16beea0cf28f37adf1b9e19b6c9c279a7c9dd3?s=96&d=mm&r=g","caption":"admin"},"sameAs":["https:\/\/president-ksgov.net"]}]}},"_links":{"self":[{"href":"https:\/\/president-ksgov.net\/en\/wp-json\/wp\/v2\/posts\/70364","targetHints":{"allow":["GET"]}}],"collection":[{"href":"https:\/\/president-ksgov.net\/en\/wp-json\/wp\/v2\/posts"}],"about":[{"href":"https:\/\/president-ksgov.net\/en\/wp-json\/wp\/v2\/types\/post"}],"author":[{"embeddable":true,"href":"https:\/\/president-ksgov.net\/en\/wp-json\/wp\/v2\/users\/1"}],"replies":[{"embeddable":true,"href":"https:\/\/president-ksgov.net\/en\/wp-json\/wp\/v2\/comments?post=70364"}],"version-history":[{"count":0,"href":"https:\/\/president-ksgov.net\/en\/wp-json\/wp\/v2\/posts\/70364\/revisions"}],"wp:featuredmedia":[{"embeddable":true,"href":"https:\/\/president-ksgov.net\/en\/wp-json\/wp\/v2\/media\/46070"}],"wp:attachment":[{"href":"https:\/\/president-ksgov.net\/en\/wp-json\/wp\/v2\/media?parent=70364"}],"wp:term":[{"taxonomy":"category","embeddable":true,"href":"https:\/\/president-ksgov.net\/en\/wp-json\/wp\/v2\/categories?post=70364"},{"taxonomy":"post_tag","embeddable":true,"href":"https:\/\/president-ksgov.net\/en\/wp-json\/wp\/v2\/tags?post=70364"}],"curies":[{"name":"wp","href":"https:\/\/api.w.org\/{rel}","templated":true}]}}