{"id":70319,"date":"2014-04-26T15:52:47","date_gmt":"2014-04-26T15:52:47","guid":{"rendered":"https:\/\/dev.president-ksgov.net\/president-jahjaga-paid-homage-at-the-cabrat-memorial-complex-in-gjakova-and-at-the-martyrs-cemetery-in-meja\/"},"modified":"2023-03-07T10:26:35","modified_gmt":"2023-03-07T10:26:35","slug":"president-jahjaga-paid-homage-at-the-cabrat-memorial-complex-in-gjakova-and-at-the-martyrs-cemetery-in-meja","status":"publish","type":"post","link":"https:\/\/president-ksgov.net\/en\/president-jahjaga-paid-homage-at-the-cabrat-memorial-complex-in-gjakova-and-at-the-martyrs-cemetery-in-meja\/","title":{"rendered":"President Jahjaga paid homage at the \u00c7abrat memorial Complex in Gjakova and at the Martyr&#146;s Cemetery in Meja"},"content":{"rendered":"<p>Marking the April 27th, The Day of the Missing in Kosovo, President of the Republic of Kosovo,<br \/>\nMrs. Atifete Jahjaga, paid homage today at the \u00c7abrat Memorial Complex in Gjakova and at the Martyr&#8217;s Cemetery in Meja.<\/p>\n<p>During the homage ceremony, President Jahjaga was accompanied by the Mayor of Gjakova, Mrs. Mimoza Kusari-Lila and the Chairwoman of the &#8220;Thirrjet e N\u00ebnave&#8221; NGO, Mrs. Nysrete Kumnova.<\/p>\n<p>At a statement issued after the homage, President Jahjaga said: <\/p>\n<p>I have come here to stand together with the family members of the missing persons, to share together the pain and the anxiety for more than 1700 of our citizens, whose fate is still unknown, even 15 years after the end of the war.<\/p>\n<p>I have come to Gjakova and Meja, on the day of missing people, not only to remember the pain, not only to remember the torment, not only to remember the great tragedy suffered by the family members and all the citizens during the war in Kosovo, a terrible war which\u00a0 occurred in our country. But to, with my presence here, show, as representatives of the institutions, that we support access to justice and the need for justice, not only for the families of missing people, but also for all of our citizens. Because, this wound will only heal when this bitter experience and bitter history for our state and the citizens of the Republic of Kosovo ends. <\/p>\n<p>We still have not managed to bring to light the fate of our citizens gone missing during the war.<\/p>\n<p>Despite great endeavours and despite the results achieved so far, even more work is needed, a greater engagement of all of us is required, in particular the engagement of the institutions, in order to bring to light the fate of each citizen registered as missing. This has been one of my dedications and continues to remain one during my mandate as President, and I will continue to raise this issue both within and outside Kosovo.<\/p>\n<p>As you know, I have lately raised this issue at my last meeting with the Secretary General of the United Nations, Mr. Ban Ki-Moon.<\/p>\n","protected":false},"excerpt":{"rendered":"<p>Marking the April 27th, The Day of the Missing in Kosovo, President of the Republic of Kosovo,<br \/>\nMrs. Atifete Jahjaga, paid homage today at the \u00c7abrat Memorial Complex in Gjakova and at the Martyr&#8217;s Cemetery in Meja.<\/p>\n","protected":false},"author":1,"featured_media":45743,"comment_status":"open","ping_status":"closed","sticky":false,"template":"","format":"standard","meta":{"_eb_attr":"","footnotes":""},"categories":[111],"tags":[],"class_list":["post-70319","post","type-post","status-publish","format-standard","has-post-thumbnail","hentry","category-news"],"yoast_head":"<!-- This site is optimized with the Yoast SEO plugin v23.5 - https:\/\/yoast.com\/wordpress\/plugins\/seo\/ -->\n<title>President Jahjaga paid homage at the \u00c7abrat memorial Complex in Gjakova and at the Martyr&#146;s Cemetery in Meja - President of the Republic of Kosovo - DR. VJOSA OSMANI - SADRIU<\/title>\n<meta name=\"description\" content=\"President Jahjaga paid homage at the \u00c7abrat memorial Complex in Gjakova and at the Martyr&#146;s Cemetery in Meja - President of the Republic of Kosovo - DR. VJOSA OSMANI - SADRIU -\" \/>\n<meta name=\"robots\" content=\"index, follow, max-snippet:-1, max-image-preview:large, max-video-preview:-1\" \/>\n<link rel=\"canonical\" href=\"https:\/\/president-ksgov.net\/presidentja-jahjaga-beri-homazhe-ne-kompleksin-memorial-ne-cabrat-te-gjakoves-dhe-ne-varrezat-e-martireve-ne-meje\/\" \/>\n<meta property=\"og:locale\" content=\"en_US\" \/>\n<meta property=\"og:type\" content=\"article\" \/>\n<meta property=\"og:title\" content=\"President Jahjaga paid homage at the \u00c7abrat memorial Complex in Gjakova and at the Martyr&#146;s Cemetery in Meja - President of the Republic of Kosovo - DR. VJOSA OSMANI - SADRIU\" \/>\n<meta property=\"og:description\" content=\"President Jahjaga paid homage at the \u00c7abrat memorial Complex in Gjakova and at the Martyr&#146;s Cemetery in Meja - President of the Republic of Kosovo - DR. VJOSA OSMANI - SADRIU -\" \/>\n<meta property=\"og:url\" content=\"https:\/\/president-ksgov.net\/presidentja-jahjaga-beri-homazhe-ne-kompleksin-memorial-ne-cabrat-te-gjakoves-dhe-ne-varrezat-e-martireve-ne-meje\/\" \/>\n<meta property=\"og:site_name\" content=\"President of the Republic of Kosovo - DR. VJOSA OSMANI - SADRIU\" \/>\n<meta property=\"article:published_time\" content=\"2014-04-26T15:52:47+00:00\" \/>\n<meta property=\"article:modified_time\" content=\"2023-03-07T10:26:35+00:00\" \/>\n<meta property=\"og:image\" content=\"https:\/\/president-ksgov.net\/wp-content\/uploads\/26_04_2014_3524368_26_04_2014_Gjakove_1.jpg\" \/>\n\t<meta property=\"og:image:width\" content=\"1024\" \/>\n\t<meta property=\"og:image:height\" content=\"683\" \/>\n\t<meta property=\"og:image:type\" content=\"image\/jpeg\" \/>\n<meta name=\"author\" content=\"admin\" \/>\n<meta name=\"twitter:card\" content=\"summary_large_image\" \/>\n<meta name=\"twitter:label1\" content=\"Written by\" \/>\n\t<meta name=\"twitter:data1\" content=\"admin\" \/>\n\t<meta name=\"twitter:label2\" content=\"Est. reading time\" \/>\n\t<meta name=\"twitter:data2\" content=\"2 minutes\" \/>\n<script type=\"application\/ld+json\" class=\"yoast-schema-graph\">{\"@context\":\"https:\/\/schema.org\",\"@graph\":[{\"@type\":\"WebPage\",\"@id\":\"https:\/\/president-ksgov.net\/presidentja-jahjaga-beri-homazhe-ne-kompleksin-memorial-ne-cabrat-te-gjakoves-dhe-ne-varrezat-e-martireve-ne-meje\/\",\"url\":\"https:\/\/president-ksgov.net\/presidentja-jahjaga-beri-homazhe-ne-kompleksin-memorial-ne-cabrat-te-gjakoves-dhe-ne-varrezat-e-martireve-ne-meje\/\",\"name\":\"President Jahjaga paid homage at the \u00c7abrat memorial Complex in Gjakova and at the Martyr&#146;s Cemetery in Meja - President of the Republic of Kosovo - DR. VJOSA OSMANI - SADRIU\",\"isPartOf\":{\"@id\":\"https:\/\/president-ksgov.net\/#website\"},\"primaryImageOfPage\":{\"@id\":\"https:\/\/president-ksgov.net\/presidentja-jahjaga-beri-homazhe-ne-kompleksin-memorial-ne-cabrat-te-gjakoves-dhe-ne-varrezat-e-martireve-ne-meje\/#primaryimage\"},\"image\":{\"@id\":\"https:\/\/president-ksgov.net\/presidentja-jahjaga-beri-homazhe-ne-kompleksin-memorial-ne-cabrat-te-gjakoves-dhe-ne-varrezat-e-martireve-ne-meje\/#primaryimage\"},\"thumbnailUrl\":\"https:\/\/president-ksgov.net\/wp-content\/uploads\/26_04_2014_3524368_26_04_2014_Gjakove_1.jpg\",\"datePublished\":\"2014-04-26T15:52:47+00:00\",\"dateModified\":\"2023-03-07T10:26:35+00:00\",\"author\":{\"@id\":\"https:\/\/president-ksgov.net\/#\/schema\/person\/bb4337a5fb147cb2046d80548172cbee\"},\"description\":\"President Jahjaga paid homage at the \u00c7abrat memorial Complex in Gjakova and at the Martyr&#146;s Cemetery in Meja - President of the Republic of Kosovo - DR. VJOSA OSMANI - SADRIU -\",\"breadcrumb\":{\"@id\":\"https:\/\/president-ksgov.net\/presidentja-jahjaga-beri-homazhe-ne-kompleksin-memorial-ne-cabrat-te-gjakoves-dhe-ne-varrezat-e-martireve-ne-meje\/#breadcrumb\"},\"inLanguage\":\"en-US\",\"potentialAction\":[{\"@type\":\"ReadAction\",\"target\":[\"https:\/\/president-ksgov.net\/presidentja-jahjaga-beri-homazhe-ne-kompleksin-memorial-ne-cabrat-te-gjakoves-dhe-ne-varrezat-e-martireve-ne-meje\/\"]}]},{\"@type\":\"ImageObject\",\"inLanguage\":\"en-US\",\"@id\":\"https:\/\/president-ksgov.net\/presidentja-jahjaga-beri-homazhe-ne-kompleksin-memorial-ne-cabrat-te-gjakoves-dhe-ne-varrezat-e-martireve-ne-meje\/#primaryimage\",\"url\":\"https:\/\/president-ksgov.net\/wp-content\/uploads\/26_04_2014_3524368_26_04_2014_Gjakove_1.jpg\",\"contentUrl\":\"https:\/\/president-ksgov.net\/wp-content\/uploads\/26_04_2014_3524368_26_04_2014_Gjakove_1.jpg\",\"width\":1024,\"height\":683},{\"@type\":\"BreadcrumbList\",\"@id\":\"https:\/\/president-ksgov.net\/presidentja-jahjaga-beri-homazhe-ne-kompleksin-memorial-ne-cabrat-te-gjakoves-dhe-ne-varrezat-e-martireve-ne-meje\/#breadcrumb\",\"itemListElement\":[{\"@type\":\"ListItem\",\"position\":1,\"name\":\"Home\",\"item\":\"https:\/\/president-ksgov.net\/en\/\"},{\"@type\":\"ListItem\",\"position\":2,\"name\":\"President Jahjaga paid homage at the \u00c7abrat memorial Complex in Gjakova and at the Martyr&#146;s Cemetery in Meja\"}]},{\"@type\":\"WebSite\",\"@id\":\"https:\/\/president-ksgov.net\/#website\",\"url\":\"https:\/\/president-ksgov.net\/\",\"name\":\"Presidente e Republik\u00ebs s\u00eb Kosov\u00ebs\",\"description\":\"Presidente e Republik\u00ebs s\u00eb Kosov\u00ebs\",\"alternateName\":\"DR. VJOSA OSMANI - SADRIU\",\"potentialAction\":[{\"@type\":\"SearchAction\",\"target\":{\"@type\":\"EntryPoint\",\"urlTemplate\":\"https:\/\/president-ksgov.net\/?s={search_term_string}\"},\"query-input\":{\"@type\":\"PropertyValueSpecification\",\"valueRequired\":true,\"valueName\":\"search_term_string\"}}],\"inLanguage\":\"en-US\"},{\"@type\":\"Person\",\"@id\":\"https:\/\/president-ksgov.net\/#\/schema\/person\/bb4337a5fb147cb2046d80548172cbee\",\"name\":\"admin\",\"image\":{\"@type\":\"ImageObject\",\"inLanguage\":\"en-US\",\"@id\":\"https:\/\/president-ksgov.net\/#\/schema\/person\/image\/\",\"url\":\"https:\/\/secure.gravatar.com\/avatar\/36156ca0fa3b8d9d25174f146e16beea0cf28f37adf1b9e19b6c9c279a7c9dd3?s=96&d=mm&r=g\",\"contentUrl\":\"https:\/\/secure.gravatar.com\/avatar\/36156ca0fa3b8d9d25174f146e16beea0cf28f37adf1b9e19b6c9c279a7c9dd3?s=96&d=mm&r=g\",\"caption\":\"admin\"},\"sameAs\":[\"https:\/\/president-ksgov.net\"]}]}<\/script>\n<!-- \/ Yoast SEO plugin. -->","yoast_head_json":{"title":"President Jahjaga paid homage at the \u00c7abrat memorial Complex in Gjakova and at the Martyr&#146;s Cemetery in Meja - President of the Republic of Kosovo - DR. VJOSA OSMANI - SADRIU","description":"President Jahjaga paid homage at the \u00c7abrat memorial Complex in Gjakova and at the Martyr&#146;s Cemetery in Meja - President of the Republic of Kosovo - DR. VJOSA OSMANI - SADRIU -","robots":{"index":"index","follow":"follow","max-snippet":"max-snippet:-1","max-image-preview":"max-image-preview:large","max-video-preview":"max-video-preview:-1"},"canonical":"https:\/\/president-ksgov.net\/presidentja-jahjaga-beri-homazhe-ne-kompleksin-memorial-ne-cabrat-te-gjakoves-dhe-ne-varrezat-e-martireve-ne-meje\/","og_locale":"en_US","og_type":"article","og_title":"President Jahjaga paid homage at the \u00c7abrat memorial Complex in Gjakova and at the Martyr&#146;s Cemetery in Meja - President of the Republic of Kosovo - DR. VJOSA OSMANI - SADRIU","og_description":"President Jahjaga paid homage at the \u00c7abrat memorial Complex in Gjakova and at the Martyr&#146;s Cemetery in Meja - President of the Republic of Kosovo - DR. VJOSA OSMANI - SADRIU -","og_url":"https:\/\/president-ksgov.net\/presidentja-jahjaga-beri-homazhe-ne-kompleksin-memorial-ne-cabrat-te-gjakoves-dhe-ne-varrezat-e-martireve-ne-meje\/","og_site_name":"President of the Republic of Kosovo - DR. VJOSA OSMANI - SADRIU","article_published_time":"2014-04-26T15:52:47+00:00","article_modified_time":"2023-03-07T10:26:35+00:00","og_image":[{"width":1024,"height":683,"url":"https:\/\/president-ksgov.net\/wp-content\/uploads\/26_04_2014_3524368_26_04_2014_Gjakove_1.jpg","type":"image\/jpeg"}],"author":"admin","twitter_card":"summary_large_image","twitter_misc":{"Written by":"admin","Est. reading time":"2 minutes"},"schema":{"@context":"https:\/\/schema.org","@graph":[{"@type":"WebPage","@id":"https:\/\/president-ksgov.net\/presidentja-jahjaga-beri-homazhe-ne-kompleksin-memorial-ne-cabrat-te-gjakoves-dhe-ne-varrezat-e-martireve-ne-meje\/","url":"https:\/\/president-ksgov.net\/presidentja-jahjaga-beri-homazhe-ne-kompleksin-memorial-ne-cabrat-te-gjakoves-dhe-ne-varrezat-e-martireve-ne-meje\/","name":"President Jahjaga paid homage at the \u00c7abrat memorial Complex in Gjakova and at the Martyr&#146;s Cemetery in Meja - President of the Republic of Kosovo - DR. VJOSA OSMANI - SADRIU","isPartOf":{"@id":"https:\/\/president-ksgov.net\/#website"},"primaryImageOfPage":{"@id":"https:\/\/president-ksgov.net\/presidentja-jahjaga-beri-homazhe-ne-kompleksin-memorial-ne-cabrat-te-gjakoves-dhe-ne-varrezat-e-martireve-ne-meje\/#primaryimage"},"image":{"@id":"https:\/\/president-ksgov.net\/presidentja-jahjaga-beri-homazhe-ne-kompleksin-memorial-ne-cabrat-te-gjakoves-dhe-ne-varrezat-e-martireve-ne-meje\/#primaryimage"},"thumbnailUrl":"https:\/\/president-ksgov.net\/wp-content\/uploads\/26_04_2014_3524368_26_04_2014_Gjakove_1.jpg","datePublished":"2014-04-26T15:52:47+00:00","dateModified":"2023-03-07T10:26:35+00:00","author":{"@id":"https:\/\/president-ksgov.net\/#\/schema\/person\/bb4337a5fb147cb2046d80548172cbee"},"description":"President Jahjaga paid homage at the \u00c7abrat memorial Complex in Gjakova and at the Martyr&#146;s Cemetery in Meja - President of the Republic of Kosovo - DR. VJOSA OSMANI - SADRIU -","breadcrumb":{"@id":"https:\/\/president-ksgov.net\/presidentja-jahjaga-beri-homazhe-ne-kompleksin-memorial-ne-cabrat-te-gjakoves-dhe-ne-varrezat-e-martireve-ne-meje\/#breadcrumb"},"inLanguage":"en-US","potentialAction":[{"@type":"ReadAction","target":["https:\/\/president-ksgov.net\/presidentja-jahjaga-beri-homazhe-ne-kompleksin-memorial-ne-cabrat-te-gjakoves-dhe-ne-varrezat-e-martireve-ne-meje\/"]}]},{"@type":"ImageObject","inLanguage":"en-US","@id":"https:\/\/president-ksgov.net\/presidentja-jahjaga-beri-homazhe-ne-kompleksin-memorial-ne-cabrat-te-gjakoves-dhe-ne-varrezat-e-martireve-ne-meje\/#primaryimage","url":"https:\/\/president-ksgov.net\/wp-content\/uploads\/26_04_2014_3524368_26_04_2014_Gjakove_1.jpg","contentUrl":"https:\/\/president-ksgov.net\/wp-content\/uploads\/26_04_2014_3524368_26_04_2014_Gjakove_1.jpg","width":1024,"height":683},{"@type":"BreadcrumbList","@id":"https:\/\/president-ksgov.net\/presidentja-jahjaga-beri-homazhe-ne-kompleksin-memorial-ne-cabrat-te-gjakoves-dhe-ne-varrezat-e-martireve-ne-meje\/#breadcrumb","itemListElement":[{"@type":"ListItem","position":1,"name":"Home","item":"https:\/\/president-ksgov.net\/en\/"},{"@type":"ListItem","position":2,"name":"President Jahjaga paid homage at the \u00c7abrat memorial Complex in Gjakova and at the Martyr&#146;s Cemetery in Meja"}]},{"@type":"WebSite","@id":"https:\/\/president-ksgov.net\/#website","url":"https:\/\/president-ksgov.net\/","name":"Presidente e Republik\u00ebs s\u00eb Kosov\u00ebs","description":"Presidente e Republik\u00ebs s\u00eb Kosov\u00ebs","alternateName":"DR. VJOSA OSMANI - SADRIU","potentialAction":[{"@type":"SearchAction","target":{"@type":"EntryPoint","urlTemplate":"https:\/\/president-ksgov.net\/?s={search_term_string}"},"query-input":{"@type":"PropertyValueSpecification","valueRequired":true,"valueName":"search_term_string"}}],"inLanguage":"en-US"},{"@type":"Person","@id":"https:\/\/president-ksgov.net\/#\/schema\/person\/bb4337a5fb147cb2046d80548172cbee","name":"admin","image":{"@type":"ImageObject","inLanguage":"en-US","@id":"https:\/\/president-ksgov.net\/#\/schema\/person\/image\/","url":"https:\/\/secure.gravatar.com\/avatar\/36156ca0fa3b8d9d25174f146e16beea0cf28f37adf1b9e19b6c9c279a7c9dd3?s=96&d=mm&r=g","contentUrl":"https:\/\/secure.gravatar.com\/avatar\/36156ca0fa3b8d9d25174f146e16beea0cf28f37adf1b9e19b6c9c279a7c9dd3?s=96&d=mm&r=g","caption":"admin"},"sameAs":["https:\/\/president-ksgov.net"]}]}},"_links":{"self":[{"href":"https:\/\/president-ksgov.net\/en\/wp-json\/wp\/v2\/posts\/70319","targetHints":{"allow":["GET"]}}],"collection":[{"href":"https:\/\/president-ksgov.net\/en\/wp-json\/wp\/v2\/posts"}],"about":[{"href":"https:\/\/president-ksgov.net\/en\/wp-json\/wp\/v2\/types\/post"}],"author":[{"embeddable":true,"href":"https:\/\/president-ksgov.net\/en\/wp-json\/wp\/v2\/users\/1"}],"replies":[{"embeddable":true,"href":"https:\/\/president-ksgov.net\/en\/wp-json\/wp\/v2\/comments?post=70319"}],"version-history":[{"count":0,"href":"https:\/\/president-ksgov.net\/en\/wp-json\/wp\/v2\/posts\/70319\/revisions"}],"wp:featuredmedia":[{"embeddable":true,"href":"https:\/\/president-ksgov.net\/en\/wp-json\/wp\/v2\/media\/45743"}],"wp:attachment":[{"href":"https:\/\/president-ksgov.net\/en\/wp-json\/wp\/v2\/media?parent=70319"}],"wp:term":[{"taxonomy":"category","embeddable":true,"href":"https:\/\/president-ksgov.net\/en\/wp-json\/wp\/v2\/categories?post=70319"},{"taxonomy":"post_tag","embeddable":true,"href":"https:\/\/president-ksgov.net\/en\/wp-json\/wp\/v2\/tags?post=70319"}],"curies":[{"name":"wp","href":"https:\/\/api.w.org\/{rel}","templated":true}]}}