{"id":70254,"date":"2014-06-06T18:00:50","date_gmt":"2014-06-06T18:00:50","guid":{"rendered":"https:\/\/dev.president-ksgov.net\/president-jahjaga-received-the-democracy-in-action-coalition\/"},"modified":"2023-03-07T10:24:07","modified_gmt":"2023-03-07T10:24:07","slug":"president-jahjaga-received-the-democracy-in-action-coalition","status":"publish","type":"post","link":"https:\/\/president-ksgov.net\/en\/president-jahjaga-received-the-democracy-in-action-coalition\/","title":{"rendered":"President Jahjaga received the &#147;Democracy in Action &#147;Coalition"},"content":{"rendered":"<p>President of the Republic of Kosovo, Mrs. Atifete Jahjaga, received today at a meeting the representatives of the Coalition of the Non-Governmental Organisations &#8220;Democracy in Action&#8221;.<\/p>\n<p>President Jahjaga with the representatives of the &#8220;Democracy in Action&#8221; Coalition discussed the proceedings of the electoral process and the engagements of the coalition in election monitoring. Madam President said that the contribution provided by this coalition in monitoring of the pre term general elections is very important for a free and democratic process. <\/p>\n<p>Representative of the &#8220;Democracy in Action&#8221;, Mr. Ismet Kryeziu, informed Madam President\u00a0 with the preparations with the preparations undertaken by the coalition for the monitoring of electoral process at all polling stations. He also added that coalition will be fully engaged in monitoring and reporting of the electoral process through the engagement of a large number of monitors and volunteers.<br \/>\n\u00a0<\/p>\n","protected":false},"excerpt":{"rendered":"<p>President of the Republic of Kosovo, Mrs. Atifete Jahjaga, received today at a meeting the representatives of the Coalition of the Non-Governmental Organisations &#8220;Democracy in Action&#8221;.<\/p>\n","protected":false},"author":1,"featured_media":44849,"comment_status":"open","ping_status":"closed","sticky":false,"template":"","format":"standard","meta":{"_eb_attr":"","footnotes":""},"categories":[111],"tags":[],"class_list":["post-70254","post","type-post","status-publish","format-standard","has-post-thumbnail","hentry","category-news"],"yoast_head":"<!-- This site is optimized with the Yoast SEO plugin v23.5 - https:\/\/yoast.com\/wordpress\/plugins\/seo\/ -->\n<title>President Jahjaga received the &#147;Democracy in Action &#147;Coalition - President of the Republic of Kosovo - DR. VJOSA OSMANI - SADRIU<\/title>\n<meta name=\"description\" content=\"President Jahjaga received the &#147;Democracy in Action &#147;Coalition - President of the Republic of Kosovo - DR. VJOSA OSMANI - SADRIU -\" \/>\n<meta name=\"robots\" content=\"index, follow, max-snippet:-1, max-image-preview:large, max-video-preview:-1\" \/>\n<link rel=\"canonical\" href=\"https:\/\/president-ksgov.net\/presidentja-jahjaga-priti-perfaqesuesit-e-koalicionit-demokracia-ne-veprim\/\" \/>\n<meta property=\"og:locale\" content=\"en_US\" \/>\n<meta property=\"og:type\" content=\"article\" \/>\n<meta property=\"og:title\" content=\"President Jahjaga received the &#147;Democracy in Action &#147;Coalition - President of the Republic of Kosovo - DR. VJOSA OSMANI - SADRIU\" \/>\n<meta property=\"og:description\" content=\"President Jahjaga received the &#147;Democracy in Action &#147;Coalition - President of the Republic of Kosovo - DR. VJOSA OSMANI - SADRIU -\" \/>\n<meta property=\"og:url\" content=\"https:\/\/president-ksgov.net\/presidentja-jahjaga-priti-perfaqesuesit-e-koalicionit-demokracia-ne-veprim\/\" \/>\n<meta property=\"og:site_name\" content=\"President of the Republic of Kosovo - DR. VJOSA OSMANI - SADRIU\" \/>\n<meta property=\"article:published_time\" content=\"2014-06-06T18:00:50+00:00\" \/>\n<meta property=\"article:modified_time\" content=\"2023-03-07T10:24:07+00:00\" \/>\n<meta property=\"og:image\" content=\"https:\/\/president-ksgov.net\/wp-content\/uploads\/06_06_2014_4076803_06_06_2014_Takime_demokracia_ne_veprim_0.jpg\" \/>\n\t<meta property=\"og:image:width\" content=\"1024\" \/>\n\t<meta property=\"og:image:height\" content=\"683\" \/>\n\t<meta property=\"og:image:type\" content=\"image\/jpeg\" \/>\n<meta name=\"author\" content=\"admin\" \/>\n<meta name=\"twitter:card\" content=\"summary_large_image\" \/>\n<meta name=\"twitter:label1\" content=\"Written by\" \/>\n\t<meta name=\"twitter:data1\" content=\"admin\" \/>\n\t<meta name=\"twitter:label2\" content=\"Est. reading time\" \/>\n\t<meta name=\"twitter:data2\" content=\"1 minute\" \/>\n<script type=\"application\/ld+json\" class=\"yoast-schema-graph\">{\"@context\":\"https:\/\/schema.org\",\"@graph\":[{\"@type\":\"WebPage\",\"@id\":\"https:\/\/president-ksgov.net\/presidentja-jahjaga-priti-perfaqesuesit-e-koalicionit-demokracia-ne-veprim\/\",\"url\":\"https:\/\/president-ksgov.net\/presidentja-jahjaga-priti-perfaqesuesit-e-koalicionit-demokracia-ne-veprim\/\",\"name\":\"President Jahjaga received the &#147;Democracy in Action &#147;Coalition - President of the Republic of Kosovo - DR. VJOSA OSMANI - SADRIU\",\"isPartOf\":{\"@id\":\"https:\/\/president-ksgov.net\/#website\"},\"primaryImageOfPage\":{\"@id\":\"https:\/\/president-ksgov.net\/presidentja-jahjaga-priti-perfaqesuesit-e-koalicionit-demokracia-ne-veprim\/#primaryimage\"},\"image\":{\"@id\":\"https:\/\/president-ksgov.net\/presidentja-jahjaga-priti-perfaqesuesit-e-koalicionit-demokracia-ne-veprim\/#primaryimage\"},\"thumbnailUrl\":\"https:\/\/president-ksgov.net\/wp-content\/uploads\/06_06_2014_4076803_06_06_2014_Takime_demokracia_ne_veprim_0.jpg\",\"datePublished\":\"2014-06-06T18:00:50+00:00\",\"dateModified\":\"2023-03-07T10:24:07+00:00\",\"author\":{\"@id\":\"https:\/\/president-ksgov.net\/#\/schema\/person\/bb4337a5fb147cb2046d80548172cbee\"},\"description\":\"President Jahjaga received the &#147;Democracy in Action &#147;Coalition - President of the Republic of Kosovo - DR. VJOSA OSMANI - SADRIU -\",\"breadcrumb\":{\"@id\":\"https:\/\/president-ksgov.net\/presidentja-jahjaga-priti-perfaqesuesit-e-koalicionit-demokracia-ne-veprim\/#breadcrumb\"},\"inLanguage\":\"en-US\",\"potentialAction\":[{\"@type\":\"ReadAction\",\"target\":[\"https:\/\/president-ksgov.net\/presidentja-jahjaga-priti-perfaqesuesit-e-koalicionit-demokracia-ne-veprim\/\"]}]},{\"@type\":\"ImageObject\",\"inLanguage\":\"en-US\",\"@id\":\"https:\/\/president-ksgov.net\/presidentja-jahjaga-priti-perfaqesuesit-e-koalicionit-demokracia-ne-veprim\/#primaryimage\",\"url\":\"https:\/\/president-ksgov.net\/wp-content\/uploads\/06_06_2014_4076803_06_06_2014_Takime_demokracia_ne_veprim_0.jpg\",\"contentUrl\":\"https:\/\/president-ksgov.net\/wp-content\/uploads\/06_06_2014_4076803_06_06_2014_Takime_demokracia_ne_veprim_0.jpg\",\"width\":1024,\"height\":683},{\"@type\":\"BreadcrumbList\",\"@id\":\"https:\/\/president-ksgov.net\/presidentja-jahjaga-priti-perfaqesuesit-e-koalicionit-demokracia-ne-veprim\/#breadcrumb\",\"itemListElement\":[{\"@type\":\"ListItem\",\"position\":1,\"name\":\"Home\",\"item\":\"https:\/\/president-ksgov.net\/en\/\"},{\"@type\":\"ListItem\",\"position\":2,\"name\":\"President Jahjaga received the &#147;Democracy in Action &#147;Coalition\"}]},{\"@type\":\"WebSite\",\"@id\":\"https:\/\/president-ksgov.net\/#website\",\"url\":\"https:\/\/president-ksgov.net\/\",\"name\":\"Presidente e Republik\u00ebs s\u00eb Kosov\u00ebs\",\"description\":\"Presidente e Republik\u00ebs s\u00eb Kosov\u00ebs\",\"alternateName\":\"DR. VJOSA OSMANI - SADRIU\",\"potentialAction\":[{\"@type\":\"SearchAction\",\"target\":{\"@type\":\"EntryPoint\",\"urlTemplate\":\"https:\/\/president-ksgov.net\/?s={search_term_string}\"},\"query-input\":{\"@type\":\"PropertyValueSpecification\",\"valueRequired\":true,\"valueName\":\"search_term_string\"}}],\"inLanguage\":\"en-US\"},{\"@type\":\"Person\",\"@id\":\"https:\/\/president-ksgov.net\/#\/schema\/person\/bb4337a5fb147cb2046d80548172cbee\",\"name\":\"admin\",\"image\":{\"@type\":\"ImageObject\",\"inLanguage\":\"en-US\",\"@id\":\"https:\/\/president-ksgov.net\/#\/schema\/person\/image\/\",\"url\":\"https:\/\/secure.gravatar.com\/avatar\/36156ca0fa3b8d9d25174f146e16beea0cf28f37adf1b9e19b6c9c279a7c9dd3?s=96&d=mm&r=g\",\"contentUrl\":\"https:\/\/secure.gravatar.com\/avatar\/36156ca0fa3b8d9d25174f146e16beea0cf28f37adf1b9e19b6c9c279a7c9dd3?s=96&d=mm&r=g\",\"caption\":\"admin\"},\"sameAs\":[\"https:\/\/president-ksgov.net\"]}]}<\/script>\n<!-- \/ Yoast SEO plugin. -->","yoast_head_json":{"title":"President Jahjaga received the &#147;Democracy in Action &#147;Coalition - President of the Republic of Kosovo - DR. VJOSA OSMANI - SADRIU","description":"President Jahjaga received the &#147;Democracy in Action &#147;Coalition - President of the Republic of Kosovo - DR. VJOSA OSMANI - SADRIU -","robots":{"index":"index","follow":"follow","max-snippet":"max-snippet:-1","max-image-preview":"max-image-preview:large","max-video-preview":"max-video-preview:-1"},"canonical":"https:\/\/president-ksgov.net\/presidentja-jahjaga-priti-perfaqesuesit-e-koalicionit-demokracia-ne-veprim\/","og_locale":"en_US","og_type":"article","og_title":"President Jahjaga received the &#147;Democracy in Action &#147;Coalition - President of the Republic of Kosovo - DR. VJOSA OSMANI - SADRIU","og_description":"President Jahjaga received the &#147;Democracy in Action &#147;Coalition - President of the Republic of Kosovo - DR. VJOSA OSMANI - SADRIU -","og_url":"https:\/\/president-ksgov.net\/presidentja-jahjaga-priti-perfaqesuesit-e-koalicionit-demokracia-ne-veprim\/","og_site_name":"President of the Republic of Kosovo - DR. VJOSA OSMANI - SADRIU","article_published_time":"2014-06-06T18:00:50+00:00","article_modified_time":"2023-03-07T10:24:07+00:00","og_image":[{"width":1024,"height":683,"url":"https:\/\/president-ksgov.net\/wp-content\/uploads\/06_06_2014_4076803_06_06_2014_Takime_demokracia_ne_veprim_0.jpg","type":"image\/jpeg"}],"author":"admin","twitter_card":"summary_large_image","twitter_misc":{"Written by":"admin","Est. reading time":"1 minute"},"schema":{"@context":"https:\/\/schema.org","@graph":[{"@type":"WebPage","@id":"https:\/\/president-ksgov.net\/presidentja-jahjaga-priti-perfaqesuesit-e-koalicionit-demokracia-ne-veprim\/","url":"https:\/\/president-ksgov.net\/presidentja-jahjaga-priti-perfaqesuesit-e-koalicionit-demokracia-ne-veprim\/","name":"President Jahjaga received the &#147;Democracy in Action &#147;Coalition - President of the Republic of Kosovo - DR. VJOSA OSMANI - SADRIU","isPartOf":{"@id":"https:\/\/president-ksgov.net\/#website"},"primaryImageOfPage":{"@id":"https:\/\/president-ksgov.net\/presidentja-jahjaga-priti-perfaqesuesit-e-koalicionit-demokracia-ne-veprim\/#primaryimage"},"image":{"@id":"https:\/\/president-ksgov.net\/presidentja-jahjaga-priti-perfaqesuesit-e-koalicionit-demokracia-ne-veprim\/#primaryimage"},"thumbnailUrl":"https:\/\/president-ksgov.net\/wp-content\/uploads\/06_06_2014_4076803_06_06_2014_Takime_demokracia_ne_veprim_0.jpg","datePublished":"2014-06-06T18:00:50+00:00","dateModified":"2023-03-07T10:24:07+00:00","author":{"@id":"https:\/\/president-ksgov.net\/#\/schema\/person\/bb4337a5fb147cb2046d80548172cbee"},"description":"President Jahjaga received the &#147;Democracy in Action &#147;Coalition - President of the Republic of Kosovo - DR. VJOSA OSMANI - SADRIU -","breadcrumb":{"@id":"https:\/\/president-ksgov.net\/presidentja-jahjaga-priti-perfaqesuesit-e-koalicionit-demokracia-ne-veprim\/#breadcrumb"},"inLanguage":"en-US","potentialAction":[{"@type":"ReadAction","target":["https:\/\/president-ksgov.net\/presidentja-jahjaga-priti-perfaqesuesit-e-koalicionit-demokracia-ne-veprim\/"]}]},{"@type":"ImageObject","inLanguage":"en-US","@id":"https:\/\/president-ksgov.net\/presidentja-jahjaga-priti-perfaqesuesit-e-koalicionit-demokracia-ne-veprim\/#primaryimage","url":"https:\/\/president-ksgov.net\/wp-content\/uploads\/06_06_2014_4076803_06_06_2014_Takime_demokracia_ne_veprim_0.jpg","contentUrl":"https:\/\/president-ksgov.net\/wp-content\/uploads\/06_06_2014_4076803_06_06_2014_Takime_demokracia_ne_veprim_0.jpg","width":1024,"height":683},{"@type":"BreadcrumbList","@id":"https:\/\/president-ksgov.net\/presidentja-jahjaga-priti-perfaqesuesit-e-koalicionit-demokracia-ne-veprim\/#breadcrumb","itemListElement":[{"@type":"ListItem","position":1,"name":"Home","item":"https:\/\/president-ksgov.net\/en\/"},{"@type":"ListItem","position":2,"name":"President Jahjaga received the &#147;Democracy in Action &#147;Coalition"}]},{"@type":"WebSite","@id":"https:\/\/president-ksgov.net\/#website","url":"https:\/\/president-ksgov.net\/","name":"Presidente e Republik\u00ebs s\u00eb Kosov\u00ebs","description":"Presidente e Republik\u00ebs s\u00eb Kosov\u00ebs","alternateName":"DR. VJOSA OSMANI - SADRIU","potentialAction":[{"@type":"SearchAction","target":{"@type":"EntryPoint","urlTemplate":"https:\/\/president-ksgov.net\/?s={search_term_string}"},"query-input":{"@type":"PropertyValueSpecification","valueRequired":true,"valueName":"search_term_string"}}],"inLanguage":"en-US"},{"@type":"Person","@id":"https:\/\/president-ksgov.net\/#\/schema\/person\/bb4337a5fb147cb2046d80548172cbee","name":"admin","image":{"@type":"ImageObject","inLanguage":"en-US","@id":"https:\/\/president-ksgov.net\/#\/schema\/person\/image\/","url":"https:\/\/secure.gravatar.com\/avatar\/36156ca0fa3b8d9d25174f146e16beea0cf28f37adf1b9e19b6c9c279a7c9dd3?s=96&d=mm&r=g","contentUrl":"https:\/\/secure.gravatar.com\/avatar\/36156ca0fa3b8d9d25174f146e16beea0cf28f37adf1b9e19b6c9c279a7c9dd3?s=96&d=mm&r=g","caption":"admin"},"sameAs":["https:\/\/president-ksgov.net"]}]}},"_links":{"self":[{"href":"https:\/\/president-ksgov.net\/en\/wp-json\/wp\/v2\/posts\/70254","targetHints":{"allow":["GET"]}}],"collection":[{"href":"https:\/\/president-ksgov.net\/en\/wp-json\/wp\/v2\/posts"}],"about":[{"href":"https:\/\/president-ksgov.net\/en\/wp-json\/wp\/v2\/types\/post"}],"author":[{"embeddable":true,"href":"https:\/\/president-ksgov.net\/en\/wp-json\/wp\/v2\/users\/1"}],"replies":[{"embeddable":true,"href":"https:\/\/president-ksgov.net\/en\/wp-json\/wp\/v2\/comments?post=70254"}],"version-history":[{"count":0,"href":"https:\/\/president-ksgov.net\/en\/wp-json\/wp\/v2\/posts\/70254\/revisions"}],"wp:featuredmedia":[{"embeddable":true,"href":"https:\/\/president-ksgov.net\/en\/wp-json\/wp\/v2\/media\/44849"}],"wp:attachment":[{"href":"https:\/\/president-ksgov.net\/en\/wp-json\/wp\/v2\/media?parent=70254"}],"wp:term":[{"taxonomy":"category","embeddable":true,"href":"https:\/\/president-ksgov.net\/en\/wp-json\/wp\/v2\/categories?post=70254"},{"taxonomy":"post_tag","embeddable":true,"href":"https:\/\/president-ksgov.net\/en\/wp-json\/wp\/v2\/tags?post=70254"}],"curies":[{"name":"wp","href":"https:\/\/api.w.org\/{rel}","templated":true}]}}