{"id":70211,"date":"2014-07-07T15:33:41","date_gmt":"2014-07-07T15:33:41","guid":{"rendered":"https:\/\/dev.president-ksgov.net\/president-jahjaga-reaches-the-decision-to-call-the-first-constitutive-meeting-of-the-parliament-of-kosovo-for-july-17th-2014\/"},"modified":"2023-03-07T10:22:59","modified_gmt":"2023-03-07T10:22:59","slug":"president-jahjaga-reaches-the-decision-to-call-the-first-constitutive-meeting-of-the-parliament-of-kosovo-for-july-17th-2014","status":"publish","type":"post","link":"https:\/\/president-ksgov.net\/en\/president-jahjaga-reaches-the-decision-to-call-the-first-constitutive-meeting-of-the-parliament-of-kosovo-for-july-17th-2014\/","title":{"rendered":"President Jahjaga reaches the decision to call the first constitutive meeting of the Parliament of Kosovo for July 17th, 2014"},"content":{"rendered":"<p>President of the Republic of Kosovo, Mrs. Atifete Jahjaga, based on Article 84, section 3, of the Constitution of the Republic of Kosovo, as well as on the decision of the Central Electoral Commission on the certification of the final result of the pre term general elections in the country, has reached the decision to call the first constitutive meeting of the Parliament of Kosovo on July 17th 2014.<\/p>\n<p>President Jahjaga stated that the process of pre term general elections in the country has ended with the official certification of the result, which has opened the way to the structuring of the new legislation of the Parliament of Kosovo. <\/p>\n<p>All activities of the President of the Republic of Kosovo will be based on the Constitution of the Republic of Kosovo and the laws in force, and after the constitution of the Parliament, President Jahjaga will submit to the Parliament the proposal for the new Prime Minister nominate.<br \/>\n\u00a0<\/p>\n","protected":false},"excerpt":{"rendered":"<p>President of the Republic of Kosovo, Mrs. Atifete Jahjaga, based on Article 84, section 3, of the Constitution of the Republic of Kosovo, as well as on the decision of the Central Electoral Commission on the certification of the final result of the pre term general elections in the country, has reached the decision to call the first constitutive meeting of the Parliament of Kosovo on July 17th 2014.<\/p>\n","protected":false},"author":1,"featured_media":86338,"comment_status":"open","ping_status":"closed","sticky":false,"template":"","format":"standard","meta":{"_eb_attr":"","footnotes":""},"categories":[111],"tags":[],"class_list":["post-70211","post","type-post","status-publish","format-standard","has-post-thumbnail","hentry","category-news"],"yoast_head":"<!-- This site is optimized with the Yoast SEO plugin v23.5 - https:\/\/yoast.com\/wordpress\/plugins\/seo\/ -->\n<title>President Jahjaga reaches the decision to call the first constitutive meeting of the Parliament of Kosovo for July 17th, 2014 - President of the Republic of Kosovo - DR. VJOSA OSMANI - SADRIU<\/title>\n<meta name=\"description\" content=\"President Jahjaga reaches the decision to call the first constitutive meeting of the Parliament of Kosovo for July 17th, 2014 - President of the Republic of Kosovo - DR. VJOSA OSMANI - SADRIU -\" \/>\n<meta name=\"robots\" content=\"index, follow, max-snippet:-1, max-image-preview:large, max-video-preview:-1\" \/>\n<link rel=\"canonical\" href=\"https:\/\/president-ksgov.net\/presidentja-atifete-jahjaga-merr-vendim-qe-seanca-e-pare-konstituive-e-kuvendit-te-kosoves-te-thirret-me-17-korrik-2014\/\" \/>\n<meta property=\"og:locale\" content=\"en_US\" \/>\n<meta property=\"og:type\" content=\"article\" \/>\n<meta property=\"og:title\" content=\"President Jahjaga reaches the decision to call the first constitutive meeting of the Parliament of Kosovo for July 17th, 2014 - President of the Republic of Kosovo - DR. VJOSA OSMANI - SADRIU\" \/>\n<meta property=\"og:description\" content=\"President Jahjaga reaches the decision to call the first constitutive meeting of the Parliament of Kosovo for July 17th, 2014 - President of the Republic of Kosovo - DR. VJOSA OSMANI - SADRIU -\" \/>\n<meta property=\"og:url\" content=\"https:\/\/president-ksgov.net\/presidentja-atifete-jahjaga-merr-vendim-qe-seanca-e-pare-konstituive-e-kuvendit-te-kosoves-te-thirret-me-17-korrik-2014\/\" \/>\n<meta property=\"og:site_name\" content=\"President of the Republic of Kosovo - DR. VJOSA OSMANI - SADRIU\" \/>\n<meta property=\"article:published_time\" content=\"2014-07-07T15:33:41+00:00\" \/>\n<meta property=\"article:modified_time\" content=\"2023-03-07T10:22:59+00:00\" \/>\n<meta property=\"og:image\" content=\"https:\/\/president-ksgov.net\/wp-content\/uploads\/Zyra-e-Presidentes-Featured-Image1-e1678970937938.png\" \/>\n\t<meta property=\"og:image:width\" content=\"1024\" \/>\n\t<meta property=\"og:image:height\" content=\"716\" \/>\n\t<meta property=\"og:image:type\" content=\"image\/png\" \/>\n<meta name=\"author\" content=\"admin\" \/>\n<meta name=\"twitter:card\" content=\"summary_large_image\" \/>\n<meta name=\"twitter:label1\" content=\"Written by\" \/>\n\t<meta name=\"twitter:data1\" content=\"admin\" \/>\n\t<meta name=\"twitter:label2\" content=\"Est. reading time\" \/>\n\t<meta name=\"twitter:data2\" content=\"1 minute\" \/>\n<script type=\"application\/ld+json\" class=\"yoast-schema-graph\">{\"@context\":\"https:\/\/schema.org\",\"@graph\":[{\"@type\":\"WebPage\",\"@id\":\"https:\/\/president-ksgov.net\/presidentja-atifete-jahjaga-merr-vendim-qe-seanca-e-pare-konstituive-e-kuvendit-te-kosoves-te-thirret-me-17-korrik-2014\/\",\"url\":\"https:\/\/president-ksgov.net\/presidentja-atifete-jahjaga-merr-vendim-qe-seanca-e-pare-konstituive-e-kuvendit-te-kosoves-te-thirret-me-17-korrik-2014\/\",\"name\":\"President Jahjaga reaches the decision to call the first constitutive meeting of the Parliament of Kosovo for July 17th, 2014 - President of the Republic of Kosovo - DR. VJOSA OSMANI - SADRIU\",\"isPartOf\":{\"@id\":\"https:\/\/president-ksgov.net\/#website\"},\"primaryImageOfPage\":{\"@id\":\"https:\/\/president-ksgov.net\/presidentja-atifete-jahjaga-merr-vendim-qe-seanca-e-pare-konstituive-e-kuvendit-te-kosoves-te-thirret-me-17-korrik-2014\/#primaryimage\"},\"image\":{\"@id\":\"https:\/\/president-ksgov.net\/presidentja-atifete-jahjaga-merr-vendim-qe-seanca-e-pare-konstituive-e-kuvendit-te-kosoves-te-thirret-me-17-korrik-2014\/#primaryimage\"},\"thumbnailUrl\":\"https:\/\/president-ksgov.net\/wp-content\/uploads\/Zyra-e-Presidentes-Featured-Image1-e1678970937938.png\",\"datePublished\":\"2014-07-07T15:33:41+00:00\",\"dateModified\":\"2023-03-07T10:22:59+00:00\",\"author\":{\"@id\":\"https:\/\/president-ksgov.net\/#\/schema\/person\/bb4337a5fb147cb2046d80548172cbee\"},\"description\":\"President Jahjaga reaches the decision to call the first constitutive meeting of the Parliament of Kosovo for July 17th, 2014 - President of the Republic of Kosovo - DR. VJOSA OSMANI - SADRIU -\",\"breadcrumb\":{\"@id\":\"https:\/\/president-ksgov.net\/presidentja-atifete-jahjaga-merr-vendim-qe-seanca-e-pare-konstituive-e-kuvendit-te-kosoves-te-thirret-me-17-korrik-2014\/#breadcrumb\"},\"inLanguage\":\"en-US\",\"potentialAction\":[{\"@type\":\"ReadAction\",\"target\":[\"https:\/\/president-ksgov.net\/presidentja-atifete-jahjaga-merr-vendim-qe-seanca-e-pare-konstituive-e-kuvendit-te-kosoves-te-thirret-me-17-korrik-2014\/\"]}]},{\"@type\":\"ImageObject\",\"inLanguage\":\"en-US\",\"@id\":\"https:\/\/president-ksgov.net\/presidentja-atifete-jahjaga-merr-vendim-qe-seanca-e-pare-konstituive-e-kuvendit-te-kosoves-te-thirret-me-17-korrik-2014\/#primaryimage\",\"url\":\"https:\/\/president-ksgov.net\/wp-content\/uploads\/Zyra-e-Presidentes-Featured-Image1-e1678970937938.png\",\"contentUrl\":\"https:\/\/president-ksgov.net\/wp-content\/uploads\/Zyra-e-Presidentes-Featured-Image1-e1678970937938.png\",\"width\":1024,\"height\":716},{\"@type\":\"BreadcrumbList\",\"@id\":\"https:\/\/president-ksgov.net\/presidentja-atifete-jahjaga-merr-vendim-qe-seanca-e-pare-konstituive-e-kuvendit-te-kosoves-te-thirret-me-17-korrik-2014\/#breadcrumb\",\"itemListElement\":[{\"@type\":\"ListItem\",\"position\":1,\"name\":\"Home\",\"item\":\"https:\/\/president-ksgov.net\/en\/\"},{\"@type\":\"ListItem\",\"position\":2,\"name\":\"President Jahjaga reaches the decision to call the first constitutive meeting of the Parliament of Kosovo for July 17th, 2014\"}]},{\"@type\":\"WebSite\",\"@id\":\"https:\/\/president-ksgov.net\/#website\",\"url\":\"https:\/\/president-ksgov.net\/\",\"name\":\"Presidente e Republik\u00ebs s\u00eb Kosov\u00ebs\",\"description\":\"Presidente e Republik\u00ebs s\u00eb Kosov\u00ebs\",\"alternateName\":\"DR. VJOSA OSMANI - SADRIU\",\"potentialAction\":[{\"@type\":\"SearchAction\",\"target\":{\"@type\":\"EntryPoint\",\"urlTemplate\":\"https:\/\/president-ksgov.net\/?s={search_term_string}\"},\"query-input\":{\"@type\":\"PropertyValueSpecification\",\"valueRequired\":true,\"valueName\":\"search_term_string\"}}],\"inLanguage\":\"en-US\"},{\"@type\":\"Person\",\"@id\":\"https:\/\/president-ksgov.net\/#\/schema\/person\/bb4337a5fb147cb2046d80548172cbee\",\"name\":\"admin\",\"image\":{\"@type\":\"ImageObject\",\"inLanguage\":\"en-US\",\"@id\":\"https:\/\/president-ksgov.net\/#\/schema\/person\/image\/\",\"url\":\"https:\/\/secure.gravatar.com\/avatar\/36156ca0fa3b8d9d25174f146e16beea0cf28f37adf1b9e19b6c9c279a7c9dd3?s=96&d=mm&r=g\",\"contentUrl\":\"https:\/\/secure.gravatar.com\/avatar\/36156ca0fa3b8d9d25174f146e16beea0cf28f37adf1b9e19b6c9c279a7c9dd3?s=96&d=mm&r=g\",\"caption\":\"admin\"},\"sameAs\":[\"https:\/\/president-ksgov.net\"]}]}<\/script>\n<!-- \/ Yoast SEO plugin. -->","yoast_head_json":{"title":"President Jahjaga reaches the decision to call the first constitutive meeting of the Parliament of Kosovo for July 17th, 2014 - President of the Republic of Kosovo - DR. VJOSA OSMANI - SADRIU","description":"President Jahjaga reaches the decision to call the first constitutive meeting of the Parliament of Kosovo for July 17th, 2014 - President of the Republic of Kosovo - DR. VJOSA OSMANI - SADRIU -","robots":{"index":"index","follow":"follow","max-snippet":"max-snippet:-1","max-image-preview":"max-image-preview:large","max-video-preview":"max-video-preview:-1"},"canonical":"https:\/\/president-ksgov.net\/presidentja-atifete-jahjaga-merr-vendim-qe-seanca-e-pare-konstituive-e-kuvendit-te-kosoves-te-thirret-me-17-korrik-2014\/","og_locale":"en_US","og_type":"article","og_title":"President Jahjaga reaches the decision to call the first constitutive meeting of the Parliament of Kosovo for July 17th, 2014 - President of the Republic of Kosovo - DR. VJOSA OSMANI - SADRIU","og_description":"President Jahjaga reaches the decision to call the first constitutive meeting of the Parliament of Kosovo for July 17th, 2014 - President of the Republic of Kosovo - DR. VJOSA OSMANI - SADRIU -","og_url":"https:\/\/president-ksgov.net\/presidentja-atifete-jahjaga-merr-vendim-qe-seanca-e-pare-konstituive-e-kuvendit-te-kosoves-te-thirret-me-17-korrik-2014\/","og_site_name":"President of the Republic of Kosovo - DR. VJOSA OSMANI - SADRIU","article_published_time":"2014-07-07T15:33:41+00:00","article_modified_time":"2023-03-07T10:22:59+00:00","og_image":[{"width":1024,"height":716,"url":"https:\/\/president-ksgov.net\/wp-content\/uploads\/Zyra-e-Presidentes-Featured-Image1-e1678970937938.png","type":"image\/png"}],"author":"admin","twitter_card":"summary_large_image","twitter_misc":{"Written by":"admin","Est. reading time":"1 minute"},"schema":{"@context":"https:\/\/schema.org","@graph":[{"@type":"WebPage","@id":"https:\/\/president-ksgov.net\/presidentja-atifete-jahjaga-merr-vendim-qe-seanca-e-pare-konstituive-e-kuvendit-te-kosoves-te-thirret-me-17-korrik-2014\/","url":"https:\/\/president-ksgov.net\/presidentja-atifete-jahjaga-merr-vendim-qe-seanca-e-pare-konstituive-e-kuvendit-te-kosoves-te-thirret-me-17-korrik-2014\/","name":"President Jahjaga reaches the decision to call the first constitutive meeting of the Parliament of Kosovo for July 17th, 2014 - President of the Republic of Kosovo - DR. VJOSA OSMANI - SADRIU","isPartOf":{"@id":"https:\/\/president-ksgov.net\/#website"},"primaryImageOfPage":{"@id":"https:\/\/president-ksgov.net\/presidentja-atifete-jahjaga-merr-vendim-qe-seanca-e-pare-konstituive-e-kuvendit-te-kosoves-te-thirret-me-17-korrik-2014\/#primaryimage"},"image":{"@id":"https:\/\/president-ksgov.net\/presidentja-atifete-jahjaga-merr-vendim-qe-seanca-e-pare-konstituive-e-kuvendit-te-kosoves-te-thirret-me-17-korrik-2014\/#primaryimage"},"thumbnailUrl":"https:\/\/president-ksgov.net\/wp-content\/uploads\/Zyra-e-Presidentes-Featured-Image1-e1678970937938.png","datePublished":"2014-07-07T15:33:41+00:00","dateModified":"2023-03-07T10:22:59+00:00","author":{"@id":"https:\/\/president-ksgov.net\/#\/schema\/person\/bb4337a5fb147cb2046d80548172cbee"},"description":"President Jahjaga reaches the decision to call the first constitutive meeting of the Parliament of Kosovo for July 17th, 2014 - President of the Republic of Kosovo - DR. VJOSA OSMANI - SADRIU -","breadcrumb":{"@id":"https:\/\/president-ksgov.net\/presidentja-atifete-jahjaga-merr-vendim-qe-seanca-e-pare-konstituive-e-kuvendit-te-kosoves-te-thirret-me-17-korrik-2014\/#breadcrumb"},"inLanguage":"en-US","potentialAction":[{"@type":"ReadAction","target":["https:\/\/president-ksgov.net\/presidentja-atifete-jahjaga-merr-vendim-qe-seanca-e-pare-konstituive-e-kuvendit-te-kosoves-te-thirret-me-17-korrik-2014\/"]}]},{"@type":"ImageObject","inLanguage":"en-US","@id":"https:\/\/president-ksgov.net\/presidentja-atifete-jahjaga-merr-vendim-qe-seanca-e-pare-konstituive-e-kuvendit-te-kosoves-te-thirret-me-17-korrik-2014\/#primaryimage","url":"https:\/\/president-ksgov.net\/wp-content\/uploads\/Zyra-e-Presidentes-Featured-Image1-e1678970937938.png","contentUrl":"https:\/\/president-ksgov.net\/wp-content\/uploads\/Zyra-e-Presidentes-Featured-Image1-e1678970937938.png","width":1024,"height":716},{"@type":"BreadcrumbList","@id":"https:\/\/president-ksgov.net\/presidentja-atifete-jahjaga-merr-vendim-qe-seanca-e-pare-konstituive-e-kuvendit-te-kosoves-te-thirret-me-17-korrik-2014\/#breadcrumb","itemListElement":[{"@type":"ListItem","position":1,"name":"Home","item":"https:\/\/president-ksgov.net\/en\/"},{"@type":"ListItem","position":2,"name":"President Jahjaga reaches the decision to call the first constitutive meeting of the Parliament of Kosovo for July 17th, 2014"}]},{"@type":"WebSite","@id":"https:\/\/president-ksgov.net\/#website","url":"https:\/\/president-ksgov.net\/","name":"Presidente e Republik\u00ebs s\u00eb Kosov\u00ebs","description":"Presidente e Republik\u00ebs s\u00eb Kosov\u00ebs","alternateName":"DR. VJOSA OSMANI - SADRIU","potentialAction":[{"@type":"SearchAction","target":{"@type":"EntryPoint","urlTemplate":"https:\/\/president-ksgov.net\/?s={search_term_string}"},"query-input":{"@type":"PropertyValueSpecification","valueRequired":true,"valueName":"search_term_string"}}],"inLanguage":"en-US"},{"@type":"Person","@id":"https:\/\/president-ksgov.net\/#\/schema\/person\/bb4337a5fb147cb2046d80548172cbee","name":"admin","image":{"@type":"ImageObject","inLanguage":"en-US","@id":"https:\/\/president-ksgov.net\/#\/schema\/person\/image\/","url":"https:\/\/secure.gravatar.com\/avatar\/36156ca0fa3b8d9d25174f146e16beea0cf28f37adf1b9e19b6c9c279a7c9dd3?s=96&d=mm&r=g","contentUrl":"https:\/\/secure.gravatar.com\/avatar\/36156ca0fa3b8d9d25174f146e16beea0cf28f37adf1b9e19b6c9c279a7c9dd3?s=96&d=mm&r=g","caption":"admin"},"sameAs":["https:\/\/president-ksgov.net"]}]}},"_links":{"self":[{"href":"https:\/\/president-ksgov.net\/en\/wp-json\/wp\/v2\/posts\/70211","targetHints":{"allow":["GET"]}}],"collection":[{"href":"https:\/\/president-ksgov.net\/en\/wp-json\/wp\/v2\/posts"}],"about":[{"href":"https:\/\/president-ksgov.net\/en\/wp-json\/wp\/v2\/types\/post"}],"author":[{"embeddable":true,"href":"https:\/\/president-ksgov.net\/en\/wp-json\/wp\/v2\/users\/1"}],"replies":[{"embeddable":true,"href":"https:\/\/president-ksgov.net\/en\/wp-json\/wp\/v2\/comments?post=70211"}],"version-history":[{"count":0,"href":"https:\/\/president-ksgov.net\/en\/wp-json\/wp\/v2\/posts\/70211\/revisions"}],"wp:featuredmedia":[{"embeddable":true,"href":"https:\/\/president-ksgov.net\/en\/wp-json\/wp\/v2\/media\/86338"}],"wp:attachment":[{"href":"https:\/\/president-ksgov.net\/en\/wp-json\/wp\/v2\/media?parent=70211"}],"wp:term":[{"taxonomy":"category","embeddable":true,"href":"https:\/\/president-ksgov.net\/en\/wp-json\/wp\/v2\/categories?post=70211"},{"taxonomy":"post_tag","embeddable":true,"href":"https:\/\/president-ksgov.net\/en\/wp-json\/wp\/v2\/tags?post=70211"}],"curies":[{"name":"wp","href":"https:\/\/api.w.org\/{rel}","templated":true}]}}