{"id":70170,"date":"2014-08-24T17:53:05","date_gmt":"2014-08-24T17:53:05","guid":{"rendered":"https:\/\/dev.president-ksgov.net\/president-jahjaga-attended-the-official-opening-of-the-europe-forum-alpbach\/"},"modified":"2023-03-07T10:21:06","modified_gmt":"2023-03-07T10:21:06","slug":"president-jahjaga-attended-the-official-opening-of-the-europe-forum-alpbach","status":"publish","type":"post","link":"https:\/\/president-ksgov.net\/en\/president-jahjaga-attended-the-official-opening-of-the-europe-forum-alpbach\/","title":{"rendered":"President Jahjaga attended the official opening of the Europe Forum Alpbach"},"content":{"rendered":"<p>President of the republic of Kosovo, Mrs. Atifete Jahjaga, attended the official opening of the proceedings of the Europe Forum Alpbach, which is being held in Alpbach, Austria. President of the Republic of Austria, Dr. Heinz Fischer and EU High Representative for Foreign Policy and Security, Baroness Catherine Ashton, delivered a speech at the opening ceremony, in attendance of President of the Republic of Albania, Mr. Bujar Nishani, Deputy Prime Minister of Republic of Slovakia, Mr. Miroslav Lajcak, Prime Minister of the Principality of Liechtenstein, Mr. Adrian Hasler, OSCE Secretary General, Mr. Lamberto Zannieri, as well as other representatives and students from other countries of Europe, inclusive of a group of students from Kosovo and the region.<\/p>\n<p>Forum Alpbach aims to build bridges of cooperation in Europe and to promote peace.<\/p>\n<p>President Jahjaga, during the proceedings of the forum, will be participating together with President Nishani at a panel discussion titled &#8220; From Reconciliation to Integration&#8221;, during which she will deliver an address and respond to the questions of the participants.<\/p>\n","protected":false},"excerpt":{"rendered":"<p>President of the republic of Kosovo, Mrs. Atifete Jahjaga, attended the official opening of the proceedings of the Europe Forum Alpbach, which is being held in Alpbach, Austria. President of the Republic of Austria, Dr. Heinz Fischer and EU High Representative for Foreign Policy and Security, Baroness Catherine Ashton, delivered a speech at the opening ceremony, in attendance of President of the Republic of Albania, Mr. Bujar Nishani, Deputy Prime Minister of Republic of Slovakia, Mr. Miroslav Lajcak, Prime Minister of the Principality of Liechtenstein, Mr. Adrian Hasler, OSCE Secretary General, Mr. Lamberto Zannieri, as well as other representatives and students from other countries of Europe, inclusive of a group of students from Kosovo and the region.<\/p>\n","protected":false},"author":1,"featured_media":44058,"comment_status":"open","ping_status":"closed","sticky":false,"template":"","format":"standard","meta":{"_eb_attr":"","footnotes":""},"categories":[111],"tags":[],"class_list":["post-70170","post","type-post","status-publish","format-standard","has-post-thumbnail","hentry","category-news"],"yoast_head":"<!-- This site is optimized with the Yoast SEO plugin v23.5 - https:\/\/yoast.com\/wordpress\/plugins\/seo\/ -->\n<title>President Jahjaga attended the official opening of the Europe Forum Alpbach - President of the Republic of Kosovo - DR. VJOSA OSMANI - SADRIU<\/title>\n<meta name=\"description\" content=\"President Jahjaga attended the official opening of the Europe Forum Alpbach - President of the Republic of Kosovo - DR. VJOSA OSMANI - SADRIU -\" \/>\n<meta name=\"robots\" content=\"index, follow, max-snippet:-1, max-image-preview:large, max-video-preview:-1\" \/>\n<link rel=\"canonical\" href=\"https:\/\/president-ksgov.net\/presidentja-atifete-jahjaga-mori-pjese-ne-hapjen-zyrtare-te-punimeve-te-forumit-evropian-alpbach\/\" \/>\n<meta property=\"og:locale\" content=\"en_US\" \/>\n<meta property=\"og:type\" content=\"article\" \/>\n<meta property=\"og:title\" content=\"President Jahjaga attended the official opening of the Europe Forum Alpbach - President of the Republic of Kosovo - DR. VJOSA OSMANI - SADRIU\" \/>\n<meta property=\"og:description\" content=\"President Jahjaga attended the official opening of the Europe Forum Alpbach - President of the Republic of Kosovo - DR. VJOSA OSMANI - SADRIU -\" \/>\n<meta property=\"og:url\" content=\"https:\/\/president-ksgov.net\/presidentja-atifete-jahjaga-mori-pjese-ne-hapjen-zyrtare-te-punimeve-te-forumit-evropian-alpbach\/\" \/>\n<meta property=\"og:site_name\" content=\"President of the Republic of Kosovo - DR. VJOSA OSMANI - SADRIU\" \/>\n<meta property=\"article:published_time\" content=\"2014-08-24T17:53:05+00:00\" \/>\n<meta property=\"article:modified_time\" content=\"2023-03-07T10:21:06+00:00\" \/>\n<meta property=\"og:image\" content=\"https:\/\/president-ksgov.net\/wp-content\/uploads\/04_09_2014_540984_1_alpbach.jpg\" \/>\n\t<meta property=\"og:image:width\" content=\"1000\" \/>\n\t<meta property=\"og:image:height\" content=\"679\" \/>\n\t<meta property=\"og:image:type\" content=\"image\/jpeg\" \/>\n<meta name=\"author\" content=\"admin\" \/>\n<meta name=\"twitter:card\" content=\"summary_large_image\" \/>\n<meta name=\"twitter:label1\" content=\"Written by\" \/>\n\t<meta name=\"twitter:data1\" content=\"admin\" \/>\n\t<meta name=\"twitter:label2\" content=\"Est. reading time\" \/>\n\t<meta name=\"twitter:data2\" content=\"1 minute\" \/>\n<script type=\"application\/ld+json\" class=\"yoast-schema-graph\">{\"@context\":\"https:\/\/schema.org\",\"@graph\":[{\"@type\":\"WebPage\",\"@id\":\"https:\/\/president-ksgov.net\/presidentja-atifete-jahjaga-mori-pjese-ne-hapjen-zyrtare-te-punimeve-te-forumit-evropian-alpbach\/\",\"url\":\"https:\/\/president-ksgov.net\/presidentja-atifete-jahjaga-mori-pjese-ne-hapjen-zyrtare-te-punimeve-te-forumit-evropian-alpbach\/\",\"name\":\"President Jahjaga attended the official opening of the Europe Forum Alpbach - President of the Republic of Kosovo - DR. VJOSA OSMANI - SADRIU\",\"isPartOf\":{\"@id\":\"https:\/\/president-ksgov.net\/#website\"},\"primaryImageOfPage\":{\"@id\":\"https:\/\/president-ksgov.net\/presidentja-atifete-jahjaga-mori-pjese-ne-hapjen-zyrtare-te-punimeve-te-forumit-evropian-alpbach\/#primaryimage\"},\"image\":{\"@id\":\"https:\/\/president-ksgov.net\/presidentja-atifete-jahjaga-mori-pjese-ne-hapjen-zyrtare-te-punimeve-te-forumit-evropian-alpbach\/#primaryimage\"},\"thumbnailUrl\":\"https:\/\/president-ksgov.net\/wp-content\/uploads\/04_09_2014_540984_1_alpbach.jpg\",\"datePublished\":\"2014-08-24T17:53:05+00:00\",\"dateModified\":\"2023-03-07T10:21:06+00:00\",\"author\":{\"@id\":\"https:\/\/president-ksgov.net\/#\/schema\/person\/bb4337a5fb147cb2046d80548172cbee\"},\"description\":\"President Jahjaga attended the official opening of the Europe Forum Alpbach - President of the Republic of Kosovo - DR. VJOSA OSMANI - SADRIU -\",\"breadcrumb\":{\"@id\":\"https:\/\/president-ksgov.net\/presidentja-atifete-jahjaga-mori-pjese-ne-hapjen-zyrtare-te-punimeve-te-forumit-evropian-alpbach\/#breadcrumb\"},\"inLanguage\":\"en-US\",\"potentialAction\":[{\"@type\":\"ReadAction\",\"target\":[\"https:\/\/president-ksgov.net\/presidentja-atifete-jahjaga-mori-pjese-ne-hapjen-zyrtare-te-punimeve-te-forumit-evropian-alpbach\/\"]}]},{\"@type\":\"ImageObject\",\"inLanguage\":\"en-US\",\"@id\":\"https:\/\/president-ksgov.net\/presidentja-atifete-jahjaga-mori-pjese-ne-hapjen-zyrtare-te-punimeve-te-forumit-evropian-alpbach\/#primaryimage\",\"url\":\"https:\/\/president-ksgov.net\/wp-content\/uploads\/04_09_2014_540984_1_alpbach.jpg\",\"contentUrl\":\"https:\/\/president-ksgov.net\/wp-content\/uploads\/04_09_2014_540984_1_alpbach.jpg\",\"width\":1000,\"height\":679},{\"@type\":\"BreadcrumbList\",\"@id\":\"https:\/\/president-ksgov.net\/presidentja-atifete-jahjaga-mori-pjese-ne-hapjen-zyrtare-te-punimeve-te-forumit-evropian-alpbach\/#breadcrumb\",\"itemListElement\":[{\"@type\":\"ListItem\",\"position\":1,\"name\":\"Home\",\"item\":\"https:\/\/president-ksgov.net\/en\/\"},{\"@type\":\"ListItem\",\"position\":2,\"name\":\"President Jahjaga attended the official opening of the Europe Forum Alpbach\"}]},{\"@type\":\"WebSite\",\"@id\":\"https:\/\/president-ksgov.net\/#website\",\"url\":\"https:\/\/president-ksgov.net\/\",\"name\":\"Presidente e Republik\u00ebs s\u00eb Kosov\u00ebs\",\"description\":\"Presidente e Republik\u00ebs s\u00eb Kosov\u00ebs\",\"alternateName\":\"DR. VJOSA OSMANI - SADRIU\",\"potentialAction\":[{\"@type\":\"SearchAction\",\"target\":{\"@type\":\"EntryPoint\",\"urlTemplate\":\"https:\/\/president-ksgov.net\/?s={search_term_string}\"},\"query-input\":{\"@type\":\"PropertyValueSpecification\",\"valueRequired\":true,\"valueName\":\"search_term_string\"}}],\"inLanguage\":\"en-US\"},{\"@type\":\"Person\",\"@id\":\"https:\/\/president-ksgov.net\/#\/schema\/person\/bb4337a5fb147cb2046d80548172cbee\",\"name\":\"admin\",\"image\":{\"@type\":\"ImageObject\",\"inLanguage\":\"en-US\",\"@id\":\"https:\/\/president-ksgov.net\/#\/schema\/person\/image\/\",\"url\":\"https:\/\/secure.gravatar.com\/avatar\/36156ca0fa3b8d9d25174f146e16beea0cf28f37adf1b9e19b6c9c279a7c9dd3?s=96&d=mm&r=g\",\"contentUrl\":\"https:\/\/secure.gravatar.com\/avatar\/36156ca0fa3b8d9d25174f146e16beea0cf28f37adf1b9e19b6c9c279a7c9dd3?s=96&d=mm&r=g\",\"caption\":\"admin\"},\"sameAs\":[\"https:\/\/president-ksgov.net\"]}]}<\/script>\n<!-- \/ Yoast SEO plugin. -->","yoast_head_json":{"title":"President Jahjaga attended the official opening of the Europe Forum Alpbach - President of the Republic of Kosovo - DR. VJOSA OSMANI - SADRIU","description":"President Jahjaga attended the official opening of the Europe Forum Alpbach - President of the Republic of Kosovo - DR. VJOSA OSMANI - SADRIU -","robots":{"index":"index","follow":"follow","max-snippet":"max-snippet:-1","max-image-preview":"max-image-preview:large","max-video-preview":"max-video-preview:-1"},"canonical":"https:\/\/president-ksgov.net\/presidentja-atifete-jahjaga-mori-pjese-ne-hapjen-zyrtare-te-punimeve-te-forumit-evropian-alpbach\/","og_locale":"en_US","og_type":"article","og_title":"President Jahjaga attended the official opening of the Europe Forum Alpbach - President of the Republic of Kosovo - DR. VJOSA OSMANI - SADRIU","og_description":"President Jahjaga attended the official opening of the Europe Forum Alpbach - President of the Republic of Kosovo - DR. VJOSA OSMANI - SADRIU -","og_url":"https:\/\/president-ksgov.net\/presidentja-atifete-jahjaga-mori-pjese-ne-hapjen-zyrtare-te-punimeve-te-forumit-evropian-alpbach\/","og_site_name":"President of the Republic of Kosovo - DR. VJOSA OSMANI - SADRIU","article_published_time":"2014-08-24T17:53:05+00:00","article_modified_time":"2023-03-07T10:21:06+00:00","og_image":[{"width":1000,"height":679,"url":"https:\/\/president-ksgov.net\/wp-content\/uploads\/04_09_2014_540984_1_alpbach.jpg","type":"image\/jpeg"}],"author":"admin","twitter_card":"summary_large_image","twitter_misc":{"Written by":"admin","Est. reading time":"1 minute"},"schema":{"@context":"https:\/\/schema.org","@graph":[{"@type":"WebPage","@id":"https:\/\/president-ksgov.net\/presidentja-atifete-jahjaga-mori-pjese-ne-hapjen-zyrtare-te-punimeve-te-forumit-evropian-alpbach\/","url":"https:\/\/president-ksgov.net\/presidentja-atifete-jahjaga-mori-pjese-ne-hapjen-zyrtare-te-punimeve-te-forumit-evropian-alpbach\/","name":"President Jahjaga attended the official opening of the Europe Forum Alpbach - President of the Republic of Kosovo - DR. VJOSA OSMANI - SADRIU","isPartOf":{"@id":"https:\/\/president-ksgov.net\/#website"},"primaryImageOfPage":{"@id":"https:\/\/president-ksgov.net\/presidentja-atifete-jahjaga-mori-pjese-ne-hapjen-zyrtare-te-punimeve-te-forumit-evropian-alpbach\/#primaryimage"},"image":{"@id":"https:\/\/president-ksgov.net\/presidentja-atifete-jahjaga-mori-pjese-ne-hapjen-zyrtare-te-punimeve-te-forumit-evropian-alpbach\/#primaryimage"},"thumbnailUrl":"https:\/\/president-ksgov.net\/wp-content\/uploads\/04_09_2014_540984_1_alpbach.jpg","datePublished":"2014-08-24T17:53:05+00:00","dateModified":"2023-03-07T10:21:06+00:00","author":{"@id":"https:\/\/president-ksgov.net\/#\/schema\/person\/bb4337a5fb147cb2046d80548172cbee"},"description":"President Jahjaga attended the official opening of the Europe Forum Alpbach - President of the Republic of Kosovo - DR. VJOSA OSMANI - SADRIU -","breadcrumb":{"@id":"https:\/\/president-ksgov.net\/presidentja-atifete-jahjaga-mori-pjese-ne-hapjen-zyrtare-te-punimeve-te-forumit-evropian-alpbach\/#breadcrumb"},"inLanguage":"en-US","potentialAction":[{"@type":"ReadAction","target":["https:\/\/president-ksgov.net\/presidentja-atifete-jahjaga-mori-pjese-ne-hapjen-zyrtare-te-punimeve-te-forumit-evropian-alpbach\/"]}]},{"@type":"ImageObject","inLanguage":"en-US","@id":"https:\/\/president-ksgov.net\/presidentja-atifete-jahjaga-mori-pjese-ne-hapjen-zyrtare-te-punimeve-te-forumit-evropian-alpbach\/#primaryimage","url":"https:\/\/president-ksgov.net\/wp-content\/uploads\/04_09_2014_540984_1_alpbach.jpg","contentUrl":"https:\/\/president-ksgov.net\/wp-content\/uploads\/04_09_2014_540984_1_alpbach.jpg","width":1000,"height":679},{"@type":"BreadcrumbList","@id":"https:\/\/president-ksgov.net\/presidentja-atifete-jahjaga-mori-pjese-ne-hapjen-zyrtare-te-punimeve-te-forumit-evropian-alpbach\/#breadcrumb","itemListElement":[{"@type":"ListItem","position":1,"name":"Home","item":"https:\/\/president-ksgov.net\/en\/"},{"@type":"ListItem","position":2,"name":"President Jahjaga attended the official opening of the Europe Forum Alpbach"}]},{"@type":"WebSite","@id":"https:\/\/president-ksgov.net\/#website","url":"https:\/\/president-ksgov.net\/","name":"Presidente e Republik\u00ebs s\u00eb Kosov\u00ebs","description":"Presidente e Republik\u00ebs s\u00eb Kosov\u00ebs","alternateName":"DR. VJOSA OSMANI - SADRIU","potentialAction":[{"@type":"SearchAction","target":{"@type":"EntryPoint","urlTemplate":"https:\/\/president-ksgov.net\/?s={search_term_string}"},"query-input":{"@type":"PropertyValueSpecification","valueRequired":true,"valueName":"search_term_string"}}],"inLanguage":"en-US"},{"@type":"Person","@id":"https:\/\/president-ksgov.net\/#\/schema\/person\/bb4337a5fb147cb2046d80548172cbee","name":"admin","image":{"@type":"ImageObject","inLanguage":"en-US","@id":"https:\/\/president-ksgov.net\/#\/schema\/person\/image\/","url":"https:\/\/secure.gravatar.com\/avatar\/36156ca0fa3b8d9d25174f146e16beea0cf28f37adf1b9e19b6c9c279a7c9dd3?s=96&d=mm&r=g","contentUrl":"https:\/\/secure.gravatar.com\/avatar\/36156ca0fa3b8d9d25174f146e16beea0cf28f37adf1b9e19b6c9c279a7c9dd3?s=96&d=mm&r=g","caption":"admin"},"sameAs":["https:\/\/president-ksgov.net"]}]}},"_links":{"self":[{"href":"https:\/\/president-ksgov.net\/en\/wp-json\/wp\/v2\/posts\/70170","targetHints":{"allow":["GET"]}}],"collection":[{"href":"https:\/\/president-ksgov.net\/en\/wp-json\/wp\/v2\/posts"}],"about":[{"href":"https:\/\/president-ksgov.net\/en\/wp-json\/wp\/v2\/types\/post"}],"author":[{"embeddable":true,"href":"https:\/\/president-ksgov.net\/en\/wp-json\/wp\/v2\/users\/1"}],"replies":[{"embeddable":true,"href":"https:\/\/president-ksgov.net\/en\/wp-json\/wp\/v2\/comments?post=70170"}],"version-history":[{"count":0,"href":"https:\/\/president-ksgov.net\/en\/wp-json\/wp\/v2\/posts\/70170\/revisions"}],"wp:featuredmedia":[{"embeddable":true,"href":"https:\/\/president-ksgov.net\/en\/wp-json\/wp\/v2\/media\/44058"}],"wp:attachment":[{"href":"https:\/\/president-ksgov.net\/en\/wp-json\/wp\/v2\/media?parent=70170"}],"wp:term":[{"taxonomy":"category","embeddable":true,"href":"https:\/\/president-ksgov.net\/en\/wp-json\/wp\/v2\/categories?post=70170"},{"taxonomy":"post_tag","embeddable":true,"href":"https:\/\/president-ksgov.net\/en\/wp-json\/wp\/v2\/tags?post=70170"}],"curies":[{"name":"wp","href":"https:\/\/api.w.org\/{rel}","templated":true}]}}