{"id":70163,"date":"2014-08-30T22:57:49","date_gmt":"2014-08-30T22:57:49","guid":{"rendered":"https:\/\/dev.president-ksgov.net\/president-jahjagas-statement-on-the-occasion-of-the-international-missing-persons-day\/"},"modified":"2023-03-07T10:21:06","modified_gmt":"2023-03-07T10:21:06","slug":"president-jahjagas-statement-on-the-occasion-of-the-international-missing-persons-day","status":"publish","type":"post","link":"https:\/\/president-ksgov.net\/en\/president-jahjagas-statement-on-the-occasion-of-the-international-missing-persons-day\/","title":{"rendered":"President Jahjaga&#146;s statement on the occasion of the International Missing Persons Day"},"content":{"rendered":"<p>The issue of Missing Persons, an inheritance of wars and conflicts worldwide, including the Balkans and Kosovo in particular, is the most painful wound of a society requiring full clarification of the fate of these individuals, in order to institute spiritual serenity to the family members of these individuals.<\/p>\n<p>Even 15 years after the end of the war in Kosovo, over 1700 citizens are considered to be missing and all the engagements to date have proven insufficient in securing a response on their fates. The pain for the missing individuals grows greater as time goes by, and non solution of this issue is holding hostage the souls of their family members, as well as every other process of normalisation of the life in Kosovo.<\/p>\n<p>Endeavours to find out the fate of the missing persons must be augmented as much as should the endeavours to bring justice to its place, by bringing all responsible for the committed crimes to face the very justice. Institutions of Kosovo are fully engaged to, together with the international factors, clarify the fate of each still missing citizen of Kosovo.<\/p>\n<p>This is the issue of the foremost priority for the institutions of Kosovo, which have also asked for full engagement and responsibility of the Republic of Serbia, in finding out the fate of the missing citizens of Kosovo and their return to Kosovo. <\/p>\n<p>Therefore, on this International Missing Persons Day, we re-potentiate our dedication to the solution of this issue, which will also enable opening of new processes in relations between the citizens.<\/p>\n","protected":false},"excerpt":{"rendered":"<p>The issue of Missing Persons, an inheritance of wars and conflicts worldwide, including the Balkans and Kosovo in particular, is the most painful wound of a society requiring full clarification of the fate of these individuals, in order to institute spiritual serenity to the family members of these individuals.<\/p>\n","protected":false},"author":1,"featured_media":86338,"comment_status":"open","ping_status":"closed","sticky":false,"template":"","format":"standard","meta":{"_eb_attr":"","footnotes":""},"categories":[111],"tags":[],"class_list":["post-70163","post","type-post","status-publish","format-standard","has-post-thumbnail","hentry","category-news"],"yoast_head":"<!-- This site is optimized with the Yoast SEO plugin v23.5 - https:\/\/yoast.com\/wordpress\/plugins\/seo\/ -->\n<title>President Jahjaga&#146;s statement on the occasion of the International Missing Persons Day - President of the Republic of Kosovo - DR. VJOSA OSMANI - SADRIU<\/title>\n<meta name=\"description\" content=\"President Jahjaga&#146;s statement on the occasion of the International Missing Persons Day - President of the Republic of Kosovo - DR. VJOSA OSMANI - SADRIU -\" \/>\n<meta name=\"robots\" content=\"index, follow, max-snippet:-1, max-image-preview:large, max-video-preview:-1\" \/>\n<link rel=\"canonical\" href=\"https:\/\/president-ksgov.net\/deklarate-e-presidentes-jahjaga-me-rastin-e-dites-nderkombetare-te-personave-te-pagjetur\/\" \/>\n<meta property=\"og:locale\" content=\"en_US\" \/>\n<meta property=\"og:type\" content=\"article\" \/>\n<meta property=\"og:title\" content=\"President Jahjaga&#146;s statement on the occasion of the International Missing Persons Day - President of the Republic of Kosovo - DR. VJOSA OSMANI - SADRIU\" \/>\n<meta property=\"og:description\" content=\"President Jahjaga&#146;s statement on the occasion of the International Missing Persons Day - President of the Republic of Kosovo - DR. VJOSA OSMANI - SADRIU -\" \/>\n<meta property=\"og:url\" content=\"https:\/\/president-ksgov.net\/deklarate-e-presidentes-jahjaga-me-rastin-e-dites-nderkombetare-te-personave-te-pagjetur\/\" \/>\n<meta property=\"og:site_name\" content=\"President of the Republic of Kosovo - DR. VJOSA OSMANI - SADRIU\" \/>\n<meta property=\"article:published_time\" content=\"2014-08-30T22:57:49+00:00\" \/>\n<meta property=\"article:modified_time\" content=\"2023-03-07T10:21:06+00:00\" \/>\n<meta property=\"og:image\" content=\"https:\/\/president-ksgov.net\/wp-content\/uploads\/Zyra-e-Presidentes-Featured-Image1-e1678970937938.png\" \/>\n\t<meta property=\"og:image:width\" content=\"1024\" \/>\n\t<meta property=\"og:image:height\" content=\"716\" \/>\n\t<meta property=\"og:image:type\" content=\"image\/png\" \/>\n<meta name=\"author\" content=\"admin\" \/>\n<meta name=\"twitter:card\" content=\"summary_large_image\" \/>\n<meta name=\"twitter:label1\" content=\"Written by\" \/>\n\t<meta name=\"twitter:data1\" content=\"admin\" \/>\n\t<meta name=\"twitter:label2\" content=\"Est. reading time\" \/>\n\t<meta name=\"twitter:data2\" content=\"1 minute\" \/>\n<script type=\"application\/ld+json\" class=\"yoast-schema-graph\">{\"@context\":\"https:\/\/schema.org\",\"@graph\":[{\"@type\":\"WebPage\",\"@id\":\"https:\/\/president-ksgov.net\/deklarate-e-presidentes-jahjaga-me-rastin-e-dites-nderkombetare-te-personave-te-pagjetur\/\",\"url\":\"https:\/\/president-ksgov.net\/deklarate-e-presidentes-jahjaga-me-rastin-e-dites-nderkombetare-te-personave-te-pagjetur\/\",\"name\":\"President Jahjaga&#146;s statement on the occasion of the International Missing Persons Day - President of the Republic of Kosovo - DR. VJOSA OSMANI - SADRIU\",\"isPartOf\":{\"@id\":\"https:\/\/president-ksgov.net\/#website\"},\"primaryImageOfPage\":{\"@id\":\"https:\/\/president-ksgov.net\/deklarate-e-presidentes-jahjaga-me-rastin-e-dites-nderkombetare-te-personave-te-pagjetur\/#primaryimage\"},\"image\":{\"@id\":\"https:\/\/president-ksgov.net\/deklarate-e-presidentes-jahjaga-me-rastin-e-dites-nderkombetare-te-personave-te-pagjetur\/#primaryimage\"},\"thumbnailUrl\":\"https:\/\/president-ksgov.net\/wp-content\/uploads\/Zyra-e-Presidentes-Featured-Image1-e1678970937938.png\",\"datePublished\":\"2014-08-30T22:57:49+00:00\",\"dateModified\":\"2023-03-07T10:21:06+00:00\",\"author\":{\"@id\":\"https:\/\/president-ksgov.net\/#\/schema\/person\/bb4337a5fb147cb2046d80548172cbee\"},\"description\":\"President Jahjaga&#146;s statement on the occasion of the International Missing Persons Day - President of the Republic of Kosovo - DR. VJOSA OSMANI - SADRIU -\",\"breadcrumb\":{\"@id\":\"https:\/\/president-ksgov.net\/deklarate-e-presidentes-jahjaga-me-rastin-e-dites-nderkombetare-te-personave-te-pagjetur\/#breadcrumb\"},\"inLanguage\":\"en-US\",\"potentialAction\":[{\"@type\":\"ReadAction\",\"target\":[\"https:\/\/president-ksgov.net\/deklarate-e-presidentes-jahjaga-me-rastin-e-dites-nderkombetare-te-personave-te-pagjetur\/\"]}]},{\"@type\":\"ImageObject\",\"inLanguage\":\"en-US\",\"@id\":\"https:\/\/president-ksgov.net\/deklarate-e-presidentes-jahjaga-me-rastin-e-dites-nderkombetare-te-personave-te-pagjetur\/#primaryimage\",\"url\":\"https:\/\/president-ksgov.net\/wp-content\/uploads\/Zyra-e-Presidentes-Featured-Image1-e1678970937938.png\",\"contentUrl\":\"https:\/\/president-ksgov.net\/wp-content\/uploads\/Zyra-e-Presidentes-Featured-Image1-e1678970937938.png\",\"width\":1024,\"height\":716},{\"@type\":\"BreadcrumbList\",\"@id\":\"https:\/\/president-ksgov.net\/deklarate-e-presidentes-jahjaga-me-rastin-e-dites-nderkombetare-te-personave-te-pagjetur\/#breadcrumb\",\"itemListElement\":[{\"@type\":\"ListItem\",\"position\":1,\"name\":\"Home\",\"item\":\"https:\/\/president-ksgov.net\/en\/\"},{\"@type\":\"ListItem\",\"position\":2,\"name\":\"President Jahjaga&#146;s statement on the occasion of the International Missing Persons Day\"}]},{\"@type\":\"WebSite\",\"@id\":\"https:\/\/president-ksgov.net\/#website\",\"url\":\"https:\/\/president-ksgov.net\/\",\"name\":\"Presidente e Republik\u00ebs s\u00eb Kosov\u00ebs\",\"description\":\"Presidente e Republik\u00ebs s\u00eb Kosov\u00ebs\",\"alternateName\":\"DR. VJOSA OSMANI - SADRIU\",\"potentialAction\":[{\"@type\":\"SearchAction\",\"target\":{\"@type\":\"EntryPoint\",\"urlTemplate\":\"https:\/\/president-ksgov.net\/?s={search_term_string}\"},\"query-input\":{\"@type\":\"PropertyValueSpecification\",\"valueRequired\":true,\"valueName\":\"search_term_string\"}}],\"inLanguage\":\"en-US\"},{\"@type\":\"Person\",\"@id\":\"https:\/\/president-ksgov.net\/#\/schema\/person\/bb4337a5fb147cb2046d80548172cbee\",\"name\":\"admin\",\"image\":{\"@type\":\"ImageObject\",\"inLanguage\":\"en-US\",\"@id\":\"https:\/\/president-ksgov.net\/#\/schema\/person\/image\/\",\"url\":\"https:\/\/secure.gravatar.com\/avatar\/36156ca0fa3b8d9d25174f146e16beea0cf28f37adf1b9e19b6c9c279a7c9dd3?s=96&d=mm&r=g\",\"contentUrl\":\"https:\/\/secure.gravatar.com\/avatar\/36156ca0fa3b8d9d25174f146e16beea0cf28f37adf1b9e19b6c9c279a7c9dd3?s=96&d=mm&r=g\",\"caption\":\"admin\"},\"sameAs\":[\"https:\/\/president-ksgov.net\"]}]}<\/script>\n<!-- \/ Yoast SEO plugin. -->","yoast_head_json":{"title":"President Jahjaga&#146;s statement on the occasion of the International Missing Persons Day - President of the Republic of Kosovo - DR. VJOSA OSMANI - SADRIU","description":"President Jahjaga&#146;s statement on the occasion of the International Missing Persons Day - President of the Republic of Kosovo - DR. VJOSA OSMANI - SADRIU -","robots":{"index":"index","follow":"follow","max-snippet":"max-snippet:-1","max-image-preview":"max-image-preview:large","max-video-preview":"max-video-preview:-1"},"canonical":"https:\/\/president-ksgov.net\/deklarate-e-presidentes-jahjaga-me-rastin-e-dites-nderkombetare-te-personave-te-pagjetur\/","og_locale":"en_US","og_type":"article","og_title":"President Jahjaga&#146;s statement on the occasion of the International Missing Persons Day - President of the Republic of Kosovo - DR. VJOSA OSMANI - SADRIU","og_description":"President Jahjaga&#146;s statement on the occasion of the International Missing Persons Day - President of the Republic of Kosovo - DR. VJOSA OSMANI - SADRIU -","og_url":"https:\/\/president-ksgov.net\/deklarate-e-presidentes-jahjaga-me-rastin-e-dites-nderkombetare-te-personave-te-pagjetur\/","og_site_name":"President of the Republic of Kosovo - DR. VJOSA OSMANI - SADRIU","article_published_time":"2014-08-30T22:57:49+00:00","article_modified_time":"2023-03-07T10:21:06+00:00","og_image":[{"width":1024,"height":716,"url":"https:\/\/president-ksgov.net\/wp-content\/uploads\/Zyra-e-Presidentes-Featured-Image1-e1678970937938.png","type":"image\/png"}],"author":"admin","twitter_card":"summary_large_image","twitter_misc":{"Written by":"admin","Est. reading time":"1 minute"},"schema":{"@context":"https:\/\/schema.org","@graph":[{"@type":"WebPage","@id":"https:\/\/president-ksgov.net\/deklarate-e-presidentes-jahjaga-me-rastin-e-dites-nderkombetare-te-personave-te-pagjetur\/","url":"https:\/\/president-ksgov.net\/deklarate-e-presidentes-jahjaga-me-rastin-e-dites-nderkombetare-te-personave-te-pagjetur\/","name":"President Jahjaga&#146;s statement on the occasion of the International Missing Persons Day - President of the Republic of Kosovo - DR. VJOSA OSMANI - SADRIU","isPartOf":{"@id":"https:\/\/president-ksgov.net\/#website"},"primaryImageOfPage":{"@id":"https:\/\/president-ksgov.net\/deklarate-e-presidentes-jahjaga-me-rastin-e-dites-nderkombetare-te-personave-te-pagjetur\/#primaryimage"},"image":{"@id":"https:\/\/president-ksgov.net\/deklarate-e-presidentes-jahjaga-me-rastin-e-dites-nderkombetare-te-personave-te-pagjetur\/#primaryimage"},"thumbnailUrl":"https:\/\/president-ksgov.net\/wp-content\/uploads\/Zyra-e-Presidentes-Featured-Image1-e1678970937938.png","datePublished":"2014-08-30T22:57:49+00:00","dateModified":"2023-03-07T10:21:06+00:00","author":{"@id":"https:\/\/president-ksgov.net\/#\/schema\/person\/bb4337a5fb147cb2046d80548172cbee"},"description":"President Jahjaga&#146;s statement on the occasion of the International Missing Persons Day - President of the Republic of Kosovo - DR. VJOSA OSMANI - SADRIU -","breadcrumb":{"@id":"https:\/\/president-ksgov.net\/deklarate-e-presidentes-jahjaga-me-rastin-e-dites-nderkombetare-te-personave-te-pagjetur\/#breadcrumb"},"inLanguage":"en-US","potentialAction":[{"@type":"ReadAction","target":["https:\/\/president-ksgov.net\/deklarate-e-presidentes-jahjaga-me-rastin-e-dites-nderkombetare-te-personave-te-pagjetur\/"]}]},{"@type":"ImageObject","inLanguage":"en-US","@id":"https:\/\/president-ksgov.net\/deklarate-e-presidentes-jahjaga-me-rastin-e-dites-nderkombetare-te-personave-te-pagjetur\/#primaryimage","url":"https:\/\/president-ksgov.net\/wp-content\/uploads\/Zyra-e-Presidentes-Featured-Image1-e1678970937938.png","contentUrl":"https:\/\/president-ksgov.net\/wp-content\/uploads\/Zyra-e-Presidentes-Featured-Image1-e1678970937938.png","width":1024,"height":716},{"@type":"BreadcrumbList","@id":"https:\/\/president-ksgov.net\/deklarate-e-presidentes-jahjaga-me-rastin-e-dites-nderkombetare-te-personave-te-pagjetur\/#breadcrumb","itemListElement":[{"@type":"ListItem","position":1,"name":"Home","item":"https:\/\/president-ksgov.net\/en\/"},{"@type":"ListItem","position":2,"name":"President Jahjaga&#146;s statement on the occasion of the International Missing Persons Day"}]},{"@type":"WebSite","@id":"https:\/\/president-ksgov.net\/#website","url":"https:\/\/president-ksgov.net\/","name":"Presidente e Republik\u00ebs s\u00eb Kosov\u00ebs","description":"Presidente e Republik\u00ebs s\u00eb Kosov\u00ebs","alternateName":"DR. VJOSA OSMANI - SADRIU","potentialAction":[{"@type":"SearchAction","target":{"@type":"EntryPoint","urlTemplate":"https:\/\/president-ksgov.net\/?s={search_term_string}"},"query-input":{"@type":"PropertyValueSpecification","valueRequired":true,"valueName":"search_term_string"}}],"inLanguage":"en-US"},{"@type":"Person","@id":"https:\/\/president-ksgov.net\/#\/schema\/person\/bb4337a5fb147cb2046d80548172cbee","name":"admin","image":{"@type":"ImageObject","inLanguage":"en-US","@id":"https:\/\/president-ksgov.net\/#\/schema\/person\/image\/","url":"https:\/\/secure.gravatar.com\/avatar\/36156ca0fa3b8d9d25174f146e16beea0cf28f37adf1b9e19b6c9c279a7c9dd3?s=96&d=mm&r=g","contentUrl":"https:\/\/secure.gravatar.com\/avatar\/36156ca0fa3b8d9d25174f146e16beea0cf28f37adf1b9e19b6c9c279a7c9dd3?s=96&d=mm&r=g","caption":"admin"},"sameAs":["https:\/\/president-ksgov.net"]}]}},"_links":{"self":[{"href":"https:\/\/president-ksgov.net\/en\/wp-json\/wp\/v2\/posts\/70163","targetHints":{"allow":["GET"]}}],"collection":[{"href":"https:\/\/president-ksgov.net\/en\/wp-json\/wp\/v2\/posts"}],"about":[{"href":"https:\/\/president-ksgov.net\/en\/wp-json\/wp\/v2\/types\/post"}],"author":[{"embeddable":true,"href":"https:\/\/president-ksgov.net\/en\/wp-json\/wp\/v2\/users\/1"}],"replies":[{"embeddable":true,"href":"https:\/\/president-ksgov.net\/en\/wp-json\/wp\/v2\/comments?post=70163"}],"version-history":[{"count":0,"href":"https:\/\/president-ksgov.net\/en\/wp-json\/wp\/v2\/posts\/70163\/revisions"}],"wp:featuredmedia":[{"embeddable":true,"href":"https:\/\/president-ksgov.net\/en\/wp-json\/wp\/v2\/media\/86338"}],"wp:attachment":[{"href":"https:\/\/president-ksgov.net\/en\/wp-json\/wp\/v2\/media?parent=70163"}],"wp:term":[{"taxonomy":"category","embeddable":true,"href":"https:\/\/president-ksgov.net\/en\/wp-json\/wp\/v2\/categories?post=70163"},{"taxonomy":"post_tag","embeddable":true,"href":"https:\/\/president-ksgov.net\/en\/wp-json\/wp\/v2\/tags?post=70163"}],"curies":[{"name":"wp","href":"https:\/\/api.w.org\/{rel}","templated":true}]}}