{"id":70095,"date":"2014-10-02T20:02:12","date_gmt":"2014-10-02T20:02:12","guid":{"rendered":"https:\/\/dev.president-ksgov.net\/president-jahjagas-speech-on-the-occasion-of-the-national-day-of-republic-of-germany-2\/"},"modified":"2023-03-07T10:19:09","modified_gmt":"2023-03-07T10:19:09","slug":"president-jahjagas-speech-on-the-occasion-of-the-national-day-of-republic-of-germany-2","status":"publish","type":"post","link":"https:\/\/president-ksgov.net\/en\/president-jahjagas-speech-on-the-occasion-of-the-national-day-of-republic-of-germany-2\/","title":{"rendered":"President Jahjaga&#146;s speech on the occasion of the National Day of Republic of Germany"},"content":{"rendered":"<p>Thank you for your kind invitation to bring us together to mark the anniversary of the German unity and to reflect on this event that began a new era of unifying people beyond borders that kept them only physically separated. A unification, the sort of unity not only of blood and soil, but of ideas that have come to define our time.<\/p>\n<p>Honourable Ambassador of the Republic of Germany, Ms. Viets,<br \/>\nLadies and gentlemen <\/p>\n<p>Thank you for your kind invitation to bring us together to mark the anniversary of the German unity and to reflect on this event that began a new era of unifying people beyond borders that kept them only physically separated. A unification, the sort of unity not only of blood and soil, but of ideas that have come to define our time.<br \/>\n\u00a0<br \/>\nTwo and a half decades later, a unified Germany is a living testimony that unity makes us stronger. A powerful economy, a prosperous democracy, a strong promoter of European and Euro-Atlantic integration. A remarkable achievement that shows that when there is a will there is a way.<br \/>\n\u00a0<br \/>\nDear Ladies and Gentlemen,<br \/>\n\u00a0<br \/>\nGermany is an inspiration for the people of Kosovo. Many, in different periods of our effort to establish our state, have been welcomed by this friendly country, whose unlimited help we will always cherish. We are grateful for Germany&#8217;s leading role in bringing to an end the war in Kosovo and in building peace, for the trust and confidence that they have placed in our vision for a free and independent Kosovo, at peace with its neighbours.<br \/>\n\u00a0<br \/>\nOur two countries today enjoy a viable partnership and a strong friendship, forged by the mutual trust in the values of freedom, democracy and rule of law.<br \/>\n\u00a0<br \/>\nKosovo is very proud and remains committed to this partnership with Germany and its people, a sustainable friendship based on joint values of democracy and rule of law.<br \/>\n\u00a0<br \/>\nLadies and Gentlemen<br \/>\n\u00a0<br \/>\nKosovo is continuously building its democracy and we are all discovering that democracy can only work if we allow it to mature and to yield results, because democracy is always work in progress. In the last one hundred days, as institutions and people of Kosovo we have been faced with the challenge of a young parliamentary democracy, with an untested constitution. We have embarked on these processes with the calm and maturity of an old democracy, by giving our institutions &#8211; mandated to find solutions in accordance with the rule of law &#8211; the authority and trust to find solutions.<\/p>\n<p>And despite how testing this process has been, I am convinced that we will come out of it stronger and our democracy will become consolidated. The stakes are high because we are not deciding only for the present, but also for the future.<br \/>\n\u00a0<br \/>\nI want to assure you that our path is irreversible. We will prosper. We will succeed.<br \/>\n\u00a0<br \/>\nHappy the Day of Unity, Germany! Thank you!<\/p>\n","protected":false},"excerpt":{"rendered":"<p>Thank you for your kind invitation to bring us together to mark the anniversary of the German unity and to reflect on this event that began a new era of unifying people beyond borders that kept them only physically separated. A unification, the sort of unity not only of blood and soil, but of ideas that have come to define our time.<\/p>\n","protected":false},"author":1,"featured_media":43376,"comment_status":"open","ping_status":"closed","sticky":false,"template":"","format":"standard","meta":{"_eb_attr":"","footnotes":""},"categories":[111],"tags":[],"class_list":["post-70095","post","type-post","status-publish","format-standard","has-post-thumbnail","hentry","category-news"],"yoast_head":"<!-- This site is optimized with the Yoast SEO plugin v23.5 - https:\/\/yoast.com\/wordpress\/plugins\/seo\/ -->\n<title>President Jahjaga&#146;s speech on the occasion of the National Day of Republic of Germany - President of the Republic of Kosovo - DR. VJOSA OSMANI - SADRIU<\/title>\n<meta name=\"description\" content=\"President Jahjaga&#146;s speech on the occasion of the National Day of Republic of Germany - President of the Republic of Kosovo - DR. VJOSA OSMANI - SADRIU -\" \/>\n<meta name=\"robots\" content=\"index, follow, max-snippet:-1, max-image-preview:large, max-video-preview:-1\" \/>\n<link rel=\"canonical\" href=\"https:\/\/president-ksgov.net\/fjalimi-i-presidentes-jahjaga-me-rastin-e-dites-kombetare-te-gjermanise-2\/\" \/>\n<meta property=\"og:locale\" content=\"en_US\" \/>\n<meta property=\"og:type\" content=\"article\" \/>\n<meta property=\"og:title\" content=\"President Jahjaga&#146;s speech on the occasion of the National Day of Republic of Germany - President of the Republic of Kosovo - DR. VJOSA OSMANI - SADRIU\" \/>\n<meta property=\"og:description\" content=\"President Jahjaga&#146;s speech on the occasion of the National Day of Republic of Germany - President of the Republic of Kosovo - DR. VJOSA OSMANI - SADRIU -\" \/>\n<meta property=\"og:url\" content=\"https:\/\/president-ksgov.net\/fjalimi-i-presidentes-jahjaga-me-rastin-e-dites-kombetare-te-gjermanise-2\/\" \/>\n<meta property=\"og:site_name\" content=\"President of the Republic of Kosovo - DR. VJOSA OSMANI - SADRIU\" \/>\n<meta property=\"article:published_time\" content=\"2014-10-02T20:02:12+00:00\" \/>\n<meta property=\"article:modified_time\" content=\"2023-03-07T10:19:09+00:00\" \/>\n<meta property=\"og:image\" content=\"https:\/\/president-ksgov.net\/wp-content\/uploads\/02_10_2014_2303926_0_Gjermani_02102014.jpg\" \/>\n\t<meta property=\"og:image:width\" content=\"1024\" \/>\n\t<meta property=\"og:image:height\" content=\"683\" \/>\n\t<meta property=\"og:image:type\" content=\"image\/jpeg\" \/>\n<meta name=\"author\" content=\"admin\" \/>\n<meta name=\"twitter:card\" content=\"summary_large_image\" \/>\n<meta name=\"twitter:label1\" content=\"Written by\" \/>\n\t<meta name=\"twitter:data1\" content=\"admin\" \/>\n\t<meta name=\"twitter:label2\" content=\"Est. reading time\" \/>\n\t<meta name=\"twitter:data2\" content=\"2 minutes\" \/>\n<script type=\"application\/ld+json\" class=\"yoast-schema-graph\">{\"@context\":\"https:\/\/schema.org\",\"@graph\":[{\"@type\":\"WebPage\",\"@id\":\"https:\/\/president-ksgov.net\/fjalimi-i-presidentes-jahjaga-me-rastin-e-dites-kombetare-te-gjermanise-2\/\",\"url\":\"https:\/\/president-ksgov.net\/fjalimi-i-presidentes-jahjaga-me-rastin-e-dites-kombetare-te-gjermanise-2\/\",\"name\":\"President Jahjaga&#146;s speech on the occasion of the National Day of Republic of Germany - President of the Republic of Kosovo - DR. VJOSA OSMANI - SADRIU\",\"isPartOf\":{\"@id\":\"https:\/\/president-ksgov.net\/#website\"},\"primaryImageOfPage\":{\"@id\":\"https:\/\/president-ksgov.net\/fjalimi-i-presidentes-jahjaga-me-rastin-e-dites-kombetare-te-gjermanise-2\/#primaryimage\"},\"image\":{\"@id\":\"https:\/\/president-ksgov.net\/fjalimi-i-presidentes-jahjaga-me-rastin-e-dites-kombetare-te-gjermanise-2\/#primaryimage\"},\"thumbnailUrl\":\"https:\/\/president-ksgov.net\/wp-content\/uploads\/02_10_2014_2303926_0_Gjermani_02102014.jpg\",\"datePublished\":\"2014-10-02T20:02:12+00:00\",\"dateModified\":\"2023-03-07T10:19:09+00:00\",\"author\":{\"@id\":\"https:\/\/president-ksgov.net\/#\/schema\/person\/bb4337a5fb147cb2046d80548172cbee\"},\"description\":\"President Jahjaga&#146;s speech on the occasion of the National Day of Republic of Germany - President of the Republic of Kosovo - DR. VJOSA OSMANI - SADRIU -\",\"breadcrumb\":{\"@id\":\"https:\/\/president-ksgov.net\/fjalimi-i-presidentes-jahjaga-me-rastin-e-dites-kombetare-te-gjermanise-2\/#breadcrumb\"},\"inLanguage\":\"en-US\",\"potentialAction\":[{\"@type\":\"ReadAction\",\"target\":[\"https:\/\/president-ksgov.net\/fjalimi-i-presidentes-jahjaga-me-rastin-e-dites-kombetare-te-gjermanise-2\/\"]}]},{\"@type\":\"ImageObject\",\"inLanguage\":\"en-US\",\"@id\":\"https:\/\/president-ksgov.net\/fjalimi-i-presidentes-jahjaga-me-rastin-e-dites-kombetare-te-gjermanise-2\/#primaryimage\",\"url\":\"https:\/\/president-ksgov.net\/wp-content\/uploads\/02_10_2014_2303926_0_Gjermani_02102014.jpg\",\"contentUrl\":\"https:\/\/president-ksgov.net\/wp-content\/uploads\/02_10_2014_2303926_0_Gjermani_02102014.jpg\",\"width\":1024,\"height\":683},{\"@type\":\"BreadcrumbList\",\"@id\":\"https:\/\/president-ksgov.net\/fjalimi-i-presidentes-jahjaga-me-rastin-e-dites-kombetare-te-gjermanise-2\/#breadcrumb\",\"itemListElement\":[{\"@type\":\"ListItem\",\"position\":1,\"name\":\"Home\",\"item\":\"https:\/\/president-ksgov.net\/en\/\"},{\"@type\":\"ListItem\",\"position\":2,\"name\":\"President Jahjaga&#146;s speech on the occasion of the National Day of Republic of Germany\"}]},{\"@type\":\"WebSite\",\"@id\":\"https:\/\/president-ksgov.net\/#website\",\"url\":\"https:\/\/president-ksgov.net\/\",\"name\":\"Presidente e Republik\u00ebs s\u00eb Kosov\u00ebs\",\"description\":\"Presidente e Republik\u00ebs s\u00eb Kosov\u00ebs\",\"alternateName\":\"DR. VJOSA OSMANI - SADRIU\",\"potentialAction\":[{\"@type\":\"SearchAction\",\"target\":{\"@type\":\"EntryPoint\",\"urlTemplate\":\"https:\/\/president-ksgov.net\/?s={search_term_string}\"},\"query-input\":{\"@type\":\"PropertyValueSpecification\",\"valueRequired\":true,\"valueName\":\"search_term_string\"}}],\"inLanguage\":\"en-US\"},{\"@type\":\"Person\",\"@id\":\"https:\/\/president-ksgov.net\/#\/schema\/person\/bb4337a5fb147cb2046d80548172cbee\",\"name\":\"admin\",\"image\":{\"@type\":\"ImageObject\",\"inLanguage\":\"en-US\",\"@id\":\"https:\/\/president-ksgov.net\/#\/schema\/person\/image\/\",\"url\":\"https:\/\/secure.gravatar.com\/avatar\/36156ca0fa3b8d9d25174f146e16beea0cf28f37adf1b9e19b6c9c279a7c9dd3?s=96&d=mm&r=g\",\"contentUrl\":\"https:\/\/secure.gravatar.com\/avatar\/36156ca0fa3b8d9d25174f146e16beea0cf28f37adf1b9e19b6c9c279a7c9dd3?s=96&d=mm&r=g\",\"caption\":\"admin\"},\"sameAs\":[\"https:\/\/president-ksgov.net\"]}]}<\/script>\n<!-- \/ Yoast SEO plugin. -->","yoast_head_json":{"title":"President Jahjaga&#146;s speech on the occasion of the National Day of Republic of Germany - President of the Republic of Kosovo - DR. VJOSA OSMANI - SADRIU","description":"President Jahjaga&#146;s speech on the occasion of the National Day of Republic of Germany - President of the Republic of Kosovo - DR. VJOSA OSMANI - SADRIU -","robots":{"index":"index","follow":"follow","max-snippet":"max-snippet:-1","max-image-preview":"max-image-preview:large","max-video-preview":"max-video-preview:-1"},"canonical":"https:\/\/president-ksgov.net\/fjalimi-i-presidentes-jahjaga-me-rastin-e-dites-kombetare-te-gjermanise-2\/","og_locale":"en_US","og_type":"article","og_title":"President Jahjaga&#146;s speech on the occasion of the National Day of Republic of Germany - President of the Republic of Kosovo - DR. VJOSA OSMANI - SADRIU","og_description":"President Jahjaga&#146;s speech on the occasion of the National Day of Republic of Germany - President of the Republic of Kosovo - DR. VJOSA OSMANI - SADRIU -","og_url":"https:\/\/president-ksgov.net\/fjalimi-i-presidentes-jahjaga-me-rastin-e-dites-kombetare-te-gjermanise-2\/","og_site_name":"President of the Republic of Kosovo - DR. VJOSA OSMANI - SADRIU","article_published_time":"2014-10-02T20:02:12+00:00","article_modified_time":"2023-03-07T10:19:09+00:00","og_image":[{"width":1024,"height":683,"url":"https:\/\/president-ksgov.net\/wp-content\/uploads\/02_10_2014_2303926_0_Gjermani_02102014.jpg","type":"image\/jpeg"}],"author":"admin","twitter_card":"summary_large_image","twitter_misc":{"Written by":"admin","Est. reading time":"2 minutes"},"schema":{"@context":"https:\/\/schema.org","@graph":[{"@type":"WebPage","@id":"https:\/\/president-ksgov.net\/fjalimi-i-presidentes-jahjaga-me-rastin-e-dites-kombetare-te-gjermanise-2\/","url":"https:\/\/president-ksgov.net\/fjalimi-i-presidentes-jahjaga-me-rastin-e-dites-kombetare-te-gjermanise-2\/","name":"President Jahjaga&#146;s speech on the occasion of the National Day of Republic of Germany - President of the Republic of Kosovo - DR. VJOSA OSMANI - SADRIU","isPartOf":{"@id":"https:\/\/president-ksgov.net\/#website"},"primaryImageOfPage":{"@id":"https:\/\/president-ksgov.net\/fjalimi-i-presidentes-jahjaga-me-rastin-e-dites-kombetare-te-gjermanise-2\/#primaryimage"},"image":{"@id":"https:\/\/president-ksgov.net\/fjalimi-i-presidentes-jahjaga-me-rastin-e-dites-kombetare-te-gjermanise-2\/#primaryimage"},"thumbnailUrl":"https:\/\/president-ksgov.net\/wp-content\/uploads\/02_10_2014_2303926_0_Gjermani_02102014.jpg","datePublished":"2014-10-02T20:02:12+00:00","dateModified":"2023-03-07T10:19:09+00:00","author":{"@id":"https:\/\/president-ksgov.net\/#\/schema\/person\/bb4337a5fb147cb2046d80548172cbee"},"description":"President Jahjaga&#146;s speech on the occasion of the National Day of Republic of Germany - President of the Republic of Kosovo - DR. VJOSA OSMANI - SADRIU -","breadcrumb":{"@id":"https:\/\/president-ksgov.net\/fjalimi-i-presidentes-jahjaga-me-rastin-e-dites-kombetare-te-gjermanise-2\/#breadcrumb"},"inLanguage":"en-US","potentialAction":[{"@type":"ReadAction","target":["https:\/\/president-ksgov.net\/fjalimi-i-presidentes-jahjaga-me-rastin-e-dites-kombetare-te-gjermanise-2\/"]}]},{"@type":"ImageObject","inLanguage":"en-US","@id":"https:\/\/president-ksgov.net\/fjalimi-i-presidentes-jahjaga-me-rastin-e-dites-kombetare-te-gjermanise-2\/#primaryimage","url":"https:\/\/president-ksgov.net\/wp-content\/uploads\/02_10_2014_2303926_0_Gjermani_02102014.jpg","contentUrl":"https:\/\/president-ksgov.net\/wp-content\/uploads\/02_10_2014_2303926_0_Gjermani_02102014.jpg","width":1024,"height":683},{"@type":"BreadcrumbList","@id":"https:\/\/president-ksgov.net\/fjalimi-i-presidentes-jahjaga-me-rastin-e-dites-kombetare-te-gjermanise-2\/#breadcrumb","itemListElement":[{"@type":"ListItem","position":1,"name":"Home","item":"https:\/\/president-ksgov.net\/en\/"},{"@type":"ListItem","position":2,"name":"President Jahjaga&#146;s speech on the occasion of the National Day of Republic of Germany"}]},{"@type":"WebSite","@id":"https:\/\/president-ksgov.net\/#website","url":"https:\/\/president-ksgov.net\/","name":"Presidente e Republik\u00ebs s\u00eb Kosov\u00ebs","description":"Presidente e Republik\u00ebs s\u00eb Kosov\u00ebs","alternateName":"DR. VJOSA OSMANI - SADRIU","potentialAction":[{"@type":"SearchAction","target":{"@type":"EntryPoint","urlTemplate":"https:\/\/president-ksgov.net\/?s={search_term_string}"},"query-input":{"@type":"PropertyValueSpecification","valueRequired":true,"valueName":"search_term_string"}}],"inLanguage":"en-US"},{"@type":"Person","@id":"https:\/\/president-ksgov.net\/#\/schema\/person\/bb4337a5fb147cb2046d80548172cbee","name":"admin","image":{"@type":"ImageObject","inLanguage":"en-US","@id":"https:\/\/president-ksgov.net\/#\/schema\/person\/image\/","url":"https:\/\/secure.gravatar.com\/avatar\/36156ca0fa3b8d9d25174f146e16beea0cf28f37adf1b9e19b6c9c279a7c9dd3?s=96&d=mm&r=g","contentUrl":"https:\/\/secure.gravatar.com\/avatar\/36156ca0fa3b8d9d25174f146e16beea0cf28f37adf1b9e19b6c9c279a7c9dd3?s=96&d=mm&r=g","caption":"admin"},"sameAs":["https:\/\/president-ksgov.net"]}]}},"_links":{"self":[{"href":"https:\/\/president-ksgov.net\/en\/wp-json\/wp\/v2\/posts\/70095","targetHints":{"allow":["GET"]}}],"collection":[{"href":"https:\/\/president-ksgov.net\/en\/wp-json\/wp\/v2\/posts"}],"about":[{"href":"https:\/\/president-ksgov.net\/en\/wp-json\/wp\/v2\/types\/post"}],"author":[{"embeddable":true,"href":"https:\/\/president-ksgov.net\/en\/wp-json\/wp\/v2\/users\/1"}],"replies":[{"embeddable":true,"href":"https:\/\/president-ksgov.net\/en\/wp-json\/wp\/v2\/comments?post=70095"}],"version-history":[{"count":0,"href":"https:\/\/president-ksgov.net\/en\/wp-json\/wp\/v2\/posts\/70095\/revisions"}],"wp:featuredmedia":[{"embeddable":true,"href":"https:\/\/president-ksgov.net\/en\/wp-json\/wp\/v2\/media\/43376"}],"wp:attachment":[{"href":"https:\/\/president-ksgov.net\/en\/wp-json\/wp\/v2\/media?parent=70095"}],"wp:term":[{"taxonomy":"category","embeddable":true,"href":"https:\/\/president-ksgov.net\/en\/wp-json\/wp\/v2\/categories?post=70095"},{"taxonomy":"post_tag","embeddable":true,"href":"https:\/\/president-ksgov.net\/en\/wp-json\/wp\/v2\/tags?post=70095"}],"curies":[{"name":"wp","href":"https:\/\/api.w.org\/{rel}","templated":true}]}}