{"id":70067,"date":"2014-10-29T13:50:47","date_gmt":"2014-10-29T13:50:47","guid":{"rendered":"https:\/\/dev.president-ksgov.net\/president-atifete-jahjaga-received-the-special-representative-of-the-un-secretary-general-for-kosovo-farid-zarif\/"},"modified":"2023-03-07T10:18:28","modified_gmt":"2023-03-07T10:18:28","slug":"president-atifete-jahjaga-received-the-special-representative-of-the-un-secretary-general-for-kosovo-farid-zarif","status":"publish","type":"post","link":"https:\/\/president-ksgov.net\/en\/president-atifete-jahjaga-received-the-special-representative-of-the-un-secretary-general-for-kosovo-farid-zarif\/","title":{"rendered":"President Atifete Jahjaga received the Special Representative of the UN Secretary General for Kosovo, Farid Zarif"},"content":{"rendered":"<p>The President of the Republic of Kosovo, Madam Atifete Jahjaga, received today the Special Representative of the UN Secretary General for Kosovo, Mr. Farid Zarif and his associates, with whom she discussed about the current developments in Kosovo on the verge of holding the next meeting of the quarterly evaluation of the situation in Kosovo in the UN Security Council, appointed on 13 November.<\/p>\n<p>President Jahjaga and Mr. Zarif discussed about the current political circumstances in the country and the efforts to build the institutions of Kosovo and the President stressing that despite the fact that the political maturity in the country is being tested, said that she believes strongly in a solution acceptable by the leaders of the parliamentary political parties who must put aside party interests for the benefit of the state of Kosovo, the welfare of its citizens and the integration processes.<br \/>\n\u00a0<\/p>\n","protected":false},"excerpt":{"rendered":"<p>The President of the Republic of Kosovo, Madam Atifete Jahjaga, received today the Special Representative of the UN Secretary General for Kosovo, Mr. Farid Zarif and his associates, with whom she discussed about the current developments in Kosovo on the verge of holding the next meeting of the quarterly evaluation of the situation in Kosovo in the UN Security Council, appointed on 13 November.<\/p>\n","protected":false},"author":1,"featured_media":43043,"comment_status":"open","ping_status":"closed","sticky":false,"template":"","format":"standard","meta":{"_eb_attr":"","footnotes":""},"categories":[111],"tags":[],"class_list":["post-70067","post","type-post","status-publish","format-standard","has-post-thumbnail","hentry","category-news"],"yoast_head":"<!-- This site is optimized with the Yoast SEO plugin v23.5 - https:\/\/yoast.com\/wordpress\/plugins\/seo\/ -->\n<title>President Atifete Jahjaga received the Special Representative of the UN Secretary General for Kosovo, Farid Zarif - President of the Republic of Kosovo - DR. VJOSA OSMANI - SADRIU<\/title>\n<meta name=\"description\" content=\"President Atifete Jahjaga received the Special Representative of the UN Secretary General for Kosovo, Farid Zarif - President of the Republic of Kosovo - DR. VJOSA OSMANI - SADRIU -\" \/>\n<meta name=\"robots\" content=\"index, follow, max-snippet:-1, max-image-preview:large, max-video-preview:-1\" \/>\n<link rel=\"canonical\" href=\"https:\/\/president-ksgov.net\/presidentja-atifete-jahjaga-priti-perfaqesuesin-e-posacem-te-sekretarit-te-pergjithshem-te-okb-se-per-kosoven-farid-zarif\/\" \/>\n<meta property=\"og:locale\" content=\"en_US\" \/>\n<meta property=\"og:type\" content=\"article\" \/>\n<meta property=\"og:title\" content=\"President Atifete Jahjaga received the Special Representative of the UN Secretary General for Kosovo, Farid Zarif - President of the Republic of Kosovo - DR. VJOSA OSMANI - SADRIU\" \/>\n<meta property=\"og:description\" content=\"President Atifete Jahjaga received the Special Representative of the UN Secretary General for Kosovo, Farid Zarif - President of the Republic of Kosovo - DR. VJOSA OSMANI - SADRIU -\" \/>\n<meta property=\"og:url\" content=\"https:\/\/president-ksgov.net\/presidentja-atifete-jahjaga-priti-perfaqesuesin-e-posacem-te-sekretarit-te-pergjithshem-te-okb-se-per-kosoven-farid-zarif\/\" \/>\n<meta property=\"og:site_name\" content=\"President of the Republic of Kosovo - DR. VJOSA OSMANI - SADRIU\" \/>\n<meta property=\"article:published_time\" content=\"2014-10-29T13:50:47+00:00\" \/>\n<meta property=\"article:modified_time\" content=\"2023-03-07T10:18:28+00:00\" \/>\n<meta property=\"og:image\" content=\"https:\/\/president-ksgov.net\/wp-content\/uploads\/29_10_2014_3709439_29_tetor_2014_1.jpg\" \/>\n\t<meta property=\"og:image:width\" content=\"1000\" \/>\n\t<meta property=\"og:image:height\" content=\"798\" \/>\n\t<meta property=\"og:image:type\" content=\"image\/jpeg\" \/>\n<meta name=\"author\" content=\"admin\" \/>\n<meta name=\"twitter:card\" content=\"summary_large_image\" \/>\n<meta name=\"twitter:label1\" content=\"Written by\" \/>\n\t<meta name=\"twitter:data1\" content=\"admin\" \/>\n\t<meta name=\"twitter:label2\" content=\"Est. reading time\" \/>\n\t<meta name=\"twitter:data2\" content=\"1 minute\" \/>\n<script type=\"application\/ld+json\" class=\"yoast-schema-graph\">{\"@context\":\"https:\/\/schema.org\",\"@graph\":[{\"@type\":\"WebPage\",\"@id\":\"https:\/\/president-ksgov.net\/presidentja-atifete-jahjaga-priti-perfaqesuesin-e-posacem-te-sekretarit-te-pergjithshem-te-okb-se-per-kosoven-farid-zarif\/\",\"url\":\"https:\/\/president-ksgov.net\/presidentja-atifete-jahjaga-priti-perfaqesuesin-e-posacem-te-sekretarit-te-pergjithshem-te-okb-se-per-kosoven-farid-zarif\/\",\"name\":\"President Atifete Jahjaga received the Special Representative of the UN Secretary General for Kosovo, Farid Zarif - President of the Republic of Kosovo - DR. VJOSA OSMANI - SADRIU\",\"isPartOf\":{\"@id\":\"https:\/\/president-ksgov.net\/#website\"},\"primaryImageOfPage\":{\"@id\":\"https:\/\/president-ksgov.net\/presidentja-atifete-jahjaga-priti-perfaqesuesin-e-posacem-te-sekretarit-te-pergjithshem-te-okb-se-per-kosoven-farid-zarif\/#primaryimage\"},\"image\":{\"@id\":\"https:\/\/president-ksgov.net\/presidentja-atifete-jahjaga-priti-perfaqesuesin-e-posacem-te-sekretarit-te-pergjithshem-te-okb-se-per-kosoven-farid-zarif\/#primaryimage\"},\"thumbnailUrl\":\"https:\/\/president-ksgov.net\/wp-content\/uploads\/29_10_2014_3709439_29_tetor_2014_1.jpg\",\"datePublished\":\"2014-10-29T13:50:47+00:00\",\"dateModified\":\"2023-03-07T10:18:28+00:00\",\"author\":{\"@id\":\"https:\/\/president-ksgov.net\/#\/schema\/person\/bb4337a5fb147cb2046d80548172cbee\"},\"description\":\"President Atifete Jahjaga received the Special Representative of the UN Secretary General for Kosovo, Farid Zarif - President of the Republic of Kosovo - DR. VJOSA OSMANI - SADRIU -\",\"breadcrumb\":{\"@id\":\"https:\/\/president-ksgov.net\/presidentja-atifete-jahjaga-priti-perfaqesuesin-e-posacem-te-sekretarit-te-pergjithshem-te-okb-se-per-kosoven-farid-zarif\/#breadcrumb\"},\"inLanguage\":\"en-US\",\"potentialAction\":[{\"@type\":\"ReadAction\",\"target\":[\"https:\/\/president-ksgov.net\/presidentja-atifete-jahjaga-priti-perfaqesuesin-e-posacem-te-sekretarit-te-pergjithshem-te-okb-se-per-kosoven-farid-zarif\/\"]}]},{\"@type\":\"ImageObject\",\"inLanguage\":\"en-US\",\"@id\":\"https:\/\/president-ksgov.net\/presidentja-atifete-jahjaga-priti-perfaqesuesin-e-posacem-te-sekretarit-te-pergjithshem-te-okb-se-per-kosoven-farid-zarif\/#primaryimage\",\"url\":\"https:\/\/president-ksgov.net\/wp-content\/uploads\/29_10_2014_3709439_29_tetor_2014_1.jpg\",\"contentUrl\":\"https:\/\/president-ksgov.net\/wp-content\/uploads\/29_10_2014_3709439_29_tetor_2014_1.jpg\",\"width\":1000,\"height\":798},{\"@type\":\"BreadcrumbList\",\"@id\":\"https:\/\/president-ksgov.net\/presidentja-atifete-jahjaga-priti-perfaqesuesin-e-posacem-te-sekretarit-te-pergjithshem-te-okb-se-per-kosoven-farid-zarif\/#breadcrumb\",\"itemListElement\":[{\"@type\":\"ListItem\",\"position\":1,\"name\":\"Home\",\"item\":\"https:\/\/president-ksgov.net\/en\/\"},{\"@type\":\"ListItem\",\"position\":2,\"name\":\"President Atifete Jahjaga received the Special Representative of the UN Secretary General for Kosovo, Farid Zarif\"}]},{\"@type\":\"WebSite\",\"@id\":\"https:\/\/president-ksgov.net\/#website\",\"url\":\"https:\/\/president-ksgov.net\/\",\"name\":\"Presidente e Republik\u00ebs s\u00eb Kosov\u00ebs\",\"description\":\"Presidente e Republik\u00ebs s\u00eb Kosov\u00ebs\",\"alternateName\":\"DR. VJOSA OSMANI - SADRIU\",\"potentialAction\":[{\"@type\":\"SearchAction\",\"target\":{\"@type\":\"EntryPoint\",\"urlTemplate\":\"https:\/\/president-ksgov.net\/?s={search_term_string}\"},\"query-input\":{\"@type\":\"PropertyValueSpecification\",\"valueRequired\":true,\"valueName\":\"search_term_string\"}}],\"inLanguage\":\"en-US\"},{\"@type\":\"Person\",\"@id\":\"https:\/\/president-ksgov.net\/#\/schema\/person\/bb4337a5fb147cb2046d80548172cbee\",\"name\":\"admin\",\"image\":{\"@type\":\"ImageObject\",\"inLanguage\":\"en-US\",\"@id\":\"https:\/\/president-ksgov.net\/#\/schema\/person\/image\/\",\"url\":\"https:\/\/secure.gravatar.com\/avatar\/36156ca0fa3b8d9d25174f146e16beea0cf28f37adf1b9e19b6c9c279a7c9dd3?s=96&d=mm&r=g\",\"contentUrl\":\"https:\/\/secure.gravatar.com\/avatar\/36156ca0fa3b8d9d25174f146e16beea0cf28f37adf1b9e19b6c9c279a7c9dd3?s=96&d=mm&r=g\",\"caption\":\"admin\"},\"sameAs\":[\"https:\/\/president-ksgov.net\"]}]}<\/script>\n<!-- \/ Yoast SEO plugin. -->","yoast_head_json":{"title":"President Atifete Jahjaga received the Special Representative of the UN Secretary General for Kosovo, Farid Zarif - President of the Republic of Kosovo - DR. VJOSA OSMANI - SADRIU","description":"President Atifete Jahjaga received the Special Representative of the UN Secretary General for Kosovo, Farid Zarif - President of the Republic of Kosovo - DR. VJOSA OSMANI - SADRIU -","robots":{"index":"index","follow":"follow","max-snippet":"max-snippet:-1","max-image-preview":"max-image-preview:large","max-video-preview":"max-video-preview:-1"},"canonical":"https:\/\/president-ksgov.net\/presidentja-atifete-jahjaga-priti-perfaqesuesin-e-posacem-te-sekretarit-te-pergjithshem-te-okb-se-per-kosoven-farid-zarif\/","og_locale":"en_US","og_type":"article","og_title":"President Atifete Jahjaga received the Special Representative of the UN Secretary General for Kosovo, Farid Zarif - President of the Republic of Kosovo - DR. VJOSA OSMANI - SADRIU","og_description":"President Atifete Jahjaga received the Special Representative of the UN Secretary General for Kosovo, Farid Zarif - President of the Republic of Kosovo - DR. VJOSA OSMANI - SADRIU -","og_url":"https:\/\/president-ksgov.net\/presidentja-atifete-jahjaga-priti-perfaqesuesin-e-posacem-te-sekretarit-te-pergjithshem-te-okb-se-per-kosoven-farid-zarif\/","og_site_name":"President of the Republic of Kosovo - DR. VJOSA OSMANI - SADRIU","article_published_time":"2014-10-29T13:50:47+00:00","article_modified_time":"2023-03-07T10:18:28+00:00","og_image":[{"width":1000,"height":798,"url":"https:\/\/president-ksgov.net\/wp-content\/uploads\/29_10_2014_3709439_29_tetor_2014_1.jpg","type":"image\/jpeg"}],"author":"admin","twitter_card":"summary_large_image","twitter_misc":{"Written by":"admin","Est. reading time":"1 minute"},"schema":{"@context":"https:\/\/schema.org","@graph":[{"@type":"WebPage","@id":"https:\/\/president-ksgov.net\/presidentja-atifete-jahjaga-priti-perfaqesuesin-e-posacem-te-sekretarit-te-pergjithshem-te-okb-se-per-kosoven-farid-zarif\/","url":"https:\/\/president-ksgov.net\/presidentja-atifete-jahjaga-priti-perfaqesuesin-e-posacem-te-sekretarit-te-pergjithshem-te-okb-se-per-kosoven-farid-zarif\/","name":"President Atifete Jahjaga received the Special Representative of the UN Secretary General for Kosovo, Farid Zarif - President of the Republic of Kosovo - DR. VJOSA OSMANI - SADRIU","isPartOf":{"@id":"https:\/\/president-ksgov.net\/#website"},"primaryImageOfPage":{"@id":"https:\/\/president-ksgov.net\/presidentja-atifete-jahjaga-priti-perfaqesuesin-e-posacem-te-sekretarit-te-pergjithshem-te-okb-se-per-kosoven-farid-zarif\/#primaryimage"},"image":{"@id":"https:\/\/president-ksgov.net\/presidentja-atifete-jahjaga-priti-perfaqesuesin-e-posacem-te-sekretarit-te-pergjithshem-te-okb-se-per-kosoven-farid-zarif\/#primaryimage"},"thumbnailUrl":"https:\/\/president-ksgov.net\/wp-content\/uploads\/29_10_2014_3709439_29_tetor_2014_1.jpg","datePublished":"2014-10-29T13:50:47+00:00","dateModified":"2023-03-07T10:18:28+00:00","author":{"@id":"https:\/\/president-ksgov.net\/#\/schema\/person\/bb4337a5fb147cb2046d80548172cbee"},"description":"President Atifete Jahjaga received the Special Representative of the UN Secretary General for Kosovo, Farid Zarif - President of the Republic of Kosovo - DR. VJOSA OSMANI - SADRIU -","breadcrumb":{"@id":"https:\/\/president-ksgov.net\/presidentja-atifete-jahjaga-priti-perfaqesuesin-e-posacem-te-sekretarit-te-pergjithshem-te-okb-se-per-kosoven-farid-zarif\/#breadcrumb"},"inLanguage":"en-US","potentialAction":[{"@type":"ReadAction","target":["https:\/\/president-ksgov.net\/presidentja-atifete-jahjaga-priti-perfaqesuesin-e-posacem-te-sekretarit-te-pergjithshem-te-okb-se-per-kosoven-farid-zarif\/"]}]},{"@type":"ImageObject","inLanguage":"en-US","@id":"https:\/\/president-ksgov.net\/presidentja-atifete-jahjaga-priti-perfaqesuesin-e-posacem-te-sekretarit-te-pergjithshem-te-okb-se-per-kosoven-farid-zarif\/#primaryimage","url":"https:\/\/president-ksgov.net\/wp-content\/uploads\/29_10_2014_3709439_29_tetor_2014_1.jpg","contentUrl":"https:\/\/president-ksgov.net\/wp-content\/uploads\/29_10_2014_3709439_29_tetor_2014_1.jpg","width":1000,"height":798},{"@type":"BreadcrumbList","@id":"https:\/\/president-ksgov.net\/presidentja-atifete-jahjaga-priti-perfaqesuesin-e-posacem-te-sekretarit-te-pergjithshem-te-okb-se-per-kosoven-farid-zarif\/#breadcrumb","itemListElement":[{"@type":"ListItem","position":1,"name":"Home","item":"https:\/\/president-ksgov.net\/en\/"},{"@type":"ListItem","position":2,"name":"President Atifete Jahjaga received the Special Representative of the UN Secretary General for Kosovo, Farid Zarif"}]},{"@type":"WebSite","@id":"https:\/\/president-ksgov.net\/#website","url":"https:\/\/president-ksgov.net\/","name":"Presidente e Republik\u00ebs s\u00eb Kosov\u00ebs","description":"Presidente e Republik\u00ebs s\u00eb Kosov\u00ebs","alternateName":"DR. VJOSA OSMANI - SADRIU","potentialAction":[{"@type":"SearchAction","target":{"@type":"EntryPoint","urlTemplate":"https:\/\/president-ksgov.net\/?s={search_term_string}"},"query-input":{"@type":"PropertyValueSpecification","valueRequired":true,"valueName":"search_term_string"}}],"inLanguage":"en-US"},{"@type":"Person","@id":"https:\/\/president-ksgov.net\/#\/schema\/person\/bb4337a5fb147cb2046d80548172cbee","name":"admin","image":{"@type":"ImageObject","inLanguage":"en-US","@id":"https:\/\/president-ksgov.net\/#\/schema\/person\/image\/","url":"https:\/\/secure.gravatar.com\/avatar\/36156ca0fa3b8d9d25174f146e16beea0cf28f37adf1b9e19b6c9c279a7c9dd3?s=96&d=mm&r=g","contentUrl":"https:\/\/secure.gravatar.com\/avatar\/36156ca0fa3b8d9d25174f146e16beea0cf28f37adf1b9e19b6c9c279a7c9dd3?s=96&d=mm&r=g","caption":"admin"},"sameAs":["https:\/\/president-ksgov.net"]}]}},"_links":{"self":[{"href":"https:\/\/president-ksgov.net\/en\/wp-json\/wp\/v2\/posts\/70067","targetHints":{"allow":["GET"]}}],"collection":[{"href":"https:\/\/president-ksgov.net\/en\/wp-json\/wp\/v2\/posts"}],"about":[{"href":"https:\/\/president-ksgov.net\/en\/wp-json\/wp\/v2\/types\/post"}],"author":[{"embeddable":true,"href":"https:\/\/president-ksgov.net\/en\/wp-json\/wp\/v2\/users\/1"}],"replies":[{"embeddable":true,"href":"https:\/\/president-ksgov.net\/en\/wp-json\/wp\/v2\/comments?post=70067"}],"version-history":[{"count":0,"href":"https:\/\/president-ksgov.net\/en\/wp-json\/wp\/v2\/posts\/70067\/revisions"}],"wp:featuredmedia":[{"embeddable":true,"href":"https:\/\/president-ksgov.net\/en\/wp-json\/wp\/v2\/media\/43043"}],"wp:attachment":[{"href":"https:\/\/president-ksgov.net\/en\/wp-json\/wp\/v2\/media?parent=70067"}],"wp:term":[{"taxonomy":"category","embeddable":true,"href":"https:\/\/president-ksgov.net\/en\/wp-json\/wp\/v2\/categories?post=70067"},{"taxonomy":"post_tag","embeddable":true,"href":"https:\/\/president-ksgov.net\/en\/wp-json\/wp\/v2\/tags?post=70067"}],"curies":[{"name":"wp","href":"https:\/\/api.w.org\/{rel}","templated":true}]}}