{"id":70043,"date":"2014-11-27T15:25:48","date_gmt":"2014-11-27T15:25:48","guid":{"rendered":"https:\/\/dev.president-ksgov.net\/president-atifete-jahjaga-received-the-vice-president-of-the-parliament-of-austria-karheinz-kopf\/"},"modified":"2023-03-07T10:17:52","modified_gmt":"2023-03-07T10:17:52","slug":"president-atifete-jahjaga-received-the-vice-president-of-the-parliament-of-austria-karheinz-kopf","status":"publish","type":"post","link":"https:\/\/president-ksgov.net\/en\/president-atifete-jahjaga-received-the-vice-president-of-the-parliament-of-austria-karheinz-kopf\/","title":{"rendered":"President Atifete Jahjaga received the Vice President of the Parliament of Austria, Karheinz Kopf"},"content":{"rendered":"<p>The President of the Republic of Kosovo, Madam Atifete Jahjaga, received today the Vice President of the Assembly of the Republic of Austria, Mr. Karheinz Kopf, who is staying in Kosovo with a group of businessmen from Austria, who have expressed their interest to invest in our country.<\/p>\n<p>President Jahjaga praised the support and assistance that Austria has given to Kosovo and stressed the importance of strengthening the cooperation between the two countries in the field of economy field and especially the one of investment. She said that Kosovo is working in the creation of a good business climate to attract investors from abroad.<\/p>\n<p>President Jahjaga expressed her belief that with the rapid building of the country institutions, the inter-parliamentary cooperation will continue through the exchange of experiences. She said that the support of Austria in the process of European integrations for Kosovo is very important.<\/p>\n<p>The Vice President of the Assembly of the Republic of Austria, Mr. Karheinz Kopf was interested about the current developments in Kosovo and especially on the capacities and opportunities that Kosovo offers for investment and expressed the readiness of Austria to support Kosovo in all fields.<br \/>\n\u00a0<\/p>\n","protected":false},"excerpt":{"rendered":"<p>The President of the Republic of Kosovo, Madam Atifete Jahjaga, received today the Vice President of the Assembly of the Republic of Austria, Mr. Karheinz Kopf, who is staying in Kosovo with a group of businessmen from Austria, who have expressed their interest to invest in our country.<\/p>\n","protected":false},"author":1,"featured_media":42776,"comment_status":"open","ping_status":"closed","sticky":false,"template":"","format":"standard","meta":{"_eb_attr":"","footnotes":""},"categories":[111],"tags":[],"class_list":["post-70043","post","type-post","status-publish","format-standard","has-post-thumbnail","hentry","category-news"],"yoast_head":"<!-- This site is optimized with the Yoast SEO plugin v23.5 - https:\/\/yoast.com\/wordpress\/plugins\/seo\/ -->\n<title>President Atifete Jahjaga received the Vice President of the Parliament of Austria, Karheinz Kopf - President of the Republic of Kosovo - DR. VJOSA OSMANI - SADRIU<\/title>\n<meta name=\"description\" content=\"President Atifete Jahjaga received the Vice President of the Parliament of Austria, Karheinz Kopf - President of the Republic of Kosovo - DR. VJOSA OSMANI - SADRIU -\" \/>\n<meta name=\"robots\" content=\"index, follow, max-snippet:-1, max-image-preview:large, max-video-preview:-1\" \/>\n<link rel=\"canonical\" href=\"https:\/\/president-ksgov.net\/presidentja-atifete-jahjaga-priti-nenkryetarin-e-kuvendit-te-austrise-karheinz-kopf\/\" \/>\n<meta property=\"og:locale\" content=\"en_US\" \/>\n<meta property=\"og:type\" content=\"article\" \/>\n<meta property=\"og:title\" content=\"President Atifete Jahjaga received the Vice President of the Parliament of Austria, Karheinz Kopf - President of the Republic of Kosovo - DR. VJOSA OSMANI - SADRIU\" \/>\n<meta property=\"og:description\" content=\"President Atifete Jahjaga received the Vice President of the Parliament of Austria, Karheinz Kopf - President of the Republic of Kosovo - DR. VJOSA OSMANI - SADRIU -\" \/>\n<meta property=\"og:url\" content=\"https:\/\/president-ksgov.net\/presidentja-atifete-jahjaga-priti-nenkryetarin-e-kuvendit-te-austrise-karheinz-kopf\/\" \/>\n<meta property=\"og:site_name\" content=\"President of the Republic of Kosovo - DR. VJOSA OSMANI - SADRIU\" \/>\n<meta property=\"article:published_time\" content=\"2014-11-27T15:25:48+00:00\" \/>\n<meta property=\"article:modified_time\" content=\"2023-03-07T10:17:52+00:00\" \/>\n<meta property=\"og:image\" content=\"https:\/\/president-ksgov.net\/wp-content\/uploads\/27_11_2014_5439565_IMG_0038__Copy_.jpg\" \/>\n\t<meta property=\"og:image:width\" content=\"850\" \/>\n\t<meta property=\"og:image:height\" content=\"566\" \/>\n\t<meta property=\"og:image:type\" content=\"image\/jpeg\" \/>\n<meta name=\"author\" content=\"admin\" \/>\n<meta name=\"twitter:card\" content=\"summary_large_image\" \/>\n<meta name=\"twitter:label1\" content=\"Written by\" \/>\n\t<meta name=\"twitter:data1\" content=\"admin\" \/>\n\t<meta name=\"twitter:label2\" content=\"Est. reading time\" \/>\n\t<meta name=\"twitter:data2\" content=\"1 minute\" \/>\n<script type=\"application\/ld+json\" class=\"yoast-schema-graph\">{\"@context\":\"https:\/\/schema.org\",\"@graph\":[{\"@type\":\"WebPage\",\"@id\":\"https:\/\/president-ksgov.net\/presidentja-atifete-jahjaga-priti-nenkryetarin-e-kuvendit-te-austrise-karheinz-kopf\/\",\"url\":\"https:\/\/president-ksgov.net\/presidentja-atifete-jahjaga-priti-nenkryetarin-e-kuvendit-te-austrise-karheinz-kopf\/\",\"name\":\"President Atifete Jahjaga received the Vice President of the Parliament of Austria, Karheinz Kopf - President of the Republic of Kosovo - DR. VJOSA OSMANI - SADRIU\",\"isPartOf\":{\"@id\":\"https:\/\/president-ksgov.net\/#website\"},\"primaryImageOfPage\":{\"@id\":\"https:\/\/president-ksgov.net\/presidentja-atifete-jahjaga-priti-nenkryetarin-e-kuvendit-te-austrise-karheinz-kopf\/#primaryimage\"},\"image\":{\"@id\":\"https:\/\/president-ksgov.net\/presidentja-atifete-jahjaga-priti-nenkryetarin-e-kuvendit-te-austrise-karheinz-kopf\/#primaryimage\"},\"thumbnailUrl\":\"https:\/\/president-ksgov.net\/wp-content\/uploads\/27_11_2014_5439565_IMG_0038__Copy_.jpg\",\"datePublished\":\"2014-11-27T15:25:48+00:00\",\"dateModified\":\"2023-03-07T10:17:52+00:00\",\"author\":{\"@id\":\"https:\/\/president-ksgov.net\/#\/schema\/person\/bb4337a5fb147cb2046d80548172cbee\"},\"description\":\"President Atifete Jahjaga received the Vice President of the Parliament of Austria, Karheinz Kopf - President of the Republic of Kosovo - DR. VJOSA OSMANI - SADRIU -\",\"breadcrumb\":{\"@id\":\"https:\/\/president-ksgov.net\/presidentja-atifete-jahjaga-priti-nenkryetarin-e-kuvendit-te-austrise-karheinz-kopf\/#breadcrumb\"},\"inLanguage\":\"en-US\",\"potentialAction\":[{\"@type\":\"ReadAction\",\"target\":[\"https:\/\/president-ksgov.net\/presidentja-atifete-jahjaga-priti-nenkryetarin-e-kuvendit-te-austrise-karheinz-kopf\/\"]}]},{\"@type\":\"ImageObject\",\"inLanguage\":\"en-US\",\"@id\":\"https:\/\/president-ksgov.net\/presidentja-atifete-jahjaga-priti-nenkryetarin-e-kuvendit-te-austrise-karheinz-kopf\/#primaryimage\",\"url\":\"https:\/\/president-ksgov.net\/wp-content\/uploads\/27_11_2014_5439565_IMG_0038__Copy_.jpg\",\"contentUrl\":\"https:\/\/president-ksgov.net\/wp-content\/uploads\/27_11_2014_5439565_IMG_0038__Copy_.jpg\",\"width\":850,\"height\":566},{\"@type\":\"BreadcrumbList\",\"@id\":\"https:\/\/president-ksgov.net\/presidentja-atifete-jahjaga-priti-nenkryetarin-e-kuvendit-te-austrise-karheinz-kopf\/#breadcrumb\",\"itemListElement\":[{\"@type\":\"ListItem\",\"position\":1,\"name\":\"Home\",\"item\":\"https:\/\/president-ksgov.net\/en\/\"},{\"@type\":\"ListItem\",\"position\":2,\"name\":\"President Atifete Jahjaga received the Vice President of the Parliament of Austria, Karheinz Kopf\"}]},{\"@type\":\"WebSite\",\"@id\":\"https:\/\/president-ksgov.net\/#website\",\"url\":\"https:\/\/president-ksgov.net\/\",\"name\":\"Presidente e Republik\u00ebs s\u00eb Kosov\u00ebs\",\"description\":\"Presidente e Republik\u00ebs s\u00eb Kosov\u00ebs\",\"alternateName\":\"DR. VJOSA OSMANI - SADRIU\",\"potentialAction\":[{\"@type\":\"SearchAction\",\"target\":{\"@type\":\"EntryPoint\",\"urlTemplate\":\"https:\/\/president-ksgov.net\/?s={search_term_string}\"},\"query-input\":{\"@type\":\"PropertyValueSpecification\",\"valueRequired\":true,\"valueName\":\"search_term_string\"}}],\"inLanguage\":\"en-US\"},{\"@type\":\"Person\",\"@id\":\"https:\/\/president-ksgov.net\/#\/schema\/person\/bb4337a5fb147cb2046d80548172cbee\",\"name\":\"admin\",\"image\":{\"@type\":\"ImageObject\",\"inLanguage\":\"en-US\",\"@id\":\"https:\/\/president-ksgov.net\/#\/schema\/person\/image\/\",\"url\":\"https:\/\/secure.gravatar.com\/avatar\/36156ca0fa3b8d9d25174f146e16beea0cf28f37adf1b9e19b6c9c279a7c9dd3?s=96&d=mm&r=g\",\"contentUrl\":\"https:\/\/secure.gravatar.com\/avatar\/36156ca0fa3b8d9d25174f146e16beea0cf28f37adf1b9e19b6c9c279a7c9dd3?s=96&d=mm&r=g\",\"caption\":\"admin\"},\"sameAs\":[\"https:\/\/president-ksgov.net\"]}]}<\/script>\n<!-- \/ Yoast SEO plugin. -->","yoast_head_json":{"title":"President Atifete Jahjaga received the Vice President of the Parliament of Austria, Karheinz Kopf - President of the Republic of Kosovo - DR. VJOSA OSMANI - SADRIU","description":"President Atifete Jahjaga received the Vice President of the Parliament of Austria, Karheinz Kopf - President of the Republic of Kosovo - DR. VJOSA OSMANI - SADRIU -","robots":{"index":"index","follow":"follow","max-snippet":"max-snippet:-1","max-image-preview":"max-image-preview:large","max-video-preview":"max-video-preview:-1"},"canonical":"https:\/\/president-ksgov.net\/presidentja-atifete-jahjaga-priti-nenkryetarin-e-kuvendit-te-austrise-karheinz-kopf\/","og_locale":"en_US","og_type":"article","og_title":"President Atifete Jahjaga received the Vice President of the Parliament of Austria, Karheinz Kopf - President of the Republic of Kosovo - DR. VJOSA OSMANI - SADRIU","og_description":"President Atifete Jahjaga received the Vice President of the Parliament of Austria, Karheinz Kopf - President of the Republic of Kosovo - DR. VJOSA OSMANI - SADRIU -","og_url":"https:\/\/president-ksgov.net\/presidentja-atifete-jahjaga-priti-nenkryetarin-e-kuvendit-te-austrise-karheinz-kopf\/","og_site_name":"President of the Republic of Kosovo - DR. VJOSA OSMANI - SADRIU","article_published_time":"2014-11-27T15:25:48+00:00","article_modified_time":"2023-03-07T10:17:52+00:00","og_image":[{"width":850,"height":566,"url":"https:\/\/president-ksgov.net\/wp-content\/uploads\/27_11_2014_5439565_IMG_0038__Copy_.jpg","type":"image\/jpeg"}],"author":"admin","twitter_card":"summary_large_image","twitter_misc":{"Written by":"admin","Est. reading time":"1 minute"},"schema":{"@context":"https:\/\/schema.org","@graph":[{"@type":"WebPage","@id":"https:\/\/president-ksgov.net\/presidentja-atifete-jahjaga-priti-nenkryetarin-e-kuvendit-te-austrise-karheinz-kopf\/","url":"https:\/\/president-ksgov.net\/presidentja-atifete-jahjaga-priti-nenkryetarin-e-kuvendit-te-austrise-karheinz-kopf\/","name":"President Atifete Jahjaga received the Vice President of the Parliament of Austria, Karheinz Kopf - President of the Republic of Kosovo - DR. VJOSA OSMANI - SADRIU","isPartOf":{"@id":"https:\/\/president-ksgov.net\/#website"},"primaryImageOfPage":{"@id":"https:\/\/president-ksgov.net\/presidentja-atifete-jahjaga-priti-nenkryetarin-e-kuvendit-te-austrise-karheinz-kopf\/#primaryimage"},"image":{"@id":"https:\/\/president-ksgov.net\/presidentja-atifete-jahjaga-priti-nenkryetarin-e-kuvendit-te-austrise-karheinz-kopf\/#primaryimage"},"thumbnailUrl":"https:\/\/president-ksgov.net\/wp-content\/uploads\/27_11_2014_5439565_IMG_0038__Copy_.jpg","datePublished":"2014-11-27T15:25:48+00:00","dateModified":"2023-03-07T10:17:52+00:00","author":{"@id":"https:\/\/president-ksgov.net\/#\/schema\/person\/bb4337a5fb147cb2046d80548172cbee"},"description":"President Atifete Jahjaga received the Vice President of the Parliament of Austria, Karheinz Kopf - President of the Republic of Kosovo - DR. VJOSA OSMANI - SADRIU -","breadcrumb":{"@id":"https:\/\/president-ksgov.net\/presidentja-atifete-jahjaga-priti-nenkryetarin-e-kuvendit-te-austrise-karheinz-kopf\/#breadcrumb"},"inLanguage":"en-US","potentialAction":[{"@type":"ReadAction","target":["https:\/\/president-ksgov.net\/presidentja-atifete-jahjaga-priti-nenkryetarin-e-kuvendit-te-austrise-karheinz-kopf\/"]}]},{"@type":"ImageObject","inLanguage":"en-US","@id":"https:\/\/president-ksgov.net\/presidentja-atifete-jahjaga-priti-nenkryetarin-e-kuvendit-te-austrise-karheinz-kopf\/#primaryimage","url":"https:\/\/president-ksgov.net\/wp-content\/uploads\/27_11_2014_5439565_IMG_0038__Copy_.jpg","contentUrl":"https:\/\/president-ksgov.net\/wp-content\/uploads\/27_11_2014_5439565_IMG_0038__Copy_.jpg","width":850,"height":566},{"@type":"BreadcrumbList","@id":"https:\/\/president-ksgov.net\/presidentja-atifete-jahjaga-priti-nenkryetarin-e-kuvendit-te-austrise-karheinz-kopf\/#breadcrumb","itemListElement":[{"@type":"ListItem","position":1,"name":"Home","item":"https:\/\/president-ksgov.net\/en\/"},{"@type":"ListItem","position":2,"name":"President Atifete Jahjaga received the Vice President of the Parliament of Austria, Karheinz Kopf"}]},{"@type":"WebSite","@id":"https:\/\/president-ksgov.net\/#website","url":"https:\/\/president-ksgov.net\/","name":"Presidente e Republik\u00ebs s\u00eb Kosov\u00ebs","description":"Presidente e Republik\u00ebs s\u00eb Kosov\u00ebs","alternateName":"DR. VJOSA OSMANI - SADRIU","potentialAction":[{"@type":"SearchAction","target":{"@type":"EntryPoint","urlTemplate":"https:\/\/president-ksgov.net\/?s={search_term_string}"},"query-input":{"@type":"PropertyValueSpecification","valueRequired":true,"valueName":"search_term_string"}}],"inLanguage":"en-US"},{"@type":"Person","@id":"https:\/\/president-ksgov.net\/#\/schema\/person\/bb4337a5fb147cb2046d80548172cbee","name":"admin","image":{"@type":"ImageObject","inLanguage":"en-US","@id":"https:\/\/president-ksgov.net\/#\/schema\/person\/image\/","url":"https:\/\/secure.gravatar.com\/avatar\/36156ca0fa3b8d9d25174f146e16beea0cf28f37adf1b9e19b6c9c279a7c9dd3?s=96&d=mm&r=g","contentUrl":"https:\/\/secure.gravatar.com\/avatar\/36156ca0fa3b8d9d25174f146e16beea0cf28f37adf1b9e19b6c9c279a7c9dd3?s=96&d=mm&r=g","caption":"admin"},"sameAs":["https:\/\/president-ksgov.net"]}]}},"_links":{"self":[{"href":"https:\/\/president-ksgov.net\/en\/wp-json\/wp\/v2\/posts\/70043","targetHints":{"allow":["GET"]}}],"collection":[{"href":"https:\/\/president-ksgov.net\/en\/wp-json\/wp\/v2\/posts"}],"about":[{"href":"https:\/\/president-ksgov.net\/en\/wp-json\/wp\/v2\/types\/post"}],"author":[{"embeddable":true,"href":"https:\/\/president-ksgov.net\/en\/wp-json\/wp\/v2\/users\/1"}],"replies":[{"embeddable":true,"href":"https:\/\/president-ksgov.net\/en\/wp-json\/wp\/v2\/comments?post=70043"}],"version-history":[{"count":0,"href":"https:\/\/president-ksgov.net\/en\/wp-json\/wp\/v2\/posts\/70043\/revisions"}],"wp:featuredmedia":[{"embeddable":true,"href":"https:\/\/president-ksgov.net\/en\/wp-json\/wp\/v2\/media\/42776"}],"wp:attachment":[{"href":"https:\/\/president-ksgov.net\/en\/wp-json\/wp\/v2\/media?parent=70043"}],"wp:term":[{"taxonomy":"category","embeddable":true,"href":"https:\/\/president-ksgov.net\/en\/wp-json\/wp\/v2\/categories?post=70043"},{"taxonomy":"post_tag","embeddable":true,"href":"https:\/\/president-ksgov.net\/en\/wp-json\/wp\/v2\/tags?post=70043"}],"curies":[{"name":"wp","href":"https:\/\/api.w.org\/{rel}","templated":true}]}}