{"id":70040,"date":"2014-12-03T17:51:33","date_gmt":"2014-12-03T17:51:33","guid":{"rendered":"https:\/\/dev.president-ksgov.net\/president-atifete-jahjaga-received-the-minister-of-defense-of-portugal-jose-pedro-aguiar-branco\/"},"modified":"2023-03-07T10:17:52","modified_gmt":"2023-03-07T10:17:52","slug":"president-atifete-jahjaga-received-the-minister-of-defense-of-portugal-jose-pedro-aguiar-branco","status":"publish","type":"post","link":"https:\/\/president-ksgov.net\/en\/president-atifete-jahjaga-received-the-minister-of-defense-of-portugal-jose-pedro-aguiar-branco\/","title":{"rendered":"President Atifete Jahjaga received the Minister of Defense of Portugal, Jose Pedro Aguiar-Branco"},"content":{"rendered":"<p>The President of the Republic of Kosovo, Madam Atifete Jahjaga, received today the Minister of Defense of Portugal, Jose Pedro Aguiar-Branco, who stressed that his country is assessing and analyzing the need to continue the Portuguese military presence within the NATO peacekeeping force and the possibility of building bilateral relations in the field of security.<\/p>\n<p>President Jahjaga and Minister Aguiar &#8211; Branco reaffirmed the necessity of the commitment in maintaining security in the period of global threats and the mutual cooperation in this field. President Jahjaga said that the NATO peacekeeping force in Kosovo has played a role for the security of the country and also continues to have an important role for the stability of the entire region of South East Europe and beyond.<\/p>\n<p>The two interlocutors praised the good relations between the two countries and stressed the necessity of deepening cooperation between the two countries in all fields and in particular in the field of economics.\u00a0 <\/p>\n<p>\u00a0<\/p>\n","protected":false},"excerpt":{"rendered":"<p>The President of the Republic of Kosovo, Madam Atifete Jahjaga, received today the Minister of Defense of Portugal, Jose Pedro Aguiar-Branco, who stressed that his country is assessing and analyzing the need to continue the Portuguese military presence within the NATO peacekeeping force and the possibility of building bilateral relations in the field of security.<\/p>\n","protected":false},"author":1,"featured_media":42746,"comment_status":"open","ping_status":"closed","sticky":false,"template":"","format":"standard","meta":{"_eb_attr":"","footnotes":""},"categories":[111],"tags":[],"class_list":["post-70040","post","type-post","status-publish","format-standard","has-post-thumbnail","hentry","category-news"],"yoast_head":"<!-- This site is optimized with the Yoast SEO plugin v23.5 - https:\/\/yoast.com\/wordpress\/plugins\/seo\/ -->\n<title>President Atifete Jahjaga received the Minister of Defense of Portugal, Jose Pedro Aguiar-Branco - President of the Republic of Kosovo - DR. VJOSA OSMANI - SADRIU<\/title>\n<meta name=\"description\" content=\"President Atifete Jahjaga received the Minister of Defense of Portugal, Jose Pedro Aguiar-Branco - President of the Republic of Kosovo - DR. VJOSA OSMANI - SADRIU -\" \/>\n<meta name=\"robots\" content=\"index, follow, max-snippet:-1, max-image-preview:large, max-video-preview:-1\" \/>\n<link rel=\"canonical\" href=\"https:\/\/president-ksgov.net\/presidentja-atifete-jahjaga-priti-ministrin-e-mbrojtjes-se-portugalise-jose-pedro-aguiar-branco\/\" \/>\n<meta property=\"og:locale\" content=\"en_US\" \/>\n<meta property=\"og:type\" content=\"article\" \/>\n<meta property=\"og:title\" content=\"President Atifete Jahjaga received the Minister of Defense of Portugal, Jose Pedro Aguiar-Branco - President of the Republic of Kosovo - DR. VJOSA OSMANI - SADRIU\" \/>\n<meta property=\"og:description\" content=\"President Atifete Jahjaga received the Minister of Defense of Portugal, Jose Pedro Aguiar-Branco - President of the Republic of Kosovo - DR. VJOSA OSMANI - SADRIU -\" \/>\n<meta property=\"og:url\" content=\"https:\/\/president-ksgov.net\/presidentja-atifete-jahjaga-priti-ministrin-e-mbrojtjes-se-portugalise-jose-pedro-aguiar-branco\/\" \/>\n<meta property=\"og:site_name\" content=\"President of the Republic of Kosovo - DR. VJOSA OSMANI - SADRIU\" \/>\n<meta property=\"article:published_time\" content=\"2014-12-03T17:51:33+00:00\" \/>\n<meta property=\"article:modified_time\" content=\"2023-03-07T10:17:52+00:00\" \/>\n<meta property=\"og:image\" content=\"https:\/\/president-ksgov.net\/wp-content\/uploads\/03_12_2014_2478363_IMG_0057_.jpg\" \/>\n\t<meta property=\"og:image:width\" content=\"1000\" \/>\n\t<meta property=\"og:image:height\" content=\"1059\" \/>\n\t<meta property=\"og:image:type\" content=\"image\/jpeg\" \/>\n<meta name=\"author\" content=\"admin\" \/>\n<meta name=\"twitter:card\" content=\"summary_large_image\" \/>\n<meta name=\"twitter:label1\" content=\"Written by\" \/>\n\t<meta name=\"twitter:data1\" content=\"admin\" \/>\n\t<meta name=\"twitter:label2\" content=\"Est. reading time\" \/>\n\t<meta name=\"twitter:data2\" content=\"1 minute\" \/>\n<script type=\"application\/ld+json\" class=\"yoast-schema-graph\">{\"@context\":\"https:\/\/schema.org\",\"@graph\":[{\"@type\":\"WebPage\",\"@id\":\"https:\/\/president-ksgov.net\/presidentja-atifete-jahjaga-priti-ministrin-e-mbrojtjes-se-portugalise-jose-pedro-aguiar-branco\/\",\"url\":\"https:\/\/president-ksgov.net\/presidentja-atifete-jahjaga-priti-ministrin-e-mbrojtjes-se-portugalise-jose-pedro-aguiar-branco\/\",\"name\":\"President Atifete Jahjaga received the Minister of Defense of Portugal, Jose Pedro Aguiar-Branco - President of the Republic of Kosovo - DR. VJOSA OSMANI - SADRIU\",\"isPartOf\":{\"@id\":\"https:\/\/president-ksgov.net\/#website\"},\"primaryImageOfPage\":{\"@id\":\"https:\/\/president-ksgov.net\/presidentja-atifete-jahjaga-priti-ministrin-e-mbrojtjes-se-portugalise-jose-pedro-aguiar-branco\/#primaryimage\"},\"image\":{\"@id\":\"https:\/\/president-ksgov.net\/presidentja-atifete-jahjaga-priti-ministrin-e-mbrojtjes-se-portugalise-jose-pedro-aguiar-branco\/#primaryimage\"},\"thumbnailUrl\":\"https:\/\/president-ksgov.net\/wp-content\/uploads\/03_12_2014_2478363_IMG_0057_.jpg\",\"datePublished\":\"2014-12-03T17:51:33+00:00\",\"dateModified\":\"2023-03-07T10:17:52+00:00\",\"author\":{\"@id\":\"https:\/\/president-ksgov.net\/#\/schema\/person\/bb4337a5fb147cb2046d80548172cbee\"},\"description\":\"President Atifete Jahjaga received the Minister of Defense of Portugal, Jose Pedro Aguiar-Branco - President of the Republic of Kosovo - DR. VJOSA OSMANI - SADRIU -\",\"breadcrumb\":{\"@id\":\"https:\/\/president-ksgov.net\/presidentja-atifete-jahjaga-priti-ministrin-e-mbrojtjes-se-portugalise-jose-pedro-aguiar-branco\/#breadcrumb\"},\"inLanguage\":\"en-US\",\"potentialAction\":[{\"@type\":\"ReadAction\",\"target\":[\"https:\/\/president-ksgov.net\/presidentja-atifete-jahjaga-priti-ministrin-e-mbrojtjes-se-portugalise-jose-pedro-aguiar-branco\/\"]}]},{\"@type\":\"ImageObject\",\"inLanguage\":\"en-US\",\"@id\":\"https:\/\/president-ksgov.net\/presidentja-atifete-jahjaga-priti-ministrin-e-mbrojtjes-se-portugalise-jose-pedro-aguiar-branco\/#primaryimage\",\"url\":\"https:\/\/president-ksgov.net\/wp-content\/uploads\/03_12_2014_2478363_IMG_0057_.jpg\",\"contentUrl\":\"https:\/\/president-ksgov.net\/wp-content\/uploads\/03_12_2014_2478363_IMG_0057_.jpg\",\"width\":1000,\"height\":1059},{\"@type\":\"BreadcrumbList\",\"@id\":\"https:\/\/president-ksgov.net\/presidentja-atifete-jahjaga-priti-ministrin-e-mbrojtjes-se-portugalise-jose-pedro-aguiar-branco\/#breadcrumb\",\"itemListElement\":[{\"@type\":\"ListItem\",\"position\":1,\"name\":\"Home\",\"item\":\"https:\/\/president-ksgov.net\/en\/\"},{\"@type\":\"ListItem\",\"position\":2,\"name\":\"President Atifete Jahjaga received the Minister of Defense of Portugal, Jose Pedro Aguiar-Branco\"}]},{\"@type\":\"WebSite\",\"@id\":\"https:\/\/president-ksgov.net\/#website\",\"url\":\"https:\/\/president-ksgov.net\/\",\"name\":\"Presidente e Republik\u00ebs s\u00eb Kosov\u00ebs\",\"description\":\"Presidente e Republik\u00ebs s\u00eb Kosov\u00ebs\",\"alternateName\":\"DR. VJOSA OSMANI - SADRIU\",\"potentialAction\":[{\"@type\":\"SearchAction\",\"target\":{\"@type\":\"EntryPoint\",\"urlTemplate\":\"https:\/\/president-ksgov.net\/?s={search_term_string}\"},\"query-input\":{\"@type\":\"PropertyValueSpecification\",\"valueRequired\":true,\"valueName\":\"search_term_string\"}}],\"inLanguage\":\"en-US\"},{\"@type\":\"Person\",\"@id\":\"https:\/\/president-ksgov.net\/#\/schema\/person\/bb4337a5fb147cb2046d80548172cbee\",\"name\":\"admin\",\"image\":{\"@type\":\"ImageObject\",\"inLanguage\":\"en-US\",\"@id\":\"https:\/\/president-ksgov.net\/#\/schema\/person\/image\/\",\"url\":\"https:\/\/secure.gravatar.com\/avatar\/36156ca0fa3b8d9d25174f146e16beea0cf28f37adf1b9e19b6c9c279a7c9dd3?s=96&d=mm&r=g\",\"contentUrl\":\"https:\/\/secure.gravatar.com\/avatar\/36156ca0fa3b8d9d25174f146e16beea0cf28f37adf1b9e19b6c9c279a7c9dd3?s=96&d=mm&r=g\",\"caption\":\"admin\"},\"sameAs\":[\"https:\/\/president-ksgov.net\"]}]}<\/script>\n<!-- \/ Yoast SEO plugin. -->","yoast_head_json":{"title":"President Atifete Jahjaga received the Minister of Defense of Portugal, Jose Pedro Aguiar-Branco - President of the Republic of Kosovo - DR. VJOSA OSMANI - SADRIU","description":"President Atifete Jahjaga received the Minister of Defense of Portugal, Jose Pedro Aguiar-Branco - President of the Republic of Kosovo - DR. VJOSA OSMANI - SADRIU -","robots":{"index":"index","follow":"follow","max-snippet":"max-snippet:-1","max-image-preview":"max-image-preview:large","max-video-preview":"max-video-preview:-1"},"canonical":"https:\/\/president-ksgov.net\/presidentja-atifete-jahjaga-priti-ministrin-e-mbrojtjes-se-portugalise-jose-pedro-aguiar-branco\/","og_locale":"en_US","og_type":"article","og_title":"President Atifete Jahjaga received the Minister of Defense of Portugal, Jose Pedro Aguiar-Branco - President of the Republic of Kosovo - DR. VJOSA OSMANI - SADRIU","og_description":"President Atifete Jahjaga received the Minister of Defense of Portugal, Jose Pedro Aguiar-Branco - President of the Republic of Kosovo - DR. VJOSA OSMANI - SADRIU -","og_url":"https:\/\/president-ksgov.net\/presidentja-atifete-jahjaga-priti-ministrin-e-mbrojtjes-se-portugalise-jose-pedro-aguiar-branco\/","og_site_name":"President of the Republic of Kosovo - DR. VJOSA OSMANI - SADRIU","article_published_time":"2014-12-03T17:51:33+00:00","article_modified_time":"2023-03-07T10:17:52+00:00","og_image":[{"width":1000,"height":1059,"url":"https:\/\/president-ksgov.net\/wp-content\/uploads\/03_12_2014_2478363_IMG_0057_.jpg","type":"image\/jpeg"}],"author":"admin","twitter_card":"summary_large_image","twitter_misc":{"Written by":"admin","Est. reading time":"1 minute"},"schema":{"@context":"https:\/\/schema.org","@graph":[{"@type":"WebPage","@id":"https:\/\/president-ksgov.net\/presidentja-atifete-jahjaga-priti-ministrin-e-mbrojtjes-se-portugalise-jose-pedro-aguiar-branco\/","url":"https:\/\/president-ksgov.net\/presidentja-atifete-jahjaga-priti-ministrin-e-mbrojtjes-se-portugalise-jose-pedro-aguiar-branco\/","name":"President Atifete Jahjaga received the Minister of Defense of Portugal, Jose Pedro Aguiar-Branco - President of the Republic of Kosovo - DR. VJOSA OSMANI - SADRIU","isPartOf":{"@id":"https:\/\/president-ksgov.net\/#website"},"primaryImageOfPage":{"@id":"https:\/\/president-ksgov.net\/presidentja-atifete-jahjaga-priti-ministrin-e-mbrojtjes-se-portugalise-jose-pedro-aguiar-branco\/#primaryimage"},"image":{"@id":"https:\/\/president-ksgov.net\/presidentja-atifete-jahjaga-priti-ministrin-e-mbrojtjes-se-portugalise-jose-pedro-aguiar-branco\/#primaryimage"},"thumbnailUrl":"https:\/\/president-ksgov.net\/wp-content\/uploads\/03_12_2014_2478363_IMG_0057_.jpg","datePublished":"2014-12-03T17:51:33+00:00","dateModified":"2023-03-07T10:17:52+00:00","author":{"@id":"https:\/\/president-ksgov.net\/#\/schema\/person\/bb4337a5fb147cb2046d80548172cbee"},"description":"President Atifete Jahjaga received the Minister of Defense of Portugal, Jose Pedro Aguiar-Branco - President of the Republic of Kosovo - DR. VJOSA OSMANI - SADRIU -","breadcrumb":{"@id":"https:\/\/president-ksgov.net\/presidentja-atifete-jahjaga-priti-ministrin-e-mbrojtjes-se-portugalise-jose-pedro-aguiar-branco\/#breadcrumb"},"inLanguage":"en-US","potentialAction":[{"@type":"ReadAction","target":["https:\/\/president-ksgov.net\/presidentja-atifete-jahjaga-priti-ministrin-e-mbrojtjes-se-portugalise-jose-pedro-aguiar-branco\/"]}]},{"@type":"ImageObject","inLanguage":"en-US","@id":"https:\/\/president-ksgov.net\/presidentja-atifete-jahjaga-priti-ministrin-e-mbrojtjes-se-portugalise-jose-pedro-aguiar-branco\/#primaryimage","url":"https:\/\/president-ksgov.net\/wp-content\/uploads\/03_12_2014_2478363_IMG_0057_.jpg","contentUrl":"https:\/\/president-ksgov.net\/wp-content\/uploads\/03_12_2014_2478363_IMG_0057_.jpg","width":1000,"height":1059},{"@type":"BreadcrumbList","@id":"https:\/\/president-ksgov.net\/presidentja-atifete-jahjaga-priti-ministrin-e-mbrojtjes-se-portugalise-jose-pedro-aguiar-branco\/#breadcrumb","itemListElement":[{"@type":"ListItem","position":1,"name":"Home","item":"https:\/\/president-ksgov.net\/en\/"},{"@type":"ListItem","position":2,"name":"President Atifete Jahjaga received the Minister of Defense of Portugal, Jose Pedro Aguiar-Branco"}]},{"@type":"WebSite","@id":"https:\/\/president-ksgov.net\/#website","url":"https:\/\/president-ksgov.net\/","name":"Presidente e Republik\u00ebs s\u00eb Kosov\u00ebs","description":"Presidente e Republik\u00ebs s\u00eb Kosov\u00ebs","alternateName":"DR. VJOSA OSMANI - SADRIU","potentialAction":[{"@type":"SearchAction","target":{"@type":"EntryPoint","urlTemplate":"https:\/\/president-ksgov.net\/?s={search_term_string}"},"query-input":{"@type":"PropertyValueSpecification","valueRequired":true,"valueName":"search_term_string"}}],"inLanguage":"en-US"},{"@type":"Person","@id":"https:\/\/president-ksgov.net\/#\/schema\/person\/bb4337a5fb147cb2046d80548172cbee","name":"admin","image":{"@type":"ImageObject","inLanguage":"en-US","@id":"https:\/\/president-ksgov.net\/#\/schema\/person\/image\/","url":"https:\/\/secure.gravatar.com\/avatar\/36156ca0fa3b8d9d25174f146e16beea0cf28f37adf1b9e19b6c9c279a7c9dd3?s=96&d=mm&r=g","contentUrl":"https:\/\/secure.gravatar.com\/avatar\/36156ca0fa3b8d9d25174f146e16beea0cf28f37adf1b9e19b6c9c279a7c9dd3?s=96&d=mm&r=g","caption":"admin"},"sameAs":["https:\/\/president-ksgov.net"]}]}},"_links":{"self":[{"href":"https:\/\/president-ksgov.net\/en\/wp-json\/wp\/v2\/posts\/70040","targetHints":{"allow":["GET"]}}],"collection":[{"href":"https:\/\/president-ksgov.net\/en\/wp-json\/wp\/v2\/posts"}],"about":[{"href":"https:\/\/president-ksgov.net\/en\/wp-json\/wp\/v2\/types\/post"}],"author":[{"embeddable":true,"href":"https:\/\/president-ksgov.net\/en\/wp-json\/wp\/v2\/users\/1"}],"replies":[{"embeddable":true,"href":"https:\/\/president-ksgov.net\/en\/wp-json\/wp\/v2\/comments?post=70040"}],"version-history":[{"count":0,"href":"https:\/\/president-ksgov.net\/en\/wp-json\/wp\/v2\/posts\/70040\/revisions"}],"wp:featuredmedia":[{"embeddable":true,"href":"https:\/\/president-ksgov.net\/en\/wp-json\/wp\/v2\/media\/42746"}],"wp:attachment":[{"href":"https:\/\/president-ksgov.net\/en\/wp-json\/wp\/v2\/media?parent=70040"}],"wp:term":[{"taxonomy":"category","embeddable":true,"href":"https:\/\/president-ksgov.net\/en\/wp-json\/wp\/v2\/categories?post=70040"},{"taxonomy":"post_tag","embeddable":true,"href":"https:\/\/president-ksgov.net\/en\/wp-json\/wp\/v2\/tags?post=70040"}],"curies":[{"name":"wp","href":"https:\/\/api.w.org\/{rel}","templated":true}]}}