{"id":70039,"date":"2014-12-04T12:26:41","date_gmt":"2014-12-04T12:26:41","guid":{"rendered":"https:\/\/dev.president-ksgov.net\/president-atifete-jahjaga-decorated-fadil-vokrri-and-mehmet-bogujevci-with-the-presidential-medal-of-merits\/"},"modified":"2023-03-07T10:17:52","modified_gmt":"2023-03-07T10:17:52","slug":"president-atifete-jahjaga-decorated-fadil-vokrri-and-mehmet-bogujevci-with-the-presidential-medal-of-merits","status":"publish","type":"post","link":"https:\/\/president-ksgov.net\/en\/president-atifete-jahjaga-decorated-fadil-vokrri-and-mehmet-bogujevci-with-the-presidential-medal-of-merits\/","title":{"rendered":"President Atifete Jahjaga decorated Fadil Vokrri and Mehmet Bogujevci with the Presidential Medal of Merits"},"content":{"rendered":"<p>The President of the Republic of Kosovo, Madam Atifete Jahjaga, received today in a joint meeting the President of the Football Federation of Kosovo, the former well known football player, Mr. Fadil Vokrri and the Secretary of the Boxing Federation of Kosovo, the former well known boxer, Mr. Mehmet Bogujevci, whom she decorated with the Presidential Medal of Merits, for the commitment and contribution given in the field of sports.<\/p>\n<p>The Presidential Medal of Merits is given to people who with their work have contributed in specific areas as: education, science, culture, youth, sports, security, civil service.<\/p>\n","protected":false},"excerpt":{"rendered":"<p>The President of the Republic of Kosovo, Madam Atifete Jahjaga, received today in a joint meeting the President of the Football Federation of Kosovo, the former well known football player, Mr. Fadil Vokrri and the Secretary of the Boxing Federation of Kosovo, the former well known boxer, Mr. Mehmet Bogujevci, whom she decorated with the Presidential Medal of Merits, for the commitment and contribution given in the field of sports.<\/p>\n","protected":false},"author":1,"featured_media":42736,"comment_status":"open","ping_status":"closed","sticky":false,"template":"","format":"standard","meta":{"_eb_attr":"","footnotes":""},"categories":[111],"tags":[],"class_list":["post-70039","post","type-post","status-publish","format-standard","has-post-thumbnail","hentry","category-news"],"yoast_head":"<!-- This site is optimized with the Yoast SEO plugin v23.5 - https:\/\/yoast.com\/wordpress\/plugins\/seo\/ -->\n<title>President Atifete Jahjaga decorated Fadil Vokrri and Mehmet Bogujevci with the Presidential Medal of Merits - President of the Republic of Kosovo - DR. VJOSA OSMANI - SADRIU<\/title>\n<meta name=\"description\" content=\"President Atifete Jahjaga decorated Fadil Vokrri and Mehmet Bogujevci with the Presidential Medal of Merits - President of the Republic of Kosovo - DR. VJOSA OSMANI - SADRIU -\" \/>\n<meta name=\"robots\" content=\"index, follow, max-snippet:-1, max-image-preview:large, max-video-preview:-1\" \/>\n<link rel=\"canonical\" href=\"https:\/\/president-ksgov.net\/presidentja-atifete-jahjaga-i-dekoroi-fadil-vokrrin-e-mehmet-bogujevcin-me-medaljen-presidenciale-te-meritave\/\" \/>\n<meta property=\"og:locale\" content=\"en_US\" \/>\n<meta property=\"og:type\" content=\"article\" \/>\n<meta property=\"og:title\" content=\"President Atifete Jahjaga decorated Fadil Vokrri and Mehmet Bogujevci with the Presidential Medal of Merits - President of the Republic of Kosovo - DR. VJOSA OSMANI - SADRIU\" \/>\n<meta property=\"og:description\" content=\"President Atifete Jahjaga decorated Fadil Vokrri and Mehmet Bogujevci with the Presidential Medal of Merits - President of the Republic of Kosovo - DR. VJOSA OSMANI - SADRIU -\" \/>\n<meta property=\"og:url\" content=\"https:\/\/president-ksgov.net\/presidentja-atifete-jahjaga-i-dekoroi-fadil-vokrrin-e-mehmet-bogujevcin-me-medaljen-presidenciale-te-meritave\/\" \/>\n<meta property=\"og:site_name\" content=\"President of the Republic of Kosovo - DR. VJOSA OSMANI - SADRIU\" \/>\n<meta property=\"article:published_time\" content=\"2014-12-04T12:26:41+00:00\" \/>\n<meta property=\"article:modified_time\" content=\"2023-03-07T10:17:52+00:00\" \/>\n<meta property=\"og:image\" content=\"https:\/\/president-ksgov.net\/wp-content\/uploads\/04_12_2014_777156_IMG_0207_01__Copy_.jpg\" \/>\n\t<meta property=\"og:image:width\" content=\"850\" \/>\n\t<meta property=\"og:image:height\" content=\"568\" \/>\n\t<meta property=\"og:image:type\" content=\"image\/jpeg\" \/>\n<meta name=\"author\" content=\"admin\" \/>\n<meta name=\"twitter:card\" content=\"summary_large_image\" \/>\n<meta name=\"twitter:label1\" content=\"Written by\" \/>\n\t<meta name=\"twitter:data1\" content=\"admin\" \/>\n<script type=\"application\/ld+json\" class=\"yoast-schema-graph\">{\"@context\":\"https:\/\/schema.org\",\"@graph\":[{\"@type\":\"WebPage\",\"@id\":\"https:\/\/president-ksgov.net\/presidentja-atifete-jahjaga-i-dekoroi-fadil-vokrrin-e-mehmet-bogujevcin-me-medaljen-presidenciale-te-meritave\/\",\"url\":\"https:\/\/president-ksgov.net\/presidentja-atifete-jahjaga-i-dekoroi-fadil-vokrrin-e-mehmet-bogujevcin-me-medaljen-presidenciale-te-meritave\/\",\"name\":\"President Atifete Jahjaga decorated Fadil Vokrri and Mehmet Bogujevci with the Presidential Medal of Merits - President of the Republic of Kosovo - DR. VJOSA OSMANI - SADRIU\",\"isPartOf\":{\"@id\":\"https:\/\/president-ksgov.net\/#website\"},\"primaryImageOfPage\":{\"@id\":\"https:\/\/president-ksgov.net\/presidentja-atifete-jahjaga-i-dekoroi-fadil-vokrrin-e-mehmet-bogujevcin-me-medaljen-presidenciale-te-meritave\/#primaryimage\"},\"image\":{\"@id\":\"https:\/\/president-ksgov.net\/presidentja-atifete-jahjaga-i-dekoroi-fadil-vokrrin-e-mehmet-bogujevcin-me-medaljen-presidenciale-te-meritave\/#primaryimage\"},\"thumbnailUrl\":\"https:\/\/president-ksgov.net\/wp-content\/uploads\/04_12_2014_777156_IMG_0207_01__Copy_.jpg\",\"datePublished\":\"2014-12-04T12:26:41+00:00\",\"dateModified\":\"2023-03-07T10:17:52+00:00\",\"author\":{\"@id\":\"https:\/\/president-ksgov.net\/#\/schema\/person\/bb4337a5fb147cb2046d80548172cbee\"},\"description\":\"President Atifete Jahjaga decorated Fadil Vokrri and Mehmet Bogujevci with the Presidential Medal of Merits - President of the Republic of Kosovo - DR. VJOSA OSMANI - SADRIU -\",\"breadcrumb\":{\"@id\":\"https:\/\/president-ksgov.net\/presidentja-atifete-jahjaga-i-dekoroi-fadil-vokrrin-e-mehmet-bogujevcin-me-medaljen-presidenciale-te-meritave\/#breadcrumb\"},\"inLanguage\":\"en-US\",\"potentialAction\":[{\"@type\":\"ReadAction\",\"target\":[\"https:\/\/president-ksgov.net\/presidentja-atifete-jahjaga-i-dekoroi-fadil-vokrrin-e-mehmet-bogujevcin-me-medaljen-presidenciale-te-meritave\/\"]}]},{\"@type\":\"ImageObject\",\"inLanguage\":\"en-US\",\"@id\":\"https:\/\/president-ksgov.net\/presidentja-atifete-jahjaga-i-dekoroi-fadil-vokrrin-e-mehmet-bogujevcin-me-medaljen-presidenciale-te-meritave\/#primaryimage\",\"url\":\"https:\/\/president-ksgov.net\/wp-content\/uploads\/04_12_2014_777156_IMG_0207_01__Copy_.jpg\",\"contentUrl\":\"https:\/\/president-ksgov.net\/wp-content\/uploads\/04_12_2014_777156_IMG_0207_01__Copy_.jpg\",\"width\":850,\"height\":568},{\"@type\":\"BreadcrumbList\",\"@id\":\"https:\/\/president-ksgov.net\/presidentja-atifete-jahjaga-i-dekoroi-fadil-vokrrin-e-mehmet-bogujevcin-me-medaljen-presidenciale-te-meritave\/#breadcrumb\",\"itemListElement\":[{\"@type\":\"ListItem\",\"position\":1,\"name\":\"Home\",\"item\":\"https:\/\/president-ksgov.net\/en\/\"},{\"@type\":\"ListItem\",\"position\":2,\"name\":\"President Atifete Jahjaga decorated Fadil Vokrri and Mehmet Bogujevci with the Presidential Medal of Merits\"}]},{\"@type\":\"WebSite\",\"@id\":\"https:\/\/president-ksgov.net\/#website\",\"url\":\"https:\/\/president-ksgov.net\/\",\"name\":\"Presidente e Republik\u00ebs s\u00eb Kosov\u00ebs\",\"description\":\"Presidente e Republik\u00ebs s\u00eb Kosov\u00ebs\",\"alternateName\":\"DR. VJOSA OSMANI - SADRIU\",\"potentialAction\":[{\"@type\":\"SearchAction\",\"target\":{\"@type\":\"EntryPoint\",\"urlTemplate\":\"https:\/\/president-ksgov.net\/?s={search_term_string}\"},\"query-input\":{\"@type\":\"PropertyValueSpecification\",\"valueRequired\":true,\"valueName\":\"search_term_string\"}}],\"inLanguage\":\"en-US\"},{\"@type\":\"Person\",\"@id\":\"https:\/\/president-ksgov.net\/#\/schema\/person\/bb4337a5fb147cb2046d80548172cbee\",\"name\":\"admin\",\"image\":{\"@type\":\"ImageObject\",\"inLanguage\":\"en-US\",\"@id\":\"https:\/\/president-ksgov.net\/#\/schema\/person\/image\/\",\"url\":\"https:\/\/secure.gravatar.com\/avatar\/36156ca0fa3b8d9d25174f146e16beea0cf28f37adf1b9e19b6c9c279a7c9dd3?s=96&d=mm&r=g\",\"contentUrl\":\"https:\/\/secure.gravatar.com\/avatar\/36156ca0fa3b8d9d25174f146e16beea0cf28f37adf1b9e19b6c9c279a7c9dd3?s=96&d=mm&r=g\",\"caption\":\"admin\"},\"sameAs\":[\"https:\/\/president-ksgov.net\"]}]}<\/script>\n<!-- \/ Yoast SEO plugin. -->","yoast_head_json":{"title":"President Atifete Jahjaga decorated Fadil Vokrri and Mehmet Bogujevci with the Presidential Medal of Merits - President of the Republic of Kosovo - DR. VJOSA OSMANI - SADRIU","description":"President Atifete Jahjaga decorated Fadil Vokrri and Mehmet Bogujevci with the Presidential Medal of Merits - President of the Republic of Kosovo - DR. VJOSA OSMANI - SADRIU -","robots":{"index":"index","follow":"follow","max-snippet":"max-snippet:-1","max-image-preview":"max-image-preview:large","max-video-preview":"max-video-preview:-1"},"canonical":"https:\/\/president-ksgov.net\/presidentja-atifete-jahjaga-i-dekoroi-fadil-vokrrin-e-mehmet-bogujevcin-me-medaljen-presidenciale-te-meritave\/","og_locale":"en_US","og_type":"article","og_title":"President Atifete Jahjaga decorated Fadil Vokrri and Mehmet Bogujevci with the Presidential Medal of Merits - President of the Republic of Kosovo - DR. VJOSA OSMANI - SADRIU","og_description":"President Atifete Jahjaga decorated Fadil Vokrri and Mehmet Bogujevci with the Presidential Medal of Merits - President of the Republic of Kosovo - DR. VJOSA OSMANI - SADRIU -","og_url":"https:\/\/president-ksgov.net\/presidentja-atifete-jahjaga-i-dekoroi-fadil-vokrrin-e-mehmet-bogujevcin-me-medaljen-presidenciale-te-meritave\/","og_site_name":"President of the Republic of Kosovo - DR. VJOSA OSMANI - SADRIU","article_published_time":"2014-12-04T12:26:41+00:00","article_modified_time":"2023-03-07T10:17:52+00:00","og_image":[{"width":850,"height":568,"url":"https:\/\/president-ksgov.net\/wp-content\/uploads\/04_12_2014_777156_IMG_0207_01__Copy_.jpg","type":"image\/jpeg"}],"author":"admin","twitter_card":"summary_large_image","twitter_misc":{"Written by":"admin"},"schema":{"@context":"https:\/\/schema.org","@graph":[{"@type":"WebPage","@id":"https:\/\/president-ksgov.net\/presidentja-atifete-jahjaga-i-dekoroi-fadil-vokrrin-e-mehmet-bogujevcin-me-medaljen-presidenciale-te-meritave\/","url":"https:\/\/president-ksgov.net\/presidentja-atifete-jahjaga-i-dekoroi-fadil-vokrrin-e-mehmet-bogujevcin-me-medaljen-presidenciale-te-meritave\/","name":"President Atifete Jahjaga decorated Fadil Vokrri and Mehmet Bogujevci with the Presidential Medal of Merits - President of the Republic of Kosovo - DR. VJOSA OSMANI - SADRIU","isPartOf":{"@id":"https:\/\/president-ksgov.net\/#website"},"primaryImageOfPage":{"@id":"https:\/\/president-ksgov.net\/presidentja-atifete-jahjaga-i-dekoroi-fadil-vokrrin-e-mehmet-bogujevcin-me-medaljen-presidenciale-te-meritave\/#primaryimage"},"image":{"@id":"https:\/\/president-ksgov.net\/presidentja-atifete-jahjaga-i-dekoroi-fadil-vokrrin-e-mehmet-bogujevcin-me-medaljen-presidenciale-te-meritave\/#primaryimage"},"thumbnailUrl":"https:\/\/president-ksgov.net\/wp-content\/uploads\/04_12_2014_777156_IMG_0207_01__Copy_.jpg","datePublished":"2014-12-04T12:26:41+00:00","dateModified":"2023-03-07T10:17:52+00:00","author":{"@id":"https:\/\/president-ksgov.net\/#\/schema\/person\/bb4337a5fb147cb2046d80548172cbee"},"description":"President Atifete Jahjaga decorated Fadil Vokrri and Mehmet Bogujevci with the Presidential Medal of Merits - President of the Republic of Kosovo - DR. VJOSA OSMANI - SADRIU -","breadcrumb":{"@id":"https:\/\/president-ksgov.net\/presidentja-atifete-jahjaga-i-dekoroi-fadil-vokrrin-e-mehmet-bogujevcin-me-medaljen-presidenciale-te-meritave\/#breadcrumb"},"inLanguage":"en-US","potentialAction":[{"@type":"ReadAction","target":["https:\/\/president-ksgov.net\/presidentja-atifete-jahjaga-i-dekoroi-fadil-vokrrin-e-mehmet-bogujevcin-me-medaljen-presidenciale-te-meritave\/"]}]},{"@type":"ImageObject","inLanguage":"en-US","@id":"https:\/\/president-ksgov.net\/presidentja-atifete-jahjaga-i-dekoroi-fadil-vokrrin-e-mehmet-bogujevcin-me-medaljen-presidenciale-te-meritave\/#primaryimage","url":"https:\/\/president-ksgov.net\/wp-content\/uploads\/04_12_2014_777156_IMG_0207_01__Copy_.jpg","contentUrl":"https:\/\/president-ksgov.net\/wp-content\/uploads\/04_12_2014_777156_IMG_0207_01__Copy_.jpg","width":850,"height":568},{"@type":"BreadcrumbList","@id":"https:\/\/president-ksgov.net\/presidentja-atifete-jahjaga-i-dekoroi-fadil-vokrrin-e-mehmet-bogujevcin-me-medaljen-presidenciale-te-meritave\/#breadcrumb","itemListElement":[{"@type":"ListItem","position":1,"name":"Home","item":"https:\/\/president-ksgov.net\/en\/"},{"@type":"ListItem","position":2,"name":"President Atifete Jahjaga decorated Fadil Vokrri and Mehmet Bogujevci with the Presidential Medal of Merits"}]},{"@type":"WebSite","@id":"https:\/\/president-ksgov.net\/#website","url":"https:\/\/president-ksgov.net\/","name":"Presidente e Republik\u00ebs s\u00eb Kosov\u00ebs","description":"Presidente e Republik\u00ebs s\u00eb Kosov\u00ebs","alternateName":"DR. VJOSA OSMANI - SADRIU","potentialAction":[{"@type":"SearchAction","target":{"@type":"EntryPoint","urlTemplate":"https:\/\/president-ksgov.net\/?s={search_term_string}"},"query-input":{"@type":"PropertyValueSpecification","valueRequired":true,"valueName":"search_term_string"}}],"inLanguage":"en-US"},{"@type":"Person","@id":"https:\/\/president-ksgov.net\/#\/schema\/person\/bb4337a5fb147cb2046d80548172cbee","name":"admin","image":{"@type":"ImageObject","inLanguage":"en-US","@id":"https:\/\/president-ksgov.net\/#\/schema\/person\/image\/","url":"https:\/\/secure.gravatar.com\/avatar\/36156ca0fa3b8d9d25174f146e16beea0cf28f37adf1b9e19b6c9c279a7c9dd3?s=96&d=mm&r=g","contentUrl":"https:\/\/secure.gravatar.com\/avatar\/36156ca0fa3b8d9d25174f146e16beea0cf28f37adf1b9e19b6c9c279a7c9dd3?s=96&d=mm&r=g","caption":"admin"},"sameAs":["https:\/\/president-ksgov.net"]}]}},"_links":{"self":[{"href":"https:\/\/president-ksgov.net\/en\/wp-json\/wp\/v2\/posts\/70039","targetHints":{"allow":["GET"]}}],"collection":[{"href":"https:\/\/president-ksgov.net\/en\/wp-json\/wp\/v2\/posts"}],"about":[{"href":"https:\/\/president-ksgov.net\/en\/wp-json\/wp\/v2\/types\/post"}],"author":[{"embeddable":true,"href":"https:\/\/president-ksgov.net\/en\/wp-json\/wp\/v2\/users\/1"}],"replies":[{"embeddable":true,"href":"https:\/\/president-ksgov.net\/en\/wp-json\/wp\/v2\/comments?post=70039"}],"version-history":[{"count":0,"href":"https:\/\/president-ksgov.net\/en\/wp-json\/wp\/v2\/posts\/70039\/revisions"}],"wp:featuredmedia":[{"embeddable":true,"href":"https:\/\/president-ksgov.net\/en\/wp-json\/wp\/v2\/media\/42736"}],"wp:attachment":[{"href":"https:\/\/president-ksgov.net\/en\/wp-json\/wp\/v2\/media?parent=70039"}],"wp:term":[{"taxonomy":"category","embeddable":true,"href":"https:\/\/president-ksgov.net\/en\/wp-json\/wp\/v2\/categories?post=70039"},{"taxonomy":"post_tag","embeddable":true,"href":"https:\/\/president-ksgov.net\/en\/wp-json\/wp\/v2\/tags?post=70039"}],"curies":[{"name":"wp","href":"https:\/\/api.w.org\/{rel}","templated":true}]}}