{"id":69917,"date":"2015-03-06T13:06:42","date_gmt":"2015-03-06T13:06:42","guid":{"rendered":"https:\/\/dev.president-ksgov.net\/president-jahjaga-met-the-veterans-of-education-afijete-spahiu-bashota-and-ahmet-namani\/"},"modified":"2023-03-07T10:13:38","modified_gmt":"2023-03-07T10:13:38","slug":"president-jahjaga-met-the-veterans-of-education-afijete-spahiu-bashota-and-ahmet-namani","status":"publish","type":"post","link":"https:\/\/president-ksgov.net\/en\/president-jahjaga-met-the-veterans-of-education-afijete-spahiu-bashota-and-ahmet-namani\/","title":{"rendered":"President Jahjaga met the veterans of education, Afijete Spahiu-Bashota and Ahmet Namani"},"content":{"rendered":"<p>The President of the Republic of Kosovo, Madam Atifete Jahjaga, on the occasion of the 7th of March, Teachers Day, received in her cabinet the veteran of education, Mrs. Afijete Spahiu-Bashota and visited at his house the veteran of education, Mr. Ahmet Namani.<\/p>\n<p>President Jahjaga thanked Mrs. Bashota and Mr. Namani for their extraordinary contribution, in the education of many generations.<\/p>\n<p>She praised the undeniable contribution of the teachers, who have been an inspiration for generations and, thanks to their inexhaustible commitment, Kosovo is today an independent and sovereign country, with a clear vision for integration into the North Atlantic structures.<\/p>\n<p>Mrs. Afijete Spahiu-Bashota and Mr. Ahmet Namani thanked President Jahjaga, for the care and respect she is showing for the veterans of education.\u00a0\u00a0<br \/>\n\u00a0<\/p>\n","protected":false},"excerpt":{"rendered":"<p>The President of the Republic of Kosovo, Madam Atifete Jahjaga, on the occasion of the 7th of March, Teachers Day, received in her cabinet the veteran of education, Mrs. Afijete Spahiu-Bashota and visited at his house the veteran of education, Mr. Ahmet Namani.<\/p>\n","protected":false},"author":1,"featured_media":41420,"comment_status":"open","ping_status":"closed","sticky":false,"template":"","format":"standard","meta":{"_eb_attr":"","footnotes":""},"categories":[111],"tags":[],"class_list":["post-69917","post","type-post","status-publish","format-standard","has-post-thumbnail","hentry","category-news"],"yoast_head":"<!-- This site is optimized with the Yoast SEO plugin v23.5 - https:\/\/yoast.com\/wordpress\/plugins\/seo\/ -->\n<title>President Jahjaga met the veterans of education, Afijete Spahiu-Bashota and Ahmet Namani - President of the Republic of Kosovo - DR. VJOSA OSMANI - SADRIU<\/title>\n<meta name=\"description\" content=\"President Jahjaga met the veterans of education, Afijete Spahiu-Bashota and Ahmet Namani - President of the Republic of Kosovo - DR. VJOSA OSMANI - SADRIU -\" \/>\n<meta name=\"robots\" content=\"index, follow, max-snippet:-1, max-image-preview:large, max-video-preview:-1\" \/>\n<link rel=\"canonical\" href=\"https:\/\/president-ksgov.net\/en\/president-jahjaga-met-the-veterans-of-education-afijete-spahiu-bashota-and-ahmet-namani\/\" \/>\n<meta property=\"og:locale\" content=\"en_US\" \/>\n<meta property=\"og:type\" content=\"article\" \/>\n<meta property=\"og:title\" content=\"President Jahjaga met the veterans of education, Afijete Spahiu-Bashota and Ahmet Namani - President of the Republic of Kosovo - DR. VJOSA OSMANI - SADRIU\" \/>\n<meta property=\"og:description\" content=\"President Jahjaga met the veterans of education, Afijete Spahiu-Bashota and Ahmet Namani - President of the Republic of Kosovo - DR. VJOSA OSMANI - SADRIU -\" \/>\n<meta property=\"og:url\" content=\"https:\/\/president-ksgov.net\/en\/president-jahjaga-met-the-veterans-of-education-afijete-spahiu-bashota-and-ahmet-namani\/\" \/>\n<meta property=\"og:site_name\" content=\"President of the Republic of Kosovo - DR. VJOSA OSMANI - SADRIU\" \/>\n<meta property=\"article:published_time\" content=\"2015-03-06T13:06:42+00:00\" \/>\n<meta property=\"article:modified_time\" content=\"2023-03-07T10:13:38+00:00\" \/>\n<meta property=\"og:image\" content=\"https:\/\/president-ksgov.net\/wp-content\/uploads\/06_03_2015_4648920_IMG_3424-scaled.jpg\" \/>\n\t<meta property=\"og:image:width\" content=\"2560\" \/>\n\t<meta property=\"og:image:height\" content=\"1883\" \/>\n\t<meta property=\"og:image:type\" content=\"image\/jpeg\" \/>\n<meta name=\"author\" content=\"admin\" \/>\n<meta name=\"twitter:card\" content=\"summary_large_image\" \/>\n<meta name=\"twitter:label1\" content=\"Written by\" \/>\n\t<meta name=\"twitter:data1\" content=\"admin\" \/>\n\t<meta name=\"twitter:label2\" content=\"Est. reading time\" \/>\n\t<meta name=\"twitter:data2\" content=\"1 minute\" \/>\n<script type=\"application\/ld+json\" class=\"yoast-schema-graph\">{\"@context\":\"https:\/\/schema.org\",\"@graph\":[{\"@type\":\"WebPage\",\"@id\":\"https:\/\/president-ksgov.net\/en\/president-jahjaga-met-the-veterans-of-education-afijete-spahiu-bashota-and-ahmet-namani\/\",\"url\":\"https:\/\/president-ksgov.net\/en\/president-jahjaga-met-the-veterans-of-education-afijete-spahiu-bashota-and-ahmet-namani\/\",\"name\":\"President Jahjaga met the veterans of education, Afijete Spahiu-Bashota and Ahmet Namani - President of the Republic of Kosovo - DR. VJOSA OSMANI - SADRIU\",\"isPartOf\":{\"@id\":\"https:\/\/president-ksgov.net\/#website\"},\"primaryImageOfPage\":{\"@id\":\"https:\/\/president-ksgov.net\/en\/president-jahjaga-met-the-veterans-of-education-afijete-spahiu-bashota-and-ahmet-namani\/#primaryimage\"},\"image\":{\"@id\":\"https:\/\/president-ksgov.net\/en\/president-jahjaga-met-the-veterans-of-education-afijete-spahiu-bashota-and-ahmet-namani\/#primaryimage\"},\"thumbnailUrl\":\"https:\/\/president-ksgov.net\/wp-content\/uploads\/06_03_2015_4648920_IMG_3424-scaled.jpg\",\"datePublished\":\"2015-03-06T13:06:42+00:00\",\"dateModified\":\"2023-03-07T10:13:38+00:00\",\"author\":{\"@id\":\"https:\/\/president-ksgov.net\/#\/schema\/person\/bb4337a5fb147cb2046d80548172cbee\"},\"description\":\"President Jahjaga met the veterans of education, Afijete Spahiu-Bashota and Ahmet Namani - President of the Republic of Kosovo - DR. VJOSA OSMANI - SADRIU -\",\"breadcrumb\":{\"@id\":\"https:\/\/president-ksgov.net\/en\/president-jahjaga-met-the-veterans-of-education-afijete-spahiu-bashota-and-ahmet-namani\/#breadcrumb\"},\"inLanguage\":\"en-US\",\"potentialAction\":[{\"@type\":\"ReadAction\",\"target\":[\"https:\/\/president-ksgov.net\/en\/president-jahjaga-met-the-veterans-of-education-afijete-spahiu-bashota-and-ahmet-namani\/\"]}]},{\"@type\":\"ImageObject\",\"inLanguage\":\"en-US\",\"@id\":\"https:\/\/president-ksgov.net\/en\/president-jahjaga-met-the-veterans-of-education-afijete-spahiu-bashota-and-ahmet-namani\/#primaryimage\",\"url\":\"https:\/\/president-ksgov.net\/wp-content\/uploads\/06_03_2015_4648920_IMG_3424-scaled.jpg\",\"contentUrl\":\"https:\/\/president-ksgov.net\/wp-content\/uploads\/06_03_2015_4648920_IMG_3424-scaled.jpg\",\"width\":2560,\"height\":1883},{\"@type\":\"BreadcrumbList\",\"@id\":\"https:\/\/president-ksgov.net\/en\/president-jahjaga-met-the-veterans-of-education-afijete-spahiu-bashota-and-ahmet-namani\/#breadcrumb\",\"itemListElement\":[{\"@type\":\"ListItem\",\"position\":1,\"name\":\"Home\",\"item\":\"https:\/\/president-ksgov.net\/en\/\"},{\"@type\":\"ListItem\",\"position\":2,\"name\":\"President Jahjaga met the veterans of education, Afijete Spahiu-Bashota and Ahmet Namani\"}]},{\"@type\":\"WebSite\",\"@id\":\"https:\/\/president-ksgov.net\/#website\",\"url\":\"https:\/\/president-ksgov.net\/\",\"name\":\"Presidente e Republik\u00ebs s\u00eb Kosov\u00ebs\",\"description\":\"Presidente e Republik\u00ebs s\u00eb Kosov\u00ebs\",\"alternateName\":\"DR. VJOSA OSMANI - SADRIU\",\"potentialAction\":[{\"@type\":\"SearchAction\",\"target\":{\"@type\":\"EntryPoint\",\"urlTemplate\":\"https:\/\/president-ksgov.net\/?s={search_term_string}\"},\"query-input\":{\"@type\":\"PropertyValueSpecification\",\"valueRequired\":true,\"valueName\":\"search_term_string\"}}],\"inLanguage\":\"en-US\"},{\"@type\":\"Person\",\"@id\":\"https:\/\/president-ksgov.net\/#\/schema\/person\/bb4337a5fb147cb2046d80548172cbee\",\"name\":\"admin\",\"image\":{\"@type\":\"ImageObject\",\"inLanguage\":\"en-US\",\"@id\":\"https:\/\/president-ksgov.net\/#\/schema\/person\/image\/\",\"url\":\"https:\/\/secure.gravatar.com\/avatar\/36156ca0fa3b8d9d25174f146e16beea0cf28f37adf1b9e19b6c9c279a7c9dd3?s=96&d=mm&r=g\",\"contentUrl\":\"https:\/\/secure.gravatar.com\/avatar\/36156ca0fa3b8d9d25174f146e16beea0cf28f37adf1b9e19b6c9c279a7c9dd3?s=96&d=mm&r=g\",\"caption\":\"admin\"},\"sameAs\":[\"https:\/\/president-ksgov.net\"]}]}<\/script>\n<!-- \/ Yoast SEO plugin. -->","yoast_head_json":{"title":"President Jahjaga met the veterans of education, Afijete Spahiu-Bashota and Ahmet Namani - President of the Republic of Kosovo - DR. VJOSA OSMANI - SADRIU","description":"President Jahjaga met the veterans of education, Afijete Spahiu-Bashota and Ahmet Namani - President of the Republic of Kosovo - DR. VJOSA OSMANI - SADRIU -","robots":{"index":"index","follow":"follow","max-snippet":"max-snippet:-1","max-image-preview":"max-image-preview:large","max-video-preview":"max-video-preview:-1"},"canonical":"https:\/\/president-ksgov.net\/en\/president-jahjaga-met-the-veterans-of-education-afijete-spahiu-bashota-and-ahmet-namani\/","og_locale":"en_US","og_type":"article","og_title":"President Jahjaga met the veterans of education, Afijete Spahiu-Bashota and Ahmet Namani - President of the Republic of Kosovo - DR. VJOSA OSMANI - SADRIU","og_description":"President Jahjaga met the veterans of education, Afijete Spahiu-Bashota and Ahmet Namani - President of the Republic of Kosovo - DR. VJOSA OSMANI - SADRIU -","og_url":"https:\/\/president-ksgov.net\/en\/president-jahjaga-met-the-veterans-of-education-afijete-spahiu-bashota-and-ahmet-namani\/","og_site_name":"President of the Republic of Kosovo - DR. VJOSA OSMANI - SADRIU","article_published_time":"2015-03-06T13:06:42+00:00","article_modified_time":"2023-03-07T10:13:38+00:00","og_image":[{"width":2560,"height":1883,"url":"https:\/\/president-ksgov.net\/wp-content\/uploads\/06_03_2015_4648920_IMG_3424-scaled.jpg","type":"image\/jpeg"}],"author":"admin","twitter_card":"summary_large_image","twitter_misc":{"Written by":"admin","Est. reading time":"1 minute"},"schema":{"@context":"https:\/\/schema.org","@graph":[{"@type":"WebPage","@id":"https:\/\/president-ksgov.net\/en\/president-jahjaga-met-the-veterans-of-education-afijete-spahiu-bashota-and-ahmet-namani\/","url":"https:\/\/president-ksgov.net\/en\/president-jahjaga-met-the-veterans-of-education-afijete-spahiu-bashota-and-ahmet-namani\/","name":"President Jahjaga met the veterans of education, Afijete Spahiu-Bashota and Ahmet Namani - President of the Republic of Kosovo - DR. VJOSA OSMANI - SADRIU","isPartOf":{"@id":"https:\/\/president-ksgov.net\/#website"},"primaryImageOfPage":{"@id":"https:\/\/president-ksgov.net\/en\/president-jahjaga-met-the-veterans-of-education-afijete-spahiu-bashota-and-ahmet-namani\/#primaryimage"},"image":{"@id":"https:\/\/president-ksgov.net\/en\/president-jahjaga-met-the-veterans-of-education-afijete-spahiu-bashota-and-ahmet-namani\/#primaryimage"},"thumbnailUrl":"https:\/\/president-ksgov.net\/wp-content\/uploads\/06_03_2015_4648920_IMG_3424-scaled.jpg","datePublished":"2015-03-06T13:06:42+00:00","dateModified":"2023-03-07T10:13:38+00:00","author":{"@id":"https:\/\/president-ksgov.net\/#\/schema\/person\/bb4337a5fb147cb2046d80548172cbee"},"description":"President Jahjaga met the veterans of education, Afijete Spahiu-Bashota and Ahmet Namani - President of the Republic of Kosovo - DR. VJOSA OSMANI - SADRIU -","breadcrumb":{"@id":"https:\/\/president-ksgov.net\/en\/president-jahjaga-met-the-veterans-of-education-afijete-spahiu-bashota-and-ahmet-namani\/#breadcrumb"},"inLanguage":"en-US","potentialAction":[{"@type":"ReadAction","target":["https:\/\/president-ksgov.net\/en\/president-jahjaga-met-the-veterans-of-education-afijete-spahiu-bashota-and-ahmet-namani\/"]}]},{"@type":"ImageObject","inLanguage":"en-US","@id":"https:\/\/president-ksgov.net\/en\/president-jahjaga-met-the-veterans-of-education-afijete-spahiu-bashota-and-ahmet-namani\/#primaryimage","url":"https:\/\/president-ksgov.net\/wp-content\/uploads\/06_03_2015_4648920_IMG_3424-scaled.jpg","contentUrl":"https:\/\/president-ksgov.net\/wp-content\/uploads\/06_03_2015_4648920_IMG_3424-scaled.jpg","width":2560,"height":1883},{"@type":"BreadcrumbList","@id":"https:\/\/president-ksgov.net\/en\/president-jahjaga-met-the-veterans-of-education-afijete-spahiu-bashota-and-ahmet-namani\/#breadcrumb","itemListElement":[{"@type":"ListItem","position":1,"name":"Home","item":"https:\/\/president-ksgov.net\/en\/"},{"@type":"ListItem","position":2,"name":"President Jahjaga met the veterans of education, Afijete Spahiu-Bashota and Ahmet Namani"}]},{"@type":"WebSite","@id":"https:\/\/president-ksgov.net\/#website","url":"https:\/\/president-ksgov.net\/","name":"Presidente e Republik\u00ebs s\u00eb Kosov\u00ebs","description":"Presidente e Republik\u00ebs s\u00eb Kosov\u00ebs","alternateName":"DR. VJOSA OSMANI - SADRIU","potentialAction":[{"@type":"SearchAction","target":{"@type":"EntryPoint","urlTemplate":"https:\/\/president-ksgov.net\/?s={search_term_string}"},"query-input":{"@type":"PropertyValueSpecification","valueRequired":true,"valueName":"search_term_string"}}],"inLanguage":"en-US"},{"@type":"Person","@id":"https:\/\/president-ksgov.net\/#\/schema\/person\/bb4337a5fb147cb2046d80548172cbee","name":"admin","image":{"@type":"ImageObject","inLanguage":"en-US","@id":"https:\/\/president-ksgov.net\/#\/schema\/person\/image\/","url":"https:\/\/secure.gravatar.com\/avatar\/36156ca0fa3b8d9d25174f146e16beea0cf28f37adf1b9e19b6c9c279a7c9dd3?s=96&d=mm&r=g","contentUrl":"https:\/\/secure.gravatar.com\/avatar\/36156ca0fa3b8d9d25174f146e16beea0cf28f37adf1b9e19b6c9c279a7c9dd3?s=96&d=mm&r=g","caption":"admin"},"sameAs":["https:\/\/president-ksgov.net"]}]}},"_links":{"self":[{"href":"https:\/\/president-ksgov.net\/en\/wp-json\/wp\/v2\/posts\/69917","targetHints":{"allow":["GET"]}}],"collection":[{"href":"https:\/\/president-ksgov.net\/en\/wp-json\/wp\/v2\/posts"}],"about":[{"href":"https:\/\/president-ksgov.net\/en\/wp-json\/wp\/v2\/types\/post"}],"author":[{"embeddable":true,"href":"https:\/\/president-ksgov.net\/en\/wp-json\/wp\/v2\/users\/1"}],"replies":[{"embeddable":true,"href":"https:\/\/president-ksgov.net\/en\/wp-json\/wp\/v2\/comments?post=69917"}],"version-history":[{"count":0,"href":"https:\/\/president-ksgov.net\/en\/wp-json\/wp\/v2\/posts\/69917\/revisions"}],"wp:featuredmedia":[{"embeddable":true,"href":"https:\/\/president-ksgov.net\/en\/wp-json\/wp\/v2\/media\/41420"}],"wp:attachment":[{"href":"https:\/\/president-ksgov.net\/en\/wp-json\/wp\/v2\/media?parent=69917"}],"wp:term":[{"taxonomy":"category","embeddable":true,"href":"https:\/\/president-ksgov.net\/en\/wp-json\/wp\/v2\/categories?post=69917"},{"taxonomy":"post_tag","embeddable":true,"href":"https:\/\/president-ksgov.net\/en\/wp-json\/wp\/v2\/tags?post=69917"}],"curies":[{"name":"wp","href":"https:\/\/api.w.org\/{rel}","templated":true}]}}