{"id":69874,"date":"2012-03-07T10:13:10","date_gmt":"2012-03-07T10:13:10","guid":{"rendered":"https:\/\/dev.president-ksgov.net\/president-jahjaga-met-with-ministers-hyseni-kuci-and-collaku\/"},"modified":"2023-03-08T12:21:45","modified_gmt":"2023-03-08T12:21:45","slug":"president-jahjaga-met-with-ministers-hyseni-kuci-and-collaku","status":"publish","type":"post","link":"https:\/\/president-ksgov.net\/en\/president-jahjaga-met-with-ministers-hyseni-kuci-and-collaku\/","title":{"rendered":"President Jahjaga met with Ministers Hyseni, Ku\u00e7i and \u00c7ollaku"},"content":{"rendered":"<p>President of the Republic of Kosovo, Mrs. Atifete Jahjaga, held separate meetings today with Minister of Internal Affairs, Mr. Skender Hyseni, Minister of Justice, Mr. Hajredin Ku\u00e7i, and European Integrations Minister, Mr Bekim \u00c7ollaku, with aim to coordinate accomplishment of remaining recommendations stemming from the visa liberalisation process for the citizens of Kosovo.<\/p>\n<p>President Jahjaga and Ministers Hyseni, Ku\u00e7i and \u00c7ollaku agreed the dynamics of implementation of all remaining recommendations for visa liberalisation by June this year.<\/p>\n<p>President Jahjaga will soon call the forthcoming meeting of the National Council on European Integration at which the joint next steps will be discussed for a successful conclusion of this process.<\/p>\n","protected":false},"excerpt":{"rendered":"<p>President of the Republic of Kosovo, Mrs. Atifete Jahjaga, held separate meetings today with Minister of Internal Affairs, Mr. Skender Hyseni, Minister of Justice, Mr. Hajredin Ku\u00e7i, and European Integrations Minister, Mr Bekim \u00c7ollaku, with aim to coordinate accomplishment of remaining recommendations stemming from the visa liberalisation process for the citizens of Kosovo.<\/p>\n","protected":false},"author":1,"featured_media":69875,"comment_status":"open","ping_status":"closed","sticky":false,"template":"","format":"standard","meta":{"_eb_attr":"","footnotes":""},"categories":[111],"tags":[],"class_list":["post-69874","post","type-post","status-publish","format-standard","has-post-thumbnail","hentry","category-news"],"yoast_head":"<!-- This site is optimized with the Yoast SEO plugin v23.5 - https:\/\/yoast.com\/wordpress\/plugins\/seo\/ -->\n<title>President Jahjaga met with Ministers Hyseni, Ku\u00e7i and \u00c7ollaku - President of the Republic of Kosovo - DR. VJOSA OSMANI - SADRIU<\/title>\n<meta name=\"description\" content=\"President Jahjaga met with Ministers Hyseni, Ku\u00e7i and \u00c7ollaku - President of the Republic of Kosovo - DR. VJOSA OSMANI - SADRIU -\" \/>\n<meta name=\"robots\" content=\"index, follow, max-snippet:-1, max-image-preview:large, max-video-preview:-1\" \/>\n<link rel=\"canonical\" href=\"https:\/\/president-ksgov.net\/en\/president-jahjaga-met-with-ministers-hyseni-kuci-and-collaku\/\" \/>\n<meta property=\"og:locale\" content=\"en_US\" \/>\n<meta property=\"og:type\" content=\"article\" \/>\n<meta property=\"og:title\" content=\"President Jahjaga met with Ministers Hyseni, Ku\u00e7i and \u00c7ollaku - President of the Republic of Kosovo - DR. VJOSA OSMANI - SADRIU\" \/>\n<meta property=\"og:description\" content=\"President Jahjaga met with Ministers Hyseni, Ku\u00e7i and \u00c7ollaku - President of the Republic of Kosovo - DR. VJOSA OSMANI - SADRIU -\" \/>\n<meta property=\"og:url\" content=\"https:\/\/president-ksgov.net\/en\/president-jahjaga-met-with-ministers-hyseni-kuci-and-collaku\/\" \/>\n<meta property=\"og:site_name\" content=\"President of the Republic of Kosovo - DR. VJOSA OSMANI - SADRIU\" \/>\n<meta property=\"article:published_time\" content=\"2012-03-07T10:13:10+00:00\" \/>\n<meta property=\"article:modified_time\" content=\"2023-03-08T12:21:45+00:00\" \/>\n<meta property=\"og:image\" content=\"https:\/\/president-ksgov.net\/wp-content\/uploads\/02_04_2015_9506517_02_04_2015_Takim_me_ministrin_e_puneve_te_brendshme_1.jpg\" \/>\n\t<meta property=\"og:image:width\" content=\"1024\" \/>\n\t<meta property=\"og:image:height\" content=\"581\" \/>\n\t<meta property=\"og:image:type\" content=\"image\/jpeg\" \/>\n<meta name=\"author\" content=\"admin\" \/>\n<meta name=\"twitter:card\" content=\"summary_large_image\" \/>\n<meta name=\"twitter:label1\" content=\"Written by\" \/>\n\t<meta name=\"twitter:data1\" content=\"admin\" \/>\n\t<meta name=\"twitter:label2\" content=\"Est. reading time\" \/>\n\t<meta name=\"twitter:data2\" content=\"1 minute\" \/>\n<script type=\"application\/ld+json\" class=\"yoast-schema-graph\">{\"@context\":\"https:\/\/schema.org\",\"@graph\":[{\"@type\":\"WebPage\",\"@id\":\"https:\/\/president-ksgov.net\/en\/president-jahjaga-met-with-ministers-hyseni-kuci-and-collaku\/\",\"url\":\"https:\/\/president-ksgov.net\/en\/president-jahjaga-met-with-ministers-hyseni-kuci-and-collaku\/\",\"name\":\"President Jahjaga met with Ministers Hyseni, Ku\u00e7i and \u00c7ollaku - President of the Republic of Kosovo - DR. VJOSA OSMANI - SADRIU\",\"isPartOf\":{\"@id\":\"https:\/\/president-ksgov.net\/#website\"},\"primaryImageOfPage\":{\"@id\":\"https:\/\/president-ksgov.net\/en\/president-jahjaga-met-with-ministers-hyseni-kuci-and-collaku\/#primaryimage\"},\"image\":{\"@id\":\"https:\/\/president-ksgov.net\/en\/president-jahjaga-met-with-ministers-hyseni-kuci-and-collaku\/#primaryimage\"},\"thumbnailUrl\":\"https:\/\/president-ksgov.net\/wp-content\/uploads\/02_04_2015_9506517_02_04_2015_Takim_me_ministrin_e_puneve_te_brendshme_1.jpg\",\"datePublished\":\"2012-03-07T10:13:10+00:00\",\"dateModified\":\"2023-03-08T12:21:45+00:00\",\"author\":{\"@id\":\"https:\/\/president-ksgov.net\/#\/schema\/person\/bb4337a5fb147cb2046d80548172cbee\"},\"description\":\"President Jahjaga met with Ministers Hyseni, Ku\u00e7i and \u00c7ollaku - President of the Republic of Kosovo - DR. VJOSA OSMANI - SADRIU -\",\"breadcrumb\":{\"@id\":\"https:\/\/president-ksgov.net\/en\/president-jahjaga-met-with-ministers-hyseni-kuci-and-collaku\/#breadcrumb\"},\"inLanguage\":\"en-US\",\"potentialAction\":[{\"@type\":\"ReadAction\",\"target\":[\"https:\/\/president-ksgov.net\/en\/president-jahjaga-met-with-ministers-hyseni-kuci-and-collaku\/\"]}]},{\"@type\":\"ImageObject\",\"inLanguage\":\"en-US\",\"@id\":\"https:\/\/president-ksgov.net\/en\/president-jahjaga-met-with-ministers-hyseni-kuci-and-collaku\/#primaryimage\",\"url\":\"https:\/\/president-ksgov.net\/wp-content\/uploads\/02_04_2015_9506517_02_04_2015_Takim_me_ministrin_e_puneve_te_brendshme_1.jpg\",\"contentUrl\":\"https:\/\/president-ksgov.net\/wp-content\/uploads\/02_04_2015_9506517_02_04_2015_Takim_me_ministrin_e_puneve_te_brendshme_1.jpg\",\"width\":1024,\"height\":581},{\"@type\":\"BreadcrumbList\",\"@id\":\"https:\/\/president-ksgov.net\/en\/president-jahjaga-met-with-ministers-hyseni-kuci-and-collaku\/#breadcrumb\",\"itemListElement\":[{\"@type\":\"ListItem\",\"position\":1,\"name\":\"Home\",\"item\":\"https:\/\/president-ksgov.net\/en\/\"},{\"@type\":\"ListItem\",\"position\":2,\"name\":\"President Jahjaga met with Ministers Hyseni, Ku\u00e7i and \u00c7ollaku\"}]},{\"@type\":\"WebSite\",\"@id\":\"https:\/\/president-ksgov.net\/#website\",\"url\":\"https:\/\/president-ksgov.net\/\",\"name\":\"Presidente e Republik\u00ebs s\u00eb Kosov\u00ebs\",\"description\":\"Presidente e Republik\u00ebs s\u00eb Kosov\u00ebs\",\"alternateName\":\"DR. VJOSA OSMANI - SADRIU\",\"potentialAction\":[{\"@type\":\"SearchAction\",\"target\":{\"@type\":\"EntryPoint\",\"urlTemplate\":\"https:\/\/president-ksgov.net\/?s={search_term_string}\"},\"query-input\":{\"@type\":\"PropertyValueSpecification\",\"valueRequired\":true,\"valueName\":\"search_term_string\"}}],\"inLanguage\":\"en-US\"},{\"@type\":\"Person\",\"@id\":\"https:\/\/president-ksgov.net\/#\/schema\/person\/bb4337a5fb147cb2046d80548172cbee\",\"name\":\"admin\",\"image\":{\"@type\":\"ImageObject\",\"inLanguage\":\"en-US\",\"@id\":\"https:\/\/president-ksgov.net\/#\/schema\/person\/image\/\",\"url\":\"https:\/\/secure.gravatar.com\/avatar\/36156ca0fa3b8d9d25174f146e16beea0cf28f37adf1b9e19b6c9c279a7c9dd3?s=96&d=mm&r=g\",\"contentUrl\":\"https:\/\/secure.gravatar.com\/avatar\/36156ca0fa3b8d9d25174f146e16beea0cf28f37adf1b9e19b6c9c279a7c9dd3?s=96&d=mm&r=g\",\"caption\":\"admin\"},\"sameAs\":[\"https:\/\/president-ksgov.net\"]}]}<\/script>\n<!-- \/ Yoast SEO plugin. -->","yoast_head_json":{"title":"President Jahjaga met with Ministers Hyseni, Ku\u00e7i and \u00c7ollaku - President of the Republic of Kosovo - DR. VJOSA OSMANI - SADRIU","description":"President Jahjaga met with Ministers Hyseni, Ku\u00e7i and \u00c7ollaku - President of the Republic of Kosovo - DR. VJOSA OSMANI - SADRIU -","robots":{"index":"index","follow":"follow","max-snippet":"max-snippet:-1","max-image-preview":"max-image-preview:large","max-video-preview":"max-video-preview:-1"},"canonical":"https:\/\/president-ksgov.net\/en\/president-jahjaga-met-with-ministers-hyseni-kuci-and-collaku\/","og_locale":"en_US","og_type":"article","og_title":"President Jahjaga met with Ministers Hyseni, Ku\u00e7i and \u00c7ollaku - President of the Republic of Kosovo - DR. VJOSA OSMANI - SADRIU","og_description":"President Jahjaga met with Ministers Hyseni, Ku\u00e7i and \u00c7ollaku - President of the Republic of Kosovo - DR. VJOSA OSMANI - SADRIU -","og_url":"https:\/\/president-ksgov.net\/en\/president-jahjaga-met-with-ministers-hyseni-kuci-and-collaku\/","og_site_name":"President of the Republic of Kosovo - DR. VJOSA OSMANI - SADRIU","article_published_time":"2012-03-07T10:13:10+00:00","article_modified_time":"2023-03-08T12:21:45+00:00","og_image":[{"width":1024,"height":581,"url":"https:\/\/president-ksgov.net\/wp-content\/uploads\/02_04_2015_9506517_02_04_2015_Takim_me_ministrin_e_puneve_te_brendshme_1.jpg","type":"image\/jpeg"}],"author":"admin","twitter_card":"summary_large_image","twitter_misc":{"Written by":"admin","Est. reading time":"1 minute"},"schema":{"@context":"https:\/\/schema.org","@graph":[{"@type":"WebPage","@id":"https:\/\/president-ksgov.net\/en\/president-jahjaga-met-with-ministers-hyseni-kuci-and-collaku\/","url":"https:\/\/president-ksgov.net\/en\/president-jahjaga-met-with-ministers-hyseni-kuci-and-collaku\/","name":"President Jahjaga met with Ministers Hyseni, Ku\u00e7i and \u00c7ollaku - President of the Republic of Kosovo - DR. VJOSA OSMANI - SADRIU","isPartOf":{"@id":"https:\/\/president-ksgov.net\/#website"},"primaryImageOfPage":{"@id":"https:\/\/president-ksgov.net\/en\/president-jahjaga-met-with-ministers-hyseni-kuci-and-collaku\/#primaryimage"},"image":{"@id":"https:\/\/president-ksgov.net\/en\/president-jahjaga-met-with-ministers-hyseni-kuci-and-collaku\/#primaryimage"},"thumbnailUrl":"https:\/\/president-ksgov.net\/wp-content\/uploads\/02_04_2015_9506517_02_04_2015_Takim_me_ministrin_e_puneve_te_brendshme_1.jpg","datePublished":"2012-03-07T10:13:10+00:00","dateModified":"2023-03-08T12:21:45+00:00","author":{"@id":"https:\/\/president-ksgov.net\/#\/schema\/person\/bb4337a5fb147cb2046d80548172cbee"},"description":"President Jahjaga met with Ministers Hyseni, Ku\u00e7i and \u00c7ollaku - President of the Republic of Kosovo - DR. VJOSA OSMANI - SADRIU -","breadcrumb":{"@id":"https:\/\/president-ksgov.net\/en\/president-jahjaga-met-with-ministers-hyseni-kuci-and-collaku\/#breadcrumb"},"inLanguage":"en-US","potentialAction":[{"@type":"ReadAction","target":["https:\/\/president-ksgov.net\/en\/president-jahjaga-met-with-ministers-hyseni-kuci-and-collaku\/"]}]},{"@type":"ImageObject","inLanguage":"en-US","@id":"https:\/\/president-ksgov.net\/en\/president-jahjaga-met-with-ministers-hyseni-kuci-and-collaku\/#primaryimage","url":"https:\/\/president-ksgov.net\/wp-content\/uploads\/02_04_2015_9506517_02_04_2015_Takim_me_ministrin_e_puneve_te_brendshme_1.jpg","contentUrl":"https:\/\/president-ksgov.net\/wp-content\/uploads\/02_04_2015_9506517_02_04_2015_Takim_me_ministrin_e_puneve_te_brendshme_1.jpg","width":1024,"height":581},{"@type":"BreadcrumbList","@id":"https:\/\/president-ksgov.net\/en\/president-jahjaga-met-with-ministers-hyseni-kuci-and-collaku\/#breadcrumb","itemListElement":[{"@type":"ListItem","position":1,"name":"Home","item":"https:\/\/president-ksgov.net\/en\/"},{"@type":"ListItem","position":2,"name":"President Jahjaga met with Ministers Hyseni, Ku\u00e7i and \u00c7ollaku"}]},{"@type":"WebSite","@id":"https:\/\/president-ksgov.net\/#website","url":"https:\/\/president-ksgov.net\/","name":"Presidente e Republik\u00ebs s\u00eb Kosov\u00ebs","description":"Presidente e Republik\u00ebs s\u00eb Kosov\u00ebs","alternateName":"DR. VJOSA OSMANI - SADRIU","potentialAction":[{"@type":"SearchAction","target":{"@type":"EntryPoint","urlTemplate":"https:\/\/president-ksgov.net\/?s={search_term_string}"},"query-input":{"@type":"PropertyValueSpecification","valueRequired":true,"valueName":"search_term_string"}}],"inLanguage":"en-US"},{"@type":"Person","@id":"https:\/\/president-ksgov.net\/#\/schema\/person\/bb4337a5fb147cb2046d80548172cbee","name":"admin","image":{"@type":"ImageObject","inLanguage":"en-US","@id":"https:\/\/president-ksgov.net\/#\/schema\/person\/image\/","url":"https:\/\/secure.gravatar.com\/avatar\/36156ca0fa3b8d9d25174f146e16beea0cf28f37adf1b9e19b6c9c279a7c9dd3?s=96&d=mm&r=g","contentUrl":"https:\/\/secure.gravatar.com\/avatar\/36156ca0fa3b8d9d25174f146e16beea0cf28f37adf1b9e19b6c9c279a7c9dd3?s=96&d=mm&r=g","caption":"admin"},"sameAs":["https:\/\/president-ksgov.net"]}]}},"_links":{"self":[{"href":"https:\/\/president-ksgov.net\/en\/wp-json\/wp\/v2\/posts\/69874","targetHints":{"allow":["GET"]}}],"collection":[{"href":"https:\/\/president-ksgov.net\/en\/wp-json\/wp\/v2\/posts"}],"about":[{"href":"https:\/\/president-ksgov.net\/en\/wp-json\/wp\/v2\/types\/post"}],"author":[{"embeddable":true,"href":"https:\/\/president-ksgov.net\/en\/wp-json\/wp\/v2\/users\/1"}],"replies":[{"embeddable":true,"href":"https:\/\/president-ksgov.net\/en\/wp-json\/wp\/v2\/comments?post=69874"}],"version-history":[{"count":1,"href":"https:\/\/president-ksgov.net\/en\/wp-json\/wp\/v2\/posts\/69874\/revisions"}],"predecessor-version":[{"id":81994,"href":"https:\/\/president-ksgov.net\/en\/wp-json\/wp\/v2\/posts\/69874\/revisions\/81994"}],"wp:featuredmedia":[{"embeddable":true,"href":"https:\/\/president-ksgov.net\/en\/wp-json\/wp\/v2\/media\/69875"}],"wp:attachment":[{"href":"https:\/\/president-ksgov.net\/en\/wp-json\/wp\/v2\/media?parent=69874"}],"wp:term":[{"taxonomy":"category","embeddable":true,"href":"https:\/\/president-ksgov.net\/en\/wp-json\/wp\/v2\/categories?post=69874"},{"taxonomy":"post_tag","embeddable":true,"href":"https:\/\/president-ksgov.net\/en\/wp-json\/wp\/v2\/tags?post=69874"}],"curies":[{"name":"wp","href":"https:\/\/api.w.org\/{rel}","templated":true}]}}