{"id":69840,"date":"2015-04-30T17:13:41","date_gmt":"2015-04-30T17:13:41","guid":{"rendered":"https:\/\/dev.president-ksgov.net\/president-jahjaga-visited-the-fair-prishtina-2015\/"},"modified":"2023-03-07T10:11:55","modified_gmt":"2023-03-07T10:11:55","slug":"president-jahjaga-visited-the-fair-prishtina-2015","status":"publish","type":"post","link":"https:\/\/president-ksgov.net\/en\/president-jahjaga-visited-the-fair-prishtina-2015\/","title":{"rendered":"President Jahjaga visited the Fair &#147;Prishtina 2015&#148;"},"content":{"rendered":"<p>The President of the Republic of Kosovo, Madam Atifete Jahjaga visited yesterday the General International Fair &#8220;Prishtina 2015&#8221; which is being held in Organization of the Kosovo Chamber of Commerce and the Government of the Republic of Kosovo, from April 29 till May 2, 2015.<\/p>\n<p>The holding of this fair, with the participation of about 150 businesses from the country, the region and the world, is a good indicator to see the positive direction of the development, the companies of the private sector in our country have taken, said President Jahjaga in the meeting with the entrepreneurs.<\/p>\n<p>President Jahjaga added that Kosovo needs more success stories and encouraged the local and foreign entrepreneurs to continue their business and investments in Kosovo and to continue to be the main pillar of economic growth, employment and export, assuring them that the support of the institutions of the country will not lack. <\/p>\n<p>On behalf of the Kosovo Chamber of Commerce and the participating companies, the President of the Chamber of Commerce, Mr. Safet G\u00ebrxhaliu thanked the President for the visit and the continuous support she is giving to the development of the private sector and the promotion of the economic development of the country.<\/p>\n<p>\u00a0<\/p>\n","protected":false},"excerpt":{"rendered":"<p>The President of the Republic of Kosovo, Madam Atifete Jahjaga visited yesterday the General International Fair &#8220;Prishtina 2015&#8221; which is being held in Organization of the Kosovo Chamber of Commerce and the Government of the Republic of Kosovo, from April 29 till May 2, 2015.<\/p>\n","protected":false},"author":1,"featured_media":40510,"comment_status":"open","ping_status":"closed","sticky":false,"template":"","format":"standard","meta":{"_eb_attr":"","footnotes":""},"categories":[111],"tags":[],"class_list":["post-69840","post","type-post","status-publish","format-standard","has-post-thumbnail","hentry","category-news"],"yoast_head":"<!-- This site is optimized with the Yoast SEO plugin v23.5 - https:\/\/yoast.com\/wordpress\/plugins\/seo\/ -->\n<title>President Jahjaga visited the Fair &#147;Prishtina 2015&#148; - President of the Republic of Kosovo - DR. VJOSA OSMANI - SADRIU<\/title>\n<meta name=\"description\" content=\"President Jahjaga visited the Fair &#147;Prishtina 2015&#148; - President of the Republic of Kosovo - DR. VJOSA OSMANI - SADRIU -\" \/>\n<meta name=\"robots\" content=\"index, follow, max-snippet:-1, max-image-preview:large, max-video-preview:-1\" \/>\n<link rel=\"canonical\" href=\"https:\/\/president-ksgov.net\/en\/president-jahjaga-visited-the-fair-prishtina-2015\/\" \/>\n<meta property=\"og:locale\" content=\"en_US\" \/>\n<meta property=\"og:type\" content=\"article\" \/>\n<meta property=\"og:title\" content=\"President Jahjaga visited the Fair &#147;Prishtina 2015&#148; - President of the Republic of Kosovo - DR. VJOSA OSMANI - SADRIU\" \/>\n<meta property=\"og:description\" content=\"President Jahjaga visited the Fair &#147;Prishtina 2015&#148; - President of the Republic of Kosovo - DR. VJOSA OSMANI - SADRIU -\" \/>\n<meta property=\"og:url\" content=\"https:\/\/president-ksgov.net\/en\/president-jahjaga-visited-the-fair-prishtina-2015\/\" \/>\n<meta property=\"og:site_name\" content=\"President of the Republic of Kosovo - DR. VJOSA OSMANI - SADRIU\" \/>\n<meta property=\"article:published_time\" content=\"2015-04-30T17:13:41+00:00\" \/>\n<meta property=\"article:modified_time\" content=\"2023-03-07T10:11:55+00:00\" \/>\n<meta property=\"og:image\" content=\"https:\/\/president-ksgov.net\/wp-content\/uploads\/30_04_2015_7892322_29_04_2015_Panairi_2.jpg\" \/>\n\t<meta property=\"og:image:width\" content=\"1024\" \/>\n\t<meta property=\"og:image:height\" content=\"526\" \/>\n\t<meta property=\"og:image:type\" content=\"image\/jpeg\" \/>\n<meta name=\"author\" content=\"admin\" \/>\n<meta name=\"twitter:card\" content=\"summary_large_image\" \/>\n<meta name=\"twitter:label1\" content=\"Written by\" \/>\n\t<meta name=\"twitter:data1\" content=\"admin\" \/>\n\t<meta name=\"twitter:label2\" content=\"Est. reading time\" \/>\n\t<meta name=\"twitter:data2\" content=\"1 minute\" \/>\n<script type=\"application\/ld+json\" class=\"yoast-schema-graph\">{\"@context\":\"https:\/\/schema.org\",\"@graph\":[{\"@type\":\"WebPage\",\"@id\":\"https:\/\/president-ksgov.net\/en\/president-jahjaga-visited-the-fair-prishtina-2015\/\",\"url\":\"https:\/\/president-ksgov.net\/en\/president-jahjaga-visited-the-fair-prishtina-2015\/\",\"name\":\"President Jahjaga visited the Fair &#147;Prishtina 2015&#148; - President of the Republic of Kosovo - DR. VJOSA OSMANI - SADRIU\",\"isPartOf\":{\"@id\":\"https:\/\/president-ksgov.net\/#website\"},\"primaryImageOfPage\":{\"@id\":\"https:\/\/president-ksgov.net\/en\/president-jahjaga-visited-the-fair-prishtina-2015\/#primaryimage\"},\"image\":{\"@id\":\"https:\/\/president-ksgov.net\/en\/president-jahjaga-visited-the-fair-prishtina-2015\/#primaryimage\"},\"thumbnailUrl\":\"https:\/\/president-ksgov.net\/wp-content\/uploads\/30_04_2015_7892322_29_04_2015_Panairi_2.jpg\",\"datePublished\":\"2015-04-30T17:13:41+00:00\",\"dateModified\":\"2023-03-07T10:11:55+00:00\",\"author\":{\"@id\":\"https:\/\/president-ksgov.net\/#\/schema\/person\/bb4337a5fb147cb2046d80548172cbee\"},\"description\":\"President Jahjaga visited the Fair &#147;Prishtina 2015&#148; - President of the Republic of Kosovo - DR. VJOSA OSMANI - SADRIU -\",\"breadcrumb\":{\"@id\":\"https:\/\/president-ksgov.net\/en\/president-jahjaga-visited-the-fair-prishtina-2015\/#breadcrumb\"},\"inLanguage\":\"en-US\",\"potentialAction\":[{\"@type\":\"ReadAction\",\"target\":[\"https:\/\/president-ksgov.net\/en\/president-jahjaga-visited-the-fair-prishtina-2015\/\"]}]},{\"@type\":\"ImageObject\",\"inLanguage\":\"en-US\",\"@id\":\"https:\/\/president-ksgov.net\/en\/president-jahjaga-visited-the-fair-prishtina-2015\/#primaryimage\",\"url\":\"https:\/\/president-ksgov.net\/wp-content\/uploads\/30_04_2015_7892322_29_04_2015_Panairi_2.jpg\",\"contentUrl\":\"https:\/\/president-ksgov.net\/wp-content\/uploads\/30_04_2015_7892322_29_04_2015_Panairi_2.jpg\",\"width\":1024,\"height\":526},{\"@type\":\"BreadcrumbList\",\"@id\":\"https:\/\/president-ksgov.net\/en\/president-jahjaga-visited-the-fair-prishtina-2015\/#breadcrumb\",\"itemListElement\":[{\"@type\":\"ListItem\",\"position\":1,\"name\":\"Home\",\"item\":\"https:\/\/president-ksgov.net\/en\/\"},{\"@type\":\"ListItem\",\"position\":2,\"name\":\"President Jahjaga visited the Fair &#147;Prishtina 2015&#148;\"}]},{\"@type\":\"WebSite\",\"@id\":\"https:\/\/president-ksgov.net\/#website\",\"url\":\"https:\/\/president-ksgov.net\/\",\"name\":\"Presidente e Republik\u00ebs s\u00eb Kosov\u00ebs\",\"description\":\"Presidente e Republik\u00ebs s\u00eb Kosov\u00ebs\",\"alternateName\":\"DR. VJOSA OSMANI - SADRIU\",\"potentialAction\":[{\"@type\":\"SearchAction\",\"target\":{\"@type\":\"EntryPoint\",\"urlTemplate\":\"https:\/\/president-ksgov.net\/?s={search_term_string}\"},\"query-input\":{\"@type\":\"PropertyValueSpecification\",\"valueRequired\":true,\"valueName\":\"search_term_string\"}}],\"inLanguage\":\"en-US\"},{\"@type\":\"Person\",\"@id\":\"https:\/\/president-ksgov.net\/#\/schema\/person\/bb4337a5fb147cb2046d80548172cbee\",\"name\":\"admin\",\"image\":{\"@type\":\"ImageObject\",\"inLanguage\":\"en-US\",\"@id\":\"https:\/\/president-ksgov.net\/#\/schema\/person\/image\/\",\"url\":\"https:\/\/secure.gravatar.com\/avatar\/36156ca0fa3b8d9d25174f146e16beea0cf28f37adf1b9e19b6c9c279a7c9dd3?s=96&d=mm&r=g\",\"contentUrl\":\"https:\/\/secure.gravatar.com\/avatar\/36156ca0fa3b8d9d25174f146e16beea0cf28f37adf1b9e19b6c9c279a7c9dd3?s=96&d=mm&r=g\",\"caption\":\"admin\"},\"sameAs\":[\"https:\/\/president-ksgov.net\"]}]}<\/script>\n<!-- \/ Yoast SEO plugin. -->","yoast_head_json":{"title":"President Jahjaga visited the Fair &#147;Prishtina 2015&#148; - President of the Republic of Kosovo - DR. VJOSA OSMANI - SADRIU","description":"President Jahjaga visited the Fair &#147;Prishtina 2015&#148; - President of the Republic of Kosovo - DR. VJOSA OSMANI - SADRIU -","robots":{"index":"index","follow":"follow","max-snippet":"max-snippet:-1","max-image-preview":"max-image-preview:large","max-video-preview":"max-video-preview:-1"},"canonical":"https:\/\/president-ksgov.net\/en\/president-jahjaga-visited-the-fair-prishtina-2015\/","og_locale":"en_US","og_type":"article","og_title":"President Jahjaga visited the Fair &#147;Prishtina 2015&#148; - President of the Republic of Kosovo - DR. VJOSA OSMANI - SADRIU","og_description":"President Jahjaga visited the Fair &#147;Prishtina 2015&#148; - President of the Republic of Kosovo - DR. VJOSA OSMANI - SADRIU -","og_url":"https:\/\/president-ksgov.net\/en\/president-jahjaga-visited-the-fair-prishtina-2015\/","og_site_name":"President of the Republic of Kosovo - DR. VJOSA OSMANI - SADRIU","article_published_time":"2015-04-30T17:13:41+00:00","article_modified_time":"2023-03-07T10:11:55+00:00","og_image":[{"width":1024,"height":526,"url":"https:\/\/president-ksgov.net\/wp-content\/uploads\/30_04_2015_7892322_29_04_2015_Panairi_2.jpg","type":"image\/jpeg"}],"author":"admin","twitter_card":"summary_large_image","twitter_misc":{"Written by":"admin","Est. reading time":"1 minute"},"schema":{"@context":"https:\/\/schema.org","@graph":[{"@type":"WebPage","@id":"https:\/\/president-ksgov.net\/en\/president-jahjaga-visited-the-fair-prishtina-2015\/","url":"https:\/\/president-ksgov.net\/en\/president-jahjaga-visited-the-fair-prishtina-2015\/","name":"President Jahjaga visited the Fair &#147;Prishtina 2015&#148; - President of the Republic of Kosovo - DR. VJOSA OSMANI - SADRIU","isPartOf":{"@id":"https:\/\/president-ksgov.net\/#website"},"primaryImageOfPage":{"@id":"https:\/\/president-ksgov.net\/en\/president-jahjaga-visited-the-fair-prishtina-2015\/#primaryimage"},"image":{"@id":"https:\/\/president-ksgov.net\/en\/president-jahjaga-visited-the-fair-prishtina-2015\/#primaryimage"},"thumbnailUrl":"https:\/\/president-ksgov.net\/wp-content\/uploads\/30_04_2015_7892322_29_04_2015_Panairi_2.jpg","datePublished":"2015-04-30T17:13:41+00:00","dateModified":"2023-03-07T10:11:55+00:00","author":{"@id":"https:\/\/president-ksgov.net\/#\/schema\/person\/bb4337a5fb147cb2046d80548172cbee"},"description":"President Jahjaga visited the Fair &#147;Prishtina 2015&#148; - President of the Republic of Kosovo - DR. VJOSA OSMANI - SADRIU -","breadcrumb":{"@id":"https:\/\/president-ksgov.net\/en\/president-jahjaga-visited-the-fair-prishtina-2015\/#breadcrumb"},"inLanguage":"en-US","potentialAction":[{"@type":"ReadAction","target":["https:\/\/president-ksgov.net\/en\/president-jahjaga-visited-the-fair-prishtina-2015\/"]}]},{"@type":"ImageObject","inLanguage":"en-US","@id":"https:\/\/president-ksgov.net\/en\/president-jahjaga-visited-the-fair-prishtina-2015\/#primaryimage","url":"https:\/\/president-ksgov.net\/wp-content\/uploads\/30_04_2015_7892322_29_04_2015_Panairi_2.jpg","contentUrl":"https:\/\/president-ksgov.net\/wp-content\/uploads\/30_04_2015_7892322_29_04_2015_Panairi_2.jpg","width":1024,"height":526},{"@type":"BreadcrumbList","@id":"https:\/\/president-ksgov.net\/en\/president-jahjaga-visited-the-fair-prishtina-2015\/#breadcrumb","itemListElement":[{"@type":"ListItem","position":1,"name":"Home","item":"https:\/\/president-ksgov.net\/en\/"},{"@type":"ListItem","position":2,"name":"President Jahjaga visited the Fair &#147;Prishtina 2015&#148;"}]},{"@type":"WebSite","@id":"https:\/\/president-ksgov.net\/#website","url":"https:\/\/president-ksgov.net\/","name":"Presidente e Republik\u00ebs s\u00eb Kosov\u00ebs","description":"Presidente e Republik\u00ebs s\u00eb Kosov\u00ebs","alternateName":"DR. VJOSA OSMANI - SADRIU","potentialAction":[{"@type":"SearchAction","target":{"@type":"EntryPoint","urlTemplate":"https:\/\/president-ksgov.net\/?s={search_term_string}"},"query-input":{"@type":"PropertyValueSpecification","valueRequired":true,"valueName":"search_term_string"}}],"inLanguage":"en-US"},{"@type":"Person","@id":"https:\/\/president-ksgov.net\/#\/schema\/person\/bb4337a5fb147cb2046d80548172cbee","name":"admin","image":{"@type":"ImageObject","inLanguage":"en-US","@id":"https:\/\/president-ksgov.net\/#\/schema\/person\/image\/","url":"https:\/\/secure.gravatar.com\/avatar\/36156ca0fa3b8d9d25174f146e16beea0cf28f37adf1b9e19b6c9c279a7c9dd3?s=96&d=mm&r=g","contentUrl":"https:\/\/secure.gravatar.com\/avatar\/36156ca0fa3b8d9d25174f146e16beea0cf28f37adf1b9e19b6c9c279a7c9dd3?s=96&d=mm&r=g","caption":"admin"},"sameAs":["https:\/\/president-ksgov.net"]}]}},"_links":{"self":[{"href":"https:\/\/president-ksgov.net\/en\/wp-json\/wp\/v2\/posts\/69840","targetHints":{"allow":["GET"]}}],"collection":[{"href":"https:\/\/president-ksgov.net\/en\/wp-json\/wp\/v2\/posts"}],"about":[{"href":"https:\/\/president-ksgov.net\/en\/wp-json\/wp\/v2\/types\/post"}],"author":[{"embeddable":true,"href":"https:\/\/president-ksgov.net\/en\/wp-json\/wp\/v2\/users\/1"}],"replies":[{"embeddable":true,"href":"https:\/\/president-ksgov.net\/en\/wp-json\/wp\/v2\/comments?post=69840"}],"version-history":[{"count":0,"href":"https:\/\/president-ksgov.net\/en\/wp-json\/wp\/v2\/posts\/69840\/revisions"}],"wp:featuredmedia":[{"embeddable":true,"href":"https:\/\/president-ksgov.net\/en\/wp-json\/wp\/v2\/media\/40510"}],"wp:attachment":[{"href":"https:\/\/president-ksgov.net\/en\/wp-json\/wp\/v2\/media?parent=69840"}],"wp:term":[{"taxonomy":"category","embeddable":true,"href":"https:\/\/president-ksgov.net\/en\/wp-json\/wp\/v2\/categories?post=69840"},{"taxonomy":"post_tag","embeddable":true,"href":"https:\/\/president-ksgov.net\/en\/wp-json\/wp\/v2\/tags?post=69840"}],"curies":[{"name":"wp","href":"https:\/\/api.w.org\/{rel}","templated":true}]}}