{"id":69621,"date":"2015-09-29T10:02:58","date_gmt":"2015-09-29T10:02:58","guid":{"rendered":"https:\/\/dev.president-ksgov.net\/president-atifete-jahjaga-met-with-the-representatives-of-the-global-community-engagement-and-resilience-fund\/"},"modified":"2023-03-07T10:05:15","modified_gmt":"2023-03-07T10:05:15","slug":"president-atifete-jahjaga-met-with-the-representatives-of-the-global-community-engagement-and-resilience-fund","status":"publish","type":"post","link":"https:\/\/president-ksgov.net\/en\/president-atifete-jahjaga-met-with-the-representatives-of-the-global-community-engagement-and-resilience-fund\/","title":{"rendered":"President Atifete Jahjaga met with the representatives of the Global Community Engagement and Resilience Fund"},"content":{"rendered":"<p>The President of the Republic of Kosovo, Madam Atifete Jahjaga, met in New York the representatives of the Global Community Engagement and Resilience Fund (GCERF), Madam Carol Bellamy, Head of the Board and Mr. Khalid Koser, Executive Director of the fund, with whom she discussed about the inclusion of Kosovo in the initiatives of this organization to eradicate extremism and to prevent radicalism.<\/p>\n<p>President Jahjaga expressed her satisfaction on the decision of the Global Fund that in December of this year to formalize Kosovo&#8217;s inclusion as one of the five states that will benefit from the fund of 25 million euros for initiatives and projects which for aim have the prevention of radicalism and violent extremism.<br \/>\n\u00a0<br \/>\nThe President stressed that it is good news that Kosovo has met the required criteria to become one of the five countries in the world to benefit from the initiatives of the fund at this stage and welcomes the visit of the representatives of this organization very soon in Kosovo.<br \/>\n\u00a0<br \/>\nThis meeting is a continuation of the meetings that President Jahjaga has had with the representatives of this organization this year in Geneva. The Office of the President has communicated constantly with GCERF to include Kosovo in its background.<br \/>\n\u00a0<br \/>\nThe Global Community Engagement and Resilience Fund has its headquarters in Geneva and was established as a global effort through the public-private partnership, in collaboration with the governments, the civil society and the private sector, to support the efforts of countries to address violent extremism and radicalism.<\/p>\n","protected":false},"excerpt":{"rendered":"<p>The President of the Republic of Kosovo, Madam Atifete Jahjaga, met in New York the representatives of the Global Community Engagement and Resilience Fund (GCERF), Madam Carol Bellamy, Head of the Board and Mr. Khalid Koser, Executive Director of the fund, with whom she discussed about the inclusion of Kosovo in the initiatives of this organization to eradicate extremism and to prevent radicalism.<\/p>\n","protected":false},"author":1,"featured_media":38234,"comment_status":"open","ping_status":"closed","sticky":false,"template":"","format":"standard","meta":{"_eb_attr":"","footnotes":""},"categories":[111],"tags":[],"class_list":["post-69621","post","type-post","status-publish","format-standard","has-post-thumbnail","hentry","category-news"],"yoast_head":"<!-- This site is optimized with the Yoast SEO plugin v23.5 - https:\/\/yoast.com\/wordpress\/plugins\/seo\/ -->\n<title>President Atifete Jahjaga met with the representatives of the Global Community Engagement and Resilience Fund - President of the Republic of Kosovo - DR. VJOSA OSMANI - SADRIU<\/title>\n<meta name=\"description\" content=\"President Atifete Jahjaga met with the representatives of the Global Community Engagement and Resilience Fund - President of the Republic of Kosovo - DR. VJOSA OSMANI - SADRIU -\" \/>\n<meta name=\"robots\" content=\"index, follow, max-snippet:-1, max-image-preview:large, max-video-preview:-1\" \/>\n<link rel=\"canonical\" href=\"https:\/\/president-ksgov.net\/en\/president-atifete-jahjaga-met-with-the-representatives-of-the-global-community-engagement-and-resilience-fund\/\" \/>\n<meta property=\"og:locale\" content=\"en_US\" \/>\n<meta property=\"og:type\" content=\"article\" \/>\n<meta property=\"og:title\" content=\"President Atifete Jahjaga met with the representatives of the Global Community Engagement and Resilience Fund - President of the Republic of Kosovo - DR. VJOSA OSMANI - SADRIU\" \/>\n<meta property=\"og:description\" content=\"President Atifete Jahjaga met with the representatives of the Global Community Engagement and Resilience Fund - President of the Republic of Kosovo - DR. VJOSA OSMANI - SADRIU -\" \/>\n<meta property=\"og:url\" content=\"https:\/\/president-ksgov.net\/en\/president-atifete-jahjaga-met-with-the-representatives-of-the-global-community-engagement-and-resilience-fund\/\" \/>\n<meta property=\"og:site_name\" content=\"President of the Republic of Kosovo - DR. VJOSA OSMANI - SADRIU\" \/>\n<meta property=\"article:published_time\" content=\"2015-09-29T10:02:58+00:00\" \/>\n<meta property=\"article:modified_time\" content=\"2023-03-07T10:05:15+00:00\" \/>\n<meta property=\"og:image\" content=\"https:\/\/president-ksgov.net\/wp-content\/uploads\/29_09_2015_7019955_6F7A9023_1.jpg\" \/>\n\t<meta property=\"og:image:width\" content=\"1703\" \/>\n\t<meta property=\"og:image:height\" content=\"1096\" \/>\n\t<meta property=\"og:image:type\" content=\"image\/jpeg\" \/>\n<meta name=\"author\" content=\"admin\" \/>\n<meta name=\"twitter:card\" content=\"summary_large_image\" \/>\n<meta name=\"twitter:label1\" content=\"Written by\" \/>\n\t<meta name=\"twitter:data1\" content=\"admin\" \/>\n\t<meta name=\"twitter:label2\" content=\"Est. reading time\" \/>\n\t<meta name=\"twitter:data2\" content=\"1 minute\" \/>\n<script type=\"application\/ld+json\" class=\"yoast-schema-graph\">{\"@context\":\"https:\/\/schema.org\",\"@graph\":[{\"@type\":\"WebPage\",\"@id\":\"https:\/\/president-ksgov.net\/en\/president-atifete-jahjaga-met-with-the-representatives-of-the-global-community-engagement-and-resilience-fund\/\",\"url\":\"https:\/\/president-ksgov.net\/en\/president-atifete-jahjaga-met-with-the-representatives-of-the-global-community-engagement-and-resilience-fund\/\",\"name\":\"President Atifete Jahjaga met with the representatives of the Global Community Engagement and Resilience Fund - President of the Republic of Kosovo - DR. VJOSA OSMANI - SADRIU\",\"isPartOf\":{\"@id\":\"https:\/\/president-ksgov.net\/#website\"},\"primaryImageOfPage\":{\"@id\":\"https:\/\/president-ksgov.net\/en\/president-atifete-jahjaga-met-with-the-representatives-of-the-global-community-engagement-and-resilience-fund\/#primaryimage\"},\"image\":{\"@id\":\"https:\/\/president-ksgov.net\/en\/president-atifete-jahjaga-met-with-the-representatives-of-the-global-community-engagement-and-resilience-fund\/#primaryimage\"},\"thumbnailUrl\":\"https:\/\/president-ksgov.net\/wp-content\/uploads\/29_09_2015_7019955_6F7A9023_1.jpg\",\"datePublished\":\"2015-09-29T10:02:58+00:00\",\"dateModified\":\"2023-03-07T10:05:15+00:00\",\"author\":{\"@id\":\"https:\/\/president-ksgov.net\/#\/schema\/person\/bb4337a5fb147cb2046d80548172cbee\"},\"description\":\"President Atifete Jahjaga met with the representatives of the Global Community Engagement and Resilience Fund - President of the Republic of Kosovo - DR. VJOSA OSMANI - SADRIU -\",\"breadcrumb\":{\"@id\":\"https:\/\/president-ksgov.net\/en\/president-atifete-jahjaga-met-with-the-representatives-of-the-global-community-engagement-and-resilience-fund\/#breadcrumb\"},\"inLanguage\":\"en-US\",\"potentialAction\":[{\"@type\":\"ReadAction\",\"target\":[\"https:\/\/president-ksgov.net\/en\/president-atifete-jahjaga-met-with-the-representatives-of-the-global-community-engagement-and-resilience-fund\/\"]}]},{\"@type\":\"ImageObject\",\"inLanguage\":\"en-US\",\"@id\":\"https:\/\/president-ksgov.net\/en\/president-atifete-jahjaga-met-with-the-representatives-of-the-global-community-engagement-and-resilience-fund\/#primaryimage\",\"url\":\"https:\/\/president-ksgov.net\/wp-content\/uploads\/29_09_2015_7019955_6F7A9023_1.jpg\",\"contentUrl\":\"https:\/\/president-ksgov.net\/wp-content\/uploads\/29_09_2015_7019955_6F7A9023_1.jpg\",\"width\":1703,\"height\":1096},{\"@type\":\"BreadcrumbList\",\"@id\":\"https:\/\/president-ksgov.net\/en\/president-atifete-jahjaga-met-with-the-representatives-of-the-global-community-engagement-and-resilience-fund\/#breadcrumb\",\"itemListElement\":[{\"@type\":\"ListItem\",\"position\":1,\"name\":\"Home\",\"item\":\"https:\/\/president-ksgov.net\/en\/\"},{\"@type\":\"ListItem\",\"position\":2,\"name\":\"President Atifete Jahjaga met with the representatives of the Global Community Engagement and Resilience Fund\"}]},{\"@type\":\"WebSite\",\"@id\":\"https:\/\/president-ksgov.net\/#website\",\"url\":\"https:\/\/president-ksgov.net\/\",\"name\":\"Presidente e Republik\u00ebs s\u00eb Kosov\u00ebs\",\"description\":\"Presidente e Republik\u00ebs s\u00eb Kosov\u00ebs\",\"alternateName\":\"DR. VJOSA OSMANI - SADRIU\",\"potentialAction\":[{\"@type\":\"SearchAction\",\"target\":{\"@type\":\"EntryPoint\",\"urlTemplate\":\"https:\/\/president-ksgov.net\/?s={search_term_string}\"},\"query-input\":{\"@type\":\"PropertyValueSpecification\",\"valueRequired\":true,\"valueName\":\"search_term_string\"}}],\"inLanguage\":\"en-US\"},{\"@type\":\"Person\",\"@id\":\"https:\/\/president-ksgov.net\/#\/schema\/person\/bb4337a5fb147cb2046d80548172cbee\",\"name\":\"admin\",\"image\":{\"@type\":\"ImageObject\",\"inLanguage\":\"en-US\",\"@id\":\"https:\/\/president-ksgov.net\/#\/schema\/person\/image\/\",\"url\":\"https:\/\/secure.gravatar.com\/avatar\/36156ca0fa3b8d9d25174f146e16beea0cf28f37adf1b9e19b6c9c279a7c9dd3?s=96&d=mm&r=g\",\"contentUrl\":\"https:\/\/secure.gravatar.com\/avatar\/36156ca0fa3b8d9d25174f146e16beea0cf28f37adf1b9e19b6c9c279a7c9dd3?s=96&d=mm&r=g\",\"caption\":\"admin\"},\"sameAs\":[\"https:\/\/president-ksgov.net\"]}]}<\/script>\n<!-- \/ Yoast SEO plugin. -->","yoast_head_json":{"title":"President Atifete Jahjaga met with the representatives of the Global Community Engagement and Resilience Fund - President of the Republic of Kosovo - DR. VJOSA OSMANI - SADRIU","description":"President Atifete Jahjaga met with the representatives of the Global Community Engagement and Resilience Fund - President of the Republic of Kosovo - DR. VJOSA OSMANI - SADRIU -","robots":{"index":"index","follow":"follow","max-snippet":"max-snippet:-1","max-image-preview":"max-image-preview:large","max-video-preview":"max-video-preview:-1"},"canonical":"https:\/\/president-ksgov.net\/en\/president-atifete-jahjaga-met-with-the-representatives-of-the-global-community-engagement-and-resilience-fund\/","og_locale":"en_US","og_type":"article","og_title":"President Atifete Jahjaga met with the representatives of the Global Community Engagement and Resilience Fund - President of the Republic of Kosovo - DR. VJOSA OSMANI - SADRIU","og_description":"President Atifete Jahjaga met with the representatives of the Global Community Engagement and Resilience Fund - President of the Republic of Kosovo - DR. VJOSA OSMANI - SADRIU -","og_url":"https:\/\/president-ksgov.net\/en\/president-atifete-jahjaga-met-with-the-representatives-of-the-global-community-engagement-and-resilience-fund\/","og_site_name":"President of the Republic of Kosovo - DR. VJOSA OSMANI - SADRIU","article_published_time":"2015-09-29T10:02:58+00:00","article_modified_time":"2023-03-07T10:05:15+00:00","og_image":[{"width":1703,"height":1096,"url":"https:\/\/president-ksgov.net\/wp-content\/uploads\/29_09_2015_7019955_6F7A9023_1.jpg","type":"image\/jpeg"}],"author":"admin","twitter_card":"summary_large_image","twitter_misc":{"Written by":"admin","Est. reading time":"1 minute"},"schema":{"@context":"https:\/\/schema.org","@graph":[{"@type":"WebPage","@id":"https:\/\/president-ksgov.net\/en\/president-atifete-jahjaga-met-with-the-representatives-of-the-global-community-engagement-and-resilience-fund\/","url":"https:\/\/president-ksgov.net\/en\/president-atifete-jahjaga-met-with-the-representatives-of-the-global-community-engagement-and-resilience-fund\/","name":"President Atifete Jahjaga met with the representatives of the Global Community Engagement and Resilience Fund - President of the Republic of Kosovo - DR. VJOSA OSMANI - SADRIU","isPartOf":{"@id":"https:\/\/president-ksgov.net\/#website"},"primaryImageOfPage":{"@id":"https:\/\/president-ksgov.net\/en\/president-atifete-jahjaga-met-with-the-representatives-of-the-global-community-engagement-and-resilience-fund\/#primaryimage"},"image":{"@id":"https:\/\/president-ksgov.net\/en\/president-atifete-jahjaga-met-with-the-representatives-of-the-global-community-engagement-and-resilience-fund\/#primaryimage"},"thumbnailUrl":"https:\/\/president-ksgov.net\/wp-content\/uploads\/29_09_2015_7019955_6F7A9023_1.jpg","datePublished":"2015-09-29T10:02:58+00:00","dateModified":"2023-03-07T10:05:15+00:00","author":{"@id":"https:\/\/president-ksgov.net\/#\/schema\/person\/bb4337a5fb147cb2046d80548172cbee"},"description":"President Atifete Jahjaga met with the representatives of the Global Community Engagement and Resilience Fund - President of the Republic of Kosovo - DR. VJOSA OSMANI - SADRIU -","breadcrumb":{"@id":"https:\/\/president-ksgov.net\/en\/president-atifete-jahjaga-met-with-the-representatives-of-the-global-community-engagement-and-resilience-fund\/#breadcrumb"},"inLanguage":"en-US","potentialAction":[{"@type":"ReadAction","target":["https:\/\/president-ksgov.net\/en\/president-atifete-jahjaga-met-with-the-representatives-of-the-global-community-engagement-and-resilience-fund\/"]}]},{"@type":"ImageObject","inLanguage":"en-US","@id":"https:\/\/president-ksgov.net\/en\/president-atifete-jahjaga-met-with-the-representatives-of-the-global-community-engagement-and-resilience-fund\/#primaryimage","url":"https:\/\/president-ksgov.net\/wp-content\/uploads\/29_09_2015_7019955_6F7A9023_1.jpg","contentUrl":"https:\/\/president-ksgov.net\/wp-content\/uploads\/29_09_2015_7019955_6F7A9023_1.jpg","width":1703,"height":1096},{"@type":"BreadcrumbList","@id":"https:\/\/president-ksgov.net\/en\/president-atifete-jahjaga-met-with-the-representatives-of-the-global-community-engagement-and-resilience-fund\/#breadcrumb","itemListElement":[{"@type":"ListItem","position":1,"name":"Home","item":"https:\/\/president-ksgov.net\/en\/"},{"@type":"ListItem","position":2,"name":"President Atifete Jahjaga met with the representatives of the Global Community Engagement and Resilience Fund"}]},{"@type":"WebSite","@id":"https:\/\/president-ksgov.net\/#website","url":"https:\/\/president-ksgov.net\/","name":"Presidente e Republik\u00ebs s\u00eb Kosov\u00ebs","description":"Presidente e Republik\u00ebs s\u00eb Kosov\u00ebs","alternateName":"DR. VJOSA OSMANI - SADRIU","potentialAction":[{"@type":"SearchAction","target":{"@type":"EntryPoint","urlTemplate":"https:\/\/president-ksgov.net\/?s={search_term_string}"},"query-input":{"@type":"PropertyValueSpecification","valueRequired":true,"valueName":"search_term_string"}}],"inLanguage":"en-US"},{"@type":"Person","@id":"https:\/\/president-ksgov.net\/#\/schema\/person\/bb4337a5fb147cb2046d80548172cbee","name":"admin","image":{"@type":"ImageObject","inLanguage":"en-US","@id":"https:\/\/president-ksgov.net\/#\/schema\/person\/image\/","url":"https:\/\/secure.gravatar.com\/avatar\/36156ca0fa3b8d9d25174f146e16beea0cf28f37adf1b9e19b6c9c279a7c9dd3?s=96&d=mm&r=g","contentUrl":"https:\/\/secure.gravatar.com\/avatar\/36156ca0fa3b8d9d25174f146e16beea0cf28f37adf1b9e19b6c9c279a7c9dd3?s=96&d=mm&r=g","caption":"admin"},"sameAs":["https:\/\/president-ksgov.net"]}]}},"_links":{"self":[{"href":"https:\/\/president-ksgov.net\/en\/wp-json\/wp\/v2\/posts\/69621","targetHints":{"allow":["GET"]}}],"collection":[{"href":"https:\/\/president-ksgov.net\/en\/wp-json\/wp\/v2\/posts"}],"about":[{"href":"https:\/\/president-ksgov.net\/en\/wp-json\/wp\/v2\/types\/post"}],"author":[{"embeddable":true,"href":"https:\/\/president-ksgov.net\/en\/wp-json\/wp\/v2\/users\/1"}],"replies":[{"embeddable":true,"href":"https:\/\/president-ksgov.net\/en\/wp-json\/wp\/v2\/comments?post=69621"}],"version-history":[{"count":0,"href":"https:\/\/president-ksgov.net\/en\/wp-json\/wp\/v2\/posts\/69621\/revisions"}],"wp:featuredmedia":[{"embeddable":true,"href":"https:\/\/president-ksgov.net\/en\/wp-json\/wp\/v2\/media\/38234"}],"wp:attachment":[{"href":"https:\/\/president-ksgov.net\/en\/wp-json\/wp\/v2\/media?parent=69621"}],"wp:term":[{"taxonomy":"category","embeddable":true,"href":"https:\/\/president-ksgov.net\/en\/wp-json\/wp\/v2\/categories?post=69621"},{"taxonomy":"post_tag","embeddable":true,"href":"https:\/\/president-ksgov.net\/en\/wp-json\/wp\/v2\/tags?post=69621"}],"curies":[{"name":"wp","href":"https:\/\/api.w.org\/{rel}","templated":true}]}}