{"id":69603,"date":"2015-10-12T16:01:20","date_gmt":"2015-10-12T16:01:20","guid":{"rendered":"https:\/\/dev.president-ksgov.net\/president-jahjaga-receives-the-german-envoy-for-the-balkans-ambassador-reichel\/"},"modified":"2023-03-07T10:04:25","modified_gmt":"2023-03-07T10:04:25","slug":"president-jahjaga-receives-the-german-envoy-for-the-balkans-ambassador-reichel","status":"publish","type":"post","link":"https:\/\/president-ksgov.net\/en\/president-jahjaga-receives-the-german-envoy-for-the-balkans-ambassador-reichel\/","title":{"rendered":"President Jahjaga receives the German envoy for the Balkans, Ambassador Reichel"},"content":{"rendered":"<p>The President of the Republic of Kosovo, Madam Atifete Jahjaga has met the special envoy of Germany for the Balkans, Mr. Ernst Reichel with whom she discussed about the political situation in the country and Kosovo&#8217;s European agenda.<\/p>\n<p>President Jahjaga informed Ambassador Reichel with her stance about the latest developments in the Kosovo Assembly calling the violence committed by some deputies of the opposition in the Assembly as unacceptable and a behavior that contradicts to the norms of a parliamentary democracy. She stressed that she has requested from the deputies of the Assembly of Kosovo to contribute to the relaxation of the situation in the Assembly and in respecting the democratic process.<\/p>\n<p>President Jahjaga also stressed the commitment of the institutions of Kosovo for the European agenda which is expected to be concretized with the signing of the Stabilization and Association Agreement by the end of the year and the conclusion of the dialogue on visa liberalization, as the two first steps in the integration processes of the Republic Kosovo.<\/p>\n<p>President Jahjaga thanked Germany and the other partner countries of Kosovo for supporting the membership of the Republic of Kosovo in UNESCO and other international organizations.<\/p>\n<p>\u00a0<\/p>\n","protected":false},"excerpt":{"rendered":"<p>The President of the Republic of Kosovo, Madam Atifete Jahjaga has met the special envoy of Germany for the Balkans, Mr. Ernst Reichel with whom she discussed about the political situation in the country and Kosovo&#8217;s European agenda.<\/p>\n","protected":false},"author":1,"featured_media":38024,"comment_status":"open","ping_status":"closed","sticky":false,"template":"","format":"standard","meta":{"_eb_attr":"","footnotes":""},"categories":[111],"tags":[],"class_list":["post-69603","post","type-post","status-publish","format-standard","has-post-thumbnail","hentry","category-news"],"yoast_head":"<!-- This site is optimized with the Yoast SEO plugin v23.5 - https:\/\/yoast.com\/wordpress\/plugins\/seo\/ -->\n<title>President Jahjaga receives the German envoy for the Balkans, Ambassador Reichel - President of the Republic of Kosovo - DR. VJOSA OSMANI - SADRIU<\/title>\n<meta name=\"description\" content=\"President Jahjaga receives the German envoy for the Balkans, Ambassador Reichel - President of the Republic of Kosovo - DR. VJOSA OSMANI - SADRIU -\" \/>\n<meta name=\"robots\" content=\"index, follow, max-snippet:-1, max-image-preview:large, max-video-preview:-1\" \/>\n<link rel=\"canonical\" href=\"https:\/\/president-ksgov.net\/en\/president-jahjaga-receives-the-german-envoy-for-the-balkans-ambassador-reichel\/\" \/>\n<meta property=\"og:locale\" content=\"en_US\" \/>\n<meta property=\"og:type\" content=\"article\" \/>\n<meta property=\"og:title\" content=\"President Jahjaga receives the German envoy for the Balkans, Ambassador Reichel - President of the Republic of Kosovo - DR. VJOSA OSMANI - SADRIU\" \/>\n<meta property=\"og:description\" content=\"President Jahjaga receives the German envoy for the Balkans, Ambassador Reichel - President of the Republic of Kosovo - DR. VJOSA OSMANI - SADRIU -\" \/>\n<meta property=\"og:url\" content=\"https:\/\/president-ksgov.net\/en\/president-jahjaga-receives-the-german-envoy-for-the-balkans-ambassador-reichel\/\" \/>\n<meta property=\"og:site_name\" content=\"President of the Republic of Kosovo - DR. VJOSA OSMANI - SADRIU\" \/>\n<meta property=\"article:published_time\" content=\"2015-10-12T16:01:20+00:00\" \/>\n<meta property=\"article:modified_time\" content=\"2023-03-07T10:04:25+00:00\" \/>\n<meta property=\"og:image\" content=\"https:\/\/president-ksgov.net\/wp-content\/uploads\/12_10_2015_6248569_12_10_2015_Takim_me_Reichel_1.jpg\" \/>\n\t<meta property=\"og:image:width\" content=\"1024\" \/>\n\t<meta property=\"og:image:height\" content=\"547\" \/>\n\t<meta property=\"og:image:type\" content=\"image\/jpeg\" \/>\n<meta name=\"author\" content=\"admin\" \/>\n<meta name=\"twitter:card\" content=\"summary_large_image\" \/>\n<meta name=\"twitter:label1\" content=\"Written by\" \/>\n\t<meta name=\"twitter:data1\" content=\"admin\" \/>\n\t<meta name=\"twitter:label2\" content=\"Est. reading time\" \/>\n\t<meta name=\"twitter:data2\" content=\"1 minute\" \/>\n<script type=\"application\/ld+json\" class=\"yoast-schema-graph\">{\"@context\":\"https:\/\/schema.org\",\"@graph\":[{\"@type\":\"WebPage\",\"@id\":\"https:\/\/president-ksgov.net\/en\/president-jahjaga-receives-the-german-envoy-for-the-balkans-ambassador-reichel\/\",\"url\":\"https:\/\/president-ksgov.net\/en\/president-jahjaga-receives-the-german-envoy-for-the-balkans-ambassador-reichel\/\",\"name\":\"President Jahjaga receives the German envoy for the Balkans, Ambassador Reichel - President of the Republic of Kosovo - DR. VJOSA OSMANI - SADRIU\",\"isPartOf\":{\"@id\":\"https:\/\/president-ksgov.net\/#website\"},\"primaryImageOfPage\":{\"@id\":\"https:\/\/president-ksgov.net\/en\/president-jahjaga-receives-the-german-envoy-for-the-balkans-ambassador-reichel\/#primaryimage\"},\"image\":{\"@id\":\"https:\/\/president-ksgov.net\/en\/president-jahjaga-receives-the-german-envoy-for-the-balkans-ambassador-reichel\/#primaryimage\"},\"thumbnailUrl\":\"https:\/\/president-ksgov.net\/wp-content\/uploads\/12_10_2015_6248569_12_10_2015_Takim_me_Reichel_1.jpg\",\"datePublished\":\"2015-10-12T16:01:20+00:00\",\"dateModified\":\"2023-03-07T10:04:25+00:00\",\"author\":{\"@id\":\"https:\/\/president-ksgov.net\/#\/schema\/person\/bb4337a5fb147cb2046d80548172cbee\"},\"description\":\"President Jahjaga receives the German envoy for the Balkans, Ambassador Reichel - President of the Republic of Kosovo - DR. VJOSA OSMANI - SADRIU -\",\"breadcrumb\":{\"@id\":\"https:\/\/president-ksgov.net\/en\/president-jahjaga-receives-the-german-envoy-for-the-balkans-ambassador-reichel\/#breadcrumb\"},\"inLanguage\":\"en-US\",\"potentialAction\":[{\"@type\":\"ReadAction\",\"target\":[\"https:\/\/president-ksgov.net\/en\/president-jahjaga-receives-the-german-envoy-for-the-balkans-ambassador-reichel\/\"]}]},{\"@type\":\"ImageObject\",\"inLanguage\":\"en-US\",\"@id\":\"https:\/\/president-ksgov.net\/en\/president-jahjaga-receives-the-german-envoy-for-the-balkans-ambassador-reichel\/#primaryimage\",\"url\":\"https:\/\/president-ksgov.net\/wp-content\/uploads\/12_10_2015_6248569_12_10_2015_Takim_me_Reichel_1.jpg\",\"contentUrl\":\"https:\/\/president-ksgov.net\/wp-content\/uploads\/12_10_2015_6248569_12_10_2015_Takim_me_Reichel_1.jpg\",\"width\":1024,\"height\":547},{\"@type\":\"BreadcrumbList\",\"@id\":\"https:\/\/president-ksgov.net\/en\/president-jahjaga-receives-the-german-envoy-for-the-balkans-ambassador-reichel\/#breadcrumb\",\"itemListElement\":[{\"@type\":\"ListItem\",\"position\":1,\"name\":\"Home\",\"item\":\"https:\/\/president-ksgov.net\/en\/\"},{\"@type\":\"ListItem\",\"position\":2,\"name\":\"President Jahjaga receives the German envoy for the Balkans, Ambassador Reichel\"}]},{\"@type\":\"WebSite\",\"@id\":\"https:\/\/president-ksgov.net\/#website\",\"url\":\"https:\/\/president-ksgov.net\/\",\"name\":\"Presidente e Republik\u00ebs s\u00eb Kosov\u00ebs\",\"description\":\"Presidente e Republik\u00ebs s\u00eb Kosov\u00ebs\",\"alternateName\":\"DR. VJOSA OSMANI - SADRIU\",\"potentialAction\":[{\"@type\":\"SearchAction\",\"target\":{\"@type\":\"EntryPoint\",\"urlTemplate\":\"https:\/\/president-ksgov.net\/?s={search_term_string}\"},\"query-input\":{\"@type\":\"PropertyValueSpecification\",\"valueRequired\":true,\"valueName\":\"search_term_string\"}}],\"inLanguage\":\"en-US\"},{\"@type\":\"Person\",\"@id\":\"https:\/\/president-ksgov.net\/#\/schema\/person\/bb4337a5fb147cb2046d80548172cbee\",\"name\":\"admin\",\"image\":{\"@type\":\"ImageObject\",\"inLanguage\":\"en-US\",\"@id\":\"https:\/\/president-ksgov.net\/#\/schema\/person\/image\/\",\"url\":\"https:\/\/secure.gravatar.com\/avatar\/36156ca0fa3b8d9d25174f146e16beea0cf28f37adf1b9e19b6c9c279a7c9dd3?s=96&d=mm&r=g\",\"contentUrl\":\"https:\/\/secure.gravatar.com\/avatar\/36156ca0fa3b8d9d25174f146e16beea0cf28f37adf1b9e19b6c9c279a7c9dd3?s=96&d=mm&r=g\",\"caption\":\"admin\"},\"sameAs\":[\"https:\/\/president-ksgov.net\"]}]}<\/script>\n<!-- \/ Yoast SEO plugin. -->","yoast_head_json":{"title":"President Jahjaga receives the German envoy for the Balkans, Ambassador Reichel - President of the Republic of Kosovo - DR. VJOSA OSMANI - SADRIU","description":"President Jahjaga receives the German envoy for the Balkans, Ambassador Reichel - President of the Republic of Kosovo - DR. VJOSA OSMANI - SADRIU -","robots":{"index":"index","follow":"follow","max-snippet":"max-snippet:-1","max-image-preview":"max-image-preview:large","max-video-preview":"max-video-preview:-1"},"canonical":"https:\/\/president-ksgov.net\/en\/president-jahjaga-receives-the-german-envoy-for-the-balkans-ambassador-reichel\/","og_locale":"en_US","og_type":"article","og_title":"President Jahjaga receives the German envoy for the Balkans, Ambassador Reichel - President of the Republic of Kosovo - DR. VJOSA OSMANI - SADRIU","og_description":"President Jahjaga receives the German envoy for the Balkans, Ambassador Reichel - President of the Republic of Kosovo - DR. VJOSA OSMANI - SADRIU -","og_url":"https:\/\/president-ksgov.net\/en\/president-jahjaga-receives-the-german-envoy-for-the-balkans-ambassador-reichel\/","og_site_name":"President of the Republic of Kosovo - DR. VJOSA OSMANI - SADRIU","article_published_time":"2015-10-12T16:01:20+00:00","article_modified_time":"2023-03-07T10:04:25+00:00","og_image":[{"width":1024,"height":547,"url":"https:\/\/president-ksgov.net\/wp-content\/uploads\/12_10_2015_6248569_12_10_2015_Takim_me_Reichel_1.jpg","type":"image\/jpeg"}],"author":"admin","twitter_card":"summary_large_image","twitter_misc":{"Written by":"admin","Est. reading time":"1 minute"},"schema":{"@context":"https:\/\/schema.org","@graph":[{"@type":"WebPage","@id":"https:\/\/president-ksgov.net\/en\/president-jahjaga-receives-the-german-envoy-for-the-balkans-ambassador-reichel\/","url":"https:\/\/president-ksgov.net\/en\/president-jahjaga-receives-the-german-envoy-for-the-balkans-ambassador-reichel\/","name":"President Jahjaga receives the German envoy for the Balkans, Ambassador Reichel - President of the Republic of Kosovo - DR. VJOSA OSMANI - SADRIU","isPartOf":{"@id":"https:\/\/president-ksgov.net\/#website"},"primaryImageOfPage":{"@id":"https:\/\/president-ksgov.net\/en\/president-jahjaga-receives-the-german-envoy-for-the-balkans-ambassador-reichel\/#primaryimage"},"image":{"@id":"https:\/\/president-ksgov.net\/en\/president-jahjaga-receives-the-german-envoy-for-the-balkans-ambassador-reichel\/#primaryimage"},"thumbnailUrl":"https:\/\/president-ksgov.net\/wp-content\/uploads\/12_10_2015_6248569_12_10_2015_Takim_me_Reichel_1.jpg","datePublished":"2015-10-12T16:01:20+00:00","dateModified":"2023-03-07T10:04:25+00:00","author":{"@id":"https:\/\/president-ksgov.net\/#\/schema\/person\/bb4337a5fb147cb2046d80548172cbee"},"description":"President Jahjaga receives the German envoy for the Balkans, Ambassador Reichel - President of the Republic of Kosovo - DR. VJOSA OSMANI - SADRIU -","breadcrumb":{"@id":"https:\/\/president-ksgov.net\/en\/president-jahjaga-receives-the-german-envoy-for-the-balkans-ambassador-reichel\/#breadcrumb"},"inLanguage":"en-US","potentialAction":[{"@type":"ReadAction","target":["https:\/\/president-ksgov.net\/en\/president-jahjaga-receives-the-german-envoy-for-the-balkans-ambassador-reichel\/"]}]},{"@type":"ImageObject","inLanguage":"en-US","@id":"https:\/\/president-ksgov.net\/en\/president-jahjaga-receives-the-german-envoy-for-the-balkans-ambassador-reichel\/#primaryimage","url":"https:\/\/president-ksgov.net\/wp-content\/uploads\/12_10_2015_6248569_12_10_2015_Takim_me_Reichel_1.jpg","contentUrl":"https:\/\/president-ksgov.net\/wp-content\/uploads\/12_10_2015_6248569_12_10_2015_Takim_me_Reichel_1.jpg","width":1024,"height":547},{"@type":"BreadcrumbList","@id":"https:\/\/president-ksgov.net\/en\/president-jahjaga-receives-the-german-envoy-for-the-balkans-ambassador-reichel\/#breadcrumb","itemListElement":[{"@type":"ListItem","position":1,"name":"Home","item":"https:\/\/president-ksgov.net\/en\/"},{"@type":"ListItem","position":2,"name":"President Jahjaga receives the German envoy for the Balkans, Ambassador Reichel"}]},{"@type":"WebSite","@id":"https:\/\/president-ksgov.net\/#website","url":"https:\/\/president-ksgov.net\/","name":"Presidente e Republik\u00ebs s\u00eb Kosov\u00ebs","description":"Presidente e Republik\u00ebs s\u00eb Kosov\u00ebs","alternateName":"DR. VJOSA OSMANI - SADRIU","potentialAction":[{"@type":"SearchAction","target":{"@type":"EntryPoint","urlTemplate":"https:\/\/president-ksgov.net\/?s={search_term_string}"},"query-input":{"@type":"PropertyValueSpecification","valueRequired":true,"valueName":"search_term_string"}}],"inLanguage":"en-US"},{"@type":"Person","@id":"https:\/\/president-ksgov.net\/#\/schema\/person\/bb4337a5fb147cb2046d80548172cbee","name":"admin","image":{"@type":"ImageObject","inLanguage":"en-US","@id":"https:\/\/president-ksgov.net\/#\/schema\/person\/image\/","url":"https:\/\/secure.gravatar.com\/avatar\/36156ca0fa3b8d9d25174f146e16beea0cf28f37adf1b9e19b6c9c279a7c9dd3?s=96&d=mm&r=g","contentUrl":"https:\/\/secure.gravatar.com\/avatar\/36156ca0fa3b8d9d25174f146e16beea0cf28f37adf1b9e19b6c9c279a7c9dd3?s=96&d=mm&r=g","caption":"admin"},"sameAs":["https:\/\/president-ksgov.net"]}]}},"_links":{"self":[{"href":"https:\/\/president-ksgov.net\/en\/wp-json\/wp\/v2\/posts\/69603","targetHints":{"allow":["GET"]}}],"collection":[{"href":"https:\/\/president-ksgov.net\/en\/wp-json\/wp\/v2\/posts"}],"about":[{"href":"https:\/\/president-ksgov.net\/en\/wp-json\/wp\/v2\/types\/post"}],"author":[{"embeddable":true,"href":"https:\/\/president-ksgov.net\/en\/wp-json\/wp\/v2\/users\/1"}],"replies":[{"embeddable":true,"href":"https:\/\/president-ksgov.net\/en\/wp-json\/wp\/v2\/comments?post=69603"}],"version-history":[{"count":0,"href":"https:\/\/president-ksgov.net\/en\/wp-json\/wp\/v2\/posts\/69603\/revisions"}],"wp:featuredmedia":[{"embeddable":true,"href":"https:\/\/president-ksgov.net\/en\/wp-json\/wp\/v2\/media\/38024"}],"wp:attachment":[{"href":"https:\/\/president-ksgov.net\/en\/wp-json\/wp\/v2\/media?parent=69603"}],"wp:term":[{"taxonomy":"category","embeddable":true,"href":"https:\/\/president-ksgov.net\/en\/wp-json\/wp\/v2\/categories?post=69603"},{"taxonomy":"post_tag","embeddable":true,"href":"https:\/\/president-ksgov.net\/en\/wp-json\/wp\/v2\/tags?post=69603"}],"curies":[{"name":"wp","href":"https:\/\/api.w.org\/{rel}","templated":true}]}}