{"id":69597,"date":"2015-10-14T15:15:04","date_gmt":"2015-10-14T15:15:04","guid":{"rendered":"https:\/\/dev.president-ksgov.net\/speech-of-the-president-jahjaga-at-the-consultative-council-on-communities-2\/"},"modified":"2023-03-07T10:04:25","modified_gmt":"2023-03-07T10:04:25","slug":"speech-of-the-president-jahjaga-at-the-consultative-council-on-communities-2","status":"publish","type":"post","link":"https:\/\/president-ksgov.net\/en\/speech-of-the-president-jahjaga-at-the-consultative-council-on-communities-2\/","title":{"rendered":"Speech of the President Jahjaga, at the Consultative Council on Communities"},"content":{"rendered":"<p>Honourable member of the Consultative Council on Communities<br \/>\nHonourable representatives of the institutions and organisations supporting this Council<br \/>\nHonourable ladies and gentlemen;<\/p>\n<p>Honourable representatives of the Serbian, Bosniak, Turk, Roma, Ashkali, Egyptian, Gorani, Montenegrin and Croatian communities; you represent the most important forum in which best representative policies are discussed at the institutions of Kosovo. With your work and concrete engagement you are proving that multi-ethnic Kosovo and our linguistic, cultural and religious diversity, our reality, are values which honour us all, and with which our society feels proud. Institutions of Kosovo are wirking hard to, and are dedicated in making sure that members of every community enjoy all their rights, guaranteed by law, and to cherish and cultivate our cultural and religious identity, as part of the heritage of the Republic of Kosovo.<br \/>\nWith concrete work and engagement, this Council represents one of the most important Constitutional categories of the Republic of Kosovo and is the right place at which the voice of communities is heard and where they articulate their rights, requirements and their needs.<br \/>\n\u00a0<br \/>\nKosovo as a young state, which is building democracy successfully and is strengthening its international subjectivity, is today at a very important processes, which are in function of the realization of our main objective, integration in the large European family, and at the same time, both as institutions and citizens, it is our obligation to finish our home work related to respect of rights and freedoms of every citizen of Kosovo, irrespective of their ethnic, religious or cultural background.<br \/>\n\u00a0<br \/>\nKosovo today is on its path of European integrations, determined and devoted to become an inseparable part of EU, as a state of law, all inclusive and democratic, a state of peace and stability, an inseparable part of free nations. We have made great advances in fulfilment of our obligations, not only for the sake of EU, but for the sake of our citizens and their better future.\u00a0 This is why we are we are justly expecting to conclude the visa liberalisation process and signing of the Stabilisation-Association Agreement, which will open a new chapter in relations with EU.<br \/>\n\u00a0<br \/>\nAnd we carry great responsibilities, to build democratic practices in a state of parliamentary democracy, where rules and laws are respected. Democracy means dialogue and discussions, and not scenes of street violence and crisis which slow down the advancement of the society. I call upon all parliamentary parties, all leaders of political parties, to bring back their dialogue inside the Parliament of Kosovo, as an institution of the representatives of the people, and thus help in finding of solutions which advance the developmental processes of the country.<br \/>\n\u00a0<br \/>\nKosovo is in need of internal dialogue and we must enable it, leaving aside the disagreements and party differences, thinking of the citizen, of the country, and its progress.<br \/>\n\u00a0<br \/>\nHonourable participants,<br \/>\n\u00a0<br \/>\nThrough working groups, Consultative Council on Communities is providing its contribution to realization of rights of communities in all fields of life, especially through its contribution in drafting of legislation in conformity with highest international norms in education, usage of languages, social issues and employment, as well as culture. This is a very important role in addressing of all needs of communities and finding of solutions in conformity with the laws in force and utilisation of best international practices.<br \/>\n\u00a0<br \/>\nFor this reason, the Consultative Council on Communities, must continue its good work in representation of the position of all communities and for more active participation in legislative and political initiatives, as only in this manner will the position of the communities you represent come into effect and your voice in decision making will be heard.<br \/>\n\u00a0<br \/>\nHonourable members of the Consultative Council on Communities,<br \/>\n\u00a0<br \/>\nI congratulate you once again on your untiring work and your engagement for creation of optimal living and working conditions for members of communities which you represent. Your role is very important in strengthening of institutions, in democratization and sustainable development of our country, which today, more than ever, has a clear Euro-Atlantic perspective.<\/p>\n<p>I thank you for your attention and assure you that you shall always enjoy my support.<br \/>\n\u00a0<br \/>\nThank you to the media as well.<br \/>\n\u00a0<\/p>\n","protected":false},"excerpt":{"rendered":"<p>Honourable member of the Consultative Council on Communities<br \/>\nHonourable representatives of the institutions and organisations supporting this Council<br \/>\nHonourable ladies and gentlemen;<\/p>\n","protected":false},"author":1,"featured_media":37940,"comment_status":"open","ping_status":"closed","sticky":false,"template":"","format":"standard","meta":{"_eb_attr":"","footnotes":""},"categories":[111],"tags":[],"class_list":["post-69597","post","type-post","status-publish","format-standard","has-post-thumbnail","hentry","category-news"],"yoast_head":"<!-- This site is optimized with the Yoast SEO plugin v23.5 - https:\/\/yoast.com\/wordpress\/plugins\/seo\/ -->\n<title>Speech of the President Jahjaga, at the Consultative Council on Communities - President of the Republic of Kosovo - DR. VJOSA OSMANI - SADRIU<\/title>\n<meta name=\"description\" content=\"Speech of the President Jahjaga, at the Consultative Council on Communities - President of the Republic of Kosovo - DR. VJOSA OSMANI - SADRIU -\" \/>\n<meta name=\"robots\" content=\"index, follow, max-snippet:-1, max-image-preview:large, max-video-preview:-1\" \/>\n<link rel=\"canonical\" href=\"https:\/\/president-ksgov.net\/en\/speech-of-the-president-jahjaga-at-the-consultative-council-on-communities-2\/\" \/>\n<meta property=\"og:locale\" content=\"en_US\" \/>\n<meta property=\"og:type\" content=\"article\" \/>\n<meta property=\"og:title\" content=\"Speech of the President Jahjaga, at the Consultative Council on Communities - President of the Republic of Kosovo - DR. VJOSA OSMANI - SADRIU\" \/>\n<meta property=\"og:description\" content=\"Speech of the President Jahjaga, at the Consultative Council on Communities - President of the Republic of Kosovo - DR. VJOSA OSMANI - SADRIU -\" \/>\n<meta property=\"og:url\" content=\"https:\/\/president-ksgov.net\/en\/speech-of-the-president-jahjaga-at-the-consultative-council-on-communities-2\/\" \/>\n<meta property=\"og:site_name\" content=\"President of the Republic of Kosovo - DR. VJOSA OSMANI - SADRIU\" \/>\n<meta property=\"article:published_time\" content=\"2015-10-14T15:15:04+00:00\" \/>\n<meta property=\"article:modified_time\" content=\"2023-03-07T10:04:25+00:00\" \/>\n<meta property=\"og:image\" content=\"https:\/\/president-ksgov.net\/wp-content\/uploads\/14_10_2015_8411990_14_10_2015_Keshilli_1.jpg\" \/>\n\t<meta property=\"og:image:width\" content=\"1024\" \/>\n\t<meta property=\"og:image:height\" content=\"492\" \/>\n\t<meta property=\"og:image:type\" content=\"image\/jpeg\" \/>\n<meta name=\"author\" content=\"admin\" \/>\n<meta name=\"twitter:card\" content=\"summary_large_image\" \/>\n<meta name=\"twitter:label1\" content=\"Written by\" \/>\n\t<meta name=\"twitter:data1\" content=\"admin\" \/>\n\t<meta name=\"twitter:label2\" content=\"Est. reading time\" \/>\n\t<meta name=\"twitter:data2\" content=\"3 minutes\" \/>\n<script type=\"application\/ld+json\" class=\"yoast-schema-graph\">{\"@context\":\"https:\/\/schema.org\",\"@graph\":[{\"@type\":\"WebPage\",\"@id\":\"https:\/\/president-ksgov.net\/en\/speech-of-the-president-jahjaga-at-the-consultative-council-on-communities-2\/\",\"url\":\"https:\/\/president-ksgov.net\/en\/speech-of-the-president-jahjaga-at-the-consultative-council-on-communities-2\/\",\"name\":\"Speech of the President Jahjaga, at the Consultative Council on Communities - President of the Republic of Kosovo - DR. VJOSA OSMANI - SADRIU\",\"isPartOf\":{\"@id\":\"https:\/\/president-ksgov.net\/#website\"},\"primaryImageOfPage\":{\"@id\":\"https:\/\/president-ksgov.net\/en\/speech-of-the-president-jahjaga-at-the-consultative-council-on-communities-2\/#primaryimage\"},\"image\":{\"@id\":\"https:\/\/president-ksgov.net\/en\/speech-of-the-president-jahjaga-at-the-consultative-council-on-communities-2\/#primaryimage\"},\"thumbnailUrl\":\"https:\/\/president-ksgov.net\/wp-content\/uploads\/14_10_2015_8411990_14_10_2015_Keshilli_1.jpg\",\"datePublished\":\"2015-10-14T15:15:04+00:00\",\"dateModified\":\"2023-03-07T10:04:25+00:00\",\"author\":{\"@id\":\"https:\/\/president-ksgov.net\/#\/schema\/person\/bb4337a5fb147cb2046d80548172cbee\"},\"description\":\"Speech of the President Jahjaga, at the Consultative Council on Communities - President of the Republic of Kosovo - DR. VJOSA OSMANI - SADRIU -\",\"breadcrumb\":{\"@id\":\"https:\/\/president-ksgov.net\/en\/speech-of-the-president-jahjaga-at-the-consultative-council-on-communities-2\/#breadcrumb\"},\"inLanguage\":\"en-US\",\"potentialAction\":[{\"@type\":\"ReadAction\",\"target\":[\"https:\/\/president-ksgov.net\/en\/speech-of-the-president-jahjaga-at-the-consultative-council-on-communities-2\/\"]}]},{\"@type\":\"ImageObject\",\"inLanguage\":\"en-US\",\"@id\":\"https:\/\/president-ksgov.net\/en\/speech-of-the-president-jahjaga-at-the-consultative-council-on-communities-2\/#primaryimage\",\"url\":\"https:\/\/president-ksgov.net\/wp-content\/uploads\/14_10_2015_8411990_14_10_2015_Keshilli_1.jpg\",\"contentUrl\":\"https:\/\/president-ksgov.net\/wp-content\/uploads\/14_10_2015_8411990_14_10_2015_Keshilli_1.jpg\",\"width\":1024,\"height\":492},{\"@type\":\"BreadcrumbList\",\"@id\":\"https:\/\/president-ksgov.net\/en\/speech-of-the-president-jahjaga-at-the-consultative-council-on-communities-2\/#breadcrumb\",\"itemListElement\":[{\"@type\":\"ListItem\",\"position\":1,\"name\":\"Home\",\"item\":\"https:\/\/president-ksgov.net\/en\/\"},{\"@type\":\"ListItem\",\"position\":2,\"name\":\"Speech of the President Jahjaga, at the Consultative Council on Communities\"}]},{\"@type\":\"WebSite\",\"@id\":\"https:\/\/president-ksgov.net\/#website\",\"url\":\"https:\/\/president-ksgov.net\/\",\"name\":\"Presidente e Republik\u00ebs s\u00eb Kosov\u00ebs\",\"description\":\"Presidente e Republik\u00ebs s\u00eb Kosov\u00ebs\",\"alternateName\":\"DR. VJOSA OSMANI - SADRIU\",\"potentialAction\":[{\"@type\":\"SearchAction\",\"target\":{\"@type\":\"EntryPoint\",\"urlTemplate\":\"https:\/\/president-ksgov.net\/?s={search_term_string}\"},\"query-input\":{\"@type\":\"PropertyValueSpecification\",\"valueRequired\":true,\"valueName\":\"search_term_string\"}}],\"inLanguage\":\"en-US\"},{\"@type\":\"Person\",\"@id\":\"https:\/\/president-ksgov.net\/#\/schema\/person\/bb4337a5fb147cb2046d80548172cbee\",\"name\":\"admin\",\"image\":{\"@type\":\"ImageObject\",\"inLanguage\":\"en-US\",\"@id\":\"https:\/\/president-ksgov.net\/#\/schema\/person\/image\/\",\"url\":\"https:\/\/secure.gravatar.com\/avatar\/36156ca0fa3b8d9d25174f146e16beea0cf28f37adf1b9e19b6c9c279a7c9dd3?s=96&d=mm&r=g\",\"contentUrl\":\"https:\/\/secure.gravatar.com\/avatar\/36156ca0fa3b8d9d25174f146e16beea0cf28f37adf1b9e19b6c9c279a7c9dd3?s=96&d=mm&r=g\",\"caption\":\"admin\"},\"sameAs\":[\"https:\/\/president-ksgov.net\"]}]}<\/script>\n<!-- \/ Yoast SEO plugin. -->","yoast_head_json":{"title":"Speech of the President Jahjaga, at the Consultative Council on Communities - President of the Republic of Kosovo - DR. VJOSA OSMANI - SADRIU","description":"Speech of the President Jahjaga, at the Consultative Council on Communities - President of the Republic of Kosovo - DR. VJOSA OSMANI - SADRIU -","robots":{"index":"index","follow":"follow","max-snippet":"max-snippet:-1","max-image-preview":"max-image-preview:large","max-video-preview":"max-video-preview:-1"},"canonical":"https:\/\/president-ksgov.net\/en\/speech-of-the-president-jahjaga-at-the-consultative-council-on-communities-2\/","og_locale":"en_US","og_type":"article","og_title":"Speech of the President Jahjaga, at the Consultative Council on Communities - President of the Republic of Kosovo - DR. VJOSA OSMANI - SADRIU","og_description":"Speech of the President Jahjaga, at the Consultative Council on Communities - President of the Republic of Kosovo - DR. VJOSA OSMANI - SADRIU -","og_url":"https:\/\/president-ksgov.net\/en\/speech-of-the-president-jahjaga-at-the-consultative-council-on-communities-2\/","og_site_name":"President of the Republic of Kosovo - DR. VJOSA OSMANI - SADRIU","article_published_time":"2015-10-14T15:15:04+00:00","article_modified_time":"2023-03-07T10:04:25+00:00","og_image":[{"width":1024,"height":492,"url":"https:\/\/president-ksgov.net\/wp-content\/uploads\/14_10_2015_8411990_14_10_2015_Keshilli_1.jpg","type":"image\/jpeg"}],"author":"admin","twitter_card":"summary_large_image","twitter_misc":{"Written by":"admin","Est. reading time":"3 minutes"},"schema":{"@context":"https:\/\/schema.org","@graph":[{"@type":"WebPage","@id":"https:\/\/president-ksgov.net\/en\/speech-of-the-president-jahjaga-at-the-consultative-council-on-communities-2\/","url":"https:\/\/president-ksgov.net\/en\/speech-of-the-president-jahjaga-at-the-consultative-council-on-communities-2\/","name":"Speech of the President Jahjaga, at the Consultative Council on Communities - President of the Republic of Kosovo - DR. VJOSA OSMANI - SADRIU","isPartOf":{"@id":"https:\/\/president-ksgov.net\/#website"},"primaryImageOfPage":{"@id":"https:\/\/president-ksgov.net\/en\/speech-of-the-president-jahjaga-at-the-consultative-council-on-communities-2\/#primaryimage"},"image":{"@id":"https:\/\/president-ksgov.net\/en\/speech-of-the-president-jahjaga-at-the-consultative-council-on-communities-2\/#primaryimage"},"thumbnailUrl":"https:\/\/president-ksgov.net\/wp-content\/uploads\/14_10_2015_8411990_14_10_2015_Keshilli_1.jpg","datePublished":"2015-10-14T15:15:04+00:00","dateModified":"2023-03-07T10:04:25+00:00","author":{"@id":"https:\/\/president-ksgov.net\/#\/schema\/person\/bb4337a5fb147cb2046d80548172cbee"},"description":"Speech of the President Jahjaga, at the Consultative Council on Communities - President of the Republic of Kosovo - DR. VJOSA OSMANI - SADRIU -","breadcrumb":{"@id":"https:\/\/president-ksgov.net\/en\/speech-of-the-president-jahjaga-at-the-consultative-council-on-communities-2\/#breadcrumb"},"inLanguage":"en-US","potentialAction":[{"@type":"ReadAction","target":["https:\/\/president-ksgov.net\/en\/speech-of-the-president-jahjaga-at-the-consultative-council-on-communities-2\/"]}]},{"@type":"ImageObject","inLanguage":"en-US","@id":"https:\/\/president-ksgov.net\/en\/speech-of-the-president-jahjaga-at-the-consultative-council-on-communities-2\/#primaryimage","url":"https:\/\/president-ksgov.net\/wp-content\/uploads\/14_10_2015_8411990_14_10_2015_Keshilli_1.jpg","contentUrl":"https:\/\/president-ksgov.net\/wp-content\/uploads\/14_10_2015_8411990_14_10_2015_Keshilli_1.jpg","width":1024,"height":492},{"@type":"BreadcrumbList","@id":"https:\/\/president-ksgov.net\/en\/speech-of-the-president-jahjaga-at-the-consultative-council-on-communities-2\/#breadcrumb","itemListElement":[{"@type":"ListItem","position":1,"name":"Home","item":"https:\/\/president-ksgov.net\/en\/"},{"@type":"ListItem","position":2,"name":"Speech of the President Jahjaga, at the Consultative Council on Communities"}]},{"@type":"WebSite","@id":"https:\/\/president-ksgov.net\/#website","url":"https:\/\/president-ksgov.net\/","name":"Presidente e Republik\u00ebs s\u00eb Kosov\u00ebs","description":"Presidente e Republik\u00ebs s\u00eb Kosov\u00ebs","alternateName":"DR. VJOSA OSMANI - SADRIU","potentialAction":[{"@type":"SearchAction","target":{"@type":"EntryPoint","urlTemplate":"https:\/\/president-ksgov.net\/?s={search_term_string}"},"query-input":{"@type":"PropertyValueSpecification","valueRequired":true,"valueName":"search_term_string"}}],"inLanguage":"en-US"},{"@type":"Person","@id":"https:\/\/president-ksgov.net\/#\/schema\/person\/bb4337a5fb147cb2046d80548172cbee","name":"admin","image":{"@type":"ImageObject","inLanguage":"en-US","@id":"https:\/\/president-ksgov.net\/#\/schema\/person\/image\/","url":"https:\/\/secure.gravatar.com\/avatar\/36156ca0fa3b8d9d25174f146e16beea0cf28f37adf1b9e19b6c9c279a7c9dd3?s=96&d=mm&r=g","contentUrl":"https:\/\/secure.gravatar.com\/avatar\/36156ca0fa3b8d9d25174f146e16beea0cf28f37adf1b9e19b6c9c279a7c9dd3?s=96&d=mm&r=g","caption":"admin"},"sameAs":["https:\/\/president-ksgov.net"]}]}},"_links":{"self":[{"href":"https:\/\/president-ksgov.net\/en\/wp-json\/wp\/v2\/posts\/69597","targetHints":{"allow":["GET"]}}],"collection":[{"href":"https:\/\/president-ksgov.net\/en\/wp-json\/wp\/v2\/posts"}],"about":[{"href":"https:\/\/president-ksgov.net\/en\/wp-json\/wp\/v2\/types\/post"}],"author":[{"embeddable":true,"href":"https:\/\/president-ksgov.net\/en\/wp-json\/wp\/v2\/users\/1"}],"replies":[{"embeddable":true,"href":"https:\/\/president-ksgov.net\/en\/wp-json\/wp\/v2\/comments?post=69597"}],"version-history":[{"count":0,"href":"https:\/\/president-ksgov.net\/en\/wp-json\/wp\/v2\/posts\/69597\/revisions"}],"wp:featuredmedia":[{"embeddable":true,"href":"https:\/\/president-ksgov.net\/en\/wp-json\/wp\/v2\/media\/37940"}],"wp:attachment":[{"href":"https:\/\/president-ksgov.net\/en\/wp-json\/wp\/v2\/media?parent=69597"}],"wp:term":[{"taxonomy":"category","embeddable":true,"href":"https:\/\/president-ksgov.net\/en\/wp-json\/wp\/v2\/categories?post=69597"},{"taxonomy":"post_tag","embeddable":true,"href":"https:\/\/president-ksgov.net\/en\/wp-json\/wp\/v2\/tags?post=69597"}],"curies":[{"name":"wp","href":"https:\/\/api.w.org\/{rel}","templated":true}]}}