{"id":69574,"date":"2012-03-07T10:03:47","date_gmt":"2012-03-07T10:03:47","guid":{"rendered":"https:\/\/dev.president-ksgov.net\/statement-of-the-president-of-the-republic-of-kosovo-3\/"},"modified":"2023-03-08T12:23:10","modified_gmt":"2023-03-08T12:23:10","slug":"statement-of-the-president-of-the-republic-of-kosovo-3","status":"publish","type":"post","link":"https:\/\/president-ksgov.net\/en\/statement-of-the-president-of-the-republic-of-kosovo-3\/","title":{"rendered":"Statement of the President of the Republic of Kosovo"},"content":{"rendered":"<p>After consultations with the heads of the institutions, with the Prime Minister and the Speaker of the Parliament, in order to inform them of my decision, I call for dialogue the parliamentary political parties in an effort to overcome the situation created in the country.<\/p>\n<p>Violent acts and the discourse both within and outside the institutions during the last few days are unacceptable, and as such they endanger the democratic consensus in the Republic of Kosovo.<\/p>\n<p>It is my mandate as the President of the country to guarantee the democratic functioning of the institutions and to serve as a factor of unity, and upon these grounds, I call upon Kosovo\u2019s parliamentary political spectrum to ace pt this invitation for dialogue related to disagreements of these last few weeks.<\/p>\n<p>Invitations to political subjects, both governing and opposition ones, have already been sent for, initially, separate meetings in my office, to be concluded- in good faith, with a joint one.<\/p>\n<p>I hope that this initiative of mine will help address the disagreements with political maturity, and to demonstrate our engagement for enlivening of our dedication to a parliamentary democracy which strengthens the institutions, strengthens the trust of citizens in the perspective of their country and establishes the basic agreement for our path ahead.<\/p>\n<p>I call upon the political parties and their representatives to respond to the invitation and show the will to jointly find a common language in order to exit the current situation.<\/p>\n<p>Now, more than ever, is the time to prove to all the citizens who have entrusted us with the leadership of this state, that their desire to live in peace, to have a safe future for them and for the coming generations is not just a promise which fades away at the first challenge, but is an obligation, a word of honour stating that our differences, of any nature, we shall overcome through discussions at a table, where we shall find solutions together a take responsibility for them as well.<\/p>\n","protected":false},"excerpt":{"rendered":"<p>After consultations with the heads of the institutions, with the Prime Minister and the Speaker of the Parliament, in order to inform them of my decision, I call for dialogue the parliamentary political parties in an effort to overcome the situation created in the country.<\/p>\n","protected":false},"author":1,"featured_media":69575,"comment_status":"open","ping_status":"closed","sticky":false,"template":"","format":"standard","meta":{"_eb_attr":"","footnotes":""},"categories":[111],"tags":[],"class_list":["post-69574","post","type-post","status-publish","format-standard","has-post-thumbnail","hentry","category-news"],"yoast_head":"<!-- This site is optimized with the Yoast SEO plugin v23.5 - https:\/\/yoast.com\/wordpress\/plugins\/seo\/ -->\n<title>Statement of the President of the Republic of Kosovo - President of the Republic of Kosovo - DR. VJOSA OSMANI - SADRIU<\/title>\n<meta name=\"description\" content=\"Statement of the President of the Republic of Kosovo - President of the Republic of Kosovo - DR. VJOSA OSMANI - SADRIU -\" \/>\n<meta name=\"robots\" content=\"index, follow, max-snippet:-1, max-image-preview:large, max-video-preview:-1\" \/>\n<link rel=\"canonical\" href=\"https:\/\/president-ksgov.net\/en\/statement-of-the-president-of-the-republic-of-kosovo-3\/\" \/>\n<meta property=\"og:locale\" content=\"en_US\" \/>\n<meta property=\"og:type\" content=\"article\" \/>\n<meta property=\"og:title\" content=\"Statement of the President of the Republic of Kosovo - President of the Republic of Kosovo - DR. VJOSA OSMANI - SADRIU\" \/>\n<meta property=\"og:description\" content=\"Statement of the President of the Republic of Kosovo - President of the Republic of Kosovo - DR. VJOSA OSMANI - SADRIU -\" \/>\n<meta property=\"og:url\" content=\"https:\/\/president-ksgov.net\/en\/statement-of-the-president-of-the-republic-of-kosovo-3\/\" \/>\n<meta property=\"og:site_name\" content=\"President of the Republic of Kosovo - DR. VJOSA OSMANI - SADRIU\" \/>\n<meta property=\"article:published_time\" content=\"2012-03-07T10:03:47+00:00\" \/>\n<meta property=\"article:modified_time\" content=\"2023-03-08T12:23:10+00:00\" \/>\n<meta property=\"og:image\" content=\"https:\/\/president-ksgov.net\/wp-content\/uploads\/19_10_2015_3568048_19_10_2015_4470175_19_10_2015_Konferenca_per_media_1.jpg\" \/>\n\t<meta property=\"og:image:width\" content=\"888\" \/>\n\t<meta property=\"og:image:height\" content=\"768\" \/>\n\t<meta property=\"og:image:type\" content=\"image\/jpeg\" \/>\n<meta name=\"author\" content=\"admin\" \/>\n<meta name=\"twitter:card\" content=\"summary_large_image\" \/>\n<meta name=\"twitter:label1\" content=\"Written by\" \/>\n\t<meta name=\"twitter:data1\" content=\"admin\" \/>\n\t<meta name=\"twitter:label2\" content=\"Est. reading time\" \/>\n\t<meta name=\"twitter:data2\" content=\"2 minutes\" \/>\n<script type=\"application\/ld+json\" class=\"yoast-schema-graph\">{\"@context\":\"https:\/\/schema.org\",\"@graph\":[{\"@type\":\"WebPage\",\"@id\":\"https:\/\/president-ksgov.net\/en\/statement-of-the-president-of-the-republic-of-kosovo-3\/\",\"url\":\"https:\/\/president-ksgov.net\/en\/statement-of-the-president-of-the-republic-of-kosovo-3\/\",\"name\":\"Statement of the President of the Republic of Kosovo - President of the Republic of Kosovo - DR. VJOSA OSMANI - SADRIU\",\"isPartOf\":{\"@id\":\"https:\/\/president-ksgov.net\/#website\"},\"primaryImageOfPage\":{\"@id\":\"https:\/\/president-ksgov.net\/en\/statement-of-the-president-of-the-republic-of-kosovo-3\/#primaryimage\"},\"image\":{\"@id\":\"https:\/\/president-ksgov.net\/en\/statement-of-the-president-of-the-republic-of-kosovo-3\/#primaryimage\"},\"thumbnailUrl\":\"https:\/\/president-ksgov.net\/wp-content\/uploads\/19_10_2015_3568048_19_10_2015_4470175_19_10_2015_Konferenca_per_media_1.jpg\",\"datePublished\":\"2012-03-07T10:03:47+00:00\",\"dateModified\":\"2023-03-08T12:23:10+00:00\",\"author\":{\"@id\":\"https:\/\/president-ksgov.net\/#\/schema\/person\/bb4337a5fb147cb2046d80548172cbee\"},\"description\":\"Statement of the President of the Republic of Kosovo - President of the Republic of Kosovo - DR. VJOSA OSMANI - SADRIU -\",\"breadcrumb\":{\"@id\":\"https:\/\/president-ksgov.net\/en\/statement-of-the-president-of-the-republic-of-kosovo-3\/#breadcrumb\"},\"inLanguage\":\"en-US\",\"potentialAction\":[{\"@type\":\"ReadAction\",\"target\":[\"https:\/\/president-ksgov.net\/en\/statement-of-the-president-of-the-republic-of-kosovo-3\/\"]}]},{\"@type\":\"ImageObject\",\"inLanguage\":\"en-US\",\"@id\":\"https:\/\/president-ksgov.net\/en\/statement-of-the-president-of-the-republic-of-kosovo-3\/#primaryimage\",\"url\":\"https:\/\/president-ksgov.net\/wp-content\/uploads\/19_10_2015_3568048_19_10_2015_4470175_19_10_2015_Konferenca_per_media_1.jpg\",\"contentUrl\":\"https:\/\/president-ksgov.net\/wp-content\/uploads\/19_10_2015_3568048_19_10_2015_4470175_19_10_2015_Konferenca_per_media_1.jpg\",\"width\":888,\"height\":768},{\"@type\":\"BreadcrumbList\",\"@id\":\"https:\/\/president-ksgov.net\/en\/statement-of-the-president-of-the-republic-of-kosovo-3\/#breadcrumb\",\"itemListElement\":[{\"@type\":\"ListItem\",\"position\":1,\"name\":\"Home\",\"item\":\"https:\/\/president-ksgov.net\/en\/\"},{\"@type\":\"ListItem\",\"position\":2,\"name\":\"Statement of the President of the Republic of Kosovo\"}]},{\"@type\":\"WebSite\",\"@id\":\"https:\/\/president-ksgov.net\/#website\",\"url\":\"https:\/\/president-ksgov.net\/\",\"name\":\"Presidente e Republik\u00ebs s\u00eb Kosov\u00ebs\",\"description\":\"Presidente e Republik\u00ebs s\u00eb Kosov\u00ebs\",\"alternateName\":\"DR. VJOSA OSMANI - SADRIU\",\"potentialAction\":[{\"@type\":\"SearchAction\",\"target\":{\"@type\":\"EntryPoint\",\"urlTemplate\":\"https:\/\/president-ksgov.net\/?s={search_term_string}\"},\"query-input\":{\"@type\":\"PropertyValueSpecification\",\"valueRequired\":true,\"valueName\":\"search_term_string\"}}],\"inLanguage\":\"en-US\"},{\"@type\":\"Person\",\"@id\":\"https:\/\/president-ksgov.net\/#\/schema\/person\/bb4337a5fb147cb2046d80548172cbee\",\"name\":\"admin\",\"image\":{\"@type\":\"ImageObject\",\"inLanguage\":\"en-US\",\"@id\":\"https:\/\/president-ksgov.net\/#\/schema\/person\/image\/\",\"url\":\"https:\/\/secure.gravatar.com\/avatar\/36156ca0fa3b8d9d25174f146e16beea0cf28f37adf1b9e19b6c9c279a7c9dd3?s=96&d=mm&r=g\",\"contentUrl\":\"https:\/\/secure.gravatar.com\/avatar\/36156ca0fa3b8d9d25174f146e16beea0cf28f37adf1b9e19b6c9c279a7c9dd3?s=96&d=mm&r=g\",\"caption\":\"admin\"},\"sameAs\":[\"https:\/\/president-ksgov.net\"]}]}<\/script>\n<!-- \/ Yoast SEO plugin. -->","yoast_head_json":{"title":"Statement of the President of the Republic of Kosovo - President of the Republic of Kosovo - DR. VJOSA OSMANI - SADRIU","description":"Statement of the President of the Republic of Kosovo - President of the Republic of Kosovo - DR. VJOSA OSMANI - SADRIU -","robots":{"index":"index","follow":"follow","max-snippet":"max-snippet:-1","max-image-preview":"max-image-preview:large","max-video-preview":"max-video-preview:-1"},"canonical":"https:\/\/president-ksgov.net\/en\/statement-of-the-president-of-the-republic-of-kosovo-3\/","og_locale":"en_US","og_type":"article","og_title":"Statement of the President of the Republic of Kosovo - President of the Republic of Kosovo - DR. VJOSA OSMANI - SADRIU","og_description":"Statement of the President of the Republic of Kosovo - President of the Republic of Kosovo - DR. VJOSA OSMANI - SADRIU -","og_url":"https:\/\/president-ksgov.net\/en\/statement-of-the-president-of-the-republic-of-kosovo-3\/","og_site_name":"President of the Republic of Kosovo - DR. VJOSA OSMANI - SADRIU","article_published_time":"2012-03-07T10:03:47+00:00","article_modified_time":"2023-03-08T12:23:10+00:00","og_image":[{"width":888,"height":768,"url":"https:\/\/president-ksgov.net\/wp-content\/uploads\/19_10_2015_3568048_19_10_2015_4470175_19_10_2015_Konferenca_per_media_1.jpg","type":"image\/jpeg"}],"author":"admin","twitter_card":"summary_large_image","twitter_misc":{"Written by":"admin","Est. reading time":"2 minutes"},"schema":{"@context":"https:\/\/schema.org","@graph":[{"@type":"WebPage","@id":"https:\/\/president-ksgov.net\/en\/statement-of-the-president-of-the-republic-of-kosovo-3\/","url":"https:\/\/president-ksgov.net\/en\/statement-of-the-president-of-the-republic-of-kosovo-3\/","name":"Statement of the President of the Republic of Kosovo - President of the Republic of Kosovo - DR. VJOSA OSMANI - SADRIU","isPartOf":{"@id":"https:\/\/president-ksgov.net\/#website"},"primaryImageOfPage":{"@id":"https:\/\/president-ksgov.net\/en\/statement-of-the-president-of-the-republic-of-kosovo-3\/#primaryimage"},"image":{"@id":"https:\/\/president-ksgov.net\/en\/statement-of-the-president-of-the-republic-of-kosovo-3\/#primaryimage"},"thumbnailUrl":"https:\/\/president-ksgov.net\/wp-content\/uploads\/19_10_2015_3568048_19_10_2015_4470175_19_10_2015_Konferenca_per_media_1.jpg","datePublished":"2012-03-07T10:03:47+00:00","dateModified":"2023-03-08T12:23:10+00:00","author":{"@id":"https:\/\/president-ksgov.net\/#\/schema\/person\/bb4337a5fb147cb2046d80548172cbee"},"description":"Statement of the President of the Republic of Kosovo - President of the Republic of Kosovo - DR. VJOSA OSMANI - SADRIU -","breadcrumb":{"@id":"https:\/\/president-ksgov.net\/en\/statement-of-the-president-of-the-republic-of-kosovo-3\/#breadcrumb"},"inLanguage":"en-US","potentialAction":[{"@type":"ReadAction","target":["https:\/\/president-ksgov.net\/en\/statement-of-the-president-of-the-republic-of-kosovo-3\/"]}]},{"@type":"ImageObject","inLanguage":"en-US","@id":"https:\/\/president-ksgov.net\/en\/statement-of-the-president-of-the-republic-of-kosovo-3\/#primaryimage","url":"https:\/\/president-ksgov.net\/wp-content\/uploads\/19_10_2015_3568048_19_10_2015_4470175_19_10_2015_Konferenca_per_media_1.jpg","contentUrl":"https:\/\/president-ksgov.net\/wp-content\/uploads\/19_10_2015_3568048_19_10_2015_4470175_19_10_2015_Konferenca_per_media_1.jpg","width":888,"height":768},{"@type":"BreadcrumbList","@id":"https:\/\/president-ksgov.net\/en\/statement-of-the-president-of-the-republic-of-kosovo-3\/#breadcrumb","itemListElement":[{"@type":"ListItem","position":1,"name":"Home","item":"https:\/\/president-ksgov.net\/en\/"},{"@type":"ListItem","position":2,"name":"Statement of the President of the Republic of Kosovo"}]},{"@type":"WebSite","@id":"https:\/\/president-ksgov.net\/#website","url":"https:\/\/president-ksgov.net\/","name":"Presidente e Republik\u00ebs s\u00eb Kosov\u00ebs","description":"Presidente e Republik\u00ebs s\u00eb Kosov\u00ebs","alternateName":"DR. VJOSA OSMANI - SADRIU","potentialAction":[{"@type":"SearchAction","target":{"@type":"EntryPoint","urlTemplate":"https:\/\/president-ksgov.net\/?s={search_term_string}"},"query-input":{"@type":"PropertyValueSpecification","valueRequired":true,"valueName":"search_term_string"}}],"inLanguage":"en-US"},{"@type":"Person","@id":"https:\/\/president-ksgov.net\/#\/schema\/person\/bb4337a5fb147cb2046d80548172cbee","name":"admin","image":{"@type":"ImageObject","inLanguage":"en-US","@id":"https:\/\/president-ksgov.net\/#\/schema\/person\/image\/","url":"https:\/\/secure.gravatar.com\/avatar\/36156ca0fa3b8d9d25174f146e16beea0cf28f37adf1b9e19b6c9c279a7c9dd3?s=96&d=mm&r=g","contentUrl":"https:\/\/secure.gravatar.com\/avatar\/36156ca0fa3b8d9d25174f146e16beea0cf28f37adf1b9e19b6c9c279a7c9dd3?s=96&d=mm&r=g","caption":"admin"},"sameAs":["https:\/\/president-ksgov.net"]}]}},"_links":{"self":[{"href":"https:\/\/president-ksgov.net\/en\/wp-json\/wp\/v2\/posts\/69574","targetHints":{"allow":["GET"]}}],"collection":[{"href":"https:\/\/president-ksgov.net\/en\/wp-json\/wp\/v2\/posts"}],"about":[{"href":"https:\/\/president-ksgov.net\/en\/wp-json\/wp\/v2\/types\/post"}],"author":[{"embeddable":true,"href":"https:\/\/president-ksgov.net\/en\/wp-json\/wp\/v2\/users\/1"}],"replies":[{"embeddable":true,"href":"https:\/\/president-ksgov.net\/en\/wp-json\/wp\/v2\/comments?post=69574"}],"version-history":[{"count":1,"href":"https:\/\/president-ksgov.net\/en\/wp-json\/wp\/v2\/posts\/69574\/revisions"}],"predecessor-version":[{"id":81999,"href":"https:\/\/president-ksgov.net\/en\/wp-json\/wp\/v2\/posts\/69574\/revisions\/81999"}],"wp:featuredmedia":[{"embeddable":true,"href":"https:\/\/president-ksgov.net\/en\/wp-json\/wp\/v2\/media\/69575"}],"wp:attachment":[{"href":"https:\/\/president-ksgov.net\/en\/wp-json\/wp\/v2\/media?parent=69574"}],"wp:term":[{"taxonomy":"category","embeddable":true,"href":"https:\/\/president-ksgov.net\/en\/wp-json\/wp\/v2\/categories?post=69574"},{"taxonomy":"post_tag","embeddable":true,"href":"https:\/\/president-ksgov.net\/en\/wp-json\/wp\/v2\/tags?post=69574"}],"curies":[{"name":"wp","href":"https:\/\/api.w.org\/{rel}","templated":true}]}}