{"id":69558,"date":"2015-10-29T13:32:29","date_gmt":"2015-10-29T13:32:29","guid":{"rendered":"https:\/\/dev.president-ksgov.net\/president-jahjagas-address-to-the-kosovar-austrian-economic-forum\/"},"modified":"2023-03-07T10:03:47","modified_gmt":"2023-03-07T10:03:47","slug":"president-jahjagas-address-to-the-kosovar-austrian-economic-forum","status":"publish","type":"post","link":"https:\/\/president-ksgov.net\/en\/president-jahjagas-address-to-the-kosovar-austrian-economic-forum\/","title":{"rendered":"President Jahjaga&#146;s address to the Kosovar-Austrian Economic Forum"},"content":{"rendered":"<p>This week we can easily call the week of strengthening of the Kosovo-Austria relations. Last Monday I participated at the celebrations in honour of the 60th anniversary of independence and declaration of permanent neutrality of Austria. Yesterday I held intensive meetings with His Excellency President Fischer, during which we praised the dedication of both our countries to peace, democracy and stability in the region. Above all, we discussed our bilateral relations and expansion of economic, investment and trade cooperation between the two countries. And now, I am pleased that together with you, we are taking other steps to concretize our relations through stimulation of private sector and increasing Austrian investments in Kosovo.<\/p>\n<p>Honourable President Fischer,<br \/>\nHonourable Minister Hoti,<br \/>\nMinister Bajrami,<br \/>\nMinister Rrahmani,<br \/>\nMayor Ahmeti,<br \/>\nAmbassador Brieger,<br \/>\nAmbassador Ukelli,<br \/>\nKCC Chairman G\u00ebrxhaliu,<br \/>\nDeputy Chairman of the Austrian Chamber of Commerce,<br \/>\nLadies and Gentlemen<\/p>\n<p>This week we can easily call the week of strengthening of the Kosovo-Austria relations. Last Monday I participated at the celebrations in honour of the 60th anniversary of independence and declaration of permanent neutrality of Austria. Yesterday I held intensive meetings with His Excellency President Fischer, during which we praised the dedication of both our countries to peace, democracy and stability in the region. Above all, we discussed our bilateral relations and expansion of economic, investment and trade cooperation between the two countries. And now, I am pleased that together with you, we are taking other steps to concretize our relations through stimulation of private sector and increasing Austrian investments in Kosovo. <\/p>\n<p>Kosovo is a relatively new destination for foreign investors.\u00a0 Irrespective of this, my country offers vast opportunities for investments and an ever more favourable investment climate.<\/p>\n<p>In general terms, our economy has continued to grow, since the declaration of independence. Facing the effects of transition, of the global economic and financial crisis and internal structural challenges are a priority of ours today. Our institutions are dedicated to carrying through the continuous reforms in elimination of bureaucratic barriers, to the rule of law and improvement of the infrastructure and business climate.<\/p>\n<p>Traditionally Austria has always stood by the aspirations of the people of Kosovo for peace, freedom and progress. Vienna is the gateway of our region to EU, and EU&#8217;s gateway to the region.\u00a0 Today we are happy that we were able to attract serious Austrian investments, especially in financial sector as well as in the insurance sector. Presence of these companies in Kosovo has brought new experiences to our market and has created an appropriate infrastructure for local business and for foreign investments.<\/p>\n<p>However, the level of our trade cooperation and low presence of Austrian companies in Kosovo shows that still much potential remains unutilized. We are aware of the reservations that many Austrian companies have in respect of investing in Kosovo.\u00a0 We are also aware that a certain number of them, with potential for foreign investment, are currently at a stage of internal consolidation, in lieu of global economic crisis. <\/p>\n<p>But, sometimes, it is these very moments of consolidation and reorientation which can serve as a thrust towards new initiatives. I am very encouraged by your large presence here today. I hope that during your stay you will be able to elaborate on all the opportunities, ideas, concerns and chances, with your local partners as well as with institutions of Kosovo, before you reach a possible decision. I assure you that my door is always open to you and my engagements shall be maximal in order to facilitate your undertakings in realization of your investment projects with mutual benefit.<\/p>\n<p>President Fischer, our friend, please allow me to express my strong gratitude for visiting Kosovo with a number of well known Austrian businessmen, to see for yourselves the opportunities for the expansion of cooperation in the field of economy and investments; a stable economy and healthy wellbeing of citizens will further strengthen the foundation of our state and wellbeing of our citizens. <\/p>\n<p>Thank you.<br \/>\n\u00a0<\/p>\n","protected":false},"excerpt":{"rendered":"<p>This week we can easily call the week of strengthening of the Kosovo-Austria relations. Last Monday I participated at the celebrations in honour of the 60th anniversary of independence and declaration of permanent neutrality of Austria. Yesterday I held intensive meetings with His Excellency President Fischer, during which we praised the dedication of both our countries to peace, democracy and stability in the region. Above all, we discussed our bilateral relations and expansion of economic, investment and trade cooperation between the two countries. And now, I am pleased that together with you, we are taking other steps to concretize our relations through stimulation of private sector and increasing Austrian investments in Kosovo.<\/p>\n","protected":false},"author":1,"featured_media":37567,"comment_status":"open","ping_status":"closed","sticky":false,"template":"","format":"standard","meta":{"_eb_attr":"","footnotes":""},"categories":[105],"tags":[],"class_list":["post-69558","post","type-post","status-publish","format-standard","has-post-thumbnail","hentry","category-speeches"],"yoast_head":"<!-- This site is optimized with the Yoast SEO plugin v23.5 - https:\/\/yoast.com\/wordpress\/plugins\/seo\/ -->\n<title>President Jahjaga&#146;s address to the Kosovar-Austrian Economic Forum - President of the Republic of Kosovo - DR. VJOSA OSMANI - SADRIU<\/title>\n<meta name=\"description\" content=\"President Jahjaga&#146;s address to the Kosovar-Austrian Economic Forum - President of the Republic of Kosovo - DR. VJOSA OSMANI - SADRIU -\" \/>\n<meta name=\"robots\" content=\"index, follow, max-snippet:-1, max-image-preview:large, max-video-preview:-1\" \/>\n<link rel=\"canonical\" href=\"https:\/\/president-ksgov.net\/en\/president-jahjagas-address-to-the-kosovar-austrian-economic-forum\/\" \/>\n<meta property=\"og:locale\" content=\"en_US\" \/>\n<meta property=\"og:type\" content=\"article\" \/>\n<meta property=\"og:title\" content=\"President Jahjaga&#146;s address to the Kosovar-Austrian Economic Forum - President of the Republic of Kosovo - DR. VJOSA OSMANI - SADRIU\" \/>\n<meta property=\"og:description\" content=\"President Jahjaga&#146;s address to the Kosovar-Austrian Economic Forum - President of the Republic of Kosovo - DR. VJOSA OSMANI - SADRIU -\" \/>\n<meta property=\"og:url\" content=\"https:\/\/president-ksgov.net\/en\/president-jahjagas-address-to-the-kosovar-austrian-economic-forum\/\" \/>\n<meta property=\"og:site_name\" content=\"President of the Republic of Kosovo - DR. VJOSA OSMANI - SADRIU\" \/>\n<meta property=\"article:published_time\" content=\"2015-10-29T13:32:29+00:00\" \/>\n<meta property=\"article:modified_time\" content=\"2023-03-07T10:03:47+00:00\" \/>\n<meta property=\"og:image\" content=\"https:\/\/president-ksgov.net\/wp-content\/uploads\/29_10_2015_1890369_01_29102015.jpg\" \/>\n\t<meta property=\"og:image:width\" content=\"1000\" \/>\n\t<meta property=\"og:image:height\" content=\"666\" \/>\n\t<meta property=\"og:image:type\" content=\"image\/jpeg\" \/>\n<meta name=\"author\" content=\"admin\" \/>\n<meta name=\"twitter:card\" content=\"summary_large_image\" \/>\n<meta name=\"twitter:label1\" content=\"Written by\" \/>\n\t<meta name=\"twitter:data1\" content=\"admin\" \/>\n\t<meta name=\"twitter:label2\" content=\"Est. reading time\" \/>\n\t<meta name=\"twitter:data2\" content=\"3 minutes\" \/>\n<script type=\"application\/ld+json\" class=\"yoast-schema-graph\">{\"@context\":\"https:\/\/schema.org\",\"@graph\":[{\"@type\":\"WebPage\",\"@id\":\"https:\/\/president-ksgov.net\/en\/president-jahjagas-address-to-the-kosovar-austrian-economic-forum\/\",\"url\":\"https:\/\/president-ksgov.net\/en\/president-jahjagas-address-to-the-kosovar-austrian-economic-forum\/\",\"name\":\"President Jahjaga&#146;s address to the Kosovar-Austrian Economic Forum - President of the Republic of Kosovo - DR. VJOSA OSMANI - SADRIU\",\"isPartOf\":{\"@id\":\"https:\/\/president-ksgov.net\/#website\"},\"primaryImageOfPage\":{\"@id\":\"https:\/\/president-ksgov.net\/en\/president-jahjagas-address-to-the-kosovar-austrian-economic-forum\/#primaryimage\"},\"image\":{\"@id\":\"https:\/\/president-ksgov.net\/en\/president-jahjagas-address-to-the-kosovar-austrian-economic-forum\/#primaryimage\"},\"thumbnailUrl\":\"https:\/\/president-ksgov.net\/wp-content\/uploads\/29_10_2015_1890369_01_29102015.jpg\",\"datePublished\":\"2015-10-29T13:32:29+00:00\",\"dateModified\":\"2023-03-07T10:03:47+00:00\",\"author\":{\"@id\":\"https:\/\/president-ksgov.net\/#\/schema\/person\/bb4337a5fb147cb2046d80548172cbee\"},\"description\":\"President Jahjaga&#146;s address to the Kosovar-Austrian Economic Forum - President of the Republic of Kosovo - DR. VJOSA OSMANI - SADRIU -\",\"breadcrumb\":{\"@id\":\"https:\/\/president-ksgov.net\/en\/president-jahjagas-address-to-the-kosovar-austrian-economic-forum\/#breadcrumb\"},\"inLanguage\":\"en-US\",\"potentialAction\":[{\"@type\":\"ReadAction\",\"target\":[\"https:\/\/president-ksgov.net\/en\/president-jahjagas-address-to-the-kosovar-austrian-economic-forum\/\"]}]},{\"@type\":\"ImageObject\",\"inLanguage\":\"en-US\",\"@id\":\"https:\/\/president-ksgov.net\/en\/president-jahjagas-address-to-the-kosovar-austrian-economic-forum\/#primaryimage\",\"url\":\"https:\/\/president-ksgov.net\/wp-content\/uploads\/29_10_2015_1890369_01_29102015.jpg\",\"contentUrl\":\"https:\/\/president-ksgov.net\/wp-content\/uploads\/29_10_2015_1890369_01_29102015.jpg\",\"width\":1000,\"height\":666},{\"@type\":\"BreadcrumbList\",\"@id\":\"https:\/\/president-ksgov.net\/en\/president-jahjagas-address-to-the-kosovar-austrian-economic-forum\/#breadcrumb\",\"itemListElement\":[{\"@type\":\"ListItem\",\"position\":1,\"name\":\"Home\",\"item\":\"https:\/\/president-ksgov.net\/en\/\"},{\"@type\":\"ListItem\",\"position\":2,\"name\":\"President Jahjaga&#146;s address to the Kosovar-Austrian Economic Forum\"}]},{\"@type\":\"WebSite\",\"@id\":\"https:\/\/president-ksgov.net\/#website\",\"url\":\"https:\/\/president-ksgov.net\/\",\"name\":\"Presidente e Republik\u00ebs s\u00eb Kosov\u00ebs\",\"description\":\"Presidente e Republik\u00ebs s\u00eb Kosov\u00ebs\",\"alternateName\":\"DR. VJOSA OSMANI - SADRIU\",\"potentialAction\":[{\"@type\":\"SearchAction\",\"target\":{\"@type\":\"EntryPoint\",\"urlTemplate\":\"https:\/\/president-ksgov.net\/?s={search_term_string}\"},\"query-input\":{\"@type\":\"PropertyValueSpecification\",\"valueRequired\":true,\"valueName\":\"search_term_string\"}}],\"inLanguage\":\"en-US\"},{\"@type\":\"Person\",\"@id\":\"https:\/\/president-ksgov.net\/#\/schema\/person\/bb4337a5fb147cb2046d80548172cbee\",\"name\":\"admin\",\"image\":{\"@type\":\"ImageObject\",\"inLanguage\":\"en-US\",\"@id\":\"https:\/\/president-ksgov.net\/#\/schema\/person\/image\/\",\"url\":\"https:\/\/secure.gravatar.com\/avatar\/36156ca0fa3b8d9d25174f146e16beea0cf28f37adf1b9e19b6c9c279a7c9dd3?s=96&d=mm&r=g\",\"contentUrl\":\"https:\/\/secure.gravatar.com\/avatar\/36156ca0fa3b8d9d25174f146e16beea0cf28f37adf1b9e19b6c9c279a7c9dd3?s=96&d=mm&r=g\",\"caption\":\"admin\"},\"sameAs\":[\"https:\/\/president-ksgov.net\"]}]}<\/script>\n<!-- \/ Yoast SEO plugin. -->","yoast_head_json":{"title":"President Jahjaga&#146;s address to the Kosovar-Austrian Economic Forum - President of the Republic of Kosovo - DR. VJOSA OSMANI - SADRIU","description":"President Jahjaga&#146;s address to the Kosovar-Austrian Economic Forum - President of the Republic of Kosovo - DR. VJOSA OSMANI - SADRIU -","robots":{"index":"index","follow":"follow","max-snippet":"max-snippet:-1","max-image-preview":"max-image-preview:large","max-video-preview":"max-video-preview:-1"},"canonical":"https:\/\/president-ksgov.net\/en\/president-jahjagas-address-to-the-kosovar-austrian-economic-forum\/","og_locale":"en_US","og_type":"article","og_title":"President Jahjaga&#146;s address to the Kosovar-Austrian Economic Forum - President of the Republic of Kosovo - DR. VJOSA OSMANI - SADRIU","og_description":"President Jahjaga&#146;s address to the Kosovar-Austrian Economic Forum - President of the Republic of Kosovo - DR. VJOSA OSMANI - SADRIU -","og_url":"https:\/\/president-ksgov.net\/en\/president-jahjagas-address-to-the-kosovar-austrian-economic-forum\/","og_site_name":"President of the Republic of Kosovo - DR. VJOSA OSMANI - SADRIU","article_published_time":"2015-10-29T13:32:29+00:00","article_modified_time":"2023-03-07T10:03:47+00:00","og_image":[{"width":1000,"height":666,"url":"https:\/\/president-ksgov.net\/wp-content\/uploads\/29_10_2015_1890369_01_29102015.jpg","type":"image\/jpeg"}],"author":"admin","twitter_card":"summary_large_image","twitter_misc":{"Written by":"admin","Est. reading time":"3 minutes"},"schema":{"@context":"https:\/\/schema.org","@graph":[{"@type":"WebPage","@id":"https:\/\/president-ksgov.net\/en\/president-jahjagas-address-to-the-kosovar-austrian-economic-forum\/","url":"https:\/\/president-ksgov.net\/en\/president-jahjagas-address-to-the-kosovar-austrian-economic-forum\/","name":"President Jahjaga&#146;s address to the Kosovar-Austrian Economic Forum - President of the Republic of Kosovo - DR. VJOSA OSMANI - SADRIU","isPartOf":{"@id":"https:\/\/president-ksgov.net\/#website"},"primaryImageOfPage":{"@id":"https:\/\/president-ksgov.net\/en\/president-jahjagas-address-to-the-kosovar-austrian-economic-forum\/#primaryimage"},"image":{"@id":"https:\/\/president-ksgov.net\/en\/president-jahjagas-address-to-the-kosovar-austrian-economic-forum\/#primaryimage"},"thumbnailUrl":"https:\/\/president-ksgov.net\/wp-content\/uploads\/29_10_2015_1890369_01_29102015.jpg","datePublished":"2015-10-29T13:32:29+00:00","dateModified":"2023-03-07T10:03:47+00:00","author":{"@id":"https:\/\/president-ksgov.net\/#\/schema\/person\/bb4337a5fb147cb2046d80548172cbee"},"description":"President Jahjaga&#146;s address to the Kosovar-Austrian Economic Forum - President of the Republic of Kosovo - DR. VJOSA OSMANI - SADRIU -","breadcrumb":{"@id":"https:\/\/president-ksgov.net\/en\/president-jahjagas-address-to-the-kosovar-austrian-economic-forum\/#breadcrumb"},"inLanguage":"en-US","potentialAction":[{"@type":"ReadAction","target":["https:\/\/president-ksgov.net\/en\/president-jahjagas-address-to-the-kosovar-austrian-economic-forum\/"]}]},{"@type":"ImageObject","inLanguage":"en-US","@id":"https:\/\/president-ksgov.net\/en\/president-jahjagas-address-to-the-kosovar-austrian-economic-forum\/#primaryimage","url":"https:\/\/president-ksgov.net\/wp-content\/uploads\/29_10_2015_1890369_01_29102015.jpg","contentUrl":"https:\/\/president-ksgov.net\/wp-content\/uploads\/29_10_2015_1890369_01_29102015.jpg","width":1000,"height":666},{"@type":"BreadcrumbList","@id":"https:\/\/president-ksgov.net\/en\/president-jahjagas-address-to-the-kosovar-austrian-economic-forum\/#breadcrumb","itemListElement":[{"@type":"ListItem","position":1,"name":"Home","item":"https:\/\/president-ksgov.net\/en\/"},{"@type":"ListItem","position":2,"name":"President Jahjaga&#146;s address to the Kosovar-Austrian Economic Forum"}]},{"@type":"WebSite","@id":"https:\/\/president-ksgov.net\/#website","url":"https:\/\/president-ksgov.net\/","name":"Presidente e Republik\u00ebs s\u00eb Kosov\u00ebs","description":"Presidente e Republik\u00ebs s\u00eb Kosov\u00ebs","alternateName":"DR. VJOSA OSMANI - SADRIU","potentialAction":[{"@type":"SearchAction","target":{"@type":"EntryPoint","urlTemplate":"https:\/\/president-ksgov.net\/?s={search_term_string}"},"query-input":{"@type":"PropertyValueSpecification","valueRequired":true,"valueName":"search_term_string"}}],"inLanguage":"en-US"},{"@type":"Person","@id":"https:\/\/president-ksgov.net\/#\/schema\/person\/bb4337a5fb147cb2046d80548172cbee","name":"admin","image":{"@type":"ImageObject","inLanguage":"en-US","@id":"https:\/\/president-ksgov.net\/#\/schema\/person\/image\/","url":"https:\/\/secure.gravatar.com\/avatar\/36156ca0fa3b8d9d25174f146e16beea0cf28f37adf1b9e19b6c9c279a7c9dd3?s=96&d=mm&r=g","contentUrl":"https:\/\/secure.gravatar.com\/avatar\/36156ca0fa3b8d9d25174f146e16beea0cf28f37adf1b9e19b6c9c279a7c9dd3?s=96&d=mm&r=g","caption":"admin"},"sameAs":["https:\/\/president-ksgov.net"]}]}},"_links":{"self":[{"href":"https:\/\/president-ksgov.net\/en\/wp-json\/wp\/v2\/posts\/69558","targetHints":{"allow":["GET"]}}],"collection":[{"href":"https:\/\/president-ksgov.net\/en\/wp-json\/wp\/v2\/posts"}],"about":[{"href":"https:\/\/president-ksgov.net\/en\/wp-json\/wp\/v2\/types\/post"}],"author":[{"embeddable":true,"href":"https:\/\/president-ksgov.net\/en\/wp-json\/wp\/v2\/users\/1"}],"replies":[{"embeddable":true,"href":"https:\/\/president-ksgov.net\/en\/wp-json\/wp\/v2\/comments?post=69558"}],"version-history":[{"count":0,"href":"https:\/\/president-ksgov.net\/en\/wp-json\/wp\/v2\/posts\/69558\/revisions"}],"wp:featuredmedia":[{"embeddable":true,"href":"https:\/\/president-ksgov.net\/en\/wp-json\/wp\/v2\/media\/37567"}],"wp:attachment":[{"href":"https:\/\/president-ksgov.net\/en\/wp-json\/wp\/v2\/media?parent=69558"}],"wp:term":[{"taxonomy":"category","embeddable":true,"href":"https:\/\/president-ksgov.net\/en\/wp-json\/wp\/v2\/categories?post=69558"},{"taxonomy":"post_tag","embeddable":true,"href":"https:\/\/president-ksgov.net\/en\/wp-json\/wp\/v2\/tags?post=69558"}],"curies":[{"name":"wp","href":"https:\/\/api.w.org\/{rel}","templated":true}]}}