{"id":69516,"date":"2015-12-01T18:11:04","date_gmt":"2015-12-01T18:11:04","guid":{"rendered":"https:\/\/dev.president-ksgov.net\/kosovo-part-of-the-global-fund-in-helping-the-prevention-of-extremism\/"},"modified":"2023-03-07T10:02:25","modified_gmt":"2023-03-07T10:02:25","slug":"kosovo-part-of-the-global-fund-in-helping-the-prevention-of-extremism","status":"publish","type":"post","link":"https:\/\/president-ksgov.net\/en\/kosovo-part-of-the-global-fund-in-helping-the-prevention-of-extremism\/","title":{"rendered":"Kosovo part of the Global Fund in helping the prevention of extremism"},"content":{"rendered":"<p>President Jahjaga&#8217;s Statement:I welcome today&#8217;s decision of the Board of the &#8220;Global Community Engagement and Resilience Fund&#8221; (GCERF) taken in Geneva, to include Kosovo in this Fund&#8217;s initiatives on prevention and facing of violent extremism through local initiatives.<\/p>\n<p>Kosovo&#8217;s inclusion, as one of the states that will benefit from the 25 million dollars fund, has been made upon my request for provision of help for communities in danger of this phenomenon inside Kosovo. Access to this fund will establish new partnerships and opportunities for various initiatives, which will help empowerment of citizens to play an active role in prevention of violent extremism.<\/p>\n<p>It is by now clear that Kosovo, as are many other countries in Europe, has been touched by the influence of terrorist networks, which promote an agenda of violent extremism inside and outside the country, in the shape of participation in foreign wars and other terrorist activities. Today&#8217;s arrests, result of a close cooperation between the Kosovar and Italian Police Forces, are new evidence of the outlay of this problem and the threat it presents to all of us.<\/p>\n<p>We have by now demonstrated that security institutions of the Republic of Kosovo are fully dedicated to not allow these elements to find space in Kosovo, but our engagement towards uprooting of this challenge to the security of the citizens of Kosovo and its allies will depend upon a wide and an all encompassing cooperation, which addresses the causes which incite violent extremism.<\/p>\n<p>Global Community Engagement and Resilience Fund, with its headquarters in Geneva, was established\u00a0 as the first global effort to, through public-private partnership, in cooperation with governments, civil society and private sector, support engagements of the states to address the violent extremism and radicalism. Office of the President of the Republic of Kosovo has\u00a0 closely coordinated\u00a0 the process of inclusion of Kosovo in these intitatives.<\/p>\n<p>President Jahjaga has visited the seat of the Global Community Engagement and Resilience Fund in Geneva in March of this year and has met with the leaders of this organisation during the UN General Assembly Session in September this year in New York.<br \/>\n\u00a0<\/p>\n","protected":false},"excerpt":{"rendered":"<p>President Jahjaga&#8217;s Statement:I welcome today&#8217;s decision of the Board of the &#8220;Global Community Engagement and Resilience Fund&#8221; (GCERF) taken in Geneva, to include Kosovo in this Fund&#8217;s initiatives on prevention and facing of violent extremism through local initiatives.<\/p>\n","protected":false},"author":1,"featured_media":86338,"comment_status":"open","ping_status":"closed","sticky":false,"template":"","format":"standard","meta":{"_eb_attr":"","footnotes":""},"categories":[111],"tags":[],"class_list":["post-69516","post","type-post","status-publish","format-standard","has-post-thumbnail","hentry","category-news"],"yoast_head":"<!-- This site is optimized with the Yoast SEO plugin v23.5 - https:\/\/yoast.com\/wordpress\/plugins\/seo\/ -->\n<title>Kosovo part of the Global Fund in helping the prevention of extremism - President of the Republic of Kosovo - DR. VJOSA OSMANI - SADRIU<\/title>\n<meta name=\"description\" content=\"Kosovo part of the Global Fund in helping the prevention of extremism - President of the Republic of Kosovo - DR. VJOSA OSMANI - SADRIU -\" \/>\n<meta name=\"robots\" content=\"index, follow, max-snippet:-1, max-image-preview:large, max-video-preview:-1\" \/>\n<link rel=\"canonical\" href=\"https:\/\/president-ksgov.net\/kosova-pjese-e-fondit-global-per-te-ndihmuar-parandalimin-e-ekstremizmit\/\" \/>\n<meta property=\"og:locale\" content=\"en_US\" \/>\n<meta property=\"og:type\" content=\"article\" \/>\n<meta property=\"og:title\" content=\"Kosovo part of the Global Fund in helping the prevention of extremism - President of the Republic of Kosovo - DR. VJOSA OSMANI - SADRIU\" \/>\n<meta property=\"og:description\" content=\"Kosovo part of the Global Fund in helping the prevention of extremism - President of the Republic of Kosovo - DR. VJOSA OSMANI - SADRIU -\" \/>\n<meta property=\"og:url\" content=\"https:\/\/president-ksgov.net\/kosova-pjese-e-fondit-global-per-te-ndihmuar-parandalimin-e-ekstremizmit\/\" \/>\n<meta property=\"og:site_name\" content=\"President of the Republic of Kosovo - DR. VJOSA OSMANI - SADRIU\" \/>\n<meta property=\"article:published_time\" content=\"2015-12-01T18:11:04+00:00\" \/>\n<meta property=\"article:modified_time\" content=\"2023-03-07T10:02:25+00:00\" \/>\n<meta property=\"og:image\" content=\"https:\/\/president-ksgov.net\/wp-content\/uploads\/Zyra-e-Presidentes-Featured-Image1-e1678970937938.png\" \/>\n\t<meta property=\"og:image:width\" content=\"1024\" \/>\n\t<meta property=\"og:image:height\" content=\"716\" \/>\n\t<meta property=\"og:image:type\" content=\"image\/png\" \/>\n<meta name=\"author\" content=\"admin\" \/>\n<meta name=\"twitter:card\" content=\"summary_large_image\" \/>\n<meta name=\"twitter:label1\" content=\"Written by\" \/>\n\t<meta name=\"twitter:data1\" content=\"admin\" \/>\n\t<meta name=\"twitter:label2\" content=\"Est. reading time\" \/>\n\t<meta name=\"twitter:data2\" content=\"2 minutes\" \/>\n<script type=\"application\/ld+json\" class=\"yoast-schema-graph\">{\"@context\":\"https:\/\/schema.org\",\"@graph\":[{\"@type\":\"WebPage\",\"@id\":\"https:\/\/president-ksgov.net\/kosova-pjese-e-fondit-global-per-te-ndihmuar-parandalimin-e-ekstremizmit\/\",\"url\":\"https:\/\/president-ksgov.net\/kosova-pjese-e-fondit-global-per-te-ndihmuar-parandalimin-e-ekstremizmit\/\",\"name\":\"Kosovo part of the Global Fund in helping the prevention of extremism - President of the Republic of Kosovo - DR. VJOSA OSMANI - SADRIU\",\"isPartOf\":{\"@id\":\"https:\/\/president-ksgov.net\/#website\"},\"primaryImageOfPage\":{\"@id\":\"https:\/\/president-ksgov.net\/kosova-pjese-e-fondit-global-per-te-ndihmuar-parandalimin-e-ekstremizmit\/#primaryimage\"},\"image\":{\"@id\":\"https:\/\/president-ksgov.net\/kosova-pjese-e-fondit-global-per-te-ndihmuar-parandalimin-e-ekstremizmit\/#primaryimage\"},\"thumbnailUrl\":\"https:\/\/president-ksgov.net\/wp-content\/uploads\/Zyra-e-Presidentes-Featured-Image1-e1678970937938.png\",\"datePublished\":\"2015-12-01T18:11:04+00:00\",\"dateModified\":\"2023-03-07T10:02:25+00:00\",\"author\":{\"@id\":\"https:\/\/president-ksgov.net\/#\/schema\/person\/bb4337a5fb147cb2046d80548172cbee\"},\"description\":\"Kosovo part of the Global Fund in helping the prevention of extremism - President of the Republic of Kosovo - DR. VJOSA OSMANI - SADRIU -\",\"breadcrumb\":{\"@id\":\"https:\/\/president-ksgov.net\/kosova-pjese-e-fondit-global-per-te-ndihmuar-parandalimin-e-ekstremizmit\/#breadcrumb\"},\"inLanguage\":\"en-US\",\"potentialAction\":[{\"@type\":\"ReadAction\",\"target\":[\"https:\/\/president-ksgov.net\/kosova-pjese-e-fondit-global-per-te-ndihmuar-parandalimin-e-ekstremizmit\/\"]}]},{\"@type\":\"ImageObject\",\"inLanguage\":\"en-US\",\"@id\":\"https:\/\/president-ksgov.net\/kosova-pjese-e-fondit-global-per-te-ndihmuar-parandalimin-e-ekstremizmit\/#primaryimage\",\"url\":\"https:\/\/president-ksgov.net\/wp-content\/uploads\/Zyra-e-Presidentes-Featured-Image1-e1678970937938.png\",\"contentUrl\":\"https:\/\/president-ksgov.net\/wp-content\/uploads\/Zyra-e-Presidentes-Featured-Image1-e1678970937938.png\",\"width\":1024,\"height\":716},{\"@type\":\"BreadcrumbList\",\"@id\":\"https:\/\/president-ksgov.net\/kosova-pjese-e-fondit-global-per-te-ndihmuar-parandalimin-e-ekstremizmit\/#breadcrumb\",\"itemListElement\":[{\"@type\":\"ListItem\",\"position\":1,\"name\":\"Home\",\"item\":\"https:\/\/president-ksgov.net\/en\/\"},{\"@type\":\"ListItem\",\"position\":2,\"name\":\"Kosovo part of the Global Fund in helping the prevention of extremism\"}]},{\"@type\":\"WebSite\",\"@id\":\"https:\/\/president-ksgov.net\/#website\",\"url\":\"https:\/\/president-ksgov.net\/\",\"name\":\"Presidente e Republik\u00ebs s\u00eb Kosov\u00ebs\",\"description\":\"Presidente e Republik\u00ebs s\u00eb Kosov\u00ebs\",\"alternateName\":\"DR. VJOSA OSMANI - SADRIU\",\"potentialAction\":[{\"@type\":\"SearchAction\",\"target\":{\"@type\":\"EntryPoint\",\"urlTemplate\":\"https:\/\/president-ksgov.net\/?s={search_term_string}\"},\"query-input\":{\"@type\":\"PropertyValueSpecification\",\"valueRequired\":true,\"valueName\":\"search_term_string\"}}],\"inLanguage\":\"en-US\"},{\"@type\":\"Person\",\"@id\":\"https:\/\/president-ksgov.net\/#\/schema\/person\/bb4337a5fb147cb2046d80548172cbee\",\"name\":\"admin\",\"image\":{\"@type\":\"ImageObject\",\"inLanguage\":\"en-US\",\"@id\":\"https:\/\/president-ksgov.net\/#\/schema\/person\/image\/\",\"url\":\"https:\/\/secure.gravatar.com\/avatar\/36156ca0fa3b8d9d25174f146e16beea0cf28f37adf1b9e19b6c9c279a7c9dd3?s=96&d=mm&r=g\",\"contentUrl\":\"https:\/\/secure.gravatar.com\/avatar\/36156ca0fa3b8d9d25174f146e16beea0cf28f37adf1b9e19b6c9c279a7c9dd3?s=96&d=mm&r=g\",\"caption\":\"admin\"},\"sameAs\":[\"https:\/\/president-ksgov.net\"]}]}<\/script>\n<!-- \/ Yoast SEO plugin. -->","yoast_head_json":{"title":"Kosovo part of the Global Fund in helping the prevention of extremism - President of the Republic of Kosovo - DR. VJOSA OSMANI - SADRIU","description":"Kosovo part of the Global Fund in helping the prevention of extremism - President of the Republic of Kosovo - DR. VJOSA OSMANI - SADRIU -","robots":{"index":"index","follow":"follow","max-snippet":"max-snippet:-1","max-image-preview":"max-image-preview:large","max-video-preview":"max-video-preview:-1"},"canonical":"https:\/\/president-ksgov.net\/kosova-pjese-e-fondit-global-per-te-ndihmuar-parandalimin-e-ekstremizmit\/","og_locale":"en_US","og_type":"article","og_title":"Kosovo part of the Global Fund in helping the prevention of extremism - President of the Republic of Kosovo - DR. VJOSA OSMANI - SADRIU","og_description":"Kosovo part of the Global Fund in helping the prevention of extremism - President of the Republic of Kosovo - DR. VJOSA OSMANI - SADRIU -","og_url":"https:\/\/president-ksgov.net\/kosova-pjese-e-fondit-global-per-te-ndihmuar-parandalimin-e-ekstremizmit\/","og_site_name":"President of the Republic of Kosovo - DR. VJOSA OSMANI - SADRIU","article_published_time":"2015-12-01T18:11:04+00:00","article_modified_time":"2023-03-07T10:02:25+00:00","og_image":[{"width":1024,"height":716,"url":"https:\/\/president-ksgov.net\/wp-content\/uploads\/Zyra-e-Presidentes-Featured-Image1-e1678970937938.png","type":"image\/png"}],"author":"admin","twitter_card":"summary_large_image","twitter_misc":{"Written by":"admin","Est. reading time":"2 minutes"},"schema":{"@context":"https:\/\/schema.org","@graph":[{"@type":"WebPage","@id":"https:\/\/president-ksgov.net\/kosova-pjese-e-fondit-global-per-te-ndihmuar-parandalimin-e-ekstremizmit\/","url":"https:\/\/president-ksgov.net\/kosova-pjese-e-fondit-global-per-te-ndihmuar-parandalimin-e-ekstremizmit\/","name":"Kosovo part of the Global Fund in helping the prevention of extremism - President of the Republic of Kosovo - DR. VJOSA OSMANI - SADRIU","isPartOf":{"@id":"https:\/\/president-ksgov.net\/#website"},"primaryImageOfPage":{"@id":"https:\/\/president-ksgov.net\/kosova-pjese-e-fondit-global-per-te-ndihmuar-parandalimin-e-ekstremizmit\/#primaryimage"},"image":{"@id":"https:\/\/president-ksgov.net\/kosova-pjese-e-fondit-global-per-te-ndihmuar-parandalimin-e-ekstremizmit\/#primaryimage"},"thumbnailUrl":"https:\/\/president-ksgov.net\/wp-content\/uploads\/Zyra-e-Presidentes-Featured-Image1-e1678970937938.png","datePublished":"2015-12-01T18:11:04+00:00","dateModified":"2023-03-07T10:02:25+00:00","author":{"@id":"https:\/\/president-ksgov.net\/#\/schema\/person\/bb4337a5fb147cb2046d80548172cbee"},"description":"Kosovo part of the Global Fund in helping the prevention of extremism - President of the Republic of Kosovo - DR. VJOSA OSMANI - SADRIU -","breadcrumb":{"@id":"https:\/\/president-ksgov.net\/kosova-pjese-e-fondit-global-per-te-ndihmuar-parandalimin-e-ekstremizmit\/#breadcrumb"},"inLanguage":"en-US","potentialAction":[{"@type":"ReadAction","target":["https:\/\/president-ksgov.net\/kosova-pjese-e-fondit-global-per-te-ndihmuar-parandalimin-e-ekstremizmit\/"]}]},{"@type":"ImageObject","inLanguage":"en-US","@id":"https:\/\/president-ksgov.net\/kosova-pjese-e-fondit-global-per-te-ndihmuar-parandalimin-e-ekstremizmit\/#primaryimage","url":"https:\/\/president-ksgov.net\/wp-content\/uploads\/Zyra-e-Presidentes-Featured-Image1-e1678970937938.png","contentUrl":"https:\/\/president-ksgov.net\/wp-content\/uploads\/Zyra-e-Presidentes-Featured-Image1-e1678970937938.png","width":1024,"height":716},{"@type":"BreadcrumbList","@id":"https:\/\/president-ksgov.net\/kosova-pjese-e-fondit-global-per-te-ndihmuar-parandalimin-e-ekstremizmit\/#breadcrumb","itemListElement":[{"@type":"ListItem","position":1,"name":"Home","item":"https:\/\/president-ksgov.net\/en\/"},{"@type":"ListItem","position":2,"name":"Kosovo part of the Global Fund in helping the prevention of extremism"}]},{"@type":"WebSite","@id":"https:\/\/president-ksgov.net\/#website","url":"https:\/\/president-ksgov.net\/","name":"Presidente e Republik\u00ebs s\u00eb Kosov\u00ebs","description":"Presidente e Republik\u00ebs s\u00eb Kosov\u00ebs","alternateName":"DR. VJOSA OSMANI - SADRIU","potentialAction":[{"@type":"SearchAction","target":{"@type":"EntryPoint","urlTemplate":"https:\/\/president-ksgov.net\/?s={search_term_string}"},"query-input":{"@type":"PropertyValueSpecification","valueRequired":true,"valueName":"search_term_string"}}],"inLanguage":"en-US"},{"@type":"Person","@id":"https:\/\/president-ksgov.net\/#\/schema\/person\/bb4337a5fb147cb2046d80548172cbee","name":"admin","image":{"@type":"ImageObject","inLanguage":"en-US","@id":"https:\/\/president-ksgov.net\/#\/schema\/person\/image\/","url":"https:\/\/secure.gravatar.com\/avatar\/36156ca0fa3b8d9d25174f146e16beea0cf28f37adf1b9e19b6c9c279a7c9dd3?s=96&d=mm&r=g","contentUrl":"https:\/\/secure.gravatar.com\/avatar\/36156ca0fa3b8d9d25174f146e16beea0cf28f37adf1b9e19b6c9c279a7c9dd3?s=96&d=mm&r=g","caption":"admin"},"sameAs":["https:\/\/president-ksgov.net"]}]}},"_links":{"self":[{"href":"https:\/\/president-ksgov.net\/en\/wp-json\/wp\/v2\/posts\/69516","targetHints":{"allow":["GET"]}}],"collection":[{"href":"https:\/\/president-ksgov.net\/en\/wp-json\/wp\/v2\/posts"}],"about":[{"href":"https:\/\/president-ksgov.net\/en\/wp-json\/wp\/v2\/types\/post"}],"author":[{"embeddable":true,"href":"https:\/\/president-ksgov.net\/en\/wp-json\/wp\/v2\/users\/1"}],"replies":[{"embeddable":true,"href":"https:\/\/president-ksgov.net\/en\/wp-json\/wp\/v2\/comments?post=69516"}],"version-history":[{"count":0,"href":"https:\/\/president-ksgov.net\/en\/wp-json\/wp\/v2\/posts\/69516\/revisions"}],"wp:featuredmedia":[{"embeddable":true,"href":"https:\/\/president-ksgov.net\/en\/wp-json\/wp\/v2\/media\/86338"}],"wp:attachment":[{"href":"https:\/\/president-ksgov.net\/en\/wp-json\/wp\/v2\/media?parent=69516"}],"wp:term":[{"taxonomy":"category","embeddable":true,"href":"https:\/\/president-ksgov.net\/en\/wp-json\/wp\/v2\/categories?post=69516"},{"taxonomy":"post_tag","embeddable":true,"href":"https:\/\/president-ksgov.net\/en\/wp-json\/wp\/v2\/tags?post=69516"}],"curies":[{"name":"wp","href":"https:\/\/api.w.org\/{rel}","templated":true}]}}