{"id":69508,"date":"2015-12-08T18:31:32","date_gmt":"2015-12-08T18:31:32","guid":{"rendered":"https:\/\/dev.president-ksgov.net\/president-jahjaga-is-attending-the-marking-of-the-25th-anniversary-of-the-fall-of-communism-in-albania\/"},"modified":"2023-03-07T10:02:25","modified_gmt":"2023-03-07T10:02:25","slug":"president-jahjaga-is-attending-the-marking-of-the-25th-anniversary-of-the-fall-of-communism-in-albania","status":"publish","type":"post","link":"https:\/\/president-ksgov.net\/en\/president-jahjaga-is-attending-the-marking-of-the-25th-anniversary-of-the-fall-of-communism-in-albania\/","title":{"rendered":"President Jahjaga is attending the marking of the 25th anniversary of the fall of communism in Albania"},"content":{"rendered":"<p>President of the Republic of Kosovo, Mrs. Atifete Jahjaga, is attending in Tirana today the marking of the 25th anniversary of the fall of communism, upon an invitation by the President of the Republic of Albania, Mr. Bujar Nishani.<\/p>\n<p>President of the Republic of Kosovo, Mrs. Atifete Jahjaga, is attending in Tirana today the marking of the 25th anniversary of the fall of communism, upon an invitation by the President of the Republic of Albania, Mr. Bujar Nishani.<\/p>\n<p>President Jahjaga also attended the international conference &#8220;Albania and Europe, 25 years after the fall of communism&#8221;, attended by political leaders and international figures of respective time period.<br \/>\n\u00a0<\/p>\n","protected":false},"excerpt":{"rendered":"<p>President of the Republic of Kosovo, Mrs. Atifete Jahjaga, is attending in Tirana today the marking of the 25th anniversary of the fall of communism, upon an invitation by the President of the Republic of Albania, Mr. Bujar Nishani.<\/p>\n","protected":false},"author":1,"featured_media":36997,"comment_status":"open","ping_status":"closed","sticky":false,"template":"","format":"standard","meta":{"_eb_attr":"","footnotes":""},"categories":[111],"tags":[],"class_list":["post-69508","post","type-post","status-publish","format-standard","has-post-thumbnail","hentry","category-news"],"yoast_head":"<!-- This site is optimized with the Yoast SEO plugin v23.5 - https:\/\/yoast.com\/wordpress\/plugins\/seo\/ -->\n<title>President Jahjaga is attending the marking of the 25th anniversary of the fall of communism in Albania - President of the Republic of Kosovo - DR. VJOSA OSMANI - SADRIU<\/title>\n<meta name=\"description\" content=\"President Jahjaga is attending the marking of the 25th anniversary of the fall of communism in Albania - President of the Republic of Kosovo - DR. VJOSA OSMANI - SADRIU -\" \/>\n<meta name=\"robots\" content=\"index, follow, max-snippet:-1, max-image-preview:large, max-video-preview:-1\" \/>\n<link rel=\"canonical\" href=\"https:\/\/president-ksgov.net\/en\/president-jahjaga-is-attending-the-marking-of-the-25th-anniversary-of-the-fall-of-communism-in-albania\/\" \/>\n<meta property=\"og:locale\" content=\"en_US\" \/>\n<meta property=\"og:type\" content=\"article\" \/>\n<meta property=\"og:title\" content=\"President Jahjaga is attending the marking of the 25th anniversary of the fall of communism in Albania - President of the Republic of Kosovo - DR. VJOSA OSMANI - SADRIU\" \/>\n<meta property=\"og:description\" content=\"President Jahjaga is attending the marking of the 25th anniversary of the fall of communism in Albania - President of the Republic of Kosovo - DR. VJOSA OSMANI - SADRIU -\" \/>\n<meta property=\"og:url\" content=\"https:\/\/president-ksgov.net\/en\/president-jahjaga-is-attending-the-marking-of-the-25th-anniversary-of-the-fall-of-communism-in-albania\/\" \/>\n<meta property=\"og:site_name\" content=\"President of the Republic of Kosovo - DR. VJOSA OSMANI - SADRIU\" \/>\n<meta property=\"article:published_time\" content=\"2015-12-08T18:31:32+00:00\" \/>\n<meta property=\"article:modified_time\" content=\"2023-03-07T10:02:25+00:00\" \/>\n<meta property=\"og:image\" content=\"https:\/\/president-ksgov.net\/wp-content\/uploads\/09_12_2015_1330097_08_12_2015_1.jpg\" \/>\n\t<meta property=\"og:image:width\" content=\"1024\" \/>\n\t<meta property=\"og:image:height\" content=\"589\" \/>\n\t<meta property=\"og:image:type\" content=\"image\/jpeg\" \/>\n<meta name=\"author\" content=\"admin\" \/>\n<meta name=\"twitter:card\" content=\"summary_large_image\" \/>\n<meta name=\"twitter:label1\" content=\"Written by\" \/>\n\t<meta name=\"twitter:data1\" content=\"admin\" \/>\n\t<meta name=\"twitter:label2\" content=\"Est. reading time\" \/>\n\t<meta name=\"twitter:data2\" content=\"1 minute\" \/>\n<script type=\"application\/ld+json\" class=\"yoast-schema-graph\">{\"@context\":\"https:\/\/schema.org\",\"@graph\":[{\"@type\":\"WebPage\",\"@id\":\"https:\/\/president-ksgov.net\/en\/president-jahjaga-is-attending-the-marking-of-the-25th-anniversary-of-the-fall-of-communism-in-albania\/\",\"url\":\"https:\/\/president-ksgov.net\/en\/president-jahjaga-is-attending-the-marking-of-the-25th-anniversary-of-the-fall-of-communism-in-albania\/\",\"name\":\"President Jahjaga is attending the marking of the 25th anniversary of the fall of communism in Albania - President of the Republic of Kosovo - DR. VJOSA OSMANI - SADRIU\",\"isPartOf\":{\"@id\":\"https:\/\/president-ksgov.net\/#website\"},\"primaryImageOfPage\":{\"@id\":\"https:\/\/president-ksgov.net\/en\/president-jahjaga-is-attending-the-marking-of-the-25th-anniversary-of-the-fall-of-communism-in-albania\/#primaryimage\"},\"image\":{\"@id\":\"https:\/\/president-ksgov.net\/en\/president-jahjaga-is-attending-the-marking-of-the-25th-anniversary-of-the-fall-of-communism-in-albania\/#primaryimage\"},\"thumbnailUrl\":\"https:\/\/president-ksgov.net\/wp-content\/uploads\/09_12_2015_1330097_08_12_2015_1.jpg\",\"datePublished\":\"2015-12-08T18:31:32+00:00\",\"dateModified\":\"2023-03-07T10:02:25+00:00\",\"author\":{\"@id\":\"https:\/\/president-ksgov.net\/#\/schema\/person\/bb4337a5fb147cb2046d80548172cbee\"},\"description\":\"President Jahjaga is attending the marking of the 25th anniversary of the fall of communism in Albania - President of the Republic of Kosovo - DR. VJOSA OSMANI - SADRIU -\",\"breadcrumb\":{\"@id\":\"https:\/\/president-ksgov.net\/en\/president-jahjaga-is-attending-the-marking-of-the-25th-anniversary-of-the-fall-of-communism-in-albania\/#breadcrumb\"},\"inLanguage\":\"en-US\",\"potentialAction\":[{\"@type\":\"ReadAction\",\"target\":[\"https:\/\/president-ksgov.net\/en\/president-jahjaga-is-attending-the-marking-of-the-25th-anniversary-of-the-fall-of-communism-in-albania\/\"]}]},{\"@type\":\"ImageObject\",\"inLanguage\":\"en-US\",\"@id\":\"https:\/\/president-ksgov.net\/en\/president-jahjaga-is-attending-the-marking-of-the-25th-anniversary-of-the-fall-of-communism-in-albania\/#primaryimage\",\"url\":\"https:\/\/president-ksgov.net\/wp-content\/uploads\/09_12_2015_1330097_08_12_2015_1.jpg\",\"contentUrl\":\"https:\/\/president-ksgov.net\/wp-content\/uploads\/09_12_2015_1330097_08_12_2015_1.jpg\",\"width\":1024,\"height\":589},{\"@type\":\"BreadcrumbList\",\"@id\":\"https:\/\/president-ksgov.net\/en\/president-jahjaga-is-attending-the-marking-of-the-25th-anniversary-of-the-fall-of-communism-in-albania\/#breadcrumb\",\"itemListElement\":[{\"@type\":\"ListItem\",\"position\":1,\"name\":\"Home\",\"item\":\"https:\/\/president-ksgov.net\/en\/\"},{\"@type\":\"ListItem\",\"position\":2,\"name\":\"President Jahjaga is attending the marking of the 25th anniversary of the fall of communism in Albania\"}]},{\"@type\":\"WebSite\",\"@id\":\"https:\/\/president-ksgov.net\/#website\",\"url\":\"https:\/\/president-ksgov.net\/\",\"name\":\"Presidente e Republik\u00ebs s\u00eb Kosov\u00ebs\",\"description\":\"Presidente e Republik\u00ebs s\u00eb Kosov\u00ebs\",\"alternateName\":\"DR. VJOSA OSMANI - SADRIU\",\"potentialAction\":[{\"@type\":\"SearchAction\",\"target\":{\"@type\":\"EntryPoint\",\"urlTemplate\":\"https:\/\/president-ksgov.net\/?s={search_term_string}\"},\"query-input\":{\"@type\":\"PropertyValueSpecification\",\"valueRequired\":true,\"valueName\":\"search_term_string\"}}],\"inLanguage\":\"en-US\"},{\"@type\":\"Person\",\"@id\":\"https:\/\/president-ksgov.net\/#\/schema\/person\/bb4337a5fb147cb2046d80548172cbee\",\"name\":\"admin\",\"image\":{\"@type\":\"ImageObject\",\"inLanguage\":\"en-US\",\"@id\":\"https:\/\/president-ksgov.net\/#\/schema\/person\/image\/\",\"url\":\"https:\/\/secure.gravatar.com\/avatar\/36156ca0fa3b8d9d25174f146e16beea0cf28f37adf1b9e19b6c9c279a7c9dd3?s=96&d=mm&r=g\",\"contentUrl\":\"https:\/\/secure.gravatar.com\/avatar\/36156ca0fa3b8d9d25174f146e16beea0cf28f37adf1b9e19b6c9c279a7c9dd3?s=96&d=mm&r=g\",\"caption\":\"admin\"},\"sameAs\":[\"https:\/\/president-ksgov.net\"]}]}<\/script>\n<!-- \/ Yoast SEO plugin. -->","yoast_head_json":{"title":"President Jahjaga is attending the marking of the 25th anniversary of the fall of communism in Albania - President of the Republic of Kosovo - DR. VJOSA OSMANI - SADRIU","description":"President Jahjaga is attending the marking of the 25th anniversary of the fall of communism in Albania - President of the Republic of Kosovo - DR. VJOSA OSMANI - SADRIU -","robots":{"index":"index","follow":"follow","max-snippet":"max-snippet:-1","max-image-preview":"max-image-preview:large","max-video-preview":"max-video-preview:-1"},"canonical":"https:\/\/president-ksgov.net\/en\/president-jahjaga-is-attending-the-marking-of-the-25th-anniversary-of-the-fall-of-communism-in-albania\/","og_locale":"en_US","og_type":"article","og_title":"President Jahjaga is attending the marking of the 25th anniversary of the fall of communism in Albania - President of the Republic of Kosovo - DR. VJOSA OSMANI - SADRIU","og_description":"President Jahjaga is attending the marking of the 25th anniversary of the fall of communism in Albania - President of the Republic of Kosovo - DR. VJOSA OSMANI - SADRIU -","og_url":"https:\/\/president-ksgov.net\/en\/president-jahjaga-is-attending-the-marking-of-the-25th-anniversary-of-the-fall-of-communism-in-albania\/","og_site_name":"President of the Republic of Kosovo - DR. VJOSA OSMANI - SADRIU","article_published_time":"2015-12-08T18:31:32+00:00","article_modified_time":"2023-03-07T10:02:25+00:00","og_image":[{"width":1024,"height":589,"url":"https:\/\/president-ksgov.net\/wp-content\/uploads\/09_12_2015_1330097_08_12_2015_1.jpg","type":"image\/jpeg"}],"author":"admin","twitter_card":"summary_large_image","twitter_misc":{"Written by":"admin","Est. reading time":"1 minute"},"schema":{"@context":"https:\/\/schema.org","@graph":[{"@type":"WebPage","@id":"https:\/\/president-ksgov.net\/en\/president-jahjaga-is-attending-the-marking-of-the-25th-anniversary-of-the-fall-of-communism-in-albania\/","url":"https:\/\/president-ksgov.net\/en\/president-jahjaga-is-attending-the-marking-of-the-25th-anniversary-of-the-fall-of-communism-in-albania\/","name":"President Jahjaga is attending the marking of the 25th anniversary of the fall of communism in Albania - President of the Republic of Kosovo - DR. VJOSA OSMANI - SADRIU","isPartOf":{"@id":"https:\/\/president-ksgov.net\/#website"},"primaryImageOfPage":{"@id":"https:\/\/president-ksgov.net\/en\/president-jahjaga-is-attending-the-marking-of-the-25th-anniversary-of-the-fall-of-communism-in-albania\/#primaryimage"},"image":{"@id":"https:\/\/president-ksgov.net\/en\/president-jahjaga-is-attending-the-marking-of-the-25th-anniversary-of-the-fall-of-communism-in-albania\/#primaryimage"},"thumbnailUrl":"https:\/\/president-ksgov.net\/wp-content\/uploads\/09_12_2015_1330097_08_12_2015_1.jpg","datePublished":"2015-12-08T18:31:32+00:00","dateModified":"2023-03-07T10:02:25+00:00","author":{"@id":"https:\/\/president-ksgov.net\/#\/schema\/person\/bb4337a5fb147cb2046d80548172cbee"},"description":"President Jahjaga is attending the marking of the 25th anniversary of the fall of communism in Albania - President of the Republic of Kosovo - DR. VJOSA OSMANI - SADRIU -","breadcrumb":{"@id":"https:\/\/president-ksgov.net\/en\/president-jahjaga-is-attending-the-marking-of-the-25th-anniversary-of-the-fall-of-communism-in-albania\/#breadcrumb"},"inLanguage":"en-US","potentialAction":[{"@type":"ReadAction","target":["https:\/\/president-ksgov.net\/en\/president-jahjaga-is-attending-the-marking-of-the-25th-anniversary-of-the-fall-of-communism-in-albania\/"]}]},{"@type":"ImageObject","inLanguage":"en-US","@id":"https:\/\/president-ksgov.net\/en\/president-jahjaga-is-attending-the-marking-of-the-25th-anniversary-of-the-fall-of-communism-in-albania\/#primaryimage","url":"https:\/\/president-ksgov.net\/wp-content\/uploads\/09_12_2015_1330097_08_12_2015_1.jpg","contentUrl":"https:\/\/president-ksgov.net\/wp-content\/uploads\/09_12_2015_1330097_08_12_2015_1.jpg","width":1024,"height":589},{"@type":"BreadcrumbList","@id":"https:\/\/president-ksgov.net\/en\/president-jahjaga-is-attending-the-marking-of-the-25th-anniversary-of-the-fall-of-communism-in-albania\/#breadcrumb","itemListElement":[{"@type":"ListItem","position":1,"name":"Home","item":"https:\/\/president-ksgov.net\/en\/"},{"@type":"ListItem","position":2,"name":"President Jahjaga is attending the marking of the 25th anniversary of the fall of communism in Albania"}]},{"@type":"WebSite","@id":"https:\/\/president-ksgov.net\/#website","url":"https:\/\/president-ksgov.net\/","name":"Presidente e Republik\u00ebs s\u00eb Kosov\u00ebs","description":"Presidente e Republik\u00ebs s\u00eb Kosov\u00ebs","alternateName":"DR. VJOSA OSMANI - SADRIU","potentialAction":[{"@type":"SearchAction","target":{"@type":"EntryPoint","urlTemplate":"https:\/\/president-ksgov.net\/?s={search_term_string}"},"query-input":{"@type":"PropertyValueSpecification","valueRequired":true,"valueName":"search_term_string"}}],"inLanguage":"en-US"},{"@type":"Person","@id":"https:\/\/president-ksgov.net\/#\/schema\/person\/bb4337a5fb147cb2046d80548172cbee","name":"admin","image":{"@type":"ImageObject","inLanguage":"en-US","@id":"https:\/\/president-ksgov.net\/#\/schema\/person\/image\/","url":"https:\/\/secure.gravatar.com\/avatar\/36156ca0fa3b8d9d25174f146e16beea0cf28f37adf1b9e19b6c9c279a7c9dd3?s=96&d=mm&r=g","contentUrl":"https:\/\/secure.gravatar.com\/avatar\/36156ca0fa3b8d9d25174f146e16beea0cf28f37adf1b9e19b6c9c279a7c9dd3?s=96&d=mm&r=g","caption":"admin"},"sameAs":["https:\/\/president-ksgov.net"]}]}},"_links":{"self":[{"href":"https:\/\/president-ksgov.net\/en\/wp-json\/wp\/v2\/posts\/69508","targetHints":{"allow":["GET"]}}],"collection":[{"href":"https:\/\/president-ksgov.net\/en\/wp-json\/wp\/v2\/posts"}],"about":[{"href":"https:\/\/president-ksgov.net\/en\/wp-json\/wp\/v2\/types\/post"}],"author":[{"embeddable":true,"href":"https:\/\/president-ksgov.net\/en\/wp-json\/wp\/v2\/users\/1"}],"replies":[{"embeddable":true,"href":"https:\/\/president-ksgov.net\/en\/wp-json\/wp\/v2\/comments?post=69508"}],"version-history":[{"count":0,"href":"https:\/\/president-ksgov.net\/en\/wp-json\/wp\/v2\/posts\/69508\/revisions"}],"wp:featuredmedia":[{"embeddable":true,"href":"https:\/\/president-ksgov.net\/en\/wp-json\/wp\/v2\/media\/36997"}],"wp:attachment":[{"href":"https:\/\/president-ksgov.net\/en\/wp-json\/wp\/v2\/media?parent=69508"}],"wp:term":[{"taxonomy":"category","embeddable":true,"href":"https:\/\/president-ksgov.net\/en\/wp-json\/wp\/v2\/categories?post=69508"},{"taxonomy":"post_tag","embeddable":true,"href":"https:\/\/president-ksgov.net\/en\/wp-json\/wp\/v2\/tags?post=69508"}],"curies":[{"name":"wp","href":"https:\/\/api.w.org\/{rel}","templated":true}]}}