{"id":69319,"date":"2016-04-07T12:57:11","date_gmt":"2016-04-07T12:57:11","guid":{"rendered":"https:\/\/dev.president-ksgov.net\/the-speech-of-president-hashim-thaci-at-the-ceremony-of-taking-the-oath-before-the-members-of-the-assembly-of-kosovo-2\/"},"modified":"2023-03-07T09:56:28","modified_gmt":"2023-03-07T09:56:28","slug":"the-speech-of-president-hashim-thaci-at-the-ceremony-of-taking-the-oath-before-the-members-of-the-assembly-of-kosovo-2","status":"publish","type":"post","link":"https:\/\/president-ksgov.net\/en\/the-speech-of-president-hashim-thaci-at-the-ceremony-of-taking-the-oath-before-the-members-of-the-assembly-of-kosovo-2\/","title":{"rendered":"The speech of President Hashim Tha\u00e7i at the ceremony of taking the oath before the members of the Assembly of Kosovo"},"content":{"rendered":"<p>I am honored to have been part of the leadership that took decisions that brought freedom, independence and consolidation of the modern state of Kosovo.<\/p>\n<p>Honored Speaker of the Parliament of the Republic of Kosovo, Mr. Kadri Veseli,<br \/>\nHonored Deputies<br \/>\nHonored Prime-Minister of the Republic of Kosovo, Mr. Mustafa,<br \/>\nHonored Ministers,<br \/>\nHonored Ambassadors and guests<br \/>\nHonored citizens of the Republic of Kosovo<br \/>\nPo&#353;tovani gra\u0111ani Republike Kosovo,<\/p>\n<p>Today is a special moment in my life.<\/p>\n<p>A moment of pride and responsibility.<\/p>\n<p>My life and political carrier reflects developments through which Kosovo went through the last three decades.<\/p>\n<p>I have been involved in all the processes that have brought freedom and independence of Kosovo.<\/p>\n<p>I am honored to have been part of the leadership that took decisions that brought freedom, independence and consolidation of the modern state of Kosovo.<\/p>\n<p>As the Prime-Minister of the country I have worked with all my heart for the good and the benefit of all citizens of Kosovo.<\/p>\n<p>Together we have changed Kosovo.<\/p>\n<p>Now I will be carrying a new duty, with new responsibilities.<\/p>\n<p>Working for a new Kosovo, a democratic, a European and a multi-ethnic Kosovo.<\/p>\n<p>I have hope and trust in our country and in our citizens.<\/p>\n<p>I have trust in the institutions of Kosovo, the Parliament and the Government of our country. I trust that they will continue to build good governance.<\/p>\n<p>On this occasion I would like to also thank President Jahjaga for her contributing during her term, as a unifying political and civil factor of Kosovo.<\/p>\n<p>As President, I will be a guarantor of respecting the Constitution and the Laws of Kosovo, and a protector and a promotor of the interests of Kosovo.<\/p>\n<p>I will be a unifying factor, of politics and citizens, a representative of all citizen of our sovereign country, citizens of all ethnicities, religious backgrounds, of any race and sex.<\/p>\n<p>I will continue to promote the sublime values of the Declaration of Independence and of the Constitution of the Republic of Kosovo.<\/p>\n<p>The goal and the vision of the citizens of Kosovo is integration in the European Union, in NATO and a continuous friendship with the United States of America.<\/p>\n<p>I will further cultivate human rights and freedoms, reforms in the judiciary, in education, in healthcare and economic development and efforts to bring foreign investors in Kosovo.<\/p>\n<p>Citizens of Kosovo deserve a life on peace, with jobs and social welfare of the Europiean standards.<\/p>\n<p>Dear citizens of the Republic of Kosovo,<\/p>\n<p>The state of Kosovo is now recognized by 111 countries of the world.<\/p>\n<p>It is a member of many regional and international organizations.<\/p>\n<p>In the coming days, we look forward to a positive recommendation for the Visa liberalization so that citizens of Kosovo, like all Europeans, can move freely in the continent.<\/p>\n<p>We will conclude the process of the formalization of establishing of the Armed Forces of Kosovo, as a multi-ethnic force of Euro-Atlantic standards. This will be done in full accordance with the constitution and laws.<\/p>\n<p>The state of Kosovo is being affirmed with each passing day.<\/p>\n<p>This year, for the first time, Kosovo will participate in the Olympic Games.<\/p>\n<p>And we will continue to work for membership in UEFA and FIFA.<\/p>\n<p>Dear citizens<\/p>\n<p>Today, Kosovo is factor of peace and stability in the region.<\/p>\n<p>Kosovo is developing good neighborly relations with all the countries of the region.<\/p>\n<p>The state of Kosovo is committed to continue the dialogue for normalization of relations with Serbia.<\/p>\n<p>Both countries and both nations have a bitter history with each other.<\/p>\n<p>We cannot change the past but we are committed not to repeat it. To build a future based on our best traditional values and the Euro-Atlantic values.<\/p>\n<p>Both states must continue working to become members of the EU, as soon as possible, by assisting each other and not by being an obstacle to each other.<\/p>\n<p>The dialogue has no alternative. Now we must give it a new decision-making and implementing dynamism and energy.<\/p>\n<p>As President of the country, I will work towards the widest political and civic consensus for the dialogue.<\/p>\n<p>Kosovo will work actively to become member of the regional, European and global initiatives.<\/p>\n<p>Kosovo will work closely with its international partners to become member of the United Nations.<\/p>\n<p>Kosovo is an active member of the Global Antiterrorist block. We will be un-compromising in the fight against fundamentalism and against any extremist elements, when-ever and wherever they appear.<\/p>\n<p>Dear citizens of Kosovo,<\/p>\n<p>I am aware that being President of Kosovo is an honor but also the biggest responsibility; political, national and constitutional one.<\/p>\n<p>I pledge that I will carry out my duties in close and constant cooperation and communication with you.<\/p>\n<p>We are proud of our heroic past.<\/p>\n<p>Many generations have sacrificed so that we can be here where we are today.<\/p>\n<p>Today, from this place, once more we express our deepest consideration for all those who sacrificed themselves for the freedom and independence of Kosovo.<\/p>\n<p>I express my gratitude for the contribution of President Ibrahim Rugova and for the sacrifice of the legendary commander Adem Jashari.<\/p>\n<p>Dear deputies,<\/p>\n<p>In carrying my duties, I will respect the Constitution and the Laws of Kosovo, best traditions of our citizens and Euro-Atlantic criteria and values.<\/p>\n<p>My starting point will always be my offer for a political dialogue, the dialogue between political parties, for communication with the civil society, with media, with business and free initiatives.<\/p>\n<p>As the head of the state, I will guard, cultivate and represent the unity of the people of the Republic of Kosovo.<\/p>\n<p>Thank you!<br \/>\nJu faleminderit!<br \/>\nHvala vam!<br \/>\nTe\u015fekk\u00fcrler!<\/p>\n","protected":false},"excerpt":{"rendered":"<p>I am honored to have been part of the leadership that took decisions that brought freedom, independence and consolidation of the modern state of Kosovo.<\/p>\n","protected":false},"author":1,"featured_media":34934,"comment_status":"open","ping_status":"closed","sticky":false,"template":"","format":"standard","meta":{"_eb_attr":"","footnotes":""},"categories":[105],"tags":[],"class_list":["post-69319","post","type-post","status-publish","format-standard","has-post-thumbnail","hentry","category-speeches"],"yoast_head":"<!-- This site is optimized with the Yoast SEO plugin v23.5 - https:\/\/yoast.com\/wordpress\/plugins\/seo\/ -->\n<title>The speech of President Hashim Tha\u00e7i at the ceremony of taking the oath before the members of the Assembly of Kosovo - President of the Republic of Kosovo - DR. VJOSA OSMANI - SADRIU<\/title>\n<meta name=\"description\" content=\"The speech of President Hashim Tha\u00e7i at the ceremony of taking the oath before the members of the Assembly of Kosovo - President of the Republic of Kosovo - DR. VJOSA OSMANI - SADRIU -\" \/>\n<meta name=\"robots\" content=\"index, follow, max-snippet:-1, max-image-preview:large, max-video-preview:-1\" \/>\n<link rel=\"canonical\" href=\"https:\/\/president-ksgov.net\/en\/the-speech-of-president-hashim-thaci-at-the-ceremony-of-taking-the-oath-before-the-members-of-the-assembly-of-kosovo-2\/\" \/>\n<meta property=\"og:locale\" content=\"en_US\" \/>\n<meta property=\"og:type\" content=\"article\" \/>\n<meta property=\"og:title\" content=\"The speech of President Hashim Tha\u00e7i at the ceremony of taking the oath before the members of the Assembly of Kosovo - President of the Republic of Kosovo - DR. VJOSA OSMANI - SADRIU\" \/>\n<meta property=\"og:description\" content=\"The speech of President Hashim Tha\u00e7i at the ceremony of taking the oath before the members of the Assembly of Kosovo - President of the Republic of Kosovo - DR. VJOSA OSMANI - SADRIU -\" \/>\n<meta property=\"og:url\" content=\"https:\/\/president-ksgov.net\/en\/the-speech-of-president-hashim-thaci-at-the-ceremony-of-taking-the-oath-before-the-members-of-the-assembly-of-kosovo-2\/\" \/>\n<meta property=\"og:site_name\" content=\"President of the Republic of Kosovo - DR. VJOSA OSMANI - SADRIU\" \/>\n<meta property=\"article:published_time\" content=\"2016-04-07T12:57:11+00:00\" \/>\n<meta property=\"article:modified_time\" content=\"2023-03-07T09:56:28+00:00\" \/>\n<meta property=\"og:image\" content=\"https:\/\/president-ksgov.net\/wp-content\/uploads\/07_04_2016_4397799_07_04_2016_3904642_07_04_2016_3502882_001.jpg\" \/>\n\t<meta property=\"og:image:width\" content=\"1600\" \/>\n\t<meta property=\"og:image:height\" content=\"2400\" \/>\n\t<meta property=\"og:image:type\" content=\"image\/jpeg\" \/>\n<meta name=\"author\" content=\"admin\" \/>\n<meta name=\"twitter:card\" content=\"summary_large_image\" \/>\n<meta name=\"twitter:label1\" content=\"Written by\" \/>\n\t<meta name=\"twitter:data1\" content=\"admin\" \/>\n\t<meta name=\"twitter:label2\" content=\"Est. reading time\" \/>\n\t<meta name=\"twitter:data2\" content=\"5 minutes\" \/>\n<script type=\"application\/ld+json\" class=\"yoast-schema-graph\">{\"@context\":\"https:\/\/schema.org\",\"@graph\":[{\"@type\":\"WebPage\",\"@id\":\"https:\/\/president-ksgov.net\/en\/the-speech-of-president-hashim-thaci-at-the-ceremony-of-taking-the-oath-before-the-members-of-the-assembly-of-kosovo-2\/\",\"url\":\"https:\/\/president-ksgov.net\/en\/the-speech-of-president-hashim-thaci-at-the-ceremony-of-taking-the-oath-before-the-members-of-the-assembly-of-kosovo-2\/\",\"name\":\"The speech of President Hashim Tha\u00e7i at the ceremony of taking the oath before the members of the Assembly of Kosovo - President of the Republic of Kosovo - DR. VJOSA OSMANI - SADRIU\",\"isPartOf\":{\"@id\":\"https:\/\/president-ksgov.net\/#website\"},\"primaryImageOfPage\":{\"@id\":\"https:\/\/president-ksgov.net\/en\/the-speech-of-president-hashim-thaci-at-the-ceremony-of-taking-the-oath-before-the-members-of-the-assembly-of-kosovo-2\/#primaryimage\"},\"image\":{\"@id\":\"https:\/\/president-ksgov.net\/en\/the-speech-of-president-hashim-thaci-at-the-ceremony-of-taking-the-oath-before-the-members-of-the-assembly-of-kosovo-2\/#primaryimage\"},\"thumbnailUrl\":\"https:\/\/president-ksgov.net\/wp-content\/uploads\/07_04_2016_4397799_07_04_2016_3904642_07_04_2016_3502882_001.jpg\",\"datePublished\":\"2016-04-07T12:57:11+00:00\",\"dateModified\":\"2023-03-07T09:56:28+00:00\",\"author\":{\"@id\":\"https:\/\/president-ksgov.net\/#\/schema\/person\/bb4337a5fb147cb2046d80548172cbee\"},\"description\":\"The speech of President Hashim Tha\u00e7i at the ceremony of taking the oath before the members of the Assembly of Kosovo - President of the Republic of Kosovo - DR. VJOSA OSMANI - SADRIU -\",\"breadcrumb\":{\"@id\":\"https:\/\/president-ksgov.net\/en\/the-speech-of-president-hashim-thaci-at-the-ceremony-of-taking-the-oath-before-the-members-of-the-assembly-of-kosovo-2\/#breadcrumb\"},\"inLanguage\":\"en-US\",\"potentialAction\":[{\"@type\":\"ReadAction\",\"target\":[\"https:\/\/president-ksgov.net\/en\/the-speech-of-president-hashim-thaci-at-the-ceremony-of-taking-the-oath-before-the-members-of-the-assembly-of-kosovo-2\/\"]}]},{\"@type\":\"ImageObject\",\"inLanguage\":\"en-US\",\"@id\":\"https:\/\/president-ksgov.net\/en\/the-speech-of-president-hashim-thaci-at-the-ceremony-of-taking-the-oath-before-the-members-of-the-assembly-of-kosovo-2\/#primaryimage\",\"url\":\"https:\/\/president-ksgov.net\/wp-content\/uploads\/07_04_2016_4397799_07_04_2016_3904642_07_04_2016_3502882_001.jpg\",\"contentUrl\":\"https:\/\/president-ksgov.net\/wp-content\/uploads\/07_04_2016_4397799_07_04_2016_3904642_07_04_2016_3502882_001.jpg\",\"width\":1600,\"height\":2400},{\"@type\":\"BreadcrumbList\",\"@id\":\"https:\/\/president-ksgov.net\/en\/the-speech-of-president-hashim-thaci-at-the-ceremony-of-taking-the-oath-before-the-members-of-the-assembly-of-kosovo-2\/#breadcrumb\",\"itemListElement\":[{\"@type\":\"ListItem\",\"position\":1,\"name\":\"Home\",\"item\":\"https:\/\/president-ksgov.net\/en\/\"},{\"@type\":\"ListItem\",\"position\":2,\"name\":\"The speech of President Hashim Tha\u00e7i at the ceremony of taking the oath before the members of the Assembly of Kosovo\"}]},{\"@type\":\"WebSite\",\"@id\":\"https:\/\/president-ksgov.net\/#website\",\"url\":\"https:\/\/president-ksgov.net\/\",\"name\":\"Presidente e Republik\u00ebs s\u00eb Kosov\u00ebs\",\"description\":\"Presidente e Republik\u00ebs s\u00eb Kosov\u00ebs\",\"alternateName\":\"DR. VJOSA OSMANI - SADRIU\",\"potentialAction\":[{\"@type\":\"SearchAction\",\"target\":{\"@type\":\"EntryPoint\",\"urlTemplate\":\"https:\/\/president-ksgov.net\/?s={search_term_string}\"},\"query-input\":{\"@type\":\"PropertyValueSpecification\",\"valueRequired\":true,\"valueName\":\"search_term_string\"}}],\"inLanguage\":\"en-US\"},{\"@type\":\"Person\",\"@id\":\"https:\/\/president-ksgov.net\/#\/schema\/person\/bb4337a5fb147cb2046d80548172cbee\",\"name\":\"admin\",\"image\":{\"@type\":\"ImageObject\",\"inLanguage\":\"en-US\",\"@id\":\"https:\/\/president-ksgov.net\/#\/schema\/person\/image\/\",\"url\":\"https:\/\/secure.gravatar.com\/avatar\/36156ca0fa3b8d9d25174f146e16beea0cf28f37adf1b9e19b6c9c279a7c9dd3?s=96&d=mm&r=g\",\"contentUrl\":\"https:\/\/secure.gravatar.com\/avatar\/36156ca0fa3b8d9d25174f146e16beea0cf28f37adf1b9e19b6c9c279a7c9dd3?s=96&d=mm&r=g\",\"caption\":\"admin\"},\"sameAs\":[\"https:\/\/president-ksgov.net\"]}]}<\/script>\n<!-- \/ Yoast SEO plugin. -->","yoast_head_json":{"title":"The speech of President Hashim Tha\u00e7i at the ceremony of taking the oath before the members of the Assembly of Kosovo - President of the Republic of Kosovo - DR. VJOSA OSMANI - SADRIU","description":"The speech of President Hashim Tha\u00e7i at the ceremony of taking the oath before the members of the Assembly of Kosovo - President of the Republic of Kosovo - DR. VJOSA OSMANI - SADRIU -","robots":{"index":"index","follow":"follow","max-snippet":"max-snippet:-1","max-image-preview":"max-image-preview:large","max-video-preview":"max-video-preview:-1"},"canonical":"https:\/\/president-ksgov.net\/en\/the-speech-of-president-hashim-thaci-at-the-ceremony-of-taking-the-oath-before-the-members-of-the-assembly-of-kosovo-2\/","og_locale":"en_US","og_type":"article","og_title":"The speech of President Hashim Tha\u00e7i at the ceremony of taking the oath before the members of the Assembly of Kosovo - President of the Republic of Kosovo - DR. VJOSA OSMANI - SADRIU","og_description":"The speech of President Hashim Tha\u00e7i at the ceremony of taking the oath before the members of the Assembly of Kosovo - President of the Republic of Kosovo - DR. VJOSA OSMANI - SADRIU -","og_url":"https:\/\/president-ksgov.net\/en\/the-speech-of-president-hashim-thaci-at-the-ceremony-of-taking-the-oath-before-the-members-of-the-assembly-of-kosovo-2\/","og_site_name":"President of the Republic of Kosovo - DR. VJOSA OSMANI - SADRIU","article_published_time":"2016-04-07T12:57:11+00:00","article_modified_time":"2023-03-07T09:56:28+00:00","og_image":[{"width":1600,"height":2400,"url":"https:\/\/president-ksgov.net\/wp-content\/uploads\/07_04_2016_4397799_07_04_2016_3904642_07_04_2016_3502882_001.jpg","type":"image\/jpeg"}],"author":"admin","twitter_card":"summary_large_image","twitter_misc":{"Written by":"admin","Est. reading time":"5 minutes"},"schema":{"@context":"https:\/\/schema.org","@graph":[{"@type":"WebPage","@id":"https:\/\/president-ksgov.net\/en\/the-speech-of-president-hashim-thaci-at-the-ceremony-of-taking-the-oath-before-the-members-of-the-assembly-of-kosovo-2\/","url":"https:\/\/president-ksgov.net\/en\/the-speech-of-president-hashim-thaci-at-the-ceremony-of-taking-the-oath-before-the-members-of-the-assembly-of-kosovo-2\/","name":"The speech of President Hashim Tha\u00e7i at the ceremony of taking the oath before the members of the Assembly of Kosovo - President of the Republic of Kosovo - DR. VJOSA OSMANI - SADRIU","isPartOf":{"@id":"https:\/\/president-ksgov.net\/#website"},"primaryImageOfPage":{"@id":"https:\/\/president-ksgov.net\/en\/the-speech-of-president-hashim-thaci-at-the-ceremony-of-taking-the-oath-before-the-members-of-the-assembly-of-kosovo-2\/#primaryimage"},"image":{"@id":"https:\/\/president-ksgov.net\/en\/the-speech-of-president-hashim-thaci-at-the-ceremony-of-taking-the-oath-before-the-members-of-the-assembly-of-kosovo-2\/#primaryimage"},"thumbnailUrl":"https:\/\/president-ksgov.net\/wp-content\/uploads\/07_04_2016_4397799_07_04_2016_3904642_07_04_2016_3502882_001.jpg","datePublished":"2016-04-07T12:57:11+00:00","dateModified":"2023-03-07T09:56:28+00:00","author":{"@id":"https:\/\/president-ksgov.net\/#\/schema\/person\/bb4337a5fb147cb2046d80548172cbee"},"description":"The speech of President Hashim Tha\u00e7i at the ceremony of taking the oath before the members of the Assembly of Kosovo - President of the Republic of Kosovo - DR. VJOSA OSMANI - SADRIU -","breadcrumb":{"@id":"https:\/\/president-ksgov.net\/en\/the-speech-of-president-hashim-thaci-at-the-ceremony-of-taking-the-oath-before-the-members-of-the-assembly-of-kosovo-2\/#breadcrumb"},"inLanguage":"en-US","potentialAction":[{"@type":"ReadAction","target":["https:\/\/president-ksgov.net\/en\/the-speech-of-president-hashim-thaci-at-the-ceremony-of-taking-the-oath-before-the-members-of-the-assembly-of-kosovo-2\/"]}]},{"@type":"ImageObject","inLanguage":"en-US","@id":"https:\/\/president-ksgov.net\/en\/the-speech-of-president-hashim-thaci-at-the-ceremony-of-taking-the-oath-before-the-members-of-the-assembly-of-kosovo-2\/#primaryimage","url":"https:\/\/president-ksgov.net\/wp-content\/uploads\/07_04_2016_4397799_07_04_2016_3904642_07_04_2016_3502882_001.jpg","contentUrl":"https:\/\/president-ksgov.net\/wp-content\/uploads\/07_04_2016_4397799_07_04_2016_3904642_07_04_2016_3502882_001.jpg","width":1600,"height":2400},{"@type":"BreadcrumbList","@id":"https:\/\/president-ksgov.net\/en\/the-speech-of-president-hashim-thaci-at-the-ceremony-of-taking-the-oath-before-the-members-of-the-assembly-of-kosovo-2\/#breadcrumb","itemListElement":[{"@type":"ListItem","position":1,"name":"Home","item":"https:\/\/president-ksgov.net\/en\/"},{"@type":"ListItem","position":2,"name":"The speech of President Hashim Tha\u00e7i at the ceremony of taking the oath before the members of the Assembly of Kosovo"}]},{"@type":"WebSite","@id":"https:\/\/president-ksgov.net\/#website","url":"https:\/\/president-ksgov.net\/","name":"Presidente e Republik\u00ebs s\u00eb Kosov\u00ebs","description":"Presidente e Republik\u00ebs s\u00eb Kosov\u00ebs","alternateName":"DR. VJOSA OSMANI - SADRIU","potentialAction":[{"@type":"SearchAction","target":{"@type":"EntryPoint","urlTemplate":"https:\/\/president-ksgov.net\/?s={search_term_string}"},"query-input":{"@type":"PropertyValueSpecification","valueRequired":true,"valueName":"search_term_string"}}],"inLanguage":"en-US"},{"@type":"Person","@id":"https:\/\/president-ksgov.net\/#\/schema\/person\/bb4337a5fb147cb2046d80548172cbee","name":"admin","image":{"@type":"ImageObject","inLanguage":"en-US","@id":"https:\/\/president-ksgov.net\/#\/schema\/person\/image\/","url":"https:\/\/secure.gravatar.com\/avatar\/36156ca0fa3b8d9d25174f146e16beea0cf28f37adf1b9e19b6c9c279a7c9dd3?s=96&d=mm&r=g","contentUrl":"https:\/\/secure.gravatar.com\/avatar\/36156ca0fa3b8d9d25174f146e16beea0cf28f37adf1b9e19b6c9c279a7c9dd3?s=96&d=mm&r=g","caption":"admin"},"sameAs":["https:\/\/president-ksgov.net"]}]}},"_links":{"self":[{"href":"https:\/\/president-ksgov.net\/en\/wp-json\/wp\/v2\/posts\/69319","targetHints":{"allow":["GET"]}}],"collection":[{"href":"https:\/\/president-ksgov.net\/en\/wp-json\/wp\/v2\/posts"}],"about":[{"href":"https:\/\/president-ksgov.net\/en\/wp-json\/wp\/v2\/types\/post"}],"author":[{"embeddable":true,"href":"https:\/\/president-ksgov.net\/en\/wp-json\/wp\/v2\/users\/1"}],"replies":[{"embeddable":true,"href":"https:\/\/president-ksgov.net\/en\/wp-json\/wp\/v2\/comments?post=69319"}],"version-history":[{"count":0,"href":"https:\/\/president-ksgov.net\/en\/wp-json\/wp\/v2\/posts\/69319\/revisions"}],"wp:featuredmedia":[{"embeddable":true,"href":"https:\/\/president-ksgov.net\/en\/wp-json\/wp\/v2\/media\/34934"}],"wp:attachment":[{"href":"https:\/\/president-ksgov.net\/en\/wp-json\/wp\/v2\/media?parent=69319"}],"wp:term":[{"taxonomy":"category","embeddable":true,"href":"https:\/\/president-ksgov.net\/en\/wp-json\/wp\/v2\/categories?post=69319"},{"taxonomy":"post_tag","embeddable":true,"href":"https:\/\/president-ksgov.net\/en\/wp-json\/wp\/v2\/tags?post=69319"}],"curies":[{"name":"wp","href":"https:\/\/api.w.org\/{rel}","templated":true}]}}