{"id":69299,"date":"2016-04-12T12:55:40","date_gmt":"2016-04-12T12:55:40","guid":{"rendered":"https:\/\/dev.president-ksgov.net\/the-president-of-the-swiss-confederation-johann-n-schneider-ammann-congratulates-president-thaci\/"},"modified":"2023-03-07T09:55:56","modified_gmt":"2023-03-07T09:55:56","slug":"the-president-of-the-swiss-confederation-johann-n-schneider-ammann-congratulates-president-thaci","status":"publish","type":"post","link":"https:\/\/president-ksgov.net\/en\/the-president-of-the-swiss-confederation-johann-n-schneider-ammann-congratulates-president-thaci\/","title":{"rendered":"The President of the Swiss Confederation, Johann N. Schneider-Ammann, congratulates President Tha\u00e7i"},"content":{"rendered":"<p>The President of the Swiss Confederation, Johann N. Schneider-Ammann, has sent a letter of congratulations to the President of the Republic of Kosovo, Hashim Tha\u00e7i.<\/p>\n<p>In his letter, President Johann N. Schneider-Ammann wrote that our two countries share common interests, notably with regard to the stability and the prosperity of the Western Balkans.<br \/>\n\u00a0<br \/>\nBelow is the letter the President of the Swiss Confederation, Johann N. Schneider-Ammann, sent to the President of Kosovo, Hashim Tha\u00e7i:<br \/>\n\u00a0<br \/>\nBern, April 8, 2016<br \/>\n\u00a0<br \/>\nExcellency,<br \/>\nI would like to congratulate you on your election as President of the Republic of Kosovo and to express my best wishes for your success in this eminent office.<br \/>\n\u00a0<br \/>\nSwitzerland and Kosovo are linked by close human ties and enjoy friendly relations. Our two countries also share common interests, notably with regard to the stability and the prosperity of the Western Balkans. Switzerland is committed to these important objectives and engaged in Kosovo and the region through a broad range of development cooperation and peace support programs. I look forward to pursuing a fruitful cooperation with Kosovo.<br \/>\n\u00a0<br \/>\nJohann N. Schneider-Ammann<br \/>\n\u00a0<br \/>\nThe President of the Swiss Confederation<\/p>\n","protected":false},"excerpt":{"rendered":"<p>The President of the Swiss Confederation, Johann N. Schneider-Ammann, has sent a letter of congratulations to the President of the Republic of Kosovo, Hashim Tha\u00e7i.<\/p>\n","protected":false},"author":1,"featured_media":34746,"comment_status":"open","ping_status":"closed","sticky":false,"template":"","format":"standard","meta":{"_eb_attr":"","footnotes":""},"categories":[111],"tags":[],"class_list":["post-69299","post","type-post","status-publish","format-standard","has-post-thumbnail","hentry","category-news"],"yoast_head":"<!-- This site is optimized with the Yoast SEO plugin v23.5 - https:\/\/yoast.com\/wordpress\/plugins\/seo\/ -->\n<title>The President of the Swiss Confederation, Johann N. Schneider-Ammann, congratulates President Tha\u00e7i - President of the Republic of Kosovo - DR. VJOSA OSMANI - SADRIU<\/title>\n<meta name=\"description\" content=\"The President of the Swiss Confederation, Johann N. Schneider-Ammann, congratulates President Tha\u00e7i - President of the Republic of Kosovo - DR. VJOSA OSMANI - SADRIU -\" \/>\n<meta name=\"robots\" content=\"index, follow, max-snippet:-1, max-image-preview:large, max-video-preview:-1\" \/>\n<link rel=\"canonical\" href=\"https:\/\/president-ksgov.net\/en\/the-president-of-the-swiss-confederation-johann-n-schneider-ammann-congratulates-president-thaci\/\" \/>\n<meta property=\"og:locale\" content=\"en_US\" \/>\n<meta property=\"og:type\" content=\"article\" \/>\n<meta property=\"og:title\" content=\"The President of the Swiss Confederation, Johann N. Schneider-Ammann, congratulates President Tha\u00e7i - President of the Republic of Kosovo - DR. VJOSA OSMANI - SADRIU\" \/>\n<meta property=\"og:description\" content=\"The President of the Swiss Confederation, Johann N. Schneider-Ammann, congratulates President Tha\u00e7i - President of the Republic of Kosovo - DR. VJOSA OSMANI - SADRIU -\" \/>\n<meta property=\"og:url\" content=\"https:\/\/president-ksgov.net\/en\/the-president-of-the-swiss-confederation-johann-n-schneider-ammann-congratulates-president-thaci\/\" \/>\n<meta property=\"og:site_name\" content=\"President of the Republic of Kosovo - DR. VJOSA OSMANI - SADRIU\" \/>\n<meta property=\"article:published_time\" content=\"2016-04-12T12:55:40+00:00\" \/>\n<meta property=\"article:modified_time\" content=\"2023-03-07T09:55:56+00:00\" \/>\n<meta property=\"og:image\" content=\"https:\/\/president-ksgov.net\/wp-content\/uploads\/12_04_2016_7024068_INAUGURIMI.jpg\" \/>\n\t<meta property=\"og:image:width\" content=\"1000\" \/>\n\t<meta property=\"og:image:height\" content=\"667\" \/>\n\t<meta property=\"og:image:type\" content=\"image\/jpeg\" \/>\n<meta name=\"author\" content=\"admin\" \/>\n<meta name=\"twitter:card\" content=\"summary_large_image\" \/>\n<meta name=\"twitter:label1\" content=\"Written by\" \/>\n\t<meta name=\"twitter:data1\" content=\"admin\" \/>\n\t<meta name=\"twitter:label2\" content=\"Est. reading time\" \/>\n\t<meta name=\"twitter:data2\" content=\"1 minute\" \/>\n<script type=\"application\/ld+json\" class=\"yoast-schema-graph\">{\"@context\":\"https:\/\/schema.org\",\"@graph\":[{\"@type\":\"WebPage\",\"@id\":\"https:\/\/president-ksgov.net\/en\/the-president-of-the-swiss-confederation-johann-n-schneider-ammann-congratulates-president-thaci\/\",\"url\":\"https:\/\/president-ksgov.net\/en\/the-president-of-the-swiss-confederation-johann-n-schneider-ammann-congratulates-president-thaci\/\",\"name\":\"The President of the Swiss Confederation, Johann N. Schneider-Ammann, congratulates President Tha\u00e7i - President of the Republic of Kosovo - DR. VJOSA OSMANI - SADRIU\",\"isPartOf\":{\"@id\":\"https:\/\/president-ksgov.net\/#website\"},\"primaryImageOfPage\":{\"@id\":\"https:\/\/president-ksgov.net\/en\/the-president-of-the-swiss-confederation-johann-n-schneider-ammann-congratulates-president-thaci\/#primaryimage\"},\"image\":{\"@id\":\"https:\/\/president-ksgov.net\/en\/the-president-of-the-swiss-confederation-johann-n-schneider-ammann-congratulates-president-thaci\/#primaryimage\"},\"thumbnailUrl\":\"https:\/\/president-ksgov.net\/wp-content\/uploads\/12_04_2016_7024068_INAUGURIMI.jpg\",\"datePublished\":\"2016-04-12T12:55:40+00:00\",\"dateModified\":\"2023-03-07T09:55:56+00:00\",\"author\":{\"@id\":\"https:\/\/president-ksgov.net\/#\/schema\/person\/bb4337a5fb147cb2046d80548172cbee\"},\"description\":\"The President of the Swiss Confederation, Johann N. Schneider-Ammann, congratulates President Tha\u00e7i - President of the Republic of Kosovo - DR. VJOSA OSMANI - SADRIU -\",\"breadcrumb\":{\"@id\":\"https:\/\/president-ksgov.net\/en\/the-president-of-the-swiss-confederation-johann-n-schneider-ammann-congratulates-president-thaci\/#breadcrumb\"},\"inLanguage\":\"en-US\",\"potentialAction\":[{\"@type\":\"ReadAction\",\"target\":[\"https:\/\/president-ksgov.net\/en\/the-president-of-the-swiss-confederation-johann-n-schneider-ammann-congratulates-president-thaci\/\"]}]},{\"@type\":\"ImageObject\",\"inLanguage\":\"en-US\",\"@id\":\"https:\/\/president-ksgov.net\/en\/the-president-of-the-swiss-confederation-johann-n-schneider-ammann-congratulates-president-thaci\/#primaryimage\",\"url\":\"https:\/\/president-ksgov.net\/wp-content\/uploads\/12_04_2016_7024068_INAUGURIMI.jpg\",\"contentUrl\":\"https:\/\/president-ksgov.net\/wp-content\/uploads\/12_04_2016_7024068_INAUGURIMI.jpg\",\"width\":1000,\"height\":667},{\"@type\":\"BreadcrumbList\",\"@id\":\"https:\/\/president-ksgov.net\/en\/the-president-of-the-swiss-confederation-johann-n-schneider-ammann-congratulates-president-thaci\/#breadcrumb\",\"itemListElement\":[{\"@type\":\"ListItem\",\"position\":1,\"name\":\"Home\",\"item\":\"https:\/\/president-ksgov.net\/en\/\"},{\"@type\":\"ListItem\",\"position\":2,\"name\":\"The President of the Swiss Confederation, Johann N. Schneider-Ammann, congratulates President Tha\u00e7i\"}]},{\"@type\":\"WebSite\",\"@id\":\"https:\/\/president-ksgov.net\/#website\",\"url\":\"https:\/\/president-ksgov.net\/\",\"name\":\"Presidente e Republik\u00ebs s\u00eb Kosov\u00ebs\",\"description\":\"Presidente e Republik\u00ebs s\u00eb Kosov\u00ebs\",\"alternateName\":\"DR. VJOSA OSMANI - SADRIU\",\"potentialAction\":[{\"@type\":\"SearchAction\",\"target\":{\"@type\":\"EntryPoint\",\"urlTemplate\":\"https:\/\/president-ksgov.net\/?s={search_term_string}\"},\"query-input\":{\"@type\":\"PropertyValueSpecification\",\"valueRequired\":true,\"valueName\":\"search_term_string\"}}],\"inLanguage\":\"en-US\"},{\"@type\":\"Person\",\"@id\":\"https:\/\/president-ksgov.net\/#\/schema\/person\/bb4337a5fb147cb2046d80548172cbee\",\"name\":\"admin\",\"image\":{\"@type\":\"ImageObject\",\"inLanguage\":\"en-US\",\"@id\":\"https:\/\/president-ksgov.net\/#\/schema\/person\/image\/\",\"url\":\"https:\/\/secure.gravatar.com\/avatar\/36156ca0fa3b8d9d25174f146e16beea0cf28f37adf1b9e19b6c9c279a7c9dd3?s=96&d=mm&r=g\",\"contentUrl\":\"https:\/\/secure.gravatar.com\/avatar\/36156ca0fa3b8d9d25174f146e16beea0cf28f37adf1b9e19b6c9c279a7c9dd3?s=96&d=mm&r=g\",\"caption\":\"admin\"},\"sameAs\":[\"https:\/\/president-ksgov.net\"]}]}<\/script>\n<!-- \/ Yoast SEO plugin. -->","yoast_head_json":{"title":"The President of the Swiss Confederation, Johann N. Schneider-Ammann, congratulates President Tha\u00e7i - President of the Republic of Kosovo - DR. VJOSA OSMANI - SADRIU","description":"The President of the Swiss Confederation, Johann N. Schneider-Ammann, congratulates President Tha\u00e7i - President of the Republic of Kosovo - DR. VJOSA OSMANI - SADRIU -","robots":{"index":"index","follow":"follow","max-snippet":"max-snippet:-1","max-image-preview":"max-image-preview:large","max-video-preview":"max-video-preview:-1"},"canonical":"https:\/\/president-ksgov.net\/en\/the-president-of-the-swiss-confederation-johann-n-schneider-ammann-congratulates-president-thaci\/","og_locale":"en_US","og_type":"article","og_title":"The President of the Swiss Confederation, Johann N. Schneider-Ammann, congratulates President Tha\u00e7i - President of the Republic of Kosovo - DR. VJOSA OSMANI - SADRIU","og_description":"The President of the Swiss Confederation, Johann N. Schneider-Ammann, congratulates President Tha\u00e7i - President of the Republic of Kosovo - DR. VJOSA OSMANI - SADRIU -","og_url":"https:\/\/president-ksgov.net\/en\/the-president-of-the-swiss-confederation-johann-n-schneider-ammann-congratulates-president-thaci\/","og_site_name":"President of the Republic of Kosovo - DR. VJOSA OSMANI - SADRIU","article_published_time":"2016-04-12T12:55:40+00:00","article_modified_time":"2023-03-07T09:55:56+00:00","og_image":[{"width":1000,"height":667,"url":"https:\/\/president-ksgov.net\/wp-content\/uploads\/12_04_2016_7024068_INAUGURIMI.jpg","type":"image\/jpeg"}],"author":"admin","twitter_card":"summary_large_image","twitter_misc":{"Written by":"admin","Est. reading time":"1 minute"},"schema":{"@context":"https:\/\/schema.org","@graph":[{"@type":"WebPage","@id":"https:\/\/president-ksgov.net\/en\/the-president-of-the-swiss-confederation-johann-n-schneider-ammann-congratulates-president-thaci\/","url":"https:\/\/president-ksgov.net\/en\/the-president-of-the-swiss-confederation-johann-n-schneider-ammann-congratulates-president-thaci\/","name":"The President of the Swiss Confederation, Johann N. Schneider-Ammann, congratulates President Tha\u00e7i - President of the Republic of Kosovo - DR. VJOSA OSMANI - SADRIU","isPartOf":{"@id":"https:\/\/president-ksgov.net\/#website"},"primaryImageOfPage":{"@id":"https:\/\/president-ksgov.net\/en\/the-president-of-the-swiss-confederation-johann-n-schneider-ammann-congratulates-president-thaci\/#primaryimage"},"image":{"@id":"https:\/\/president-ksgov.net\/en\/the-president-of-the-swiss-confederation-johann-n-schneider-ammann-congratulates-president-thaci\/#primaryimage"},"thumbnailUrl":"https:\/\/president-ksgov.net\/wp-content\/uploads\/12_04_2016_7024068_INAUGURIMI.jpg","datePublished":"2016-04-12T12:55:40+00:00","dateModified":"2023-03-07T09:55:56+00:00","author":{"@id":"https:\/\/president-ksgov.net\/#\/schema\/person\/bb4337a5fb147cb2046d80548172cbee"},"description":"The President of the Swiss Confederation, Johann N. Schneider-Ammann, congratulates President Tha\u00e7i - President of the Republic of Kosovo - DR. VJOSA OSMANI - SADRIU -","breadcrumb":{"@id":"https:\/\/president-ksgov.net\/en\/the-president-of-the-swiss-confederation-johann-n-schneider-ammann-congratulates-president-thaci\/#breadcrumb"},"inLanguage":"en-US","potentialAction":[{"@type":"ReadAction","target":["https:\/\/president-ksgov.net\/en\/the-president-of-the-swiss-confederation-johann-n-schneider-ammann-congratulates-president-thaci\/"]}]},{"@type":"ImageObject","inLanguage":"en-US","@id":"https:\/\/president-ksgov.net\/en\/the-president-of-the-swiss-confederation-johann-n-schneider-ammann-congratulates-president-thaci\/#primaryimage","url":"https:\/\/president-ksgov.net\/wp-content\/uploads\/12_04_2016_7024068_INAUGURIMI.jpg","contentUrl":"https:\/\/president-ksgov.net\/wp-content\/uploads\/12_04_2016_7024068_INAUGURIMI.jpg","width":1000,"height":667},{"@type":"BreadcrumbList","@id":"https:\/\/president-ksgov.net\/en\/the-president-of-the-swiss-confederation-johann-n-schneider-ammann-congratulates-president-thaci\/#breadcrumb","itemListElement":[{"@type":"ListItem","position":1,"name":"Home","item":"https:\/\/president-ksgov.net\/en\/"},{"@type":"ListItem","position":2,"name":"The President of the Swiss Confederation, Johann N. Schneider-Ammann, congratulates President Tha\u00e7i"}]},{"@type":"WebSite","@id":"https:\/\/president-ksgov.net\/#website","url":"https:\/\/president-ksgov.net\/","name":"Presidente e Republik\u00ebs s\u00eb Kosov\u00ebs","description":"Presidente e Republik\u00ebs s\u00eb Kosov\u00ebs","alternateName":"DR. VJOSA OSMANI - SADRIU","potentialAction":[{"@type":"SearchAction","target":{"@type":"EntryPoint","urlTemplate":"https:\/\/president-ksgov.net\/?s={search_term_string}"},"query-input":{"@type":"PropertyValueSpecification","valueRequired":true,"valueName":"search_term_string"}}],"inLanguage":"en-US"},{"@type":"Person","@id":"https:\/\/president-ksgov.net\/#\/schema\/person\/bb4337a5fb147cb2046d80548172cbee","name":"admin","image":{"@type":"ImageObject","inLanguage":"en-US","@id":"https:\/\/president-ksgov.net\/#\/schema\/person\/image\/","url":"https:\/\/secure.gravatar.com\/avatar\/36156ca0fa3b8d9d25174f146e16beea0cf28f37adf1b9e19b6c9c279a7c9dd3?s=96&d=mm&r=g","contentUrl":"https:\/\/secure.gravatar.com\/avatar\/36156ca0fa3b8d9d25174f146e16beea0cf28f37adf1b9e19b6c9c279a7c9dd3?s=96&d=mm&r=g","caption":"admin"},"sameAs":["https:\/\/president-ksgov.net"]}]}},"_links":{"self":[{"href":"https:\/\/president-ksgov.net\/en\/wp-json\/wp\/v2\/posts\/69299","targetHints":{"allow":["GET"]}}],"collection":[{"href":"https:\/\/president-ksgov.net\/en\/wp-json\/wp\/v2\/posts"}],"about":[{"href":"https:\/\/president-ksgov.net\/en\/wp-json\/wp\/v2\/types\/post"}],"author":[{"embeddable":true,"href":"https:\/\/president-ksgov.net\/en\/wp-json\/wp\/v2\/users\/1"}],"replies":[{"embeddable":true,"href":"https:\/\/president-ksgov.net\/en\/wp-json\/wp\/v2\/comments?post=69299"}],"version-history":[{"count":0,"href":"https:\/\/president-ksgov.net\/en\/wp-json\/wp\/v2\/posts\/69299\/revisions"}],"wp:featuredmedia":[{"embeddable":true,"href":"https:\/\/president-ksgov.net\/en\/wp-json\/wp\/v2\/media\/34746"}],"wp:attachment":[{"href":"https:\/\/president-ksgov.net\/en\/wp-json\/wp\/v2\/media?parent=69299"}],"wp:term":[{"taxonomy":"category","embeddable":true,"href":"https:\/\/president-ksgov.net\/en\/wp-json\/wp\/v2\/categories?post=69299"},{"taxonomy":"post_tag","embeddable":true,"href":"https:\/\/president-ksgov.net\/en\/wp-json\/wp\/v2\/tags?post=69299"}],"curies":[{"name":"wp","href":"https:\/\/api.w.org\/{rel}","templated":true}]}}