{"id":69296,"date":"2016-04-12T18:26:29","date_gmt":"2016-04-12T18:26:29","guid":{"rendered":"https:\/\/dev.president-ksgov.net\/president-thaci-meets-kfors-commander-guglielmo-luigi-miglietta\/"},"modified":"2023-03-07T09:55:38","modified_gmt":"2023-03-07T09:55:38","slug":"president-thaci-meets-kfors-commander-guglielmo-luigi-miglietta","status":"publish","type":"post","link":"https:\/\/president-ksgov.net\/en\/president-thaci-meets-kfors-commander-guglielmo-luigi-miglietta\/","title":{"rendered":"President Tha\u00e7i meets KFOR&#146;s commander, Guglielmo Luigi Miglietta"},"content":{"rendered":"<p>President of the Republic of Kosovo, Hashim Tha\u00e7i, met today with KFOR&#8217;s commander, Mayor General Guglielmo Luigi Miglietta.<\/p>\n<p>In the meeting, President Tha\u00e7i said that &#8220;KFOR is among the most respected institutions in Kosovo&#8221; and enjoys the trust of all citizens of Kosovo, regardless of ethnicity and religion.<\/p>\n<p>President Tha\u00e7i expressed his conviction that Kosovo institutions will continue to work so that &#8220;KFOR will have less work to do&#8221;, but always aware that the presence of NATO is a guarantee for peace and stability in Kosovo and throughout the Balkans. <\/p>\n<p>&#8220;We will continue to work to make sure that not only NATO will remain in Kosovo, but also Kosovo to be in NATO&#8217; President Tha\u00e7i said.<\/p>\n<p>KFOR&#8217;s Commander, Mayor General Guglielmo Luigi Miglietta congratulated President\u00a0\u00a0 Tha\u00e7i for his new duty as the head of state.<br \/>\n\u00a0<br \/>\nHe said that KFOR has excellent cooperation with Kosovo institutions, the government and the Ministry for the Kosovo Security Forces (KSF).<\/p>\n<p>President Tha\u00e7i said Kosovo&#8217;s ambitions for the KSF are well known and that there will be continued commitmment for it to meet NATO&#8217;s standards, as a multiethnic body with adequate gender representation.<\/p>\n","protected":false},"excerpt":{"rendered":"<p>President of the Republic of Kosovo, Hashim Tha\u00e7i, met today with KFOR&#8217;s commander, Mayor General Guglielmo Luigi Miglietta.<\/p>\n","protected":false},"author":1,"featured_media":34720,"comment_status":"open","ping_status":"closed","sticky":false,"template":"","format":"standard","meta":{"_eb_attr":"","footnotes":""},"categories":[111],"tags":[],"class_list":["post-69296","post","type-post","status-publish","format-standard","has-post-thumbnail","hentry","category-news"],"yoast_head":"<!-- This site is optimized with the Yoast SEO plugin v23.5 - https:\/\/yoast.com\/wordpress\/plugins\/seo\/ -->\n<title>President Tha\u00e7i meets KFOR&#146;s commander, Guglielmo Luigi Miglietta - President of the Republic of Kosovo - DR. VJOSA OSMANI - SADRIU<\/title>\n<meta name=\"description\" content=\"President Tha\u00e7i meets KFOR&#146;s commander, Guglielmo Luigi Miglietta - President of the Republic of Kosovo - DR. VJOSA OSMANI - SADRIU -\" \/>\n<meta name=\"robots\" content=\"index, follow, max-snippet:-1, max-image-preview:large, max-video-preview:-1\" \/>\n<link rel=\"canonical\" href=\"https:\/\/president-ksgov.net\/en\/president-thaci-meets-kfors-commander-guglielmo-luigi-miglietta\/\" \/>\n<meta property=\"og:locale\" content=\"en_US\" \/>\n<meta property=\"og:type\" content=\"article\" \/>\n<meta property=\"og:title\" content=\"President Tha\u00e7i meets KFOR&#146;s commander, Guglielmo Luigi Miglietta - President of the Republic of Kosovo - DR. VJOSA OSMANI - SADRIU\" \/>\n<meta property=\"og:description\" content=\"President Tha\u00e7i meets KFOR&#146;s commander, Guglielmo Luigi Miglietta - President of the Republic of Kosovo - DR. VJOSA OSMANI - SADRIU -\" \/>\n<meta property=\"og:url\" content=\"https:\/\/president-ksgov.net\/en\/president-thaci-meets-kfors-commander-guglielmo-luigi-miglietta\/\" \/>\n<meta property=\"og:site_name\" content=\"President of the Republic of Kosovo - DR. VJOSA OSMANI - SADRIU\" \/>\n<meta property=\"article:published_time\" content=\"2016-04-12T18:26:29+00:00\" \/>\n<meta property=\"article:modified_time\" content=\"2023-03-07T09:55:38+00:00\" \/>\n<meta property=\"og:image\" content=\"https:\/\/president-ksgov.net\/wp-content\/uploads\/12_04_2016_7529257_Presidenti_Thaci_priti_komandantin_e_KFOR_it__Guglielmo_Luigi_Miglietta.jpg\" \/>\n\t<meta property=\"og:image:width\" content=\"2400\" \/>\n\t<meta property=\"og:image:height\" content=\"1600\" \/>\n\t<meta property=\"og:image:type\" content=\"image\/jpeg\" \/>\n<meta name=\"author\" content=\"admin\" \/>\n<meta name=\"twitter:card\" content=\"summary_large_image\" \/>\n<meta name=\"twitter:label1\" content=\"Written by\" \/>\n\t<meta name=\"twitter:data1\" content=\"admin\" \/>\n\t<meta name=\"twitter:label2\" content=\"Est. reading time\" \/>\n\t<meta name=\"twitter:data2\" content=\"1 minute\" \/>\n<script type=\"application\/ld+json\" class=\"yoast-schema-graph\">{\"@context\":\"https:\/\/schema.org\",\"@graph\":[{\"@type\":\"WebPage\",\"@id\":\"https:\/\/president-ksgov.net\/en\/president-thaci-meets-kfors-commander-guglielmo-luigi-miglietta\/\",\"url\":\"https:\/\/president-ksgov.net\/en\/president-thaci-meets-kfors-commander-guglielmo-luigi-miglietta\/\",\"name\":\"President Tha\u00e7i meets KFOR&#146;s commander, Guglielmo Luigi Miglietta - President of the Republic of Kosovo - DR. VJOSA OSMANI - SADRIU\",\"isPartOf\":{\"@id\":\"https:\/\/president-ksgov.net\/#website\"},\"primaryImageOfPage\":{\"@id\":\"https:\/\/president-ksgov.net\/en\/president-thaci-meets-kfors-commander-guglielmo-luigi-miglietta\/#primaryimage\"},\"image\":{\"@id\":\"https:\/\/president-ksgov.net\/en\/president-thaci-meets-kfors-commander-guglielmo-luigi-miglietta\/#primaryimage\"},\"thumbnailUrl\":\"https:\/\/president-ksgov.net\/wp-content\/uploads\/12_04_2016_7529257_Presidenti_Thaci_priti_komandantin_e_KFOR_it__Guglielmo_Luigi_Miglietta.jpg\",\"datePublished\":\"2016-04-12T18:26:29+00:00\",\"dateModified\":\"2023-03-07T09:55:38+00:00\",\"author\":{\"@id\":\"https:\/\/president-ksgov.net\/#\/schema\/person\/bb4337a5fb147cb2046d80548172cbee\"},\"description\":\"President Tha\u00e7i meets KFOR&#146;s commander, Guglielmo Luigi Miglietta - President of the Republic of Kosovo - DR. VJOSA OSMANI - SADRIU -\",\"breadcrumb\":{\"@id\":\"https:\/\/president-ksgov.net\/en\/president-thaci-meets-kfors-commander-guglielmo-luigi-miglietta\/#breadcrumb\"},\"inLanguage\":\"en-US\",\"potentialAction\":[{\"@type\":\"ReadAction\",\"target\":[\"https:\/\/president-ksgov.net\/en\/president-thaci-meets-kfors-commander-guglielmo-luigi-miglietta\/\"]}]},{\"@type\":\"ImageObject\",\"inLanguage\":\"en-US\",\"@id\":\"https:\/\/president-ksgov.net\/en\/president-thaci-meets-kfors-commander-guglielmo-luigi-miglietta\/#primaryimage\",\"url\":\"https:\/\/president-ksgov.net\/wp-content\/uploads\/12_04_2016_7529257_Presidenti_Thaci_priti_komandantin_e_KFOR_it__Guglielmo_Luigi_Miglietta.jpg\",\"contentUrl\":\"https:\/\/president-ksgov.net\/wp-content\/uploads\/12_04_2016_7529257_Presidenti_Thaci_priti_komandantin_e_KFOR_it__Guglielmo_Luigi_Miglietta.jpg\",\"width\":2400,\"height\":1600},{\"@type\":\"BreadcrumbList\",\"@id\":\"https:\/\/president-ksgov.net\/en\/president-thaci-meets-kfors-commander-guglielmo-luigi-miglietta\/#breadcrumb\",\"itemListElement\":[{\"@type\":\"ListItem\",\"position\":1,\"name\":\"Home\",\"item\":\"https:\/\/president-ksgov.net\/en\/\"},{\"@type\":\"ListItem\",\"position\":2,\"name\":\"President Tha\u00e7i meets KFOR&#146;s commander, Guglielmo Luigi Miglietta\"}]},{\"@type\":\"WebSite\",\"@id\":\"https:\/\/president-ksgov.net\/#website\",\"url\":\"https:\/\/president-ksgov.net\/\",\"name\":\"Presidente e Republik\u00ebs s\u00eb Kosov\u00ebs\",\"description\":\"Presidente e Republik\u00ebs s\u00eb Kosov\u00ebs\",\"alternateName\":\"DR. VJOSA OSMANI - SADRIU\",\"potentialAction\":[{\"@type\":\"SearchAction\",\"target\":{\"@type\":\"EntryPoint\",\"urlTemplate\":\"https:\/\/president-ksgov.net\/?s={search_term_string}\"},\"query-input\":{\"@type\":\"PropertyValueSpecification\",\"valueRequired\":true,\"valueName\":\"search_term_string\"}}],\"inLanguage\":\"en-US\"},{\"@type\":\"Person\",\"@id\":\"https:\/\/president-ksgov.net\/#\/schema\/person\/bb4337a5fb147cb2046d80548172cbee\",\"name\":\"admin\",\"image\":{\"@type\":\"ImageObject\",\"inLanguage\":\"en-US\",\"@id\":\"https:\/\/president-ksgov.net\/#\/schema\/person\/image\/\",\"url\":\"https:\/\/secure.gravatar.com\/avatar\/36156ca0fa3b8d9d25174f146e16beea0cf28f37adf1b9e19b6c9c279a7c9dd3?s=96&d=mm&r=g\",\"contentUrl\":\"https:\/\/secure.gravatar.com\/avatar\/36156ca0fa3b8d9d25174f146e16beea0cf28f37adf1b9e19b6c9c279a7c9dd3?s=96&d=mm&r=g\",\"caption\":\"admin\"},\"sameAs\":[\"https:\/\/president-ksgov.net\"]}]}<\/script>\n<!-- \/ Yoast SEO plugin. -->","yoast_head_json":{"title":"President Tha\u00e7i meets KFOR&#146;s commander, Guglielmo Luigi Miglietta - President of the Republic of Kosovo - DR. VJOSA OSMANI - SADRIU","description":"President Tha\u00e7i meets KFOR&#146;s commander, Guglielmo Luigi Miglietta - President of the Republic of Kosovo - DR. VJOSA OSMANI - SADRIU -","robots":{"index":"index","follow":"follow","max-snippet":"max-snippet:-1","max-image-preview":"max-image-preview:large","max-video-preview":"max-video-preview:-1"},"canonical":"https:\/\/president-ksgov.net\/en\/president-thaci-meets-kfors-commander-guglielmo-luigi-miglietta\/","og_locale":"en_US","og_type":"article","og_title":"President Tha\u00e7i meets KFOR&#146;s commander, Guglielmo Luigi Miglietta - President of the Republic of Kosovo - DR. VJOSA OSMANI - SADRIU","og_description":"President Tha\u00e7i meets KFOR&#146;s commander, Guglielmo Luigi Miglietta - President of the Republic of Kosovo - DR. VJOSA OSMANI - SADRIU -","og_url":"https:\/\/president-ksgov.net\/en\/president-thaci-meets-kfors-commander-guglielmo-luigi-miglietta\/","og_site_name":"President of the Republic of Kosovo - DR. VJOSA OSMANI - SADRIU","article_published_time":"2016-04-12T18:26:29+00:00","article_modified_time":"2023-03-07T09:55:38+00:00","og_image":[{"width":2400,"height":1600,"url":"https:\/\/president-ksgov.net\/wp-content\/uploads\/12_04_2016_7529257_Presidenti_Thaci_priti_komandantin_e_KFOR_it__Guglielmo_Luigi_Miglietta.jpg","type":"image\/jpeg"}],"author":"admin","twitter_card":"summary_large_image","twitter_misc":{"Written by":"admin","Est. reading time":"1 minute"},"schema":{"@context":"https:\/\/schema.org","@graph":[{"@type":"WebPage","@id":"https:\/\/president-ksgov.net\/en\/president-thaci-meets-kfors-commander-guglielmo-luigi-miglietta\/","url":"https:\/\/president-ksgov.net\/en\/president-thaci-meets-kfors-commander-guglielmo-luigi-miglietta\/","name":"President Tha\u00e7i meets KFOR&#146;s commander, Guglielmo Luigi Miglietta - President of the Republic of Kosovo - DR. VJOSA OSMANI - SADRIU","isPartOf":{"@id":"https:\/\/president-ksgov.net\/#website"},"primaryImageOfPage":{"@id":"https:\/\/president-ksgov.net\/en\/president-thaci-meets-kfors-commander-guglielmo-luigi-miglietta\/#primaryimage"},"image":{"@id":"https:\/\/president-ksgov.net\/en\/president-thaci-meets-kfors-commander-guglielmo-luigi-miglietta\/#primaryimage"},"thumbnailUrl":"https:\/\/president-ksgov.net\/wp-content\/uploads\/12_04_2016_7529257_Presidenti_Thaci_priti_komandantin_e_KFOR_it__Guglielmo_Luigi_Miglietta.jpg","datePublished":"2016-04-12T18:26:29+00:00","dateModified":"2023-03-07T09:55:38+00:00","author":{"@id":"https:\/\/president-ksgov.net\/#\/schema\/person\/bb4337a5fb147cb2046d80548172cbee"},"description":"President Tha\u00e7i meets KFOR&#146;s commander, Guglielmo Luigi Miglietta - President of the Republic of Kosovo - DR. VJOSA OSMANI - SADRIU -","breadcrumb":{"@id":"https:\/\/president-ksgov.net\/en\/president-thaci-meets-kfors-commander-guglielmo-luigi-miglietta\/#breadcrumb"},"inLanguage":"en-US","potentialAction":[{"@type":"ReadAction","target":["https:\/\/president-ksgov.net\/en\/president-thaci-meets-kfors-commander-guglielmo-luigi-miglietta\/"]}]},{"@type":"ImageObject","inLanguage":"en-US","@id":"https:\/\/president-ksgov.net\/en\/president-thaci-meets-kfors-commander-guglielmo-luigi-miglietta\/#primaryimage","url":"https:\/\/president-ksgov.net\/wp-content\/uploads\/12_04_2016_7529257_Presidenti_Thaci_priti_komandantin_e_KFOR_it__Guglielmo_Luigi_Miglietta.jpg","contentUrl":"https:\/\/president-ksgov.net\/wp-content\/uploads\/12_04_2016_7529257_Presidenti_Thaci_priti_komandantin_e_KFOR_it__Guglielmo_Luigi_Miglietta.jpg","width":2400,"height":1600},{"@type":"BreadcrumbList","@id":"https:\/\/president-ksgov.net\/en\/president-thaci-meets-kfors-commander-guglielmo-luigi-miglietta\/#breadcrumb","itemListElement":[{"@type":"ListItem","position":1,"name":"Home","item":"https:\/\/president-ksgov.net\/en\/"},{"@type":"ListItem","position":2,"name":"President Tha\u00e7i meets KFOR&#146;s commander, Guglielmo Luigi Miglietta"}]},{"@type":"WebSite","@id":"https:\/\/president-ksgov.net\/#website","url":"https:\/\/president-ksgov.net\/","name":"Presidente e Republik\u00ebs s\u00eb Kosov\u00ebs","description":"Presidente e Republik\u00ebs s\u00eb Kosov\u00ebs","alternateName":"DR. VJOSA OSMANI - SADRIU","potentialAction":[{"@type":"SearchAction","target":{"@type":"EntryPoint","urlTemplate":"https:\/\/president-ksgov.net\/?s={search_term_string}"},"query-input":{"@type":"PropertyValueSpecification","valueRequired":true,"valueName":"search_term_string"}}],"inLanguage":"en-US"},{"@type":"Person","@id":"https:\/\/president-ksgov.net\/#\/schema\/person\/bb4337a5fb147cb2046d80548172cbee","name":"admin","image":{"@type":"ImageObject","inLanguage":"en-US","@id":"https:\/\/president-ksgov.net\/#\/schema\/person\/image\/","url":"https:\/\/secure.gravatar.com\/avatar\/36156ca0fa3b8d9d25174f146e16beea0cf28f37adf1b9e19b6c9c279a7c9dd3?s=96&d=mm&r=g","contentUrl":"https:\/\/secure.gravatar.com\/avatar\/36156ca0fa3b8d9d25174f146e16beea0cf28f37adf1b9e19b6c9c279a7c9dd3?s=96&d=mm&r=g","caption":"admin"},"sameAs":["https:\/\/president-ksgov.net"]}]}},"_links":{"self":[{"href":"https:\/\/president-ksgov.net\/en\/wp-json\/wp\/v2\/posts\/69296","targetHints":{"allow":["GET"]}}],"collection":[{"href":"https:\/\/president-ksgov.net\/en\/wp-json\/wp\/v2\/posts"}],"about":[{"href":"https:\/\/president-ksgov.net\/en\/wp-json\/wp\/v2\/types\/post"}],"author":[{"embeddable":true,"href":"https:\/\/president-ksgov.net\/en\/wp-json\/wp\/v2\/users\/1"}],"replies":[{"embeddable":true,"href":"https:\/\/president-ksgov.net\/en\/wp-json\/wp\/v2\/comments?post=69296"}],"version-history":[{"count":0,"href":"https:\/\/president-ksgov.net\/en\/wp-json\/wp\/v2\/posts\/69296\/revisions"}],"wp:featuredmedia":[{"embeddable":true,"href":"https:\/\/president-ksgov.net\/en\/wp-json\/wp\/v2\/media\/34720"}],"wp:attachment":[{"href":"https:\/\/president-ksgov.net\/en\/wp-json\/wp\/v2\/media?parent=69296"}],"wp:term":[{"taxonomy":"category","embeddable":true,"href":"https:\/\/president-ksgov.net\/en\/wp-json\/wp\/v2\/categories?post=69296"},{"taxonomy":"post_tag","embeddable":true,"href":"https:\/\/president-ksgov.net\/en\/wp-json\/wp\/v2\/tags?post=69296"}],"curies":[{"name":"wp","href":"https:\/\/api.w.org\/{rel}","templated":true}]}}