{"id":69288,"date":"2016-04-13T14:45:16","date_gmt":"2016-04-13T14:45:16","guid":{"rendered":"https:\/\/dev.president-ksgov.net\/president-thaci-kosovo-deserves-to-be-in-uefa-and-fifa\/"},"modified":"2023-03-07T09:55:38","modified_gmt":"2023-03-07T09:55:38","slug":"president-thaci-kosovo-deserves-to-be-in-uefa-and-fifa","status":"publish","type":"post","link":"https:\/\/president-ksgov.net\/en\/president-thaci-kosovo-deserves-to-be-in-uefa-and-fifa\/","title":{"rendered":"President Tha\u00e7i: Kosovo deserves to be in UEFA and FIFA"},"content":{"rendered":"<p>President of the Republic of Kosovo, Hashim Tha\u00e7i met today with a delegation of senior officials of the Union of European Football Associations (UEFA) and International Federation of Association Football (FIFA), stressing that Kosovo deserves to join the big European and world football families soon.<\/p>\n<p>President Tha\u00e7i hosted the delegation composed of \u015eenes Erzik, the UEFA, Peter Gilli\u00e9ron, member of the UEFA Executive Committee, Thierry Favre, the UEFA Head of National Associations Development, and Luca Nicola, FIFA Manager of Member Associations.<\/p>\n<p>President Tha\u00e7i thanked the guests for the visit and the continued support given to the Kosovan state in its aspirations to join the UEFA and FIFA.<\/p>\n<p>&#8220;Kosovo wants and deserves to join the UEFA and FIFA soon. We have talents worldwide eager to defend the color of Kosovo&#8221; President Tha\u00e7i said, adding that, this year, Kosovo marks its historic debut at the Olympic Games.<\/p>\n<p>On the other hand, senior UEFA and FIFA officials said that these institutions are inspecting the situation in Kosovo&#8217;s football and expressed their satisfaction with the investments in sports infrastructure.<\/p>\n","protected":false},"excerpt":{"rendered":"<p>President of the Republic of Kosovo, Hashim Tha\u00e7i met today with a delegation of senior officials of the Union of European Football Associations (UEFA) and International Federation of Association Football (FIFA), stressing that Kosovo deserves to join the big European and world football families soon.<\/p>\n","protected":false},"author":1,"featured_media":34685,"comment_status":"open","ping_status":"closed","sticky":false,"template":"","format":"standard","meta":{"_eb_attr":"","footnotes":""},"categories":[111],"tags":[],"class_list":["post-69288","post","type-post","status-publish","format-standard","has-post-thumbnail","hentry","category-news"],"yoast_head":"<!-- This site is optimized with the Yoast SEO plugin v23.5 - https:\/\/yoast.com\/wordpress\/plugins\/seo\/ -->\n<title>President Tha\u00e7i: Kosovo deserves to be in UEFA and FIFA - President of the Republic of Kosovo - DR. VJOSA OSMANI - SADRIU<\/title>\n<meta name=\"description\" content=\"President Tha\u00e7i: Kosovo deserves to be in UEFA and FIFA - President of the Republic of Kosovo - DR. VJOSA OSMANI - SADRIU -\" \/>\n<meta name=\"robots\" content=\"index, follow, max-snippet:-1, max-image-preview:large, max-video-preview:-1\" \/>\n<link rel=\"canonical\" href=\"https:\/\/president-ksgov.net\/en\/president-thaci-kosovo-deserves-to-be-in-uefa-and-fifa\/\" \/>\n<meta property=\"og:locale\" content=\"en_US\" \/>\n<meta property=\"og:type\" content=\"article\" \/>\n<meta property=\"og:title\" content=\"President Tha\u00e7i: Kosovo deserves to be in UEFA and FIFA - President of the Republic of Kosovo - DR. VJOSA OSMANI - SADRIU\" \/>\n<meta property=\"og:description\" content=\"President Tha\u00e7i: Kosovo deserves to be in UEFA and FIFA - President of the Republic of Kosovo - DR. VJOSA OSMANI - SADRIU -\" \/>\n<meta property=\"og:url\" content=\"https:\/\/president-ksgov.net\/en\/president-thaci-kosovo-deserves-to-be-in-uefa-and-fifa\/\" \/>\n<meta property=\"og:site_name\" content=\"President of the Republic of Kosovo - DR. VJOSA OSMANI - SADRIU\" \/>\n<meta property=\"article:published_time\" content=\"2016-04-13T14:45:16+00:00\" \/>\n<meta property=\"article:modified_time\" content=\"2023-03-07T09:55:38+00:00\" \/>\n<meta property=\"og:image\" content=\"https:\/\/president-ksgov.net\/wp-content\/uploads\/13_04_2016_1524071_Photo1_FIFA_UEFA.jpg\" \/>\n\t<meta property=\"og:image:width\" content=\"1000\" \/>\n\t<meta property=\"og:image:height\" content=\"666\" \/>\n\t<meta property=\"og:image:type\" content=\"image\/jpeg\" \/>\n<meta name=\"author\" content=\"admin\" \/>\n<meta name=\"twitter:card\" content=\"summary_large_image\" \/>\n<meta name=\"twitter:label1\" content=\"Written by\" \/>\n\t<meta name=\"twitter:data1\" content=\"admin\" \/>\n\t<meta name=\"twitter:label2\" content=\"Est. reading time\" \/>\n\t<meta name=\"twitter:data2\" content=\"1 minute\" \/>\n<script type=\"application\/ld+json\" class=\"yoast-schema-graph\">{\"@context\":\"https:\/\/schema.org\",\"@graph\":[{\"@type\":\"WebPage\",\"@id\":\"https:\/\/president-ksgov.net\/en\/president-thaci-kosovo-deserves-to-be-in-uefa-and-fifa\/\",\"url\":\"https:\/\/president-ksgov.net\/en\/president-thaci-kosovo-deserves-to-be-in-uefa-and-fifa\/\",\"name\":\"President Tha\u00e7i: Kosovo deserves to be in UEFA and FIFA - President of the Republic of Kosovo - DR. VJOSA OSMANI - SADRIU\",\"isPartOf\":{\"@id\":\"https:\/\/president-ksgov.net\/#website\"},\"primaryImageOfPage\":{\"@id\":\"https:\/\/president-ksgov.net\/en\/president-thaci-kosovo-deserves-to-be-in-uefa-and-fifa\/#primaryimage\"},\"image\":{\"@id\":\"https:\/\/president-ksgov.net\/en\/president-thaci-kosovo-deserves-to-be-in-uefa-and-fifa\/#primaryimage\"},\"thumbnailUrl\":\"https:\/\/president-ksgov.net\/wp-content\/uploads\/13_04_2016_1524071_Photo1_FIFA_UEFA.jpg\",\"datePublished\":\"2016-04-13T14:45:16+00:00\",\"dateModified\":\"2023-03-07T09:55:38+00:00\",\"author\":{\"@id\":\"https:\/\/president-ksgov.net\/#\/schema\/person\/bb4337a5fb147cb2046d80548172cbee\"},\"description\":\"President Tha\u00e7i: Kosovo deserves to be in UEFA and FIFA - President of the Republic of Kosovo - DR. VJOSA OSMANI - SADRIU -\",\"breadcrumb\":{\"@id\":\"https:\/\/president-ksgov.net\/en\/president-thaci-kosovo-deserves-to-be-in-uefa-and-fifa\/#breadcrumb\"},\"inLanguage\":\"en-US\",\"potentialAction\":[{\"@type\":\"ReadAction\",\"target\":[\"https:\/\/president-ksgov.net\/en\/president-thaci-kosovo-deserves-to-be-in-uefa-and-fifa\/\"]}]},{\"@type\":\"ImageObject\",\"inLanguage\":\"en-US\",\"@id\":\"https:\/\/president-ksgov.net\/en\/president-thaci-kosovo-deserves-to-be-in-uefa-and-fifa\/#primaryimage\",\"url\":\"https:\/\/president-ksgov.net\/wp-content\/uploads\/13_04_2016_1524071_Photo1_FIFA_UEFA.jpg\",\"contentUrl\":\"https:\/\/president-ksgov.net\/wp-content\/uploads\/13_04_2016_1524071_Photo1_FIFA_UEFA.jpg\",\"width\":1000,\"height\":666},{\"@type\":\"BreadcrumbList\",\"@id\":\"https:\/\/president-ksgov.net\/en\/president-thaci-kosovo-deserves-to-be-in-uefa-and-fifa\/#breadcrumb\",\"itemListElement\":[{\"@type\":\"ListItem\",\"position\":1,\"name\":\"Home\",\"item\":\"https:\/\/president-ksgov.net\/en\/\"},{\"@type\":\"ListItem\",\"position\":2,\"name\":\"President Tha\u00e7i: Kosovo deserves to be in UEFA and FIFA\"}]},{\"@type\":\"WebSite\",\"@id\":\"https:\/\/president-ksgov.net\/#website\",\"url\":\"https:\/\/president-ksgov.net\/\",\"name\":\"Presidente e Republik\u00ebs s\u00eb Kosov\u00ebs\",\"description\":\"Presidente e Republik\u00ebs s\u00eb Kosov\u00ebs\",\"alternateName\":\"DR. VJOSA OSMANI - SADRIU\",\"potentialAction\":[{\"@type\":\"SearchAction\",\"target\":{\"@type\":\"EntryPoint\",\"urlTemplate\":\"https:\/\/president-ksgov.net\/?s={search_term_string}\"},\"query-input\":{\"@type\":\"PropertyValueSpecification\",\"valueRequired\":true,\"valueName\":\"search_term_string\"}}],\"inLanguage\":\"en-US\"},{\"@type\":\"Person\",\"@id\":\"https:\/\/president-ksgov.net\/#\/schema\/person\/bb4337a5fb147cb2046d80548172cbee\",\"name\":\"admin\",\"image\":{\"@type\":\"ImageObject\",\"inLanguage\":\"en-US\",\"@id\":\"https:\/\/president-ksgov.net\/#\/schema\/person\/image\/\",\"url\":\"https:\/\/secure.gravatar.com\/avatar\/36156ca0fa3b8d9d25174f146e16beea0cf28f37adf1b9e19b6c9c279a7c9dd3?s=96&d=mm&r=g\",\"contentUrl\":\"https:\/\/secure.gravatar.com\/avatar\/36156ca0fa3b8d9d25174f146e16beea0cf28f37adf1b9e19b6c9c279a7c9dd3?s=96&d=mm&r=g\",\"caption\":\"admin\"},\"sameAs\":[\"https:\/\/president-ksgov.net\"]}]}<\/script>\n<!-- \/ Yoast SEO plugin. -->","yoast_head_json":{"title":"President Tha\u00e7i: Kosovo deserves to be in UEFA and FIFA - President of the Republic of Kosovo - DR. VJOSA OSMANI - SADRIU","description":"President Tha\u00e7i: Kosovo deserves to be in UEFA and FIFA - President of the Republic of Kosovo - DR. VJOSA OSMANI - SADRIU -","robots":{"index":"index","follow":"follow","max-snippet":"max-snippet:-1","max-image-preview":"max-image-preview:large","max-video-preview":"max-video-preview:-1"},"canonical":"https:\/\/president-ksgov.net\/en\/president-thaci-kosovo-deserves-to-be-in-uefa-and-fifa\/","og_locale":"en_US","og_type":"article","og_title":"President Tha\u00e7i: Kosovo deserves to be in UEFA and FIFA - President of the Republic of Kosovo - DR. VJOSA OSMANI - SADRIU","og_description":"President Tha\u00e7i: Kosovo deserves to be in UEFA and FIFA - President of the Republic of Kosovo - DR. VJOSA OSMANI - SADRIU -","og_url":"https:\/\/president-ksgov.net\/en\/president-thaci-kosovo-deserves-to-be-in-uefa-and-fifa\/","og_site_name":"President of the Republic of Kosovo - DR. VJOSA OSMANI - SADRIU","article_published_time":"2016-04-13T14:45:16+00:00","article_modified_time":"2023-03-07T09:55:38+00:00","og_image":[{"width":1000,"height":666,"url":"https:\/\/president-ksgov.net\/wp-content\/uploads\/13_04_2016_1524071_Photo1_FIFA_UEFA.jpg","type":"image\/jpeg"}],"author":"admin","twitter_card":"summary_large_image","twitter_misc":{"Written by":"admin","Est. reading time":"1 minute"},"schema":{"@context":"https:\/\/schema.org","@graph":[{"@type":"WebPage","@id":"https:\/\/president-ksgov.net\/en\/president-thaci-kosovo-deserves-to-be-in-uefa-and-fifa\/","url":"https:\/\/president-ksgov.net\/en\/president-thaci-kosovo-deserves-to-be-in-uefa-and-fifa\/","name":"President Tha\u00e7i: Kosovo deserves to be in UEFA and FIFA - President of the Republic of Kosovo - DR. VJOSA OSMANI - SADRIU","isPartOf":{"@id":"https:\/\/president-ksgov.net\/#website"},"primaryImageOfPage":{"@id":"https:\/\/president-ksgov.net\/en\/president-thaci-kosovo-deserves-to-be-in-uefa-and-fifa\/#primaryimage"},"image":{"@id":"https:\/\/president-ksgov.net\/en\/president-thaci-kosovo-deserves-to-be-in-uefa-and-fifa\/#primaryimage"},"thumbnailUrl":"https:\/\/president-ksgov.net\/wp-content\/uploads\/13_04_2016_1524071_Photo1_FIFA_UEFA.jpg","datePublished":"2016-04-13T14:45:16+00:00","dateModified":"2023-03-07T09:55:38+00:00","author":{"@id":"https:\/\/president-ksgov.net\/#\/schema\/person\/bb4337a5fb147cb2046d80548172cbee"},"description":"President Tha\u00e7i: Kosovo deserves to be in UEFA and FIFA - President of the Republic of Kosovo - DR. VJOSA OSMANI - SADRIU -","breadcrumb":{"@id":"https:\/\/president-ksgov.net\/en\/president-thaci-kosovo-deserves-to-be-in-uefa-and-fifa\/#breadcrumb"},"inLanguage":"en-US","potentialAction":[{"@type":"ReadAction","target":["https:\/\/president-ksgov.net\/en\/president-thaci-kosovo-deserves-to-be-in-uefa-and-fifa\/"]}]},{"@type":"ImageObject","inLanguage":"en-US","@id":"https:\/\/president-ksgov.net\/en\/president-thaci-kosovo-deserves-to-be-in-uefa-and-fifa\/#primaryimage","url":"https:\/\/president-ksgov.net\/wp-content\/uploads\/13_04_2016_1524071_Photo1_FIFA_UEFA.jpg","contentUrl":"https:\/\/president-ksgov.net\/wp-content\/uploads\/13_04_2016_1524071_Photo1_FIFA_UEFA.jpg","width":1000,"height":666},{"@type":"BreadcrumbList","@id":"https:\/\/president-ksgov.net\/en\/president-thaci-kosovo-deserves-to-be-in-uefa-and-fifa\/#breadcrumb","itemListElement":[{"@type":"ListItem","position":1,"name":"Home","item":"https:\/\/president-ksgov.net\/en\/"},{"@type":"ListItem","position":2,"name":"President Tha\u00e7i: Kosovo deserves to be in UEFA and FIFA"}]},{"@type":"WebSite","@id":"https:\/\/president-ksgov.net\/#website","url":"https:\/\/president-ksgov.net\/","name":"Presidente e Republik\u00ebs s\u00eb Kosov\u00ebs","description":"Presidente e Republik\u00ebs s\u00eb Kosov\u00ebs","alternateName":"DR. VJOSA OSMANI - SADRIU","potentialAction":[{"@type":"SearchAction","target":{"@type":"EntryPoint","urlTemplate":"https:\/\/president-ksgov.net\/?s={search_term_string}"},"query-input":{"@type":"PropertyValueSpecification","valueRequired":true,"valueName":"search_term_string"}}],"inLanguage":"en-US"},{"@type":"Person","@id":"https:\/\/president-ksgov.net\/#\/schema\/person\/bb4337a5fb147cb2046d80548172cbee","name":"admin","image":{"@type":"ImageObject","inLanguage":"en-US","@id":"https:\/\/president-ksgov.net\/#\/schema\/person\/image\/","url":"https:\/\/secure.gravatar.com\/avatar\/36156ca0fa3b8d9d25174f146e16beea0cf28f37adf1b9e19b6c9c279a7c9dd3?s=96&d=mm&r=g","contentUrl":"https:\/\/secure.gravatar.com\/avatar\/36156ca0fa3b8d9d25174f146e16beea0cf28f37adf1b9e19b6c9c279a7c9dd3?s=96&d=mm&r=g","caption":"admin"},"sameAs":["https:\/\/president-ksgov.net"]}]}},"_links":{"self":[{"href":"https:\/\/president-ksgov.net\/en\/wp-json\/wp\/v2\/posts\/69288","targetHints":{"allow":["GET"]}}],"collection":[{"href":"https:\/\/president-ksgov.net\/en\/wp-json\/wp\/v2\/posts"}],"about":[{"href":"https:\/\/president-ksgov.net\/en\/wp-json\/wp\/v2\/types\/post"}],"author":[{"embeddable":true,"href":"https:\/\/president-ksgov.net\/en\/wp-json\/wp\/v2\/users\/1"}],"replies":[{"embeddable":true,"href":"https:\/\/president-ksgov.net\/en\/wp-json\/wp\/v2\/comments?post=69288"}],"version-history":[{"count":0,"href":"https:\/\/president-ksgov.net\/en\/wp-json\/wp\/v2\/posts\/69288\/revisions"}],"wp:featuredmedia":[{"embeddable":true,"href":"https:\/\/president-ksgov.net\/en\/wp-json\/wp\/v2\/media\/34685"}],"wp:attachment":[{"href":"https:\/\/president-ksgov.net\/en\/wp-json\/wp\/v2\/media?parent=69288"}],"wp:term":[{"taxonomy":"category","embeddable":true,"href":"https:\/\/president-ksgov.net\/en\/wp-json\/wp\/v2\/categories?post=69288"},{"taxonomy":"post_tag","embeddable":true,"href":"https:\/\/president-ksgov.net\/en\/wp-json\/wp\/v2\/tags?post=69288"}],"curies":[{"name":"wp","href":"https:\/\/api.w.org\/{rel}","templated":true}]}}