{"id":69278,"date":"2016-04-09T16:50:11","date_gmt":"2016-04-09T16:50:11","guid":{"rendered":"https:\/\/dev.president-ksgov.net\/presidents-tusk-and-juncker-congratulates-president-thaci-offering-their-personal-engagement-for-the-fulfilment-of-kosovos-european-vision\/"},"modified":"2023-03-07T09:55:38","modified_gmt":"2023-03-07T09:55:38","slug":"presidents-tusk-and-juncker-congratulates-president-thaci-offering-their-personal-engagement-for-the-fulfilment-of-kosovos-european-vision","status":"publish","type":"post","link":"https:\/\/president-ksgov.net\/en\/presidents-tusk-and-juncker-congratulates-president-thaci-offering-their-personal-engagement-for-the-fulfilment-of-kosovos-european-vision\/","title":{"rendered":"Presidents Tusk and Juncker congratulates President Tha\u00e7i, offering their personal engagement for the fulfilment of Kosovo&#146;s European vision"},"content":{"rendered":"<p>President of the European Council, Donald Tusk, and the President of the European Commission, Jean-Claude Juncker, have sent a joint letter of congratulations to the President of the Republic of Kosovo, Hashim Tha\u00e7i, upon assuming the office of the head of state, through which they offered their personal engagement to fulfil Kosovo&#8217;s European vision.<\/p>\n<p>Below is the joint letter of the President of the European Council, Donald Tusk, and the President of the European Commission, Jean-Claude Juncker, sent to the President of the Republic of Kosovo, Hashim Tha\u00e7i.<\/p>\n<p>H. E. Hashim Tha\u00e7i<br \/>\nPresident of Kosovo<br \/>\nYour Excellency,<\/p>\n<p>We would like to extend our congratulations to you on the occasion of your election as President of Kosovo.<\/p>\n<p>The challenges Kosovo faces require continued strong political will and outreach to all citizens. We count on your efforts to promote in an inclusive manner greater progress, development and stability in your country which would be essential to help Kosovo move forward on its European reform agenda.<\/p>\n<p>Please be assured that the EU stands ready to support Kosovo in these efforts. To this effect, you can also count on our personal engagement.<\/p>\n<p>We look forward to our close cooperation to fulfil Kosovo&#8217;s European vision.<\/p>\n<p>Yours sincerely,<\/p>\n<p>\u00a0\u00a0\u00a0\u00a0\u00a0\u00a0\u00a0\u00a0\u00a0\u00a0 Donald Tusk\u00a0\u00a0\u00a0\u00a0\u00a0 \u00a0\u00a0\u00a0 \u00a0\u00a0\u00a0\u00a0\u00a0\u00a0\u00a0\u00a0\u00a0\u00a0\u00a0\u00a0\u00a0\u00a0\u00a0\u00a0\u00a0\u00a0\u00a0\u00a0\u00a0\u00a0\u00a0\u00a0\u00a0\u00a0\u00a0\u00a0\u00a0\u00a0\u00a0\u00a0\u00a0\u00a0\u00a0\u00a0\u00a0\u00a0\u00a0\u00a0\u00a0\u00a0\u00a0\u00a0\u00a0\u00a0\u00a0\u00a0\u00a0\u00a0\u00a0\u00a0\u00a0\u00a0\u00a0\u00a0\u00a0\u00a0\u00a0\u00a0\u00a0\u00a0\u00a0 Jean-Claude Juncker<br \/>\nPresident of the European Council\u00a0\u00a0\u00a0 \u00a0\u00a0\u00a0 \u00a0\u00a0\u00a0 \u00a0 \u00a0 \u00a0 \u00a0 \u00a0 \u00a0 \u00a0 \u00a0 \u00a0 \u00a0 \u00a0 \u00a0 President of the European Commission<br \/>\n\u00a0<\/p>\n","protected":false},"excerpt":{"rendered":"<p>President of the European Council, Donald Tusk, and the President of the European Commission, Jean-Claude Juncker, have sent a joint letter of congratulations to the President of the Republic of Kosovo, Hashim Tha\u00e7i, upon assuming the office of the head of state, through which they offered their personal engagement to fulfil Kosovo&#8217;s European vision.<\/p>\n","protected":false},"author":1,"featured_media":86338,"comment_status":"open","ping_status":"closed","sticky":false,"template":"","format":"standard","meta":{"_eb_attr":"","footnotes":""},"categories":[111],"tags":[],"class_list":["post-69278","post","type-post","status-publish","format-standard","has-post-thumbnail","hentry","category-news"],"yoast_head":"<!-- This site is optimized with the Yoast SEO plugin v23.5 - https:\/\/yoast.com\/wordpress\/plugins\/seo\/ -->\n<title>Presidents Tusk and Juncker congratulates President Tha\u00e7i, offering their personal engagement for the fulfilment of Kosovo&#146;s European vision - President of the Republic of Kosovo - DR. VJOSA OSMANI - SADRIU<\/title>\n<meta name=\"description\" content=\"Presidents Tusk and Juncker congratulates President Tha\u00e7i, offering their personal engagement for the fulfilment of Kosovo&#146;s European vision - President of the Republic of Kosovo - DR. VJOSA OSMANI - SADRIU -\" \/>\n<meta name=\"robots\" content=\"index, follow, max-snippet:-1, max-image-preview:large, max-video-preview:-1\" \/>\n<link rel=\"canonical\" href=\"https:\/\/president-ksgov.net\/en\/presidents-tusk-and-juncker-congratulates-president-thaci-offering-their-personal-engagement-for-the-fulfilment-of-kosovos-european-vision\/\" \/>\n<meta property=\"og:locale\" content=\"en_US\" \/>\n<meta property=\"og:type\" content=\"article\" \/>\n<meta property=\"og:title\" content=\"Presidents Tusk and Juncker congratulates President Tha\u00e7i, offering their personal engagement for the fulfilment of Kosovo&#146;s European vision - President of the Republic of Kosovo - DR. VJOSA OSMANI - SADRIU\" \/>\n<meta property=\"og:description\" content=\"Presidents Tusk and Juncker congratulates President Tha\u00e7i, offering their personal engagement for the fulfilment of Kosovo&#146;s European vision - President of the Republic of Kosovo - DR. VJOSA OSMANI - SADRIU -\" \/>\n<meta property=\"og:url\" content=\"https:\/\/president-ksgov.net\/en\/presidents-tusk-and-juncker-congratulates-president-thaci-offering-their-personal-engagement-for-the-fulfilment-of-kosovos-european-vision\/\" \/>\n<meta property=\"og:site_name\" content=\"President of the Republic of Kosovo - DR. VJOSA OSMANI - SADRIU\" \/>\n<meta property=\"article:published_time\" content=\"2016-04-09T16:50:11+00:00\" \/>\n<meta property=\"article:modified_time\" content=\"2023-03-07T09:55:38+00:00\" \/>\n<meta property=\"og:image\" content=\"https:\/\/president-ksgov.net\/wp-content\/uploads\/Zyra-e-Presidentes-Featured-Image1-e1678970937938.png\" \/>\n\t<meta property=\"og:image:width\" content=\"1024\" \/>\n\t<meta property=\"og:image:height\" content=\"716\" \/>\n\t<meta property=\"og:image:type\" content=\"image\/png\" \/>\n<meta name=\"author\" content=\"admin\" \/>\n<meta name=\"twitter:card\" content=\"summary_large_image\" \/>\n<meta name=\"twitter:label1\" content=\"Written by\" \/>\n\t<meta name=\"twitter:data1\" content=\"admin\" \/>\n\t<meta name=\"twitter:label2\" content=\"Est. reading time\" \/>\n\t<meta name=\"twitter:data2\" content=\"1 minute\" \/>\n<script type=\"application\/ld+json\" class=\"yoast-schema-graph\">{\"@context\":\"https:\/\/schema.org\",\"@graph\":[{\"@type\":\"WebPage\",\"@id\":\"https:\/\/president-ksgov.net\/en\/presidents-tusk-and-juncker-congratulates-president-thaci-offering-their-personal-engagement-for-the-fulfilment-of-kosovos-european-vision\/\",\"url\":\"https:\/\/president-ksgov.net\/en\/presidents-tusk-and-juncker-congratulates-president-thaci-offering-their-personal-engagement-for-the-fulfilment-of-kosovos-european-vision\/\",\"name\":\"Presidents Tusk and Juncker congratulates President Tha\u00e7i, offering their personal engagement for the fulfilment of Kosovo&#146;s European vision - President of the Republic of Kosovo - DR. VJOSA OSMANI - SADRIU\",\"isPartOf\":{\"@id\":\"https:\/\/president-ksgov.net\/#website\"},\"primaryImageOfPage\":{\"@id\":\"https:\/\/president-ksgov.net\/en\/presidents-tusk-and-juncker-congratulates-president-thaci-offering-their-personal-engagement-for-the-fulfilment-of-kosovos-european-vision\/#primaryimage\"},\"image\":{\"@id\":\"https:\/\/president-ksgov.net\/en\/presidents-tusk-and-juncker-congratulates-president-thaci-offering-their-personal-engagement-for-the-fulfilment-of-kosovos-european-vision\/#primaryimage\"},\"thumbnailUrl\":\"https:\/\/president-ksgov.net\/wp-content\/uploads\/Zyra-e-Presidentes-Featured-Image1-e1678970937938.png\",\"datePublished\":\"2016-04-09T16:50:11+00:00\",\"dateModified\":\"2023-03-07T09:55:38+00:00\",\"author\":{\"@id\":\"https:\/\/president-ksgov.net\/#\/schema\/person\/bb4337a5fb147cb2046d80548172cbee\"},\"description\":\"Presidents Tusk and Juncker congratulates President Tha\u00e7i, offering their personal engagement for the fulfilment of Kosovo&#146;s European vision - President of the Republic of Kosovo - DR. VJOSA OSMANI - SADRIU -\",\"breadcrumb\":{\"@id\":\"https:\/\/president-ksgov.net\/en\/presidents-tusk-and-juncker-congratulates-president-thaci-offering-their-personal-engagement-for-the-fulfilment-of-kosovos-european-vision\/#breadcrumb\"},\"inLanguage\":\"en-US\",\"potentialAction\":[{\"@type\":\"ReadAction\",\"target\":[\"https:\/\/president-ksgov.net\/en\/presidents-tusk-and-juncker-congratulates-president-thaci-offering-their-personal-engagement-for-the-fulfilment-of-kosovos-european-vision\/\"]}]},{\"@type\":\"ImageObject\",\"inLanguage\":\"en-US\",\"@id\":\"https:\/\/president-ksgov.net\/en\/presidents-tusk-and-juncker-congratulates-president-thaci-offering-their-personal-engagement-for-the-fulfilment-of-kosovos-european-vision\/#primaryimage\",\"url\":\"https:\/\/president-ksgov.net\/wp-content\/uploads\/Zyra-e-Presidentes-Featured-Image1-e1678970937938.png\",\"contentUrl\":\"https:\/\/president-ksgov.net\/wp-content\/uploads\/Zyra-e-Presidentes-Featured-Image1-e1678970937938.png\",\"width\":1024,\"height\":716},{\"@type\":\"BreadcrumbList\",\"@id\":\"https:\/\/president-ksgov.net\/en\/presidents-tusk-and-juncker-congratulates-president-thaci-offering-their-personal-engagement-for-the-fulfilment-of-kosovos-european-vision\/#breadcrumb\",\"itemListElement\":[{\"@type\":\"ListItem\",\"position\":1,\"name\":\"Home\",\"item\":\"https:\/\/president-ksgov.net\/en\/\"},{\"@type\":\"ListItem\",\"position\":2,\"name\":\"Presidents Tusk and Juncker congratulates President Tha\u00e7i, offering their personal engagement for the fulfilment of Kosovo&#146;s European vision\"}]},{\"@type\":\"WebSite\",\"@id\":\"https:\/\/president-ksgov.net\/#website\",\"url\":\"https:\/\/president-ksgov.net\/\",\"name\":\"Presidente e Republik\u00ebs s\u00eb Kosov\u00ebs\",\"description\":\"Presidente e Republik\u00ebs s\u00eb Kosov\u00ebs\",\"alternateName\":\"DR. VJOSA OSMANI - SADRIU\",\"potentialAction\":[{\"@type\":\"SearchAction\",\"target\":{\"@type\":\"EntryPoint\",\"urlTemplate\":\"https:\/\/president-ksgov.net\/?s={search_term_string}\"},\"query-input\":{\"@type\":\"PropertyValueSpecification\",\"valueRequired\":true,\"valueName\":\"search_term_string\"}}],\"inLanguage\":\"en-US\"},{\"@type\":\"Person\",\"@id\":\"https:\/\/president-ksgov.net\/#\/schema\/person\/bb4337a5fb147cb2046d80548172cbee\",\"name\":\"admin\",\"image\":{\"@type\":\"ImageObject\",\"inLanguage\":\"en-US\",\"@id\":\"https:\/\/president-ksgov.net\/#\/schema\/person\/image\/\",\"url\":\"https:\/\/secure.gravatar.com\/avatar\/36156ca0fa3b8d9d25174f146e16beea0cf28f37adf1b9e19b6c9c279a7c9dd3?s=96&d=mm&r=g\",\"contentUrl\":\"https:\/\/secure.gravatar.com\/avatar\/36156ca0fa3b8d9d25174f146e16beea0cf28f37adf1b9e19b6c9c279a7c9dd3?s=96&d=mm&r=g\",\"caption\":\"admin\"},\"sameAs\":[\"https:\/\/president-ksgov.net\"]}]}<\/script>\n<!-- \/ Yoast SEO plugin. -->","yoast_head_json":{"title":"Presidents Tusk and Juncker congratulates President Tha\u00e7i, offering their personal engagement for the fulfilment of Kosovo&#146;s European vision - President of the Republic of Kosovo - DR. VJOSA OSMANI - SADRIU","description":"Presidents Tusk and Juncker congratulates President Tha\u00e7i, offering their personal engagement for the fulfilment of Kosovo&#146;s European vision - President of the Republic of Kosovo - DR. VJOSA OSMANI - SADRIU -","robots":{"index":"index","follow":"follow","max-snippet":"max-snippet:-1","max-image-preview":"max-image-preview:large","max-video-preview":"max-video-preview:-1"},"canonical":"https:\/\/president-ksgov.net\/en\/presidents-tusk-and-juncker-congratulates-president-thaci-offering-their-personal-engagement-for-the-fulfilment-of-kosovos-european-vision\/","og_locale":"en_US","og_type":"article","og_title":"Presidents Tusk and Juncker congratulates President Tha\u00e7i, offering their personal engagement for the fulfilment of Kosovo&#146;s European vision - President of the Republic of Kosovo - DR. VJOSA OSMANI - SADRIU","og_description":"Presidents Tusk and Juncker congratulates President Tha\u00e7i, offering their personal engagement for the fulfilment of Kosovo&#146;s European vision - President of the Republic of Kosovo - DR. VJOSA OSMANI - SADRIU -","og_url":"https:\/\/president-ksgov.net\/en\/presidents-tusk-and-juncker-congratulates-president-thaci-offering-their-personal-engagement-for-the-fulfilment-of-kosovos-european-vision\/","og_site_name":"President of the Republic of Kosovo - DR. VJOSA OSMANI - SADRIU","article_published_time":"2016-04-09T16:50:11+00:00","article_modified_time":"2023-03-07T09:55:38+00:00","og_image":[{"width":1024,"height":716,"url":"https:\/\/president-ksgov.net\/wp-content\/uploads\/Zyra-e-Presidentes-Featured-Image1-e1678970937938.png","type":"image\/png"}],"author":"admin","twitter_card":"summary_large_image","twitter_misc":{"Written by":"admin","Est. reading time":"1 minute"},"schema":{"@context":"https:\/\/schema.org","@graph":[{"@type":"WebPage","@id":"https:\/\/president-ksgov.net\/en\/presidents-tusk-and-juncker-congratulates-president-thaci-offering-their-personal-engagement-for-the-fulfilment-of-kosovos-european-vision\/","url":"https:\/\/president-ksgov.net\/en\/presidents-tusk-and-juncker-congratulates-president-thaci-offering-their-personal-engagement-for-the-fulfilment-of-kosovos-european-vision\/","name":"Presidents Tusk and Juncker congratulates President Tha\u00e7i, offering their personal engagement for the fulfilment of Kosovo&#146;s European vision - President of the Republic of Kosovo - DR. VJOSA OSMANI - SADRIU","isPartOf":{"@id":"https:\/\/president-ksgov.net\/#website"},"primaryImageOfPage":{"@id":"https:\/\/president-ksgov.net\/en\/presidents-tusk-and-juncker-congratulates-president-thaci-offering-their-personal-engagement-for-the-fulfilment-of-kosovos-european-vision\/#primaryimage"},"image":{"@id":"https:\/\/president-ksgov.net\/en\/presidents-tusk-and-juncker-congratulates-president-thaci-offering-their-personal-engagement-for-the-fulfilment-of-kosovos-european-vision\/#primaryimage"},"thumbnailUrl":"https:\/\/president-ksgov.net\/wp-content\/uploads\/Zyra-e-Presidentes-Featured-Image1-e1678970937938.png","datePublished":"2016-04-09T16:50:11+00:00","dateModified":"2023-03-07T09:55:38+00:00","author":{"@id":"https:\/\/president-ksgov.net\/#\/schema\/person\/bb4337a5fb147cb2046d80548172cbee"},"description":"Presidents Tusk and Juncker congratulates President Tha\u00e7i, offering their personal engagement for the fulfilment of Kosovo&#146;s European vision - President of the Republic of Kosovo - DR. VJOSA OSMANI - SADRIU -","breadcrumb":{"@id":"https:\/\/president-ksgov.net\/en\/presidents-tusk-and-juncker-congratulates-president-thaci-offering-their-personal-engagement-for-the-fulfilment-of-kosovos-european-vision\/#breadcrumb"},"inLanguage":"en-US","potentialAction":[{"@type":"ReadAction","target":["https:\/\/president-ksgov.net\/en\/presidents-tusk-and-juncker-congratulates-president-thaci-offering-their-personal-engagement-for-the-fulfilment-of-kosovos-european-vision\/"]}]},{"@type":"ImageObject","inLanguage":"en-US","@id":"https:\/\/president-ksgov.net\/en\/presidents-tusk-and-juncker-congratulates-president-thaci-offering-their-personal-engagement-for-the-fulfilment-of-kosovos-european-vision\/#primaryimage","url":"https:\/\/president-ksgov.net\/wp-content\/uploads\/Zyra-e-Presidentes-Featured-Image1-e1678970937938.png","contentUrl":"https:\/\/president-ksgov.net\/wp-content\/uploads\/Zyra-e-Presidentes-Featured-Image1-e1678970937938.png","width":1024,"height":716},{"@type":"BreadcrumbList","@id":"https:\/\/president-ksgov.net\/en\/presidents-tusk-and-juncker-congratulates-president-thaci-offering-their-personal-engagement-for-the-fulfilment-of-kosovos-european-vision\/#breadcrumb","itemListElement":[{"@type":"ListItem","position":1,"name":"Home","item":"https:\/\/president-ksgov.net\/en\/"},{"@type":"ListItem","position":2,"name":"Presidents Tusk and Juncker congratulates President Tha\u00e7i, offering their personal engagement for the fulfilment of Kosovo&#146;s European vision"}]},{"@type":"WebSite","@id":"https:\/\/president-ksgov.net\/#website","url":"https:\/\/president-ksgov.net\/","name":"Presidente e Republik\u00ebs s\u00eb Kosov\u00ebs","description":"Presidente e Republik\u00ebs s\u00eb Kosov\u00ebs","alternateName":"DR. VJOSA OSMANI - SADRIU","potentialAction":[{"@type":"SearchAction","target":{"@type":"EntryPoint","urlTemplate":"https:\/\/president-ksgov.net\/?s={search_term_string}"},"query-input":{"@type":"PropertyValueSpecification","valueRequired":true,"valueName":"search_term_string"}}],"inLanguage":"en-US"},{"@type":"Person","@id":"https:\/\/president-ksgov.net\/#\/schema\/person\/bb4337a5fb147cb2046d80548172cbee","name":"admin","image":{"@type":"ImageObject","inLanguage":"en-US","@id":"https:\/\/president-ksgov.net\/#\/schema\/person\/image\/","url":"https:\/\/secure.gravatar.com\/avatar\/36156ca0fa3b8d9d25174f146e16beea0cf28f37adf1b9e19b6c9c279a7c9dd3?s=96&d=mm&r=g","contentUrl":"https:\/\/secure.gravatar.com\/avatar\/36156ca0fa3b8d9d25174f146e16beea0cf28f37adf1b9e19b6c9c279a7c9dd3?s=96&d=mm&r=g","caption":"admin"},"sameAs":["https:\/\/president-ksgov.net"]}]}},"_links":{"self":[{"href":"https:\/\/president-ksgov.net\/en\/wp-json\/wp\/v2\/posts\/69278","targetHints":{"allow":["GET"]}}],"collection":[{"href":"https:\/\/president-ksgov.net\/en\/wp-json\/wp\/v2\/posts"}],"about":[{"href":"https:\/\/president-ksgov.net\/en\/wp-json\/wp\/v2\/types\/post"}],"author":[{"embeddable":true,"href":"https:\/\/president-ksgov.net\/en\/wp-json\/wp\/v2\/users\/1"}],"replies":[{"embeddable":true,"href":"https:\/\/president-ksgov.net\/en\/wp-json\/wp\/v2\/comments?post=69278"}],"version-history":[{"count":0,"href":"https:\/\/president-ksgov.net\/en\/wp-json\/wp\/v2\/posts\/69278\/revisions"}],"wp:featuredmedia":[{"embeddable":true,"href":"https:\/\/president-ksgov.net\/en\/wp-json\/wp\/v2\/media\/86338"}],"wp:attachment":[{"href":"https:\/\/president-ksgov.net\/en\/wp-json\/wp\/v2\/media?parent=69278"}],"wp:term":[{"taxonomy":"category","embeddable":true,"href":"https:\/\/president-ksgov.net\/en\/wp-json\/wp\/v2\/categories?post=69278"},{"taxonomy":"post_tag","embeddable":true,"href":"https:\/\/president-ksgov.net\/en\/wp-json\/wp\/v2\/tags?post=69278"}],"curies":[{"name":"wp","href":"https:\/\/api.w.org\/{rel}","templated":true}]}}