{"id":69276,"date":"2016-04-15T14:35:15","date_gmt":"2016-04-15T14:35:15","guid":{"rendered":"https:\/\/dev.president-ksgov.net\/austrian-president-heinz-fischer-congratulates-president-thaci-says-he-is-well-suited-to-successfully-promote-kosovos-european-agenda\/"},"modified":"2023-03-07T09:55:38","modified_gmt":"2023-03-07T09:55:38","slug":"austrian-president-heinz-fischer-congratulates-president-thaci-says-he-is-well-suited-to-successfully-promote-kosovos-european-agenda","status":"publish","type":"post","link":"https:\/\/president-ksgov.net\/en\/austrian-president-heinz-fischer-congratulates-president-thaci-says-he-is-well-suited-to-successfully-promote-kosovos-european-agenda\/","title":{"rendered":"Austrian President Heinz Fischer congratulates President Tha\u00e7i, says he is well suited to successfully promote Kosovo&#146;s European agenda"},"content":{"rendered":"<p>The President of Austria, Heinz Fischer, has sent a letter of congratulations to the President of the Republic of Kosovo, Hashim Tha\u00e7i upon assuming the office of the head of state, in which he wrote that President Tha\u00e7i is well suited to successfully promote Kosovo&#8217;s European agenda.<\/p>\n<p>President Tha\u00e7i received the letter of congratulations from the Austrian ambassador to Kosovo, Gernot Pfandler, after today&#8217;s meeting.<\/p>\n<p>Below is the letter of congratulations of the Austrian President, Heinz Fischer, sent to Kosovo&#8217;s President, Hashim Tha\u00e7i:<\/p>\n<p>H.E. Hashim Tha\u00e7i<br \/>\nPresident of the Republic of Kosovo<br \/>\nPrishtina<\/p>\n<p>Excellency,<br \/>\nI would like to express my sincere congratulations on the occasion of your election as President of the Republic of Kosovo. Based on the excellent bilateral relations between our two countries I look forward to a continuation of our close cooperation in the future.<\/p>\n<p>To successfully address the current challenges Kosovo is facing there is the need for outreach to all citizens, and for the promotion of an inclusive way forward towards development and stability in Kosovo.<\/p>\n<p>With your great experience and the commitment shown in the dialogue between Prishtina and Belgrade you are well suited to successfully promote the European agenda of your country.<\/p>\n<p>I herewith assure you of Austria&#8217;s continued support to Kosovo on this ambitious path.<\/p>\n<p>With my best wishes for your term as President of the Republic of Kosovo, for the accomplishment of your important tasks and for the prosperity of your country, I remain <\/p>\n<p>Yours sincerely,<\/p>\n<p>Heinz Fischer<\/p>\n","protected":false},"excerpt":{"rendered":"<p>The President of Austria, Heinz Fischer, has sent a letter of congratulations to the President of the Republic of Kosovo, Hashim Tha\u00e7i upon assuming the office of the head of state, in which he wrote that President Tha\u00e7i is well suited to successfully promote Kosovo&#8217;s European agenda.<\/p>\n","protected":false},"author":1,"featured_media":34649,"comment_status":"open","ping_status":"closed","sticky":false,"template":"","format":"standard","meta":{"_eb_attr":"","footnotes":""},"categories":[111],"tags":[],"class_list":["post-69276","post","type-post","status-publish","format-standard","has-post-thumbnail","hentry","category-news"],"yoast_head":"<!-- This site is optimized with the Yoast SEO plugin v23.5 - https:\/\/yoast.com\/wordpress\/plugins\/seo\/ -->\n<title>Austrian President Heinz Fischer congratulates President Tha\u00e7i, says he is well suited to successfully promote Kosovo&#146;s European agenda - President of the Republic of Kosovo - DR. VJOSA OSMANI - SADRIU<\/title>\n<meta name=\"description\" content=\"Austrian President Heinz Fischer congratulates President Tha\u00e7i, says he is well suited to successfully promote Kosovo&#146;s European agenda - President of the Republic of Kosovo - DR. VJOSA OSMANI - SADRIU -\" \/>\n<meta name=\"robots\" content=\"index, follow, max-snippet:-1, max-image-preview:large, max-video-preview:-1\" \/>\n<link rel=\"canonical\" href=\"https:\/\/president-ksgov.net\/presidenti-austriak-uron-presidentin-thaci-e-quan-njeri-te-duhur-per-promovimin-e-agjendes-evropiane-te-kosoves\/\" \/>\n<meta property=\"og:locale\" content=\"en_US\" \/>\n<meta property=\"og:type\" content=\"article\" \/>\n<meta property=\"og:title\" content=\"Austrian President Heinz Fischer congratulates President Tha\u00e7i, says he is well suited to successfully promote Kosovo&#146;s European agenda - President of the Republic of Kosovo - DR. VJOSA OSMANI - SADRIU\" \/>\n<meta property=\"og:description\" content=\"Austrian President Heinz Fischer congratulates President Tha\u00e7i, says he is well suited to successfully promote Kosovo&#146;s European agenda - President of the Republic of Kosovo - DR. VJOSA OSMANI - SADRIU -\" \/>\n<meta property=\"og:url\" content=\"https:\/\/president-ksgov.net\/presidenti-austriak-uron-presidentin-thaci-e-quan-njeri-te-duhur-per-promovimin-e-agjendes-evropiane-te-kosoves\/\" \/>\n<meta property=\"og:site_name\" content=\"President of the Republic of Kosovo - DR. VJOSA OSMANI - SADRIU\" \/>\n<meta property=\"article:published_time\" content=\"2016-04-15T14:35:15+00:00\" \/>\n<meta property=\"article:modified_time\" content=\"2023-03-07T09:55:38+00:00\" \/>\n<meta property=\"og:image\" content=\"https:\/\/president-ksgov.net\/wp-content\/uploads\/15_04_2016_6962170_Ambasadori_austriak.jpg\" \/>\n\t<meta property=\"og:image:width\" content=\"2400\" \/>\n\t<meta property=\"og:image:height\" content=\"1600\" \/>\n\t<meta property=\"og:image:type\" content=\"image\/jpeg\" \/>\n<meta name=\"author\" content=\"admin\" \/>\n<meta name=\"twitter:card\" content=\"summary_large_image\" \/>\n<meta name=\"twitter:label1\" content=\"Written by\" \/>\n\t<meta name=\"twitter:data1\" content=\"admin\" \/>\n\t<meta name=\"twitter:label2\" content=\"Est. reading time\" \/>\n\t<meta name=\"twitter:data2\" content=\"1 minute\" \/>\n<script type=\"application\/ld+json\" class=\"yoast-schema-graph\">{\"@context\":\"https:\/\/schema.org\",\"@graph\":[{\"@type\":\"WebPage\",\"@id\":\"https:\/\/president-ksgov.net\/presidenti-austriak-uron-presidentin-thaci-e-quan-njeri-te-duhur-per-promovimin-e-agjendes-evropiane-te-kosoves\/\",\"url\":\"https:\/\/president-ksgov.net\/presidenti-austriak-uron-presidentin-thaci-e-quan-njeri-te-duhur-per-promovimin-e-agjendes-evropiane-te-kosoves\/\",\"name\":\"Austrian President Heinz Fischer congratulates President Tha\u00e7i, says he is well suited to successfully promote Kosovo&#146;s European agenda - President of the Republic of Kosovo - DR. VJOSA OSMANI - SADRIU\",\"isPartOf\":{\"@id\":\"https:\/\/president-ksgov.net\/#website\"},\"primaryImageOfPage\":{\"@id\":\"https:\/\/president-ksgov.net\/presidenti-austriak-uron-presidentin-thaci-e-quan-njeri-te-duhur-per-promovimin-e-agjendes-evropiane-te-kosoves\/#primaryimage\"},\"image\":{\"@id\":\"https:\/\/president-ksgov.net\/presidenti-austriak-uron-presidentin-thaci-e-quan-njeri-te-duhur-per-promovimin-e-agjendes-evropiane-te-kosoves\/#primaryimage\"},\"thumbnailUrl\":\"https:\/\/president-ksgov.net\/wp-content\/uploads\/15_04_2016_6962170_Ambasadori_austriak.jpg\",\"datePublished\":\"2016-04-15T14:35:15+00:00\",\"dateModified\":\"2023-03-07T09:55:38+00:00\",\"author\":{\"@id\":\"https:\/\/president-ksgov.net\/#\/schema\/person\/bb4337a5fb147cb2046d80548172cbee\"},\"description\":\"Austrian President Heinz Fischer congratulates President Tha\u00e7i, says he is well suited to successfully promote Kosovo&#146;s European agenda - President of the Republic of Kosovo - DR. VJOSA OSMANI - SADRIU -\",\"breadcrumb\":{\"@id\":\"https:\/\/president-ksgov.net\/presidenti-austriak-uron-presidentin-thaci-e-quan-njeri-te-duhur-per-promovimin-e-agjendes-evropiane-te-kosoves\/#breadcrumb\"},\"inLanguage\":\"en-US\",\"potentialAction\":[{\"@type\":\"ReadAction\",\"target\":[\"https:\/\/president-ksgov.net\/presidenti-austriak-uron-presidentin-thaci-e-quan-njeri-te-duhur-per-promovimin-e-agjendes-evropiane-te-kosoves\/\"]}]},{\"@type\":\"ImageObject\",\"inLanguage\":\"en-US\",\"@id\":\"https:\/\/president-ksgov.net\/presidenti-austriak-uron-presidentin-thaci-e-quan-njeri-te-duhur-per-promovimin-e-agjendes-evropiane-te-kosoves\/#primaryimage\",\"url\":\"https:\/\/president-ksgov.net\/wp-content\/uploads\/15_04_2016_6962170_Ambasadori_austriak.jpg\",\"contentUrl\":\"https:\/\/president-ksgov.net\/wp-content\/uploads\/15_04_2016_6962170_Ambasadori_austriak.jpg\",\"width\":2400,\"height\":1600},{\"@type\":\"BreadcrumbList\",\"@id\":\"https:\/\/president-ksgov.net\/presidenti-austriak-uron-presidentin-thaci-e-quan-njeri-te-duhur-per-promovimin-e-agjendes-evropiane-te-kosoves\/#breadcrumb\",\"itemListElement\":[{\"@type\":\"ListItem\",\"position\":1,\"name\":\"Home\",\"item\":\"https:\/\/president-ksgov.net\/en\/\"},{\"@type\":\"ListItem\",\"position\":2,\"name\":\"Austrian President Heinz Fischer congratulates President Tha\u00e7i, says he is well suited to successfully promote Kosovo&#146;s European agenda\"}]},{\"@type\":\"WebSite\",\"@id\":\"https:\/\/president-ksgov.net\/#website\",\"url\":\"https:\/\/president-ksgov.net\/\",\"name\":\"Presidente e Republik\u00ebs s\u00eb Kosov\u00ebs\",\"description\":\"Presidente e Republik\u00ebs s\u00eb Kosov\u00ebs\",\"alternateName\":\"DR. VJOSA OSMANI - SADRIU\",\"potentialAction\":[{\"@type\":\"SearchAction\",\"target\":{\"@type\":\"EntryPoint\",\"urlTemplate\":\"https:\/\/president-ksgov.net\/?s={search_term_string}\"},\"query-input\":{\"@type\":\"PropertyValueSpecification\",\"valueRequired\":true,\"valueName\":\"search_term_string\"}}],\"inLanguage\":\"en-US\"},{\"@type\":\"Person\",\"@id\":\"https:\/\/president-ksgov.net\/#\/schema\/person\/bb4337a5fb147cb2046d80548172cbee\",\"name\":\"admin\",\"image\":{\"@type\":\"ImageObject\",\"inLanguage\":\"en-US\",\"@id\":\"https:\/\/president-ksgov.net\/#\/schema\/person\/image\/\",\"url\":\"https:\/\/secure.gravatar.com\/avatar\/36156ca0fa3b8d9d25174f146e16beea0cf28f37adf1b9e19b6c9c279a7c9dd3?s=96&d=mm&r=g\",\"contentUrl\":\"https:\/\/secure.gravatar.com\/avatar\/36156ca0fa3b8d9d25174f146e16beea0cf28f37adf1b9e19b6c9c279a7c9dd3?s=96&d=mm&r=g\",\"caption\":\"admin\"},\"sameAs\":[\"https:\/\/president-ksgov.net\"]}]}<\/script>\n<!-- \/ Yoast SEO plugin. -->","yoast_head_json":{"title":"Austrian President Heinz Fischer congratulates President Tha\u00e7i, says he is well suited to successfully promote Kosovo&#146;s European agenda - President of the Republic of Kosovo - DR. VJOSA OSMANI - SADRIU","description":"Austrian President Heinz Fischer congratulates President Tha\u00e7i, says he is well suited to successfully promote Kosovo&#146;s European agenda - President of the Republic of Kosovo - DR. VJOSA OSMANI - SADRIU -","robots":{"index":"index","follow":"follow","max-snippet":"max-snippet:-1","max-image-preview":"max-image-preview:large","max-video-preview":"max-video-preview:-1"},"canonical":"https:\/\/president-ksgov.net\/presidenti-austriak-uron-presidentin-thaci-e-quan-njeri-te-duhur-per-promovimin-e-agjendes-evropiane-te-kosoves\/","og_locale":"en_US","og_type":"article","og_title":"Austrian President Heinz Fischer congratulates President Tha\u00e7i, says he is well suited to successfully promote Kosovo&#146;s European agenda - President of the Republic of Kosovo - DR. VJOSA OSMANI - SADRIU","og_description":"Austrian President Heinz Fischer congratulates President Tha\u00e7i, says he is well suited to successfully promote Kosovo&#146;s European agenda - President of the Republic of Kosovo - DR. VJOSA OSMANI - SADRIU -","og_url":"https:\/\/president-ksgov.net\/presidenti-austriak-uron-presidentin-thaci-e-quan-njeri-te-duhur-per-promovimin-e-agjendes-evropiane-te-kosoves\/","og_site_name":"President of the Republic of Kosovo - DR. VJOSA OSMANI - SADRIU","article_published_time":"2016-04-15T14:35:15+00:00","article_modified_time":"2023-03-07T09:55:38+00:00","og_image":[{"width":2400,"height":1600,"url":"https:\/\/president-ksgov.net\/wp-content\/uploads\/15_04_2016_6962170_Ambasadori_austriak.jpg","type":"image\/jpeg"}],"author":"admin","twitter_card":"summary_large_image","twitter_misc":{"Written by":"admin","Est. reading time":"1 minute"},"schema":{"@context":"https:\/\/schema.org","@graph":[{"@type":"WebPage","@id":"https:\/\/president-ksgov.net\/presidenti-austriak-uron-presidentin-thaci-e-quan-njeri-te-duhur-per-promovimin-e-agjendes-evropiane-te-kosoves\/","url":"https:\/\/president-ksgov.net\/presidenti-austriak-uron-presidentin-thaci-e-quan-njeri-te-duhur-per-promovimin-e-agjendes-evropiane-te-kosoves\/","name":"Austrian President Heinz Fischer congratulates President Tha\u00e7i, says he is well suited to successfully promote Kosovo&#146;s European agenda - President of the Republic of Kosovo - DR. VJOSA OSMANI - SADRIU","isPartOf":{"@id":"https:\/\/president-ksgov.net\/#website"},"primaryImageOfPage":{"@id":"https:\/\/president-ksgov.net\/presidenti-austriak-uron-presidentin-thaci-e-quan-njeri-te-duhur-per-promovimin-e-agjendes-evropiane-te-kosoves\/#primaryimage"},"image":{"@id":"https:\/\/president-ksgov.net\/presidenti-austriak-uron-presidentin-thaci-e-quan-njeri-te-duhur-per-promovimin-e-agjendes-evropiane-te-kosoves\/#primaryimage"},"thumbnailUrl":"https:\/\/president-ksgov.net\/wp-content\/uploads\/15_04_2016_6962170_Ambasadori_austriak.jpg","datePublished":"2016-04-15T14:35:15+00:00","dateModified":"2023-03-07T09:55:38+00:00","author":{"@id":"https:\/\/president-ksgov.net\/#\/schema\/person\/bb4337a5fb147cb2046d80548172cbee"},"description":"Austrian President Heinz Fischer congratulates President Tha\u00e7i, says he is well suited to successfully promote Kosovo&#146;s European agenda - President of the Republic of Kosovo - DR. VJOSA OSMANI - SADRIU -","breadcrumb":{"@id":"https:\/\/president-ksgov.net\/presidenti-austriak-uron-presidentin-thaci-e-quan-njeri-te-duhur-per-promovimin-e-agjendes-evropiane-te-kosoves\/#breadcrumb"},"inLanguage":"en-US","potentialAction":[{"@type":"ReadAction","target":["https:\/\/president-ksgov.net\/presidenti-austriak-uron-presidentin-thaci-e-quan-njeri-te-duhur-per-promovimin-e-agjendes-evropiane-te-kosoves\/"]}]},{"@type":"ImageObject","inLanguage":"en-US","@id":"https:\/\/president-ksgov.net\/presidenti-austriak-uron-presidentin-thaci-e-quan-njeri-te-duhur-per-promovimin-e-agjendes-evropiane-te-kosoves\/#primaryimage","url":"https:\/\/president-ksgov.net\/wp-content\/uploads\/15_04_2016_6962170_Ambasadori_austriak.jpg","contentUrl":"https:\/\/president-ksgov.net\/wp-content\/uploads\/15_04_2016_6962170_Ambasadori_austriak.jpg","width":2400,"height":1600},{"@type":"BreadcrumbList","@id":"https:\/\/president-ksgov.net\/presidenti-austriak-uron-presidentin-thaci-e-quan-njeri-te-duhur-per-promovimin-e-agjendes-evropiane-te-kosoves\/#breadcrumb","itemListElement":[{"@type":"ListItem","position":1,"name":"Home","item":"https:\/\/president-ksgov.net\/en\/"},{"@type":"ListItem","position":2,"name":"Austrian President Heinz Fischer congratulates President Tha\u00e7i, says he is well suited to successfully promote Kosovo&#146;s European agenda"}]},{"@type":"WebSite","@id":"https:\/\/president-ksgov.net\/#website","url":"https:\/\/president-ksgov.net\/","name":"Presidente e Republik\u00ebs s\u00eb Kosov\u00ebs","description":"Presidente e Republik\u00ebs s\u00eb Kosov\u00ebs","alternateName":"DR. VJOSA OSMANI - SADRIU","potentialAction":[{"@type":"SearchAction","target":{"@type":"EntryPoint","urlTemplate":"https:\/\/president-ksgov.net\/?s={search_term_string}"},"query-input":{"@type":"PropertyValueSpecification","valueRequired":true,"valueName":"search_term_string"}}],"inLanguage":"en-US"},{"@type":"Person","@id":"https:\/\/president-ksgov.net\/#\/schema\/person\/bb4337a5fb147cb2046d80548172cbee","name":"admin","image":{"@type":"ImageObject","inLanguage":"en-US","@id":"https:\/\/president-ksgov.net\/#\/schema\/person\/image\/","url":"https:\/\/secure.gravatar.com\/avatar\/36156ca0fa3b8d9d25174f146e16beea0cf28f37adf1b9e19b6c9c279a7c9dd3?s=96&d=mm&r=g","contentUrl":"https:\/\/secure.gravatar.com\/avatar\/36156ca0fa3b8d9d25174f146e16beea0cf28f37adf1b9e19b6c9c279a7c9dd3?s=96&d=mm&r=g","caption":"admin"},"sameAs":["https:\/\/president-ksgov.net"]}]}},"_links":{"self":[{"href":"https:\/\/president-ksgov.net\/en\/wp-json\/wp\/v2\/posts\/69276","targetHints":{"allow":["GET"]}}],"collection":[{"href":"https:\/\/president-ksgov.net\/en\/wp-json\/wp\/v2\/posts"}],"about":[{"href":"https:\/\/president-ksgov.net\/en\/wp-json\/wp\/v2\/types\/post"}],"author":[{"embeddable":true,"href":"https:\/\/president-ksgov.net\/en\/wp-json\/wp\/v2\/users\/1"}],"replies":[{"embeddable":true,"href":"https:\/\/president-ksgov.net\/en\/wp-json\/wp\/v2\/comments?post=69276"}],"version-history":[{"count":0,"href":"https:\/\/president-ksgov.net\/en\/wp-json\/wp\/v2\/posts\/69276\/revisions"}],"wp:featuredmedia":[{"embeddable":true,"href":"https:\/\/president-ksgov.net\/en\/wp-json\/wp\/v2\/media\/34649"}],"wp:attachment":[{"href":"https:\/\/president-ksgov.net\/en\/wp-json\/wp\/v2\/media?parent=69276"}],"wp:term":[{"taxonomy":"category","embeddable":true,"href":"https:\/\/president-ksgov.net\/en\/wp-json\/wp\/v2\/categories?post=69276"},{"taxonomy":"post_tag","embeddable":true,"href":"https:\/\/president-ksgov.net\/en\/wp-json\/wp\/v2\/tags?post=69276"}],"curies":[{"name":"wp","href":"https:\/\/api.w.org\/{rel}","templated":true}]}}