{"id":69259,"date":"2016-04-21T11:44:57","date_gmt":"2016-04-21T11:44:57","guid":{"rendered":"https:\/\/dev.president-ksgov.net\/president-thaci-meets-ulqin-mayor-the-albanian-community-an-important-bridge-between-the-two-countries\/"},"modified":"2023-03-07T09:55:13","modified_gmt":"2023-03-07T09:55:13","slug":"president-thaci-meets-ulqin-mayor-the-albanian-community-an-important-bridge-between-the-two-countries","status":"publish","type":"post","link":"https:\/\/president-ksgov.net\/en\/president-thaci-meets-ulqin-mayor-the-albanian-community-an-important-bridge-between-the-two-countries\/","title":{"rendered":"President Tha\u00e7i meets Ulqin mayor, the Albanian community an important bridge between the two countries"},"content":{"rendered":"<p>President of the Republic of Kosovo, Hashim Tha\u00e7i met today with the Mayor of Ulqin, Nazif Cungu, who is also chairman of the leading party of Albanians in Montenegro, &#8220;New Democratic Power&#8221;.<\/p>\n<p>President Tha\u00e7i assured the Mayor of Ulqin that Montenegro&#8217;s Albanians will always have his personal support and of the Republic of Kosovo, congratulating him for having reassumed the mayor&#8217;s post, and for the invitation Montenegro has received for membership into NATO.<\/p>\n<p>&#8220;The relations between the Republic of Kosovo and the Republic of Montenegro are increasingly improving and the Albanians in Montenegro are an important bridge of communication and connection between the two countries&#8221;, President Tha\u00e7i said.<br \/>\n\u00a0<br \/>\nMeanwhile, the Mayor of Ulqin, Nazif Cungu congratulated President Tha\u00e7i upon assuming the office of the head of state, and welcomed the calming of the political situation in Kosovo. &#8220;When Kosovo is calm, the Albanians living in their lands in others countries are calm too, but when Kosovo is tense, they feel much more anxious&#8221;, Mayor of Ulqin, Nazif Cungu said.<br \/>\n\u00a0<br \/>\nMayor of Ulqin informed President Tha\u00e7i of the socio-economic situation of the Albanian community and of the latest political developments in Montenegro.<\/p>\n<p>He also called on President Tha\u00e7i to lobby in Tirana and Podgorica to facilitate the passage of Kosovan tourists and diaspora at the Muriqa border crossing, where the queue of cars during the summer season is very long and people stand for hours waiting to cross the border. <\/p>\n<p>President Tha\u00e7i assured the mayor of Ulqin that he will pay attention to this issue and will discuss with representatives of neighboring countries, as soon as he will meet with them.<br \/>\n\u00a0<br \/>\nAlso, President Tha\u00e7i informed the Mayor of Ulqin, Nazif Cungu, that in the near future he will pay an official visit to Montenegro and, as an honorary citizen of Ulqin, he will certainly visit Ulqin again.<\/p>\n","protected":false},"excerpt":{"rendered":"<p>President of the Republic of Kosovo, Hashim Tha\u00e7i met today with the Mayor of Ulqin, Nazif Cungu, who is also chairman of the leading party of Albanians in Montenegro, &#8220;New Democratic Power&#8221;.<\/p>\n","protected":false},"author":1,"featured_media":34546,"comment_status":"open","ping_status":"closed","sticky":false,"template":"","format":"standard","meta":{"_eb_attr":"","footnotes":""},"categories":[111],"tags":[],"class_list":["post-69259","post","type-post","status-publish","format-standard","has-post-thumbnail","hentry","category-news"],"yoast_head":"<!-- This site is optimized with the Yoast SEO plugin v23.5 - https:\/\/yoast.com\/wordpress\/plugins\/seo\/ -->\n<title>President Tha\u00e7i meets Ulqin mayor, the Albanian community an important bridge between the two countries - President of the Republic of Kosovo - DR. VJOSA OSMANI - SADRIU<\/title>\n<meta name=\"description\" content=\"President Tha\u00e7i meets Ulqin mayor, the Albanian community an important bridge between the two countries - President of the Republic of Kosovo - DR. VJOSA OSMANI - SADRIU -\" \/>\n<meta name=\"robots\" content=\"index, follow, max-snippet:-1, max-image-preview:large, max-video-preview:-1\" \/>\n<link rel=\"canonical\" href=\"https:\/\/president-ksgov.net\/en\/president-thaci-meets-ulqin-mayor-the-albanian-community-an-important-bridge-between-the-two-countries\/\" \/>\n<meta property=\"og:locale\" content=\"en_US\" \/>\n<meta property=\"og:type\" content=\"article\" \/>\n<meta property=\"og:title\" content=\"President Tha\u00e7i meets Ulqin mayor, the Albanian community an important bridge between the two countries - President of the Republic of Kosovo - DR. VJOSA OSMANI - SADRIU\" \/>\n<meta property=\"og:description\" content=\"President Tha\u00e7i meets Ulqin mayor, the Albanian community an important bridge between the two countries - President of the Republic of Kosovo - DR. VJOSA OSMANI - SADRIU -\" \/>\n<meta property=\"og:url\" content=\"https:\/\/president-ksgov.net\/en\/president-thaci-meets-ulqin-mayor-the-albanian-community-an-important-bridge-between-the-two-countries\/\" \/>\n<meta property=\"og:site_name\" content=\"President of the Republic of Kosovo - DR. VJOSA OSMANI - SADRIU\" \/>\n<meta property=\"article:published_time\" content=\"2016-04-21T11:44:57+00:00\" \/>\n<meta property=\"article:modified_time\" content=\"2023-03-07T09:55:13+00:00\" \/>\n<meta property=\"og:image\" content=\"https:\/\/president-ksgov.net\/wp-content\/uploads\/21_04_2016_6605109_ul_01.jpg\" \/>\n\t<meta property=\"og:image:width\" content=\"1000\" \/>\n\t<meta property=\"og:image:height\" content=\"689\" \/>\n\t<meta property=\"og:image:type\" content=\"image\/jpeg\" \/>\n<meta name=\"author\" content=\"admin\" \/>\n<meta name=\"twitter:card\" content=\"summary_large_image\" \/>\n<meta name=\"twitter:label1\" content=\"Written by\" \/>\n\t<meta name=\"twitter:data1\" content=\"admin\" \/>\n\t<meta name=\"twitter:label2\" content=\"Est. reading time\" \/>\n\t<meta name=\"twitter:data2\" content=\"2 minutes\" \/>\n<script type=\"application\/ld+json\" class=\"yoast-schema-graph\">{\"@context\":\"https:\/\/schema.org\",\"@graph\":[{\"@type\":\"WebPage\",\"@id\":\"https:\/\/president-ksgov.net\/en\/president-thaci-meets-ulqin-mayor-the-albanian-community-an-important-bridge-between-the-two-countries\/\",\"url\":\"https:\/\/president-ksgov.net\/en\/president-thaci-meets-ulqin-mayor-the-albanian-community-an-important-bridge-between-the-two-countries\/\",\"name\":\"President Tha\u00e7i meets Ulqin mayor, the Albanian community an important bridge between the two countries - President of the Republic of Kosovo - DR. VJOSA OSMANI - SADRIU\",\"isPartOf\":{\"@id\":\"https:\/\/president-ksgov.net\/#website\"},\"primaryImageOfPage\":{\"@id\":\"https:\/\/president-ksgov.net\/en\/president-thaci-meets-ulqin-mayor-the-albanian-community-an-important-bridge-between-the-two-countries\/#primaryimage\"},\"image\":{\"@id\":\"https:\/\/president-ksgov.net\/en\/president-thaci-meets-ulqin-mayor-the-albanian-community-an-important-bridge-between-the-two-countries\/#primaryimage\"},\"thumbnailUrl\":\"https:\/\/president-ksgov.net\/wp-content\/uploads\/21_04_2016_6605109_ul_01.jpg\",\"datePublished\":\"2016-04-21T11:44:57+00:00\",\"dateModified\":\"2023-03-07T09:55:13+00:00\",\"author\":{\"@id\":\"https:\/\/president-ksgov.net\/#\/schema\/person\/bb4337a5fb147cb2046d80548172cbee\"},\"description\":\"President Tha\u00e7i meets Ulqin mayor, the Albanian community an important bridge between the two countries - President of the Republic of Kosovo - DR. VJOSA OSMANI - SADRIU -\",\"breadcrumb\":{\"@id\":\"https:\/\/president-ksgov.net\/en\/president-thaci-meets-ulqin-mayor-the-albanian-community-an-important-bridge-between-the-two-countries\/#breadcrumb\"},\"inLanguage\":\"en-US\",\"potentialAction\":[{\"@type\":\"ReadAction\",\"target\":[\"https:\/\/president-ksgov.net\/en\/president-thaci-meets-ulqin-mayor-the-albanian-community-an-important-bridge-between-the-two-countries\/\"]}]},{\"@type\":\"ImageObject\",\"inLanguage\":\"en-US\",\"@id\":\"https:\/\/president-ksgov.net\/en\/president-thaci-meets-ulqin-mayor-the-albanian-community-an-important-bridge-between-the-two-countries\/#primaryimage\",\"url\":\"https:\/\/president-ksgov.net\/wp-content\/uploads\/21_04_2016_6605109_ul_01.jpg\",\"contentUrl\":\"https:\/\/president-ksgov.net\/wp-content\/uploads\/21_04_2016_6605109_ul_01.jpg\",\"width\":1000,\"height\":689},{\"@type\":\"BreadcrumbList\",\"@id\":\"https:\/\/president-ksgov.net\/en\/president-thaci-meets-ulqin-mayor-the-albanian-community-an-important-bridge-between-the-two-countries\/#breadcrumb\",\"itemListElement\":[{\"@type\":\"ListItem\",\"position\":1,\"name\":\"Home\",\"item\":\"https:\/\/president-ksgov.net\/en\/\"},{\"@type\":\"ListItem\",\"position\":2,\"name\":\"President Tha\u00e7i meets Ulqin mayor, the Albanian community an important bridge between the two countries\"}]},{\"@type\":\"WebSite\",\"@id\":\"https:\/\/president-ksgov.net\/#website\",\"url\":\"https:\/\/president-ksgov.net\/\",\"name\":\"Presidente e Republik\u00ebs s\u00eb Kosov\u00ebs\",\"description\":\"Presidente e Republik\u00ebs s\u00eb Kosov\u00ebs\",\"alternateName\":\"DR. VJOSA OSMANI - SADRIU\",\"potentialAction\":[{\"@type\":\"SearchAction\",\"target\":{\"@type\":\"EntryPoint\",\"urlTemplate\":\"https:\/\/president-ksgov.net\/?s={search_term_string}\"},\"query-input\":{\"@type\":\"PropertyValueSpecification\",\"valueRequired\":true,\"valueName\":\"search_term_string\"}}],\"inLanguage\":\"en-US\"},{\"@type\":\"Person\",\"@id\":\"https:\/\/president-ksgov.net\/#\/schema\/person\/bb4337a5fb147cb2046d80548172cbee\",\"name\":\"admin\",\"image\":{\"@type\":\"ImageObject\",\"inLanguage\":\"en-US\",\"@id\":\"https:\/\/president-ksgov.net\/#\/schema\/person\/image\/\",\"url\":\"https:\/\/secure.gravatar.com\/avatar\/36156ca0fa3b8d9d25174f146e16beea0cf28f37adf1b9e19b6c9c279a7c9dd3?s=96&d=mm&r=g\",\"contentUrl\":\"https:\/\/secure.gravatar.com\/avatar\/36156ca0fa3b8d9d25174f146e16beea0cf28f37adf1b9e19b6c9c279a7c9dd3?s=96&d=mm&r=g\",\"caption\":\"admin\"},\"sameAs\":[\"https:\/\/president-ksgov.net\"]}]}<\/script>\n<!-- \/ Yoast SEO plugin. -->","yoast_head_json":{"title":"President Tha\u00e7i meets Ulqin mayor, the Albanian community an important bridge between the two countries - President of the Republic of Kosovo - DR. VJOSA OSMANI - SADRIU","description":"President Tha\u00e7i meets Ulqin mayor, the Albanian community an important bridge between the two countries - President of the Republic of Kosovo - DR. VJOSA OSMANI - SADRIU -","robots":{"index":"index","follow":"follow","max-snippet":"max-snippet:-1","max-image-preview":"max-image-preview:large","max-video-preview":"max-video-preview:-1"},"canonical":"https:\/\/president-ksgov.net\/en\/president-thaci-meets-ulqin-mayor-the-albanian-community-an-important-bridge-between-the-two-countries\/","og_locale":"en_US","og_type":"article","og_title":"President Tha\u00e7i meets Ulqin mayor, the Albanian community an important bridge between the two countries - President of the Republic of Kosovo - DR. VJOSA OSMANI - SADRIU","og_description":"President Tha\u00e7i meets Ulqin mayor, the Albanian community an important bridge between the two countries - President of the Republic of Kosovo - DR. VJOSA OSMANI - SADRIU -","og_url":"https:\/\/president-ksgov.net\/en\/president-thaci-meets-ulqin-mayor-the-albanian-community-an-important-bridge-between-the-two-countries\/","og_site_name":"President of the Republic of Kosovo - DR. VJOSA OSMANI - SADRIU","article_published_time":"2016-04-21T11:44:57+00:00","article_modified_time":"2023-03-07T09:55:13+00:00","og_image":[{"width":1000,"height":689,"url":"https:\/\/president-ksgov.net\/wp-content\/uploads\/21_04_2016_6605109_ul_01.jpg","type":"image\/jpeg"}],"author":"admin","twitter_card":"summary_large_image","twitter_misc":{"Written by":"admin","Est. reading time":"2 minutes"},"schema":{"@context":"https:\/\/schema.org","@graph":[{"@type":"WebPage","@id":"https:\/\/president-ksgov.net\/en\/president-thaci-meets-ulqin-mayor-the-albanian-community-an-important-bridge-between-the-two-countries\/","url":"https:\/\/president-ksgov.net\/en\/president-thaci-meets-ulqin-mayor-the-albanian-community-an-important-bridge-between-the-two-countries\/","name":"President Tha\u00e7i meets Ulqin mayor, the Albanian community an important bridge between the two countries - President of the Republic of Kosovo - DR. VJOSA OSMANI - SADRIU","isPartOf":{"@id":"https:\/\/president-ksgov.net\/#website"},"primaryImageOfPage":{"@id":"https:\/\/president-ksgov.net\/en\/president-thaci-meets-ulqin-mayor-the-albanian-community-an-important-bridge-between-the-two-countries\/#primaryimage"},"image":{"@id":"https:\/\/president-ksgov.net\/en\/president-thaci-meets-ulqin-mayor-the-albanian-community-an-important-bridge-between-the-two-countries\/#primaryimage"},"thumbnailUrl":"https:\/\/president-ksgov.net\/wp-content\/uploads\/21_04_2016_6605109_ul_01.jpg","datePublished":"2016-04-21T11:44:57+00:00","dateModified":"2023-03-07T09:55:13+00:00","author":{"@id":"https:\/\/president-ksgov.net\/#\/schema\/person\/bb4337a5fb147cb2046d80548172cbee"},"description":"President Tha\u00e7i meets Ulqin mayor, the Albanian community an important bridge between the two countries - President of the Republic of Kosovo - DR. VJOSA OSMANI - SADRIU -","breadcrumb":{"@id":"https:\/\/president-ksgov.net\/en\/president-thaci-meets-ulqin-mayor-the-albanian-community-an-important-bridge-between-the-two-countries\/#breadcrumb"},"inLanguage":"en-US","potentialAction":[{"@type":"ReadAction","target":["https:\/\/president-ksgov.net\/en\/president-thaci-meets-ulqin-mayor-the-albanian-community-an-important-bridge-between-the-two-countries\/"]}]},{"@type":"ImageObject","inLanguage":"en-US","@id":"https:\/\/president-ksgov.net\/en\/president-thaci-meets-ulqin-mayor-the-albanian-community-an-important-bridge-between-the-two-countries\/#primaryimage","url":"https:\/\/president-ksgov.net\/wp-content\/uploads\/21_04_2016_6605109_ul_01.jpg","contentUrl":"https:\/\/president-ksgov.net\/wp-content\/uploads\/21_04_2016_6605109_ul_01.jpg","width":1000,"height":689},{"@type":"BreadcrumbList","@id":"https:\/\/president-ksgov.net\/en\/president-thaci-meets-ulqin-mayor-the-albanian-community-an-important-bridge-between-the-two-countries\/#breadcrumb","itemListElement":[{"@type":"ListItem","position":1,"name":"Home","item":"https:\/\/president-ksgov.net\/en\/"},{"@type":"ListItem","position":2,"name":"President Tha\u00e7i meets Ulqin mayor, the Albanian community an important bridge between the two countries"}]},{"@type":"WebSite","@id":"https:\/\/president-ksgov.net\/#website","url":"https:\/\/president-ksgov.net\/","name":"Presidente e Republik\u00ebs s\u00eb Kosov\u00ebs","description":"Presidente e Republik\u00ebs s\u00eb Kosov\u00ebs","alternateName":"DR. VJOSA OSMANI - SADRIU","potentialAction":[{"@type":"SearchAction","target":{"@type":"EntryPoint","urlTemplate":"https:\/\/president-ksgov.net\/?s={search_term_string}"},"query-input":{"@type":"PropertyValueSpecification","valueRequired":true,"valueName":"search_term_string"}}],"inLanguage":"en-US"},{"@type":"Person","@id":"https:\/\/president-ksgov.net\/#\/schema\/person\/bb4337a5fb147cb2046d80548172cbee","name":"admin","image":{"@type":"ImageObject","inLanguage":"en-US","@id":"https:\/\/president-ksgov.net\/#\/schema\/person\/image\/","url":"https:\/\/secure.gravatar.com\/avatar\/36156ca0fa3b8d9d25174f146e16beea0cf28f37adf1b9e19b6c9c279a7c9dd3?s=96&d=mm&r=g","contentUrl":"https:\/\/secure.gravatar.com\/avatar\/36156ca0fa3b8d9d25174f146e16beea0cf28f37adf1b9e19b6c9c279a7c9dd3?s=96&d=mm&r=g","caption":"admin"},"sameAs":["https:\/\/president-ksgov.net"]}]}},"_links":{"self":[{"href":"https:\/\/president-ksgov.net\/en\/wp-json\/wp\/v2\/posts\/69259","targetHints":{"allow":["GET"]}}],"collection":[{"href":"https:\/\/president-ksgov.net\/en\/wp-json\/wp\/v2\/posts"}],"about":[{"href":"https:\/\/president-ksgov.net\/en\/wp-json\/wp\/v2\/types\/post"}],"author":[{"embeddable":true,"href":"https:\/\/president-ksgov.net\/en\/wp-json\/wp\/v2\/users\/1"}],"replies":[{"embeddable":true,"href":"https:\/\/president-ksgov.net\/en\/wp-json\/wp\/v2\/comments?post=69259"}],"version-history":[{"count":0,"href":"https:\/\/president-ksgov.net\/en\/wp-json\/wp\/v2\/posts\/69259\/revisions"}],"wp:featuredmedia":[{"embeddable":true,"href":"https:\/\/president-ksgov.net\/en\/wp-json\/wp\/v2\/media\/34546"}],"wp:attachment":[{"href":"https:\/\/president-ksgov.net\/en\/wp-json\/wp\/v2\/media?parent=69259"}],"wp:term":[{"taxonomy":"category","embeddable":true,"href":"https:\/\/president-ksgov.net\/en\/wp-json\/wp\/v2\/categories?post=69259"},{"taxonomy":"post_tag","embeddable":true,"href":"https:\/\/president-ksgov.net\/en\/wp-json\/wp\/v2\/tags?post=69259"}],"curies":[{"name":"wp","href":"https:\/\/api.w.org\/{rel}","templated":true}]}}