{"id":69236,"date":"2016-04-26T14:45:38","date_gmt":"2016-04-26T14:45:38","guid":{"rendered":"https:\/\/dev.president-ksgov.net\/president-thaci-meets-the-director-of-the-council-for-protection-of-human-rights-and-freedoms-behxhet-shala\/"},"modified":"2023-03-07T09:54:48","modified_gmt":"2023-03-07T09:54:48","slug":"president-thaci-meets-the-director-of-the-council-for-protection-of-human-rights-and-freedoms-behxhet-shala","status":"publish","type":"post","link":"https:\/\/president-ksgov.net\/en\/president-thaci-meets-the-director-of-the-council-for-protection-of-human-rights-and-freedoms-behxhet-shala\/","title":{"rendered":"President Tha\u00e7i meets the director of the Council for Protection of Human Rights and Freedoms, Behxhet Shala"},"content":{"rendered":"<p>President of the Republic of Kosovo, Hashim Tha\u00e7i met today with the director of the Council for Protection of Human Rights and Freedoms, CPHRF (KMDLNJ).<\/p>\n<p>&#8220;It is among the first human rights organizations in Kosovo&#8221;, President Tha\u00e7i said, praising its work before the war, in reporting human rights violations in Kosovo.\u00a0 <\/p>\n<p>&#8220;Your work is important for our past, but even more important for the future of Kosovo&#8221;, President Tha\u00e7i added.<\/p>\n<p>&#8220;Your role lies in the identification and promotion of human rights&#8221;, he stressed.<br \/>\n\u00a0<br \/>\nOn the other hand, the director of the CRPHR, Shala said that, when it comes to human rights, Kosovo is many respects better than the countries in the region, although this should be assessed in the context of Kosovo&#8217;s limited capacity due to country&#8217;s overall development.<br \/>\n\u00a0<br \/>\nCRPHR&#8217;s role in strengthening democracy, through monitoring elections and inclusion in the electoral reform, monitoring of judicial processes and of the situation in Kosovo&#8217;s prisons were among others topics discussed at this meeting.<br \/>\n\u00a0<br \/>\n&#8220;CRPHR needs to further strengthen its role&#8221;, President Tha\u00e7i concluded, thus reconfirming his support for this institutions as President of Kosovo.<\/p>\n","protected":false},"excerpt":{"rendered":"<p>President of the Republic of Kosovo, Hashim Tha\u00e7i met today with the director of the Council for Protection of Human Rights and Freedoms, CPHRF (KMDLNJ).<\/p>\n","protected":false},"author":1,"featured_media":34461,"comment_status":"open","ping_status":"closed","sticky":false,"template":"","format":"standard","meta":{"_eb_attr":"","footnotes":""},"categories":[111],"tags":[],"class_list":["post-69236","post","type-post","status-publish","format-standard","has-post-thumbnail","hentry","category-news"],"yoast_head":"<!-- This site is optimized with the Yoast SEO plugin v23.5 - https:\/\/yoast.com\/wordpress\/plugins\/seo\/ -->\n<title>President Tha\u00e7i meets the director of the Council for Protection of Human Rights and Freedoms, Behxhet Shala - President of the Republic of Kosovo - DR. VJOSA OSMANI - SADRIU<\/title>\n<meta name=\"description\" content=\"President Tha\u00e7i meets the director of the Council for Protection of Human Rights and Freedoms, Behxhet Shala - President of the Republic of Kosovo - DR. VJOSA OSMANI - SADRIU -\" \/>\n<meta name=\"robots\" content=\"index, follow, max-snippet:-1, max-image-preview:large, max-video-preview:-1\" \/>\n<link rel=\"canonical\" href=\"https:\/\/president-ksgov.net\/en\/president-thaci-meets-the-director-of-the-council-for-protection-of-human-rights-and-freedoms-behxhet-shala\/\" \/>\n<meta property=\"og:locale\" content=\"en_US\" \/>\n<meta property=\"og:type\" content=\"article\" \/>\n<meta property=\"og:title\" content=\"President Tha\u00e7i meets the director of the Council for Protection of Human Rights and Freedoms, Behxhet Shala - President of the Republic of Kosovo - DR. VJOSA OSMANI - SADRIU\" \/>\n<meta property=\"og:description\" content=\"President Tha\u00e7i meets the director of the Council for Protection of Human Rights and Freedoms, Behxhet Shala - President of the Republic of Kosovo - DR. VJOSA OSMANI - SADRIU -\" \/>\n<meta property=\"og:url\" content=\"https:\/\/president-ksgov.net\/en\/president-thaci-meets-the-director-of-the-council-for-protection-of-human-rights-and-freedoms-behxhet-shala\/\" \/>\n<meta property=\"og:site_name\" content=\"President of the Republic of Kosovo - DR. VJOSA OSMANI - SADRIU\" \/>\n<meta property=\"article:published_time\" content=\"2016-04-26T14:45:38+00:00\" \/>\n<meta property=\"article:modified_time\" content=\"2023-03-07T09:54:48+00:00\" \/>\n<meta property=\"og:image\" content=\"https:\/\/president-ksgov.net\/wp-content\/uploads\/26_04_2016_8811396_01.jpg\" \/>\n\t<meta property=\"og:image:width\" content=\"2400\" \/>\n\t<meta property=\"og:image:height\" content=\"1600\" \/>\n\t<meta property=\"og:image:type\" content=\"image\/jpeg\" \/>\n<meta name=\"author\" content=\"admin\" \/>\n<meta name=\"twitter:card\" content=\"summary_large_image\" \/>\n<meta name=\"twitter:label1\" content=\"Written by\" \/>\n\t<meta name=\"twitter:data1\" content=\"admin\" \/>\n\t<meta name=\"twitter:label2\" content=\"Est. reading time\" \/>\n\t<meta name=\"twitter:data2\" content=\"1 minute\" \/>\n<script type=\"application\/ld+json\" class=\"yoast-schema-graph\">{\"@context\":\"https:\/\/schema.org\",\"@graph\":[{\"@type\":\"WebPage\",\"@id\":\"https:\/\/president-ksgov.net\/en\/president-thaci-meets-the-director-of-the-council-for-protection-of-human-rights-and-freedoms-behxhet-shala\/\",\"url\":\"https:\/\/president-ksgov.net\/en\/president-thaci-meets-the-director-of-the-council-for-protection-of-human-rights-and-freedoms-behxhet-shala\/\",\"name\":\"President Tha\u00e7i meets the director of the Council for Protection of Human Rights and Freedoms, Behxhet Shala - President of the Republic of Kosovo - DR. VJOSA OSMANI - SADRIU\",\"isPartOf\":{\"@id\":\"https:\/\/president-ksgov.net\/#website\"},\"primaryImageOfPage\":{\"@id\":\"https:\/\/president-ksgov.net\/en\/president-thaci-meets-the-director-of-the-council-for-protection-of-human-rights-and-freedoms-behxhet-shala\/#primaryimage\"},\"image\":{\"@id\":\"https:\/\/president-ksgov.net\/en\/president-thaci-meets-the-director-of-the-council-for-protection-of-human-rights-and-freedoms-behxhet-shala\/#primaryimage\"},\"thumbnailUrl\":\"https:\/\/president-ksgov.net\/wp-content\/uploads\/26_04_2016_8811396_01.jpg\",\"datePublished\":\"2016-04-26T14:45:38+00:00\",\"dateModified\":\"2023-03-07T09:54:48+00:00\",\"author\":{\"@id\":\"https:\/\/president-ksgov.net\/#\/schema\/person\/bb4337a5fb147cb2046d80548172cbee\"},\"description\":\"President Tha\u00e7i meets the director of the Council for Protection of Human Rights and Freedoms, Behxhet Shala - President of the Republic of Kosovo - DR. VJOSA OSMANI - SADRIU -\",\"breadcrumb\":{\"@id\":\"https:\/\/president-ksgov.net\/en\/president-thaci-meets-the-director-of-the-council-for-protection-of-human-rights-and-freedoms-behxhet-shala\/#breadcrumb\"},\"inLanguage\":\"en-US\",\"potentialAction\":[{\"@type\":\"ReadAction\",\"target\":[\"https:\/\/president-ksgov.net\/en\/president-thaci-meets-the-director-of-the-council-for-protection-of-human-rights-and-freedoms-behxhet-shala\/\"]}]},{\"@type\":\"ImageObject\",\"inLanguage\":\"en-US\",\"@id\":\"https:\/\/president-ksgov.net\/en\/president-thaci-meets-the-director-of-the-council-for-protection-of-human-rights-and-freedoms-behxhet-shala\/#primaryimage\",\"url\":\"https:\/\/president-ksgov.net\/wp-content\/uploads\/26_04_2016_8811396_01.jpg\",\"contentUrl\":\"https:\/\/president-ksgov.net\/wp-content\/uploads\/26_04_2016_8811396_01.jpg\",\"width\":2400,\"height\":1600},{\"@type\":\"BreadcrumbList\",\"@id\":\"https:\/\/president-ksgov.net\/en\/president-thaci-meets-the-director-of-the-council-for-protection-of-human-rights-and-freedoms-behxhet-shala\/#breadcrumb\",\"itemListElement\":[{\"@type\":\"ListItem\",\"position\":1,\"name\":\"Home\",\"item\":\"https:\/\/president-ksgov.net\/en\/\"},{\"@type\":\"ListItem\",\"position\":2,\"name\":\"President Tha\u00e7i meets the director of the Council for Protection of Human Rights and Freedoms, Behxhet Shala\"}]},{\"@type\":\"WebSite\",\"@id\":\"https:\/\/president-ksgov.net\/#website\",\"url\":\"https:\/\/president-ksgov.net\/\",\"name\":\"Presidente e Republik\u00ebs s\u00eb Kosov\u00ebs\",\"description\":\"Presidente e Republik\u00ebs s\u00eb Kosov\u00ebs\",\"alternateName\":\"DR. VJOSA OSMANI - SADRIU\",\"potentialAction\":[{\"@type\":\"SearchAction\",\"target\":{\"@type\":\"EntryPoint\",\"urlTemplate\":\"https:\/\/president-ksgov.net\/?s={search_term_string}\"},\"query-input\":{\"@type\":\"PropertyValueSpecification\",\"valueRequired\":true,\"valueName\":\"search_term_string\"}}],\"inLanguage\":\"en-US\"},{\"@type\":\"Person\",\"@id\":\"https:\/\/president-ksgov.net\/#\/schema\/person\/bb4337a5fb147cb2046d80548172cbee\",\"name\":\"admin\",\"image\":{\"@type\":\"ImageObject\",\"inLanguage\":\"en-US\",\"@id\":\"https:\/\/president-ksgov.net\/#\/schema\/person\/image\/\",\"url\":\"https:\/\/secure.gravatar.com\/avatar\/36156ca0fa3b8d9d25174f146e16beea0cf28f37adf1b9e19b6c9c279a7c9dd3?s=96&d=mm&r=g\",\"contentUrl\":\"https:\/\/secure.gravatar.com\/avatar\/36156ca0fa3b8d9d25174f146e16beea0cf28f37adf1b9e19b6c9c279a7c9dd3?s=96&d=mm&r=g\",\"caption\":\"admin\"},\"sameAs\":[\"https:\/\/president-ksgov.net\"]}]}<\/script>\n<!-- \/ Yoast SEO plugin. -->","yoast_head_json":{"title":"President Tha\u00e7i meets the director of the Council for Protection of Human Rights and Freedoms, Behxhet Shala - President of the Republic of Kosovo - DR. VJOSA OSMANI - SADRIU","description":"President Tha\u00e7i meets the director of the Council for Protection of Human Rights and Freedoms, Behxhet Shala - President of the Republic of Kosovo - DR. VJOSA OSMANI - SADRIU -","robots":{"index":"index","follow":"follow","max-snippet":"max-snippet:-1","max-image-preview":"max-image-preview:large","max-video-preview":"max-video-preview:-1"},"canonical":"https:\/\/president-ksgov.net\/en\/president-thaci-meets-the-director-of-the-council-for-protection-of-human-rights-and-freedoms-behxhet-shala\/","og_locale":"en_US","og_type":"article","og_title":"President Tha\u00e7i meets the director of the Council for Protection of Human Rights and Freedoms, Behxhet Shala - President of the Republic of Kosovo - DR. VJOSA OSMANI - SADRIU","og_description":"President Tha\u00e7i meets the director of the Council for Protection of Human Rights and Freedoms, Behxhet Shala - President of the Republic of Kosovo - DR. VJOSA OSMANI - SADRIU -","og_url":"https:\/\/president-ksgov.net\/en\/president-thaci-meets-the-director-of-the-council-for-protection-of-human-rights-and-freedoms-behxhet-shala\/","og_site_name":"President of the Republic of Kosovo - DR. VJOSA OSMANI - SADRIU","article_published_time":"2016-04-26T14:45:38+00:00","article_modified_time":"2023-03-07T09:54:48+00:00","og_image":[{"width":2400,"height":1600,"url":"https:\/\/president-ksgov.net\/wp-content\/uploads\/26_04_2016_8811396_01.jpg","type":"image\/jpeg"}],"author":"admin","twitter_card":"summary_large_image","twitter_misc":{"Written by":"admin","Est. reading time":"1 minute"},"schema":{"@context":"https:\/\/schema.org","@graph":[{"@type":"WebPage","@id":"https:\/\/president-ksgov.net\/en\/president-thaci-meets-the-director-of-the-council-for-protection-of-human-rights-and-freedoms-behxhet-shala\/","url":"https:\/\/president-ksgov.net\/en\/president-thaci-meets-the-director-of-the-council-for-protection-of-human-rights-and-freedoms-behxhet-shala\/","name":"President Tha\u00e7i meets the director of the Council for Protection of Human Rights and Freedoms, Behxhet Shala - President of the Republic of Kosovo - DR. VJOSA OSMANI - SADRIU","isPartOf":{"@id":"https:\/\/president-ksgov.net\/#website"},"primaryImageOfPage":{"@id":"https:\/\/president-ksgov.net\/en\/president-thaci-meets-the-director-of-the-council-for-protection-of-human-rights-and-freedoms-behxhet-shala\/#primaryimage"},"image":{"@id":"https:\/\/president-ksgov.net\/en\/president-thaci-meets-the-director-of-the-council-for-protection-of-human-rights-and-freedoms-behxhet-shala\/#primaryimage"},"thumbnailUrl":"https:\/\/president-ksgov.net\/wp-content\/uploads\/26_04_2016_8811396_01.jpg","datePublished":"2016-04-26T14:45:38+00:00","dateModified":"2023-03-07T09:54:48+00:00","author":{"@id":"https:\/\/president-ksgov.net\/#\/schema\/person\/bb4337a5fb147cb2046d80548172cbee"},"description":"President Tha\u00e7i meets the director of the Council for Protection of Human Rights and Freedoms, Behxhet Shala - President of the Republic of Kosovo - DR. VJOSA OSMANI - SADRIU -","breadcrumb":{"@id":"https:\/\/president-ksgov.net\/en\/president-thaci-meets-the-director-of-the-council-for-protection-of-human-rights-and-freedoms-behxhet-shala\/#breadcrumb"},"inLanguage":"en-US","potentialAction":[{"@type":"ReadAction","target":["https:\/\/president-ksgov.net\/en\/president-thaci-meets-the-director-of-the-council-for-protection-of-human-rights-and-freedoms-behxhet-shala\/"]}]},{"@type":"ImageObject","inLanguage":"en-US","@id":"https:\/\/president-ksgov.net\/en\/president-thaci-meets-the-director-of-the-council-for-protection-of-human-rights-and-freedoms-behxhet-shala\/#primaryimage","url":"https:\/\/president-ksgov.net\/wp-content\/uploads\/26_04_2016_8811396_01.jpg","contentUrl":"https:\/\/president-ksgov.net\/wp-content\/uploads\/26_04_2016_8811396_01.jpg","width":2400,"height":1600},{"@type":"BreadcrumbList","@id":"https:\/\/president-ksgov.net\/en\/president-thaci-meets-the-director-of-the-council-for-protection-of-human-rights-and-freedoms-behxhet-shala\/#breadcrumb","itemListElement":[{"@type":"ListItem","position":1,"name":"Home","item":"https:\/\/president-ksgov.net\/en\/"},{"@type":"ListItem","position":2,"name":"President Tha\u00e7i meets the director of the Council for Protection of Human Rights and Freedoms, Behxhet Shala"}]},{"@type":"WebSite","@id":"https:\/\/president-ksgov.net\/#website","url":"https:\/\/president-ksgov.net\/","name":"Presidente e Republik\u00ebs s\u00eb Kosov\u00ebs","description":"Presidente e Republik\u00ebs s\u00eb Kosov\u00ebs","alternateName":"DR. VJOSA OSMANI - SADRIU","potentialAction":[{"@type":"SearchAction","target":{"@type":"EntryPoint","urlTemplate":"https:\/\/president-ksgov.net\/?s={search_term_string}"},"query-input":{"@type":"PropertyValueSpecification","valueRequired":true,"valueName":"search_term_string"}}],"inLanguage":"en-US"},{"@type":"Person","@id":"https:\/\/president-ksgov.net\/#\/schema\/person\/bb4337a5fb147cb2046d80548172cbee","name":"admin","image":{"@type":"ImageObject","inLanguage":"en-US","@id":"https:\/\/president-ksgov.net\/#\/schema\/person\/image\/","url":"https:\/\/secure.gravatar.com\/avatar\/36156ca0fa3b8d9d25174f146e16beea0cf28f37adf1b9e19b6c9c279a7c9dd3?s=96&d=mm&r=g","contentUrl":"https:\/\/secure.gravatar.com\/avatar\/36156ca0fa3b8d9d25174f146e16beea0cf28f37adf1b9e19b6c9c279a7c9dd3?s=96&d=mm&r=g","caption":"admin"},"sameAs":["https:\/\/president-ksgov.net"]}]}},"_links":{"self":[{"href":"https:\/\/president-ksgov.net\/en\/wp-json\/wp\/v2\/posts\/69236","targetHints":{"allow":["GET"]}}],"collection":[{"href":"https:\/\/president-ksgov.net\/en\/wp-json\/wp\/v2\/posts"}],"about":[{"href":"https:\/\/president-ksgov.net\/en\/wp-json\/wp\/v2\/types\/post"}],"author":[{"embeddable":true,"href":"https:\/\/president-ksgov.net\/en\/wp-json\/wp\/v2\/users\/1"}],"replies":[{"embeddable":true,"href":"https:\/\/president-ksgov.net\/en\/wp-json\/wp\/v2\/comments?post=69236"}],"version-history":[{"count":0,"href":"https:\/\/president-ksgov.net\/en\/wp-json\/wp\/v2\/posts\/69236\/revisions"}],"wp:featuredmedia":[{"embeddable":true,"href":"https:\/\/president-ksgov.net\/en\/wp-json\/wp\/v2\/media\/34461"}],"wp:attachment":[{"href":"https:\/\/president-ksgov.net\/en\/wp-json\/wp\/v2\/media?parent=69236"}],"wp:term":[{"taxonomy":"category","embeddable":true,"href":"https:\/\/president-ksgov.net\/en\/wp-json\/wp\/v2\/categories?post=69236"},{"taxonomy":"post_tag","embeddable":true,"href":"https:\/\/president-ksgov.net\/en\/wp-json\/wp\/v2\/tags?post=69236"}],"curies":[{"name":"wp","href":"https:\/\/api.w.org\/{rel}","templated":true}]}}