{"id":69222,"date":"2016-04-29T17:08:35","date_gmt":"2016-04-29T17:08:35","guid":{"rendered":"https:\/\/dev.president-ksgov.net\/president-thaci-ilaz-kodra-fought-for-the-freedom-of-kosovo-now-we-have-joined-forces-to-further-strengthen-our-country\/"},"modified":"2023-03-07T09:54:26","modified_gmt":"2023-03-07T09:54:26","slug":"president-thaci-ilaz-kodra-fought-for-the-freedom-of-kosovo-now-we-have-joined-forces-to-further-strengthen-our-country","status":"publish","type":"post","link":"https:\/\/president-ksgov.net\/en\/president-thaci-ilaz-kodra-fought-for-the-freedom-of-kosovo-now-we-have-joined-forces-to-further-strengthen-our-country\/","title":{"rendered":"President Tha\u00e7i: Ilaz Kodra fought for the freedom of Kosovo, now we have joined forces to further strengthen our country"},"content":{"rendered":"<p>President of the Republic of Kosovo, Hashim Tha\u00e7i attended today the commemoration service on the occasion of the 17th anniversary of the fall of the commander of Brigade 114, Ilaz Kodra.<\/p>\n<p>President Tha\u00e7i said that Brigade 114 lead by Fehmi Lladrovci and Ilaz Kodra revealed two fundamental features of the Kosovo Liberation Army, which emerged from the will, ideals and dreams of our people for freedom and independence.<\/p>\n<p>Firstly, President Tha\u00e7i said that its leaders were both fighters and commanders, commanders and soldiers, leaders and organizers of the struggle for freedom.<\/p>\n<p>Secondly, he added, the leaders of the Liberation Army, just as the legendary commander Adem Jashari, fell at the forefront of battles.<br \/>\n&#8220;Kosovo Liberation Army is rightly considered as the most successful guerilla of the twentieth century. Because our people were the army itself&#8221;, President Tha\u00e7i stressed.<\/p>\n<p>Today, as we remember Kosovo&#8217;s hero, Ilaz Kodra, President Tha\u00e7i said that we pay the highest state and institutions honors to one of our very first fighters. &#8220;We honor all those who with their vision, persistence, determination and dedication sacrificed their lives for the freedom of Kosovo. We honor those who with their right philosophy and attitude succeeded in securing the support of the democratic world, the United States of America, the European Union and NATO, so that Kosovo is once and for all free, democratic and independent&#8221;, he said.<\/p>\n<p>President Tha\u00e7i said that he had the honor to know commander Ilaz Kodra and to work closely with him, to recognize the high qualities of the quiet activist, modest in demeanor, but also determined, tireless and indomitable on the road to freedom.<\/p>\n<p>Also, President Tha\u00e7i said that he expects good news for Kosovo and its citizens next months and that it is indispensable that we remembers the martyrs when we announce any good news for Kosovo.<\/p>\n<p>&#8220;First, we expect the European Commission to announce the date when we will move freely in the old continent, our continent. This will be delayed achievement, but the delay does not diminish the achievement. Ilazi&#8217;s children and our children will no longer be stopped at European borders&#8221;, President Tha\u00e7i said.<\/p>\n<p>Second, President Tha\u00e7i said that the other good news is that next year we will send to university the first 18-year-old Kosovans who were born without going through war, without the hard and tragic experience of war.<\/p>\n<p>&#8220;Dear family members of friends of Ilaz, Fehmi and Xheva, imagine how much time has passed since they have sacrificed their lives for our freedom, but also how deep is their victory in the war. So we now have the first generation that did not experience evil, free from hatred, their doors are opening in Europe as for no other generation in our history&#8221;, President Tha\u00e7i added.<\/p>\n<p>In the end, President Tha\u00e7i invited all to work together to strengthen the country and enhance the pride of our citizens in our country.<\/p>\n<p>&#8220;We will work every day to strengthen the rule of law, so that the country for which Ilaz, Fehmi and Xheva gave their lives is equal for all&#8221;, President Tha\u00e7i concluded.<\/p>\n<p>The commemoration ceremony on the occasion of the 17th anniversary of the fall of Commander Ilaz Kodra was also attended by the Speaker of Assembly, Kadri Veseli, and Prime Minister of Kosovo, Isa Mustafa, under the auspices of whom the event was organized.\u00a0 <\/p>\n<p>\u00a0<\/p>\n","protected":false},"excerpt":{"rendered":"<p>President of the Republic of Kosovo, Hashim Tha\u00e7i attended today the commemoration service on the occasion of the 17th anniversary of the fall of the commander of Brigade 114, Ilaz Kodra.<\/p>\n","protected":false},"author":1,"featured_media":34380,"comment_status":"open","ping_status":"closed","sticky":false,"template":"","format":"standard","meta":{"_eb_attr":"","footnotes":""},"categories":[111],"tags":[],"class_list":["post-69222","post","type-post","status-publish","format-standard","has-post-thumbnail","hentry","category-news"],"yoast_head":"<!-- This site is optimized with the Yoast SEO plugin v23.5 - https:\/\/yoast.com\/wordpress\/plugins\/seo\/ -->\n<title>President Tha\u00e7i: Ilaz Kodra fought for the freedom of Kosovo, now we have joined forces to further strengthen our country - President of the Republic of Kosovo - DR. VJOSA OSMANI - SADRIU<\/title>\n<meta name=\"description\" content=\"President Tha\u00e7i: Ilaz Kodra fought for the freedom of Kosovo, now we have joined forces to further strengthen our country - President of the Republic of Kosovo - DR. VJOSA OSMANI - SADRIU -\" \/>\n<meta name=\"robots\" content=\"index, follow, max-snippet:-1, max-image-preview:large, max-video-preview:-1\" \/>\n<link rel=\"canonical\" href=\"https:\/\/president-ksgov.net\/en\/president-thaci-ilaz-kodra-fought-for-the-freedom-of-kosovo-now-we-have-joined-forces-to-further-strengthen-our-country\/\" \/>\n<meta property=\"og:locale\" content=\"en_US\" \/>\n<meta property=\"og:type\" content=\"article\" \/>\n<meta property=\"og:title\" content=\"President Tha\u00e7i: Ilaz Kodra fought for the freedom of Kosovo, now we have joined forces to further strengthen our country - President of the Republic of Kosovo - DR. VJOSA OSMANI - SADRIU\" \/>\n<meta property=\"og:description\" content=\"President Tha\u00e7i: Ilaz Kodra fought for the freedom of Kosovo, now we have joined forces to further strengthen our country - President of the Republic of Kosovo - DR. VJOSA OSMANI - SADRIU -\" \/>\n<meta property=\"og:url\" content=\"https:\/\/president-ksgov.net\/en\/president-thaci-ilaz-kodra-fought-for-the-freedom-of-kosovo-now-we-have-joined-forces-to-further-strengthen-our-country\/\" \/>\n<meta property=\"og:site_name\" content=\"President of the Republic of Kosovo - DR. VJOSA OSMANI - SADRIU\" \/>\n<meta property=\"article:published_time\" content=\"2016-04-29T17:08:35+00:00\" \/>\n<meta property=\"article:modified_time\" content=\"2023-03-07T09:54:26+00:00\" \/>\n<meta property=\"og:image\" content=\"https:\/\/president-ksgov.net\/wp-content\/uploads\/29_04_2016_8866402_1.jpg\" \/>\n\t<meta property=\"og:image:width\" content=\"2403\" \/>\n\t<meta property=\"og:image:height\" content=\"1600\" \/>\n\t<meta property=\"og:image:type\" content=\"image\/jpeg\" \/>\n<meta name=\"author\" content=\"admin\" \/>\n<meta name=\"twitter:card\" content=\"summary_large_image\" \/>\n<meta name=\"twitter:label1\" content=\"Written by\" \/>\n\t<meta name=\"twitter:data1\" content=\"admin\" \/>\n\t<meta name=\"twitter:label2\" content=\"Est. reading time\" \/>\n\t<meta name=\"twitter:data2\" content=\"3 minutes\" \/>\n<script type=\"application\/ld+json\" class=\"yoast-schema-graph\">{\"@context\":\"https:\/\/schema.org\",\"@graph\":[{\"@type\":\"WebPage\",\"@id\":\"https:\/\/president-ksgov.net\/en\/president-thaci-ilaz-kodra-fought-for-the-freedom-of-kosovo-now-we-have-joined-forces-to-further-strengthen-our-country\/\",\"url\":\"https:\/\/president-ksgov.net\/en\/president-thaci-ilaz-kodra-fought-for-the-freedom-of-kosovo-now-we-have-joined-forces-to-further-strengthen-our-country\/\",\"name\":\"President Tha\u00e7i: Ilaz Kodra fought for the freedom of Kosovo, now we have joined forces to further strengthen our country - President of the Republic of Kosovo - DR. VJOSA OSMANI - SADRIU\",\"isPartOf\":{\"@id\":\"https:\/\/president-ksgov.net\/#website\"},\"primaryImageOfPage\":{\"@id\":\"https:\/\/president-ksgov.net\/en\/president-thaci-ilaz-kodra-fought-for-the-freedom-of-kosovo-now-we-have-joined-forces-to-further-strengthen-our-country\/#primaryimage\"},\"image\":{\"@id\":\"https:\/\/president-ksgov.net\/en\/president-thaci-ilaz-kodra-fought-for-the-freedom-of-kosovo-now-we-have-joined-forces-to-further-strengthen-our-country\/#primaryimage\"},\"thumbnailUrl\":\"https:\/\/president-ksgov.net\/wp-content\/uploads\/29_04_2016_8866402_1.jpg\",\"datePublished\":\"2016-04-29T17:08:35+00:00\",\"dateModified\":\"2023-03-07T09:54:26+00:00\",\"author\":{\"@id\":\"https:\/\/president-ksgov.net\/#\/schema\/person\/bb4337a5fb147cb2046d80548172cbee\"},\"description\":\"President Tha\u00e7i: Ilaz Kodra fought for the freedom of Kosovo, now we have joined forces to further strengthen our country - President of the Republic of Kosovo - DR. VJOSA OSMANI - SADRIU -\",\"breadcrumb\":{\"@id\":\"https:\/\/president-ksgov.net\/en\/president-thaci-ilaz-kodra-fought-for-the-freedom-of-kosovo-now-we-have-joined-forces-to-further-strengthen-our-country\/#breadcrumb\"},\"inLanguage\":\"en-US\",\"potentialAction\":[{\"@type\":\"ReadAction\",\"target\":[\"https:\/\/president-ksgov.net\/en\/president-thaci-ilaz-kodra-fought-for-the-freedom-of-kosovo-now-we-have-joined-forces-to-further-strengthen-our-country\/\"]}]},{\"@type\":\"ImageObject\",\"inLanguage\":\"en-US\",\"@id\":\"https:\/\/president-ksgov.net\/en\/president-thaci-ilaz-kodra-fought-for-the-freedom-of-kosovo-now-we-have-joined-forces-to-further-strengthen-our-country\/#primaryimage\",\"url\":\"https:\/\/president-ksgov.net\/wp-content\/uploads\/29_04_2016_8866402_1.jpg\",\"contentUrl\":\"https:\/\/president-ksgov.net\/wp-content\/uploads\/29_04_2016_8866402_1.jpg\",\"width\":2403,\"height\":1600},{\"@type\":\"BreadcrumbList\",\"@id\":\"https:\/\/president-ksgov.net\/en\/president-thaci-ilaz-kodra-fought-for-the-freedom-of-kosovo-now-we-have-joined-forces-to-further-strengthen-our-country\/#breadcrumb\",\"itemListElement\":[{\"@type\":\"ListItem\",\"position\":1,\"name\":\"Home\",\"item\":\"https:\/\/president-ksgov.net\/en\/\"},{\"@type\":\"ListItem\",\"position\":2,\"name\":\"President Tha\u00e7i: Ilaz Kodra fought for the freedom of Kosovo, now we have joined forces to further strengthen our country\"}]},{\"@type\":\"WebSite\",\"@id\":\"https:\/\/president-ksgov.net\/#website\",\"url\":\"https:\/\/president-ksgov.net\/\",\"name\":\"Presidente e Republik\u00ebs s\u00eb Kosov\u00ebs\",\"description\":\"Presidente e Republik\u00ebs s\u00eb Kosov\u00ebs\",\"alternateName\":\"DR. VJOSA OSMANI - SADRIU\",\"potentialAction\":[{\"@type\":\"SearchAction\",\"target\":{\"@type\":\"EntryPoint\",\"urlTemplate\":\"https:\/\/president-ksgov.net\/?s={search_term_string}\"},\"query-input\":{\"@type\":\"PropertyValueSpecification\",\"valueRequired\":true,\"valueName\":\"search_term_string\"}}],\"inLanguage\":\"en-US\"},{\"@type\":\"Person\",\"@id\":\"https:\/\/president-ksgov.net\/#\/schema\/person\/bb4337a5fb147cb2046d80548172cbee\",\"name\":\"admin\",\"image\":{\"@type\":\"ImageObject\",\"inLanguage\":\"en-US\",\"@id\":\"https:\/\/president-ksgov.net\/#\/schema\/person\/image\/\",\"url\":\"https:\/\/secure.gravatar.com\/avatar\/36156ca0fa3b8d9d25174f146e16beea0cf28f37adf1b9e19b6c9c279a7c9dd3?s=96&d=mm&r=g\",\"contentUrl\":\"https:\/\/secure.gravatar.com\/avatar\/36156ca0fa3b8d9d25174f146e16beea0cf28f37adf1b9e19b6c9c279a7c9dd3?s=96&d=mm&r=g\",\"caption\":\"admin\"},\"sameAs\":[\"https:\/\/president-ksgov.net\"]}]}<\/script>\n<!-- \/ Yoast SEO plugin. -->","yoast_head_json":{"title":"President Tha\u00e7i: Ilaz Kodra fought for the freedom of Kosovo, now we have joined forces to further strengthen our country - President of the Republic of Kosovo - DR. VJOSA OSMANI - SADRIU","description":"President Tha\u00e7i: Ilaz Kodra fought for the freedom of Kosovo, now we have joined forces to further strengthen our country - President of the Republic of Kosovo - DR. VJOSA OSMANI - SADRIU -","robots":{"index":"index","follow":"follow","max-snippet":"max-snippet:-1","max-image-preview":"max-image-preview:large","max-video-preview":"max-video-preview:-1"},"canonical":"https:\/\/president-ksgov.net\/en\/president-thaci-ilaz-kodra-fought-for-the-freedom-of-kosovo-now-we-have-joined-forces-to-further-strengthen-our-country\/","og_locale":"en_US","og_type":"article","og_title":"President Tha\u00e7i: Ilaz Kodra fought for the freedom of Kosovo, now we have joined forces to further strengthen our country - President of the Republic of Kosovo - DR. VJOSA OSMANI - SADRIU","og_description":"President Tha\u00e7i: Ilaz Kodra fought for the freedom of Kosovo, now we have joined forces to further strengthen our country - President of the Republic of Kosovo - DR. VJOSA OSMANI - SADRIU -","og_url":"https:\/\/president-ksgov.net\/en\/president-thaci-ilaz-kodra-fought-for-the-freedom-of-kosovo-now-we-have-joined-forces-to-further-strengthen-our-country\/","og_site_name":"President of the Republic of Kosovo - DR. VJOSA OSMANI - SADRIU","article_published_time":"2016-04-29T17:08:35+00:00","article_modified_time":"2023-03-07T09:54:26+00:00","og_image":[{"width":2403,"height":1600,"url":"https:\/\/president-ksgov.net\/wp-content\/uploads\/29_04_2016_8866402_1.jpg","type":"image\/jpeg"}],"author":"admin","twitter_card":"summary_large_image","twitter_misc":{"Written by":"admin","Est. reading time":"3 minutes"},"schema":{"@context":"https:\/\/schema.org","@graph":[{"@type":"WebPage","@id":"https:\/\/president-ksgov.net\/en\/president-thaci-ilaz-kodra-fought-for-the-freedom-of-kosovo-now-we-have-joined-forces-to-further-strengthen-our-country\/","url":"https:\/\/president-ksgov.net\/en\/president-thaci-ilaz-kodra-fought-for-the-freedom-of-kosovo-now-we-have-joined-forces-to-further-strengthen-our-country\/","name":"President Tha\u00e7i: Ilaz Kodra fought for the freedom of Kosovo, now we have joined forces to further strengthen our country - President of the Republic of Kosovo - DR. VJOSA OSMANI - SADRIU","isPartOf":{"@id":"https:\/\/president-ksgov.net\/#website"},"primaryImageOfPage":{"@id":"https:\/\/president-ksgov.net\/en\/president-thaci-ilaz-kodra-fought-for-the-freedom-of-kosovo-now-we-have-joined-forces-to-further-strengthen-our-country\/#primaryimage"},"image":{"@id":"https:\/\/president-ksgov.net\/en\/president-thaci-ilaz-kodra-fought-for-the-freedom-of-kosovo-now-we-have-joined-forces-to-further-strengthen-our-country\/#primaryimage"},"thumbnailUrl":"https:\/\/president-ksgov.net\/wp-content\/uploads\/29_04_2016_8866402_1.jpg","datePublished":"2016-04-29T17:08:35+00:00","dateModified":"2023-03-07T09:54:26+00:00","author":{"@id":"https:\/\/president-ksgov.net\/#\/schema\/person\/bb4337a5fb147cb2046d80548172cbee"},"description":"President Tha\u00e7i: Ilaz Kodra fought for the freedom of Kosovo, now we have joined forces to further strengthen our country - President of the Republic of Kosovo - DR. VJOSA OSMANI - SADRIU -","breadcrumb":{"@id":"https:\/\/president-ksgov.net\/en\/president-thaci-ilaz-kodra-fought-for-the-freedom-of-kosovo-now-we-have-joined-forces-to-further-strengthen-our-country\/#breadcrumb"},"inLanguage":"en-US","potentialAction":[{"@type":"ReadAction","target":["https:\/\/president-ksgov.net\/en\/president-thaci-ilaz-kodra-fought-for-the-freedom-of-kosovo-now-we-have-joined-forces-to-further-strengthen-our-country\/"]}]},{"@type":"ImageObject","inLanguage":"en-US","@id":"https:\/\/president-ksgov.net\/en\/president-thaci-ilaz-kodra-fought-for-the-freedom-of-kosovo-now-we-have-joined-forces-to-further-strengthen-our-country\/#primaryimage","url":"https:\/\/president-ksgov.net\/wp-content\/uploads\/29_04_2016_8866402_1.jpg","contentUrl":"https:\/\/president-ksgov.net\/wp-content\/uploads\/29_04_2016_8866402_1.jpg","width":2403,"height":1600},{"@type":"BreadcrumbList","@id":"https:\/\/president-ksgov.net\/en\/president-thaci-ilaz-kodra-fought-for-the-freedom-of-kosovo-now-we-have-joined-forces-to-further-strengthen-our-country\/#breadcrumb","itemListElement":[{"@type":"ListItem","position":1,"name":"Home","item":"https:\/\/president-ksgov.net\/en\/"},{"@type":"ListItem","position":2,"name":"President Tha\u00e7i: Ilaz Kodra fought for the freedom of Kosovo, now we have joined forces to further strengthen our country"}]},{"@type":"WebSite","@id":"https:\/\/president-ksgov.net\/#website","url":"https:\/\/president-ksgov.net\/","name":"Presidente e Republik\u00ebs s\u00eb Kosov\u00ebs","description":"Presidente e Republik\u00ebs s\u00eb Kosov\u00ebs","alternateName":"DR. VJOSA OSMANI - SADRIU","potentialAction":[{"@type":"SearchAction","target":{"@type":"EntryPoint","urlTemplate":"https:\/\/president-ksgov.net\/?s={search_term_string}"},"query-input":{"@type":"PropertyValueSpecification","valueRequired":true,"valueName":"search_term_string"}}],"inLanguage":"en-US"},{"@type":"Person","@id":"https:\/\/president-ksgov.net\/#\/schema\/person\/bb4337a5fb147cb2046d80548172cbee","name":"admin","image":{"@type":"ImageObject","inLanguage":"en-US","@id":"https:\/\/president-ksgov.net\/#\/schema\/person\/image\/","url":"https:\/\/secure.gravatar.com\/avatar\/36156ca0fa3b8d9d25174f146e16beea0cf28f37adf1b9e19b6c9c279a7c9dd3?s=96&d=mm&r=g","contentUrl":"https:\/\/secure.gravatar.com\/avatar\/36156ca0fa3b8d9d25174f146e16beea0cf28f37adf1b9e19b6c9c279a7c9dd3?s=96&d=mm&r=g","caption":"admin"},"sameAs":["https:\/\/president-ksgov.net"]}]}},"_links":{"self":[{"href":"https:\/\/president-ksgov.net\/en\/wp-json\/wp\/v2\/posts\/69222","targetHints":{"allow":["GET"]}}],"collection":[{"href":"https:\/\/president-ksgov.net\/en\/wp-json\/wp\/v2\/posts"}],"about":[{"href":"https:\/\/president-ksgov.net\/en\/wp-json\/wp\/v2\/types\/post"}],"author":[{"embeddable":true,"href":"https:\/\/president-ksgov.net\/en\/wp-json\/wp\/v2\/users\/1"}],"replies":[{"embeddable":true,"href":"https:\/\/president-ksgov.net\/en\/wp-json\/wp\/v2\/comments?post=69222"}],"version-history":[{"count":0,"href":"https:\/\/president-ksgov.net\/en\/wp-json\/wp\/v2\/posts\/69222\/revisions"}],"wp:featuredmedia":[{"embeddable":true,"href":"https:\/\/president-ksgov.net\/en\/wp-json\/wp\/v2\/media\/34380"}],"wp:attachment":[{"href":"https:\/\/president-ksgov.net\/en\/wp-json\/wp\/v2\/media?parent=69222"}],"wp:term":[{"taxonomy":"category","embeddable":true,"href":"https:\/\/president-ksgov.net\/en\/wp-json\/wp\/v2\/categories?post=69222"},{"taxonomy":"post_tag","embeddable":true,"href":"https:\/\/president-ksgov.net\/en\/wp-json\/wp\/v2\/tags?post=69222"}],"curies":[{"name":"wp","href":"https:\/\/api.w.org\/{rel}","templated":true}]}}