{"id":69208,"date":"2016-05-05T14:48:04","date_gmt":"2016-05-05T14:48:04","guid":{"rendered":"https:\/\/dev.president-ksgov.net\/president-thaci-meets-representatives-of-families-of-missing-persons\/"},"modified":"2023-03-07T09:53:53","modified_gmt":"2023-03-07T09:53:53","slug":"president-thaci-meets-representatives-of-families-of-missing-persons","status":"publish","type":"post","link":"https:\/\/president-ksgov.net\/en\/president-thaci-meets-representatives-of-families-of-missing-persons\/","title":{"rendered":"President Tha\u00e7i meets representatives of families of missing persons"},"content":{"rendered":"<p>Thursday, May 5th, 2016 &#8211; President of the Republic of Kosovo, Hashim Tha\u00e7i met today with the chairman of the Coordinating Council of the Association of Families of Missing Persons in Kosovo, Bajram \u00c7erkinaj, together with the head of the Covernment Commission on Missing Persons of Kosovo, Prenk Gjetaj, as well as other representatives of non-governmental organizations.<\/p>\n<p>President Tha\u00e7i said that this association with its work is shedding light on the injustices done and also further enhancing respect for the values of freedom and human rights.<\/p>\n<p>On the other hand, the Chairman of the Coordinating Council of the Association of Families of Missing Persons in Kosovo, Bajram \u00c7erkinaj raised his concern with regards to examination in the Prishtina morgue and lack of search in locations of suspected mass graves.<\/p>\n<p>&#8220;We need greater pressure from the international community on the Serbian authorities to bring to light the fate of missing persons&#8221;, \u00c7erkinaj said.<\/p>\n<p>Also, the Chairman of the Coordinating Council of the Association of Families of Missing Persons in Kosovo, Bajram \u00c7erkinaj, and the head of the Government Commission on Missing Persons of Kosovo, Prenk Gjetaj requested that the issue of missing persons is raised in all discussions at the international level.<\/p>\n<p>President Tha\u00e7i said that the Kosovo institutions, the Coordinating Council of the Association of Families of Missing Persons in Kosovo and other associations representing families of the missing persons are doing their utmost with their capacities to resolve the fate of missing persons, adding that this necessitates more efforts in terms of engagement of the international community.<\/p>\n","protected":false},"excerpt":{"rendered":"<p>Thursday, May 5th, 2016 &#8211; President of the Republic of Kosovo, Hashim Tha\u00e7i met today with the chairman of the Coordinating Council of the Association of Families of Missing Persons in Kosovo, Bajram \u00c7erkinaj, together with the head of the Covernment Commission on Missing Persons of Kosovo, Prenk Gjetaj, as well as other representatives of non-governmental organizations.<\/p>\n","protected":false},"author":1,"featured_media":34284,"comment_status":"open","ping_status":"closed","sticky":false,"template":"","format":"standard","meta":{"_eb_attr":"","footnotes":""},"categories":[111],"tags":[],"class_list":["post-69208","post","type-post","status-publish","format-standard","has-post-thumbnail","hentry","category-news"],"yoast_head":"<!-- This site is optimized with the Yoast SEO plugin v23.5 - https:\/\/yoast.com\/wordpress\/plugins\/seo\/ -->\n<title>President Tha\u00e7i meets representatives of families of missing persons - President of the Republic of Kosovo - DR. VJOSA OSMANI - SADRIU<\/title>\n<meta name=\"description\" content=\"President Tha\u00e7i meets representatives of families of missing persons - President of the Republic of Kosovo - DR. VJOSA OSMANI - SADRIU -\" \/>\n<meta name=\"robots\" content=\"index, follow, max-snippet:-1, max-image-preview:large, max-video-preview:-1\" \/>\n<link rel=\"canonical\" href=\"https:\/\/president-ksgov.net\/presidenti-thaci-priti-perfaqesuesit-e-familjeve-te-te-pagjeturve\/\" \/>\n<meta property=\"og:locale\" content=\"en_US\" \/>\n<meta property=\"og:type\" content=\"article\" \/>\n<meta property=\"og:title\" content=\"President Tha\u00e7i meets representatives of families of missing persons - President of the Republic of Kosovo - DR. VJOSA OSMANI - SADRIU\" \/>\n<meta property=\"og:description\" content=\"President Tha\u00e7i meets representatives of families of missing persons - President of the Republic of Kosovo - DR. VJOSA OSMANI - SADRIU -\" \/>\n<meta property=\"og:url\" content=\"https:\/\/president-ksgov.net\/presidenti-thaci-priti-perfaqesuesit-e-familjeve-te-te-pagjeturve\/\" \/>\n<meta property=\"og:site_name\" content=\"President of the Republic of Kosovo - DR. VJOSA OSMANI - SADRIU\" \/>\n<meta property=\"article:published_time\" content=\"2016-05-05T14:48:04+00:00\" \/>\n<meta property=\"article:modified_time\" content=\"2023-03-07T09:53:53+00:00\" \/>\n<meta property=\"og:image\" content=\"https:\/\/president-ksgov.net\/wp-content\/uploads\/05_05_2016_1978565_o1.jpg\" \/>\n\t<meta property=\"og:image:width\" content=\"2400\" \/>\n\t<meta property=\"og:image:height\" content=\"1600\" \/>\n\t<meta property=\"og:image:type\" content=\"image\/jpeg\" \/>\n<meta name=\"author\" content=\"admin\" \/>\n<meta name=\"twitter:card\" content=\"summary_large_image\" \/>\n<meta name=\"twitter:label1\" content=\"Written by\" \/>\n\t<meta name=\"twitter:data1\" content=\"admin\" \/>\n\t<meta name=\"twitter:label2\" content=\"Est. reading time\" \/>\n\t<meta name=\"twitter:data2\" content=\"1 minute\" \/>\n<script type=\"application\/ld+json\" class=\"yoast-schema-graph\">{\"@context\":\"https:\/\/schema.org\",\"@graph\":[{\"@type\":\"WebPage\",\"@id\":\"https:\/\/president-ksgov.net\/presidenti-thaci-priti-perfaqesuesit-e-familjeve-te-te-pagjeturve\/\",\"url\":\"https:\/\/president-ksgov.net\/presidenti-thaci-priti-perfaqesuesit-e-familjeve-te-te-pagjeturve\/\",\"name\":\"President Tha\u00e7i meets representatives of families of missing persons - President of the Republic of Kosovo - DR. VJOSA OSMANI - SADRIU\",\"isPartOf\":{\"@id\":\"https:\/\/president-ksgov.net\/#website\"},\"primaryImageOfPage\":{\"@id\":\"https:\/\/president-ksgov.net\/presidenti-thaci-priti-perfaqesuesit-e-familjeve-te-te-pagjeturve\/#primaryimage\"},\"image\":{\"@id\":\"https:\/\/president-ksgov.net\/presidenti-thaci-priti-perfaqesuesit-e-familjeve-te-te-pagjeturve\/#primaryimage\"},\"thumbnailUrl\":\"https:\/\/president-ksgov.net\/wp-content\/uploads\/05_05_2016_1978565_o1.jpg\",\"datePublished\":\"2016-05-05T14:48:04+00:00\",\"dateModified\":\"2023-03-07T09:53:53+00:00\",\"author\":{\"@id\":\"https:\/\/president-ksgov.net\/#\/schema\/person\/bb4337a5fb147cb2046d80548172cbee\"},\"description\":\"President Tha\u00e7i meets representatives of families of missing persons - President of the Republic of Kosovo - DR. VJOSA OSMANI - SADRIU -\",\"breadcrumb\":{\"@id\":\"https:\/\/president-ksgov.net\/presidenti-thaci-priti-perfaqesuesit-e-familjeve-te-te-pagjeturve\/#breadcrumb\"},\"inLanguage\":\"en-US\",\"potentialAction\":[{\"@type\":\"ReadAction\",\"target\":[\"https:\/\/president-ksgov.net\/presidenti-thaci-priti-perfaqesuesit-e-familjeve-te-te-pagjeturve\/\"]}]},{\"@type\":\"ImageObject\",\"inLanguage\":\"en-US\",\"@id\":\"https:\/\/president-ksgov.net\/presidenti-thaci-priti-perfaqesuesit-e-familjeve-te-te-pagjeturve\/#primaryimage\",\"url\":\"https:\/\/president-ksgov.net\/wp-content\/uploads\/05_05_2016_1978565_o1.jpg\",\"contentUrl\":\"https:\/\/president-ksgov.net\/wp-content\/uploads\/05_05_2016_1978565_o1.jpg\",\"width\":2400,\"height\":1600},{\"@type\":\"BreadcrumbList\",\"@id\":\"https:\/\/president-ksgov.net\/presidenti-thaci-priti-perfaqesuesit-e-familjeve-te-te-pagjeturve\/#breadcrumb\",\"itemListElement\":[{\"@type\":\"ListItem\",\"position\":1,\"name\":\"Home\",\"item\":\"https:\/\/president-ksgov.net\/en\/\"},{\"@type\":\"ListItem\",\"position\":2,\"name\":\"President Tha\u00e7i meets representatives of families of missing persons\"}]},{\"@type\":\"WebSite\",\"@id\":\"https:\/\/president-ksgov.net\/#website\",\"url\":\"https:\/\/president-ksgov.net\/\",\"name\":\"Presidente e Republik\u00ebs s\u00eb Kosov\u00ebs\",\"description\":\"Presidente e Republik\u00ebs s\u00eb Kosov\u00ebs\",\"alternateName\":\"DR. VJOSA OSMANI - SADRIU\",\"potentialAction\":[{\"@type\":\"SearchAction\",\"target\":{\"@type\":\"EntryPoint\",\"urlTemplate\":\"https:\/\/president-ksgov.net\/?s={search_term_string}\"},\"query-input\":{\"@type\":\"PropertyValueSpecification\",\"valueRequired\":true,\"valueName\":\"search_term_string\"}}],\"inLanguage\":\"en-US\"},{\"@type\":\"Person\",\"@id\":\"https:\/\/president-ksgov.net\/#\/schema\/person\/bb4337a5fb147cb2046d80548172cbee\",\"name\":\"admin\",\"image\":{\"@type\":\"ImageObject\",\"inLanguage\":\"en-US\",\"@id\":\"https:\/\/president-ksgov.net\/#\/schema\/person\/image\/\",\"url\":\"https:\/\/secure.gravatar.com\/avatar\/36156ca0fa3b8d9d25174f146e16beea0cf28f37adf1b9e19b6c9c279a7c9dd3?s=96&d=mm&r=g\",\"contentUrl\":\"https:\/\/secure.gravatar.com\/avatar\/36156ca0fa3b8d9d25174f146e16beea0cf28f37adf1b9e19b6c9c279a7c9dd3?s=96&d=mm&r=g\",\"caption\":\"admin\"},\"sameAs\":[\"https:\/\/president-ksgov.net\"]}]}<\/script>\n<!-- \/ Yoast SEO plugin. -->","yoast_head_json":{"title":"President Tha\u00e7i meets representatives of families of missing persons - President of the Republic of Kosovo - DR. VJOSA OSMANI - SADRIU","description":"President Tha\u00e7i meets representatives of families of missing persons - President of the Republic of Kosovo - DR. VJOSA OSMANI - SADRIU -","robots":{"index":"index","follow":"follow","max-snippet":"max-snippet:-1","max-image-preview":"max-image-preview:large","max-video-preview":"max-video-preview:-1"},"canonical":"https:\/\/president-ksgov.net\/presidenti-thaci-priti-perfaqesuesit-e-familjeve-te-te-pagjeturve\/","og_locale":"en_US","og_type":"article","og_title":"President Tha\u00e7i meets representatives of families of missing persons - President of the Republic of Kosovo - DR. VJOSA OSMANI - SADRIU","og_description":"President Tha\u00e7i meets representatives of families of missing persons - President of the Republic of Kosovo - DR. VJOSA OSMANI - SADRIU -","og_url":"https:\/\/president-ksgov.net\/presidenti-thaci-priti-perfaqesuesit-e-familjeve-te-te-pagjeturve\/","og_site_name":"President of the Republic of Kosovo - DR. VJOSA OSMANI - SADRIU","article_published_time":"2016-05-05T14:48:04+00:00","article_modified_time":"2023-03-07T09:53:53+00:00","og_image":[{"width":2400,"height":1600,"url":"https:\/\/president-ksgov.net\/wp-content\/uploads\/05_05_2016_1978565_o1.jpg","type":"image\/jpeg"}],"author":"admin","twitter_card":"summary_large_image","twitter_misc":{"Written by":"admin","Est. reading time":"1 minute"},"schema":{"@context":"https:\/\/schema.org","@graph":[{"@type":"WebPage","@id":"https:\/\/president-ksgov.net\/presidenti-thaci-priti-perfaqesuesit-e-familjeve-te-te-pagjeturve\/","url":"https:\/\/president-ksgov.net\/presidenti-thaci-priti-perfaqesuesit-e-familjeve-te-te-pagjeturve\/","name":"President Tha\u00e7i meets representatives of families of missing persons - President of the Republic of Kosovo - DR. VJOSA OSMANI - SADRIU","isPartOf":{"@id":"https:\/\/president-ksgov.net\/#website"},"primaryImageOfPage":{"@id":"https:\/\/president-ksgov.net\/presidenti-thaci-priti-perfaqesuesit-e-familjeve-te-te-pagjeturve\/#primaryimage"},"image":{"@id":"https:\/\/president-ksgov.net\/presidenti-thaci-priti-perfaqesuesit-e-familjeve-te-te-pagjeturve\/#primaryimage"},"thumbnailUrl":"https:\/\/president-ksgov.net\/wp-content\/uploads\/05_05_2016_1978565_o1.jpg","datePublished":"2016-05-05T14:48:04+00:00","dateModified":"2023-03-07T09:53:53+00:00","author":{"@id":"https:\/\/president-ksgov.net\/#\/schema\/person\/bb4337a5fb147cb2046d80548172cbee"},"description":"President Tha\u00e7i meets representatives of families of missing persons - President of the Republic of Kosovo - DR. VJOSA OSMANI - SADRIU -","breadcrumb":{"@id":"https:\/\/president-ksgov.net\/presidenti-thaci-priti-perfaqesuesit-e-familjeve-te-te-pagjeturve\/#breadcrumb"},"inLanguage":"en-US","potentialAction":[{"@type":"ReadAction","target":["https:\/\/president-ksgov.net\/presidenti-thaci-priti-perfaqesuesit-e-familjeve-te-te-pagjeturve\/"]}]},{"@type":"ImageObject","inLanguage":"en-US","@id":"https:\/\/president-ksgov.net\/presidenti-thaci-priti-perfaqesuesit-e-familjeve-te-te-pagjeturve\/#primaryimage","url":"https:\/\/president-ksgov.net\/wp-content\/uploads\/05_05_2016_1978565_o1.jpg","contentUrl":"https:\/\/president-ksgov.net\/wp-content\/uploads\/05_05_2016_1978565_o1.jpg","width":2400,"height":1600},{"@type":"BreadcrumbList","@id":"https:\/\/president-ksgov.net\/presidenti-thaci-priti-perfaqesuesit-e-familjeve-te-te-pagjeturve\/#breadcrumb","itemListElement":[{"@type":"ListItem","position":1,"name":"Home","item":"https:\/\/president-ksgov.net\/en\/"},{"@type":"ListItem","position":2,"name":"President Tha\u00e7i meets representatives of families of missing persons"}]},{"@type":"WebSite","@id":"https:\/\/president-ksgov.net\/#website","url":"https:\/\/president-ksgov.net\/","name":"Presidente e Republik\u00ebs s\u00eb Kosov\u00ebs","description":"Presidente e Republik\u00ebs s\u00eb Kosov\u00ebs","alternateName":"DR. VJOSA OSMANI - SADRIU","potentialAction":[{"@type":"SearchAction","target":{"@type":"EntryPoint","urlTemplate":"https:\/\/president-ksgov.net\/?s={search_term_string}"},"query-input":{"@type":"PropertyValueSpecification","valueRequired":true,"valueName":"search_term_string"}}],"inLanguage":"en-US"},{"@type":"Person","@id":"https:\/\/president-ksgov.net\/#\/schema\/person\/bb4337a5fb147cb2046d80548172cbee","name":"admin","image":{"@type":"ImageObject","inLanguage":"en-US","@id":"https:\/\/president-ksgov.net\/#\/schema\/person\/image\/","url":"https:\/\/secure.gravatar.com\/avatar\/36156ca0fa3b8d9d25174f146e16beea0cf28f37adf1b9e19b6c9c279a7c9dd3?s=96&d=mm&r=g","contentUrl":"https:\/\/secure.gravatar.com\/avatar\/36156ca0fa3b8d9d25174f146e16beea0cf28f37adf1b9e19b6c9c279a7c9dd3?s=96&d=mm&r=g","caption":"admin"},"sameAs":["https:\/\/president-ksgov.net"]}]}},"_links":{"self":[{"href":"https:\/\/president-ksgov.net\/en\/wp-json\/wp\/v2\/posts\/69208","targetHints":{"allow":["GET"]}}],"collection":[{"href":"https:\/\/president-ksgov.net\/en\/wp-json\/wp\/v2\/posts"}],"about":[{"href":"https:\/\/president-ksgov.net\/en\/wp-json\/wp\/v2\/types\/post"}],"author":[{"embeddable":true,"href":"https:\/\/president-ksgov.net\/en\/wp-json\/wp\/v2\/users\/1"}],"replies":[{"embeddable":true,"href":"https:\/\/president-ksgov.net\/en\/wp-json\/wp\/v2\/comments?post=69208"}],"version-history":[{"count":0,"href":"https:\/\/president-ksgov.net\/en\/wp-json\/wp\/v2\/posts\/69208\/revisions"}],"wp:featuredmedia":[{"embeddable":true,"href":"https:\/\/president-ksgov.net\/en\/wp-json\/wp\/v2\/media\/34284"}],"wp:attachment":[{"href":"https:\/\/president-ksgov.net\/en\/wp-json\/wp\/v2\/media?parent=69208"}],"wp:term":[{"taxonomy":"category","embeddable":true,"href":"https:\/\/president-ksgov.net\/en\/wp-json\/wp\/v2\/categories?post=69208"},{"taxonomy":"post_tag","embeddable":true,"href":"https:\/\/president-ksgov.net\/en\/wp-json\/wp\/v2\/tags?post=69208"}],"curies":[{"name":"wp","href":"https:\/\/api.w.org\/{rel}","templated":true}]}}