{"id":69206,"date":"2016-05-05T18:18:33","date_gmt":"2016-05-05T18:18:33","guid":{"rendered":"https:\/\/dev.president-ksgov.net\/president-thaci-time-to-celebrate-but-also-to-focus-on-our-responsibilities\/"},"modified":"2023-03-07T09:53:53","modified_gmt":"2023-03-07T09:53:53","slug":"president-thaci-time-to-celebrate-but-also-to-focus-on-our-responsibilities","status":"publish","type":"post","link":"https:\/\/president-ksgov.net\/en\/president-thaci-time-to-celebrate-but-also-to-focus-on-our-responsibilities\/","title":{"rendered":"President Tha\u00e7i: Time to celebrate, but also to focus on our responsibilities"},"content":{"rendered":"<p>President of the Republic of Kosovo, Hashim Tha\u00e7i welcomed today the High Representative of the European Union for Foreign Affairs and Security Policy, Federica Mogherini.<\/p>\n<p>President Tha\u00e7i thanked the EU representative for her visit right after the recommendation for visa liberalization. He said that together we are here today to convey clear messages of Kosovo&#8217;s European responsibilities.<\/p>\n<p>&#8220;It is a new momentum for Kosovo at this time when we have overcome unpleasant political situations. Now we have stability, a normal functioning of institutions and, of course, after the entry into force of the Stabilisation Association Agreement, we will assume responsibility also with regards to the recommendation for visa liberalization. We are happy that we are finally, officially part of the European political geography&#8221;, President Tha\u00e7i said.<br \/>\n\u00a0<br \/>\nHe stressed that Kosovo has achieved enormous progress and that efforts of the domestic institutions, along with the EULEX, in the fight against corruption and organized crime have been important criteria for European Commission&#8217;s recommendation for visa liberalization.<\/p>\n<p>&#8220;Now we can celebrate, but we must also focus on our responsibilities. We are aware that we must do more and we will do more&#8221;, President Tha\u00e7i added.<br \/>\n\u00a0<br \/>\nMeanwhile, the High Representative of the European Union for Foreign Affairs and Security Policy, Federica Mogherini said that this is a really happy week, but that now is the time not only to celebrate, but also to look ahead.<\/p>\n<p>&#8220;It was very important for me to have this meeting with the President, because this is the moment when Kosovo needs to unite around the European agenda. When the country stands united around its institutional responsibilities, the citizens benefit from the outcome&#8221;, Mogherini said, adding that she believes that during her term &#8220;we will see some relevant positive steps by the Western Balkan countries towards the EU, and that includes Kosovo&#8221;.<\/p>\n<p>The High Representative of the European Union for Foreign Affairs and Security Policy, Federica Mogherini said that implementation of all agreements with Serbia is also very important for the EU.<\/p>\n<p>As for normalization of relations with Serbia, President Tha\u00e7i said that we have lots of work lying ahead, but that prerequisites are the implementation of all agreements reached so far and also the responsibilities arising from the decision of the Constitutional Court, which obliges Kosovo institutions to establish the Association of Serb-majority municipalities.<\/p>\n","protected":false},"excerpt":{"rendered":"<p>President of the Republic of Kosovo, Hashim Tha\u00e7i welcomed today the High Representative of the European Union for Foreign Affairs and Security Policy, Federica Mogherini.<\/p>\n","protected":false},"author":1,"featured_media":34267,"comment_status":"open","ping_status":"closed","sticky":false,"template":"","format":"standard","meta":{"_eb_attr":"","footnotes":""},"categories":[111],"tags":[],"class_list":["post-69206","post","type-post","status-publish","format-standard","has-post-thumbnail","hentry","category-news"],"yoast_head":"<!-- This site is optimized with the Yoast SEO plugin v23.5 - https:\/\/yoast.com\/wordpress\/plugins\/seo\/ -->\n<title>President Tha\u00e7i: Time to celebrate, but also to focus on our responsibilities - President of the Republic of Kosovo - DR. VJOSA OSMANI - SADRIU<\/title>\n<meta name=\"description\" content=\"President Tha\u00e7i: Time to celebrate, but also to focus on our responsibilities - President of the Republic of Kosovo - DR. VJOSA OSMANI - SADRIU -\" \/>\n<meta name=\"robots\" content=\"index, follow, max-snippet:-1, max-image-preview:large, max-video-preview:-1\" \/>\n<link rel=\"canonical\" href=\"https:\/\/president-ksgov.net\/en\/president-thaci-time-to-celebrate-but-also-to-focus-on-our-responsibilities\/\" \/>\n<meta property=\"og:locale\" content=\"en_US\" \/>\n<meta property=\"og:type\" content=\"article\" \/>\n<meta property=\"og:title\" content=\"President Tha\u00e7i: Time to celebrate, but also to focus on our responsibilities - President of the Republic of Kosovo - DR. VJOSA OSMANI - SADRIU\" \/>\n<meta property=\"og:description\" content=\"President Tha\u00e7i: Time to celebrate, but also to focus on our responsibilities - President of the Republic of Kosovo - DR. VJOSA OSMANI - SADRIU -\" \/>\n<meta property=\"og:url\" content=\"https:\/\/president-ksgov.net\/en\/president-thaci-time-to-celebrate-but-also-to-focus-on-our-responsibilities\/\" \/>\n<meta property=\"og:site_name\" content=\"President of the Republic of Kosovo - DR. VJOSA OSMANI - SADRIU\" \/>\n<meta property=\"article:published_time\" content=\"2016-05-05T18:18:33+00:00\" \/>\n<meta property=\"article:modified_time\" content=\"2023-03-07T09:53:53+00:00\" \/>\n<meta property=\"og:image\" content=\"https:\/\/president-ksgov.net\/wp-content\/uploads\/05_05_2016_913613_mogerini_01.jpg\" \/>\n\t<meta property=\"og:image:width\" content=\"2400\" \/>\n\t<meta property=\"og:image:height\" content=\"1600\" \/>\n\t<meta property=\"og:image:type\" content=\"image\/jpeg\" \/>\n<meta name=\"author\" content=\"admin\" \/>\n<meta name=\"twitter:card\" content=\"summary_large_image\" \/>\n<meta name=\"twitter:label1\" content=\"Written by\" \/>\n\t<meta name=\"twitter:data1\" content=\"admin\" \/>\n\t<meta name=\"twitter:label2\" content=\"Est. reading time\" \/>\n\t<meta name=\"twitter:data2\" content=\"2 minutes\" \/>\n<script type=\"application\/ld+json\" class=\"yoast-schema-graph\">{\"@context\":\"https:\/\/schema.org\",\"@graph\":[{\"@type\":\"WebPage\",\"@id\":\"https:\/\/president-ksgov.net\/en\/president-thaci-time-to-celebrate-but-also-to-focus-on-our-responsibilities\/\",\"url\":\"https:\/\/president-ksgov.net\/en\/president-thaci-time-to-celebrate-but-also-to-focus-on-our-responsibilities\/\",\"name\":\"President Tha\u00e7i: Time to celebrate, but also to focus on our responsibilities - President of the Republic of Kosovo - DR. VJOSA OSMANI - SADRIU\",\"isPartOf\":{\"@id\":\"https:\/\/president-ksgov.net\/#website\"},\"primaryImageOfPage\":{\"@id\":\"https:\/\/president-ksgov.net\/en\/president-thaci-time-to-celebrate-but-also-to-focus-on-our-responsibilities\/#primaryimage\"},\"image\":{\"@id\":\"https:\/\/president-ksgov.net\/en\/president-thaci-time-to-celebrate-but-also-to-focus-on-our-responsibilities\/#primaryimage\"},\"thumbnailUrl\":\"https:\/\/president-ksgov.net\/wp-content\/uploads\/05_05_2016_913613_mogerini_01.jpg\",\"datePublished\":\"2016-05-05T18:18:33+00:00\",\"dateModified\":\"2023-03-07T09:53:53+00:00\",\"author\":{\"@id\":\"https:\/\/president-ksgov.net\/#\/schema\/person\/bb4337a5fb147cb2046d80548172cbee\"},\"description\":\"President Tha\u00e7i: Time to celebrate, but also to focus on our responsibilities - President of the Republic of Kosovo - DR. VJOSA OSMANI - SADRIU -\",\"breadcrumb\":{\"@id\":\"https:\/\/president-ksgov.net\/en\/president-thaci-time-to-celebrate-but-also-to-focus-on-our-responsibilities\/#breadcrumb\"},\"inLanguage\":\"en-US\",\"potentialAction\":[{\"@type\":\"ReadAction\",\"target\":[\"https:\/\/president-ksgov.net\/en\/president-thaci-time-to-celebrate-but-also-to-focus-on-our-responsibilities\/\"]}]},{\"@type\":\"ImageObject\",\"inLanguage\":\"en-US\",\"@id\":\"https:\/\/president-ksgov.net\/en\/president-thaci-time-to-celebrate-but-also-to-focus-on-our-responsibilities\/#primaryimage\",\"url\":\"https:\/\/president-ksgov.net\/wp-content\/uploads\/05_05_2016_913613_mogerini_01.jpg\",\"contentUrl\":\"https:\/\/president-ksgov.net\/wp-content\/uploads\/05_05_2016_913613_mogerini_01.jpg\",\"width\":2400,\"height\":1600},{\"@type\":\"BreadcrumbList\",\"@id\":\"https:\/\/president-ksgov.net\/en\/president-thaci-time-to-celebrate-but-also-to-focus-on-our-responsibilities\/#breadcrumb\",\"itemListElement\":[{\"@type\":\"ListItem\",\"position\":1,\"name\":\"Home\",\"item\":\"https:\/\/president-ksgov.net\/en\/\"},{\"@type\":\"ListItem\",\"position\":2,\"name\":\"President Tha\u00e7i: Time to celebrate, but also to focus on our responsibilities\"}]},{\"@type\":\"WebSite\",\"@id\":\"https:\/\/president-ksgov.net\/#website\",\"url\":\"https:\/\/president-ksgov.net\/\",\"name\":\"Presidente e Republik\u00ebs s\u00eb Kosov\u00ebs\",\"description\":\"Presidente e Republik\u00ebs s\u00eb Kosov\u00ebs\",\"alternateName\":\"DR. VJOSA OSMANI - SADRIU\",\"potentialAction\":[{\"@type\":\"SearchAction\",\"target\":{\"@type\":\"EntryPoint\",\"urlTemplate\":\"https:\/\/president-ksgov.net\/?s={search_term_string}\"},\"query-input\":{\"@type\":\"PropertyValueSpecification\",\"valueRequired\":true,\"valueName\":\"search_term_string\"}}],\"inLanguage\":\"en-US\"},{\"@type\":\"Person\",\"@id\":\"https:\/\/president-ksgov.net\/#\/schema\/person\/bb4337a5fb147cb2046d80548172cbee\",\"name\":\"admin\",\"image\":{\"@type\":\"ImageObject\",\"inLanguage\":\"en-US\",\"@id\":\"https:\/\/president-ksgov.net\/#\/schema\/person\/image\/\",\"url\":\"https:\/\/secure.gravatar.com\/avatar\/36156ca0fa3b8d9d25174f146e16beea0cf28f37adf1b9e19b6c9c279a7c9dd3?s=96&d=mm&r=g\",\"contentUrl\":\"https:\/\/secure.gravatar.com\/avatar\/36156ca0fa3b8d9d25174f146e16beea0cf28f37adf1b9e19b6c9c279a7c9dd3?s=96&d=mm&r=g\",\"caption\":\"admin\"},\"sameAs\":[\"https:\/\/president-ksgov.net\"]}]}<\/script>\n<!-- \/ Yoast SEO plugin. -->","yoast_head_json":{"title":"President Tha\u00e7i: Time to celebrate, but also to focus on our responsibilities - President of the Republic of Kosovo - DR. VJOSA OSMANI - SADRIU","description":"President Tha\u00e7i: Time to celebrate, but also to focus on our responsibilities - President of the Republic of Kosovo - DR. VJOSA OSMANI - SADRIU -","robots":{"index":"index","follow":"follow","max-snippet":"max-snippet:-1","max-image-preview":"max-image-preview:large","max-video-preview":"max-video-preview:-1"},"canonical":"https:\/\/president-ksgov.net\/en\/president-thaci-time-to-celebrate-but-also-to-focus-on-our-responsibilities\/","og_locale":"en_US","og_type":"article","og_title":"President Tha\u00e7i: Time to celebrate, but also to focus on our responsibilities - President of the Republic of Kosovo - DR. VJOSA OSMANI - SADRIU","og_description":"President Tha\u00e7i: Time to celebrate, but also to focus on our responsibilities - President of the Republic of Kosovo - DR. VJOSA OSMANI - SADRIU -","og_url":"https:\/\/president-ksgov.net\/en\/president-thaci-time-to-celebrate-but-also-to-focus-on-our-responsibilities\/","og_site_name":"President of the Republic of Kosovo - DR. VJOSA OSMANI - SADRIU","article_published_time":"2016-05-05T18:18:33+00:00","article_modified_time":"2023-03-07T09:53:53+00:00","og_image":[{"width":2400,"height":1600,"url":"https:\/\/president-ksgov.net\/wp-content\/uploads\/05_05_2016_913613_mogerini_01.jpg","type":"image\/jpeg"}],"author":"admin","twitter_card":"summary_large_image","twitter_misc":{"Written by":"admin","Est. reading time":"2 minutes"},"schema":{"@context":"https:\/\/schema.org","@graph":[{"@type":"WebPage","@id":"https:\/\/president-ksgov.net\/en\/president-thaci-time-to-celebrate-but-also-to-focus-on-our-responsibilities\/","url":"https:\/\/president-ksgov.net\/en\/president-thaci-time-to-celebrate-but-also-to-focus-on-our-responsibilities\/","name":"President Tha\u00e7i: Time to celebrate, but also to focus on our responsibilities - President of the Republic of Kosovo - DR. VJOSA OSMANI - SADRIU","isPartOf":{"@id":"https:\/\/president-ksgov.net\/#website"},"primaryImageOfPage":{"@id":"https:\/\/president-ksgov.net\/en\/president-thaci-time-to-celebrate-but-also-to-focus-on-our-responsibilities\/#primaryimage"},"image":{"@id":"https:\/\/president-ksgov.net\/en\/president-thaci-time-to-celebrate-but-also-to-focus-on-our-responsibilities\/#primaryimage"},"thumbnailUrl":"https:\/\/president-ksgov.net\/wp-content\/uploads\/05_05_2016_913613_mogerini_01.jpg","datePublished":"2016-05-05T18:18:33+00:00","dateModified":"2023-03-07T09:53:53+00:00","author":{"@id":"https:\/\/president-ksgov.net\/#\/schema\/person\/bb4337a5fb147cb2046d80548172cbee"},"description":"President Tha\u00e7i: Time to celebrate, but also to focus on our responsibilities - President of the Republic of Kosovo - DR. VJOSA OSMANI - SADRIU -","breadcrumb":{"@id":"https:\/\/president-ksgov.net\/en\/president-thaci-time-to-celebrate-but-also-to-focus-on-our-responsibilities\/#breadcrumb"},"inLanguage":"en-US","potentialAction":[{"@type":"ReadAction","target":["https:\/\/president-ksgov.net\/en\/president-thaci-time-to-celebrate-but-also-to-focus-on-our-responsibilities\/"]}]},{"@type":"ImageObject","inLanguage":"en-US","@id":"https:\/\/president-ksgov.net\/en\/president-thaci-time-to-celebrate-but-also-to-focus-on-our-responsibilities\/#primaryimage","url":"https:\/\/president-ksgov.net\/wp-content\/uploads\/05_05_2016_913613_mogerini_01.jpg","contentUrl":"https:\/\/president-ksgov.net\/wp-content\/uploads\/05_05_2016_913613_mogerini_01.jpg","width":2400,"height":1600},{"@type":"BreadcrumbList","@id":"https:\/\/president-ksgov.net\/en\/president-thaci-time-to-celebrate-but-also-to-focus-on-our-responsibilities\/#breadcrumb","itemListElement":[{"@type":"ListItem","position":1,"name":"Home","item":"https:\/\/president-ksgov.net\/en\/"},{"@type":"ListItem","position":2,"name":"President Tha\u00e7i: Time to celebrate, but also to focus on our responsibilities"}]},{"@type":"WebSite","@id":"https:\/\/president-ksgov.net\/#website","url":"https:\/\/president-ksgov.net\/","name":"Presidente e Republik\u00ebs s\u00eb Kosov\u00ebs","description":"Presidente e Republik\u00ebs s\u00eb Kosov\u00ebs","alternateName":"DR. VJOSA OSMANI - SADRIU","potentialAction":[{"@type":"SearchAction","target":{"@type":"EntryPoint","urlTemplate":"https:\/\/president-ksgov.net\/?s={search_term_string}"},"query-input":{"@type":"PropertyValueSpecification","valueRequired":true,"valueName":"search_term_string"}}],"inLanguage":"en-US"},{"@type":"Person","@id":"https:\/\/president-ksgov.net\/#\/schema\/person\/bb4337a5fb147cb2046d80548172cbee","name":"admin","image":{"@type":"ImageObject","inLanguage":"en-US","@id":"https:\/\/president-ksgov.net\/#\/schema\/person\/image\/","url":"https:\/\/secure.gravatar.com\/avatar\/36156ca0fa3b8d9d25174f146e16beea0cf28f37adf1b9e19b6c9c279a7c9dd3?s=96&d=mm&r=g","contentUrl":"https:\/\/secure.gravatar.com\/avatar\/36156ca0fa3b8d9d25174f146e16beea0cf28f37adf1b9e19b6c9c279a7c9dd3?s=96&d=mm&r=g","caption":"admin"},"sameAs":["https:\/\/president-ksgov.net"]}]}},"_links":{"self":[{"href":"https:\/\/president-ksgov.net\/en\/wp-json\/wp\/v2\/posts\/69206","targetHints":{"allow":["GET"]}}],"collection":[{"href":"https:\/\/president-ksgov.net\/en\/wp-json\/wp\/v2\/posts"}],"about":[{"href":"https:\/\/president-ksgov.net\/en\/wp-json\/wp\/v2\/types\/post"}],"author":[{"embeddable":true,"href":"https:\/\/president-ksgov.net\/en\/wp-json\/wp\/v2\/users\/1"}],"replies":[{"embeddable":true,"href":"https:\/\/president-ksgov.net\/en\/wp-json\/wp\/v2\/comments?post=69206"}],"version-history":[{"count":0,"href":"https:\/\/president-ksgov.net\/en\/wp-json\/wp\/v2\/posts\/69206\/revisions"}],"wp:featuredmedia":[{"embeddable":true,"href":"https:\/\/president-ksgov.net\/en\/wp-json\/wp\/v2\/media\/34267"}],"wp:attachment":[{"href":"https:\/\/president-ksgov.net\/en\/wp-json\/wp\/v2\/media?parent=69206"}],"wp:term":[{"taxonomy":"category","embeddable":true,"href":"https:\/\/president-ksgov.net\/en\/wp-json\/wp\/v2\/categories?post=69206"},{"taxonomy":"post_tag","embeddable":true,"href":"https:\/\/president-ksgov.net\/en\/wp-json\/wp\/v2\/tags?post=69206"}],"curies":[{"name":"wp","href":"https:\/\/api.w.org\/{rel}","templated":true}]}}