{"id":69136,"date":"2016-06-17T20:02:40","date_gmt":"2016-06-17T18:02:40","guid":{"rendered":"https:\/\/dev.president-ksgov.net\/president-thaci-organizes-mass-at-the-vatican-dedicated-to-mother-teresa\/"},"modified":"2023-03-07T09:52:41","modified_gmt":"2023-03-07T09:52:41","slug":"president-thaci-organizes-mass-at-the-vatican-dedicated-to-mother-teresa","status":"publish","type":"post","link":"https:\/\/president-ksgov.net\/en\/president-thaci-organizes-mass-at-the-vatican-dedicated-to-mother-teresa\/","title":{"rendered":"President Tha\u00e7i organizes mass at the Vatican dedicated to Mother Teresa"},"content":{"rendered":"<p>Rome, June 17th, 2016 &#8211; Under the patronage of the President of the Republic of Kosovo, a mass dedicated to Mother Teresa was held at the Vatican, to remember once again the life, work and the example that Mother Teresa has given to the world.<\/p>\n<p>Besides President Tha\u00e7i, the mass was attended by many representatives of the diplomatic corps in Rome, including diplomatic representatives of Montenegro and Albania.<\/p>\n<p>The mass celebrate in the church of San Gregorio al Celio was led by Cardinal Angelo Comastri, Archpriest of St. Peter&#8217;s Basilica in Vatican City, who is also among those who have put forward the decree for the approval of Mother Teresa&#8217;s miracle, thus enabling her to become declared a saint. <\/p>\n<p>According to President Tha\u00e7i, canonization of Mother Teresa is Vatican&#8217;s best gesture dedicated to a personality who has given here love and spirit of solidarity to mankind.<\/p>\n<p>&#8220;That spirit of solidarity, that understanding of her, those messages of love and care for all, for people in need all around the world, show the spirit of her country of origin, embodied in her human value and shared with the entire world. Canonization is not only an honor for the Albanian nation, but it is also honors the universal values that Mother Teresa has conveyed throughout the globe&#8221;, President Tha\u00e7i said. <\/p>\n<p>Months ago, the Holy Father, Pope Francis had approved the decree for the canonization of Mother Teresa, a ceremony that will be held on September 4th of this year in St Peter&#8217;s Basilica in the Vatican.<\/p>\n","protected":false},"excerpt":{"rendered":"<p>Rome, June 17th, 2016 &#8211; Under the patronage of the President of the Republic of Kosovo, a mass dedicated to Mother Teresa was held at the Vatican, to remember once again the life, work and the example that Mother Teresa has given to the world.<\/p>\n","protected":false},"author":1,"featured_media":33765,"comment_status":"open","ping_status":"closed","sticky":false,"template":"","format":"standard","meta":{"_eb_attr":"","footnotes":""},"categories":[113,111],"tags":[],"class_list":["post-69136","post","type-post","status-publish","format-standard","has-post-thumbnail","hentry","category-international-visits","category-news"],"yoast_head":"<!-- This site is optimized with the Yoast SEO plugin v23.5 - https:\/\/yoast.com\/wordpress\/plugins\/seo\/ -->\n<title>President Tha\u00e7i organizes mass at the Vatican dedicated to Mother Teresa - President of the Republic of Kosovo - DR. VJOSA OSMANI - SADRIU<\/title>\n<meta name=\"description\" content=\"President Tha\u00e7i organizes mass at the Vatican dedicated to Mother Teresa - President of the Republic of Kosovo - DR. VJOSA OSMANI - SADRIU -\" \/>\n<meta name=\"robots\" content=\"index, follow, max-snippet:-1, max-image-preview:large, max-video-preview:-1\" \/>\n<link rel=\"canonical\" href=\"https:\/\/president-ksgov.net\/en\/president-thaci-organizes-mass-at-the-vatican-dedicated-to-mother-teresa\/\" \/>\n<meta property=\"og:locale\" content=\"en_US\" \/>\n<meta property=\"og:type\" content=\"article\" \/>\n<meta property=\"og:title\" content=\"President Tha\u00e7i organizes mass at the Vatican dedicated to Mother Teresa - President of the Republic of Kosovo - DR. VJOSA OSMANI - SADRIU\" \/>\n<meta property=\"og:description\" content=\"President Tha\u00e7i organizes mass at the Vatican dedicated to Mother Teresa - President of the Republic of Kosovo - DR. VJOSA OSMANI - SADRIU -\" \/>\n<meta property=\"og:url\" content=\"https:\/\/president-ksgov.net\/en\/president-thaci-organizes-mass-at-the-vatican-dedicated-to-mother-teresa\/\" \/>\n<meta property=\"og:site_name\" content=\"President of the Republic of Kosovo - DR. VJOSA OSMANI - SADRIU\" \/>\n<meta property=\"article:published_time\" content=\"2016-06-17T18:02:40+00:00\" \/>\n<meta property=\"article:modified_time\" content=\"2023-03-07T09:52:41+00:00\" \/>\n<meta property=\"og:image\" content=\"https:\/\/president-ksgov.net\/wp-content\/uploads\/17_06_2016_9321200_Photo1.jpg\" \/>\n\t<meta property=\"og:image:width\" content=\"2400\" \/>\n\t<meta property=\"og:image:height\" content=\"1600\" \/>\n\t<meta property=\"og:image:type\" content=\"image\/jpeg\" \/>\n<meta name=\"author\" content=\"admin\" \/>\n<meta name=\"twitter:card\" content=\"summary_large_image\" \/>\n<meta name=\"twitter:label1\" content=\"Written by\" \/>\n\t<meta name=\"twitter:data1\" content=\"admin\" \/>\n\t<meta name=\"twitter:label2\" content=\"Est. reading time\" \/>\n\t<meta name=\"twitter:data2\" content=\"1 minute\" \/>\n<script type=\"application\/ld+json\" class=\"yoast-schema-graph\">{\"@context\":\"https:\/\/schema.org\",\"@graph\":[{\"@type\":\"WebPage\",\"@id\":\"https:\/\/president-ksgov.net\/en\/president-thaci-organizes-mass-at-the-vatican-dedicated-to-mother-teresa\/\",\"url\":\"https:\/\/president-ksgov.net\/en\/president-thaci-organizes-mass-at-the-vatican-dedicated-to-mother-teresa\/\",\"name\":\"President Tha\u00e7i organizes mass at the Vatican dedicated to Mother Teresa - President of the Republic of Kosovo - DR. VJOSA OSMANI - SADRIU\",\"isPartOf\":{\"@id\":\"https:\/\/president-ksgov.net\/#website\"},\"primaryImageOfPage\":{\"@id\":\"https:\/\/president-ksgov.net\/en\/president-thaci-organizes-mass-at-the-vatican-dedicated-to-mother-teresa\/#primaryimage\"},\"image\":{\"@id\":\"https:\/\/president-ksgov.net\/en\/president-thaci-organizes-mass-at-the-vatican-dedicated-to-mother-teresa\/#primaryimage\"},\"thumbnailUrl\":\"https:\/\/president-ksgov.net\/wp-content\/uploads\/17_06_2016_9321200_Photo1.jpg\",\"datePublished\":\"2016-06-17T18:02:40+00:00\",\"dateModified\":\"2023-03-07T09:52:41+00:00\",\"author\":{\"@id\":\"https:\/\/president-ksgov.net\/#\/schema\/person\/bb4337a5fb147cb2046d80548172cbee\"},\"description\":\"President Tha\u00e7i organizes mass at the Vatican dedicated to Mother Teresa - President of the Republic of Kosovo - DR. VJOSA OSMANI - SADRIU -\",\"breadcrumb\":{\"@id\":\"https:\/\/president-ksgov.net\/en\/president-thaci-organizes-mass-at-the-vatican-dedicated-to-mother-teresa\/#breadcrumb\"},\"inLanguage\":\"en-US\",\"potentialAction\":[{\"@type\":\"ReadAction\",\"target\":[\"https:\/\/president-ksgov.net\/en\/president-thaci-organizes-mass-at-the-vatican-dedicated-to-mother-teresa\/\"]}]},{\"@type\":\"ImageObject\",\"inLanguage\":\"en-US\",\"@id\":\"https:\/\/president-ksgov.net\/en\/president-thaci-organizes-mass-at-the-vatican-dedicated-to-mother-teresa\/#primaryimage\",\"url\":\"https:\/\/president-ksgov.net\/wp-content\/uploads\/17_06_2016_9321200_Photo1.jpg\",\"contentUrl\":\"https:\/\/president-ksgov.net\/wp-content\/uploads\/17_06_2016_9321200_Photo1.jpg\",\"width\":2400,\"height\":1600},{\"@type\":\"BreadcrumbList\",\"@id\":\"https:\/\/president-ksgov.net\/en\/president-thaci-organizes-mass-at-the-vatican-dedicated-to-mother-teresa\/#breadcrumb\",\"itemListElement\":[{\"@type\":\"ListItem\",\"position\":1,\"name\":\"Home\",\"item\":\"https:\/\/president-ksgov.net\/en\/\"},{\"@type\":\"ListItem\",\"position\":2,\"name\":\"President Tha\u00e7i organizes mass at the Vatican dedicated to Mother Teresa\"}]},{\"@type\":\"WebSite\",\"@id\":\"https:\/\/president-ksgov.net\/#website\",\"url\":\"https:\/\/president-ksgov.net\/\",\"name\":\"Presidente e Republik\u00ebs s\u00eb Kosov\u00ebs\",\"description\":\"Presidente e Republik\u00ebs s\u00eb Kosov\u00ebs\",\"alternateName\":\"DR. VJOSA OSMANI - SADRIU\",\"potentialAction\":[{\"@type\":\"SearchAction\",\"target\":{\"@type\":\"EntryPoint\",\"urlTemplate\":\"https:\/\/president-ksgov.net\/?s={search_term_string}\"},\"query-input\":{\"@type\":\"PropertyValueSpecification\",\"valueRequired\":true,\"valueName\":\"search_term_string\"}}],\"inLanguage\":\"en-US\"},{\"@type\":\"Person\",\"@id\":\"https:\/\/president-ksgov.net\/#\/schema\/person\/bb4337a5fb147cb2046d80548172cbee\",\"name\":\"admin\",\"image\":{\"@type\":\"ImageObject\",\"inLanguage\":\"en-US\",\"@id\":\"https:\/\/president-ksgov.net\/#\/schema\/person\/image\/\",\"url\":\"https:\/\/secure.gravatar.com\/avatar\/36156ca0fa3b8d9d25174f146e16beea0cf28f37adf1b9e19b6c9c279a7c9dd3?s=96&d=mm&r=g\",\"contentUrl\":\"https:\/\/secure.gravatar.com\/avatar\/36156ca0fa3b8d9d25174f146e16beea0cf28f37adf1b9e19b6c9c279a7c9dd3?s=96&d=mm&r=g\",\"caption\":\"admin\"},\"sameAs\":[\"https:\/\/president-ksgov.net\"]}]}<\/script>\n<!-- \/ Yoast SEO plugin. -->","yoast_head_json":{"title":"President Tha\u00e7i organizes mass at the Vatican dedicated to Mother Teresa - President of the Republic of Kosovo - DR. VJOSA OSMANI - SADRIU","description":"President Tha\u00e7i organizes mass at the Vatican dedicated to Mother Teresa - President of the Republic of Kosovo - DR. VJOSA OSMANI - SADRIU -","robots":{"index":"index","follow":"follow","max-snippet":"max-snippet:-1","max-image-preview":"max-image-preview:large","max-video-preview":"max-video-preview:-1"},"canonical":"https:\/\/president-ksgov.net\/en\/president-thaci-organizes-mass-at-the-vatican-dedicated-to-mother-teresa\/","og_locale":"en_US","og_type":"article","og_title":"President Tha\u00e7i organizes mass at the Vatican dedicated to Mother Teresa - President of the Republic of Kosovo - DR. VJOSA OSMANI - SADRIU","og_description":"President Tha\u00e7i organizes mass at the Vatican dedicated to Mother Teresa - President of the Republic of Kosovo - DR. VJOSA OSMANI - SADRIU -","og_url":"https:\/\/president-ksgov.net\/en\/president-thaci-organizes-mass-at-the-vatican-dedicated-to-mother-teresa\/","og_site_name":"President of the Republic of Kosovo - DR. VJOSA OSMANI - SADRIU","article_published_time":"2016-06-17T18:02:40+00:00","article_modified_time":"2023-03-07T09:52:41+00:00","og_image":[{"width":2400,"height":1600,"url":"https:\/\/president-ksgov.net\/wp-content\/uploads\/17_06_2016_9321200_Photo1.jpg","type":"image\/jpeg"}],"author":"admin","twitter_card":"summary_large_image","twitter_misc":{"Written by":"admin","Est. reading time":"1 minute"},"schema":{"@context":"https:\/\/schema.org","@graph":[{"@type":"WebPage","@id":"https:\/\/president-ksgov.net\/en\/president-thaci-organizes-mass-at-the-vatican-dedicated-to-mother-teresa\/","url":"https:\/\/president-ksgov.net\/en\/president-thaci-organizes-mass-at-the-vatican-dedicated-to-mother-teresa\/","name":"President Tha\u00e7i organizes mass at the Vatican dedicated to Mother Teresa - President of the Republic of Kosovo - DR. VJOSA OSMANI - SADRIU","isPartOf":{"@id":"https:\/\/president-ksgov.net\/#website"},"primaryImageOfPage":{"@id":"https:\/\/president-ksgov.net\/en\/president-thaci-organizes-mass-at-the-vatican-dedicated-to-mother-teresa\/#primaryimage"},"image":{"@id":"https:\/\/president-ksgov.net\/en\/president-thaci-organizes-mass-at-the-vatican-dedicated-to-mother-teresa\/#primaryimage"},"thumbnailUrl":"https:\/\/president-ksgov.net\/wp-content\/uploads\/17_06_2016_9321200_Photo1.jpg","datePublished":"2016-06-17T18:02:40+00:00","dateModified":"2023-03-07T09:52:41+00:00","author":{"@id":"https:\/\/president-ksgov.net\/#\/schema\/person\/bb4337a5fb147cb2046d80548172cbee"},"description":"President Tha\u00e7i organizes mass at the Vatican dedicated to Mother Teresa - President of the Republic of Kosovo - DR. VJOSA OSMANI - SADRIU -","breadcrumb":{"@id":"https:\/\/president-ksgov.net\/en\/president-thaci-organizes-mass-at-the-vatican-dedicated-to-mother-teresa\/#breadcrumb"},"inLanguage":"en-US","potentialAction":[{"@type":"ReadAction","target":["https:\/\/president-ksgov.net\/en\/president-thaci-organizes-mass-at-the-vatican-dedicated-to-mother-teresa\/"]}]},{"@type":"ImageObject","inLanguage":"en-US","@id":"https:\/\/president-ksgov.net\/en\/president-thaci-organizes-mass-at-the-vatican-dedicated-to-mother-teresa\/#primaryimage","url":"https:\/\/president-ksgov.net\/wp-content\/uploads\/17_06_2016_9321200_Photo1.jpg","contentUrl":"https:\/\/president-ksgov.net\/wp-content\/uploads\/17_06_2016_9321200_Photo1.jpg","width":2400,"height":1600},{"@type":"BreadcrumbList","@id":"https:\/\/president-ksgov.net\/en\/president-thaci-organizes-mass-at-the-vatican-dedicated-to-mother-teresa\/#breadcrumb","itemListElement":[{"@type":"ListItem","position":1,"name":"Home","item":"https:\/\/president-ksgov.net\/en\/"},{"@type":"ListItem","position":2,"name":"President Tha\u00e7i organizes mass at the Vatican dedicated to Mother Teresa"}]},{"@type":"WebSite","@id":"https:\/\/president-ksgov.net\/#website","url":"https:\/\/president-ksgov.net\/","name":"Presidente e Republik\u00ebs s\u00eb Kosov\u00ebs","description":"Presidente e Republik\u00ebs s\u00eb Kosov\u00ebs","alternateName":"DR. VJOSA OSMANI - SADRIU","potentialAction":[{"@type":"SearchAction","target":{"@type":"EntryPoint","urlTemplate":"https:\/\/president-ksgov.net\/?s={search_term_string}"},"query-input":{"@type":"PropertyValueSpecification","valueRequired":true,"valueName":"search_term_string"}}],"inLanguage":"en-US"},{"@type":"Person","@id":"https:\/\/president-ksgov.net\/#\/schema\/person\/bb4337a5fb147cb2046d80548172cbee","name":"admin","image":{"@type":"ImageObject","inLanguage":"en-US","@id":"https:\/\/president-ksgov.net\/#\/schema\/person\/image\/","url":"https:\/\/secure.gravatar.com\/avatar\/36156ca0fa3b8d9d25174f146e16beea0cf28f37adf1b9e19b6c9c279a7c9dd3?s=96&d=mm&r=g","contentUrl":"https:\/\/secure.gravatar.com\/avatar\/36156ca0fa3b8d9d25174f146e16beea0cf28f37adf1b9e19b6c9c279a7c9dd3?s=96&d=mm&r=g","caption":"admin"},"sameAs":["https:\/\/president-ksgov.net"]}]}},"_links":{"self":[{"href":"https:\/\/president-ksgov.net\/en\/wp-json\/wp\/v2\/posts\/69136","targetHints":{"allow":["GET"]}}],"collection":[{"href":"https:\/\/president-ksgov.net\/en\/wp-json\/wp\/v2\/posts"}],"about":[{"href":"https:\/\/president-ksgov.net\/en\/wp-json\/wp\/v2\/types\/post"}],"author":[{"embeddable":true,"href":"https:\/\/president-ksgov.net\/en\/wp-json\/wp\/v2\/users\/1"}],"replies":[{"embeddable":true,"href":"https:\/\/president-ksgov.net\/en\/wp-json\/wp\/v2\/comments?post=69136"}],"version-history":[{"count":0,"href":"https:\/\/president-ksgov.net\/en\/wp-json\/wp\/v2\/posts\/69136\/revisions"}],"wp:featuredmedia":[{"embeddable":true,"href":"https:\/\/president-ksgov.net\/en\/wp-json\/wp\/v2\/media\/33765"}],"wp:attachment":[{"href":"https:\/\/president-ksgov.net\/en\/wp-json\/wp\/v2\/media?parent=69136"}],"wp:term":[{"taxonomy":"category","embeddable":true,"href":"https:\/\/president-ksgov.net\/en\/wp-json\/wp\/v2\/categories?post=69136"},{"taxonomy":"post_tag","embeddable":true,"href":"https:\/\/president-ksgov.net\/en\/wp-json\/wp\/v2\/tags?post=69136"}],"curies":[{"name":"wp","href":"https:\/\/api.w.org\/{rel}","templated":true}]}}