{"id":69133,"date":"2016-06-21T17:00:19","date_gmt":"2016-06-21T15:00:19","guid":{"rendered":"https:\/\/dev.president-ksgov.net\/president-thaci-meets-high-representative-of-the-european-union-for-foreign-affairs-and-security-policy-federica-mogherini\/"},"modified":"2023-03-07T09:52:08","modified_gmt":"2023-03-07T09:52:08","slug":"president-thaci-meets-high-representative-of-the-european-union-for-foreign-affairs-and-security-policy-federica-mogherini","status":"publish","type":"post","link":"https:\/\/president-ksgov.net\/en\/president-thaci-meets-high-representative-of-the-european-union-for-foreign-affairs-and-security-policy-federica-mogherini\/","title":{"rendered":"President Tha\u00e7i meets High Representative of the European Union for Foreign Affairs and Security Policy, Federica Mogherini"},"content":{"rendered":"<p>Brussels, June 21st, 2016 &#8211; President of the Republic of Kosovo, Hashim Tha\u00e7i, during today&#8217;s visit to Brussels, was also received by the High Representative of the European Union for Foreign Affairs and Security Policy and Vice-President of the European Commission, Federica Mogherini.<\/p>\n<p>President Tha\u00e7i informed the EU High Representative Mogherini of Kosovo&#8217;s achievements and its commitment to peace and stability in the region. <\/p>\n<p>Regarding the visa liberalization process, President Tha\u00e7i said that Kosovo now awaits a meritorious decision.<\/p>\n<p>The head of state also spoke about the dialogue between Kosovo and Serbia and stressed that this process has had a positive impact on building peace and stability in the Western Balkans.<\/p>\n<p>On the other hand, EU High Representative Mogherini said that Kosovo should be optimistic about visa liberalization and requested the fulfillment of the last criterion, the approval of the border demarcation agreement with Montenegro.\u00a0 She added that the dialogue should continue and that all countries must remain committed to establishing sincere cooperation.<\/p>\n<p>Meanwhile, the President of the Republic of Kosovo, Hashim Tha\u00e7i met today also with the President of the European Parliament, Martin Schulz.<\/p>\n","protected":false},"excerpt":{"rendered":"<p>Brussels, June 21st, 2016 &#8211; President of the Republic of Kosovo, Hashim Tha\u00e7i, during today&#8217;s visit to Brussels, was also received by the High Representative of the European Union for Foreign Affairs and Security Policy and Vice-President of the European Commission, Federica Mogherini.<\/p>\n","protected":false},"author":1,"featured_media":33741,"comment_status":"open","ping_status":"closed","sticky":false,"template":"","format":"standard","meta":{"_eb_attr":"","footnotes":""},"categories":[113,111],"tags":[],"class_list":["post-69133","post","type-post","status-publish","format-standard","has-post-thumbnail","hentry","category-international-visits","category-news"],"yoast_head":"<!-- This site is optimized with the Yoast SEO plugin v23.5 - https:\/\/yoast.com\/wordpress\/plugins\/seo\/ -->\n<title>President Tha\u00e7i meets High Representative of the European Union for Foreign Affairs and Security Policy, Federica Mogherini - President of the Republic of Kosovo - DR. VJOSA OSMANI - SADRIU<\/title>\n<meta name=\"description\" content=\"President Tha\u00e7i meets High Representative of the European Union for Foreign Affairs and Security Policy, Federica Mogherini - President of the Republic of Kosovo - DR. VJOSA OSMANI - SADRIU -\" \/>\n<meta name=\"robots\" content=\"index, follow, max-snippet:-1, max-image-preview:large, max-video-preview:-1\" \/>\n<link rel=\"canonical\" href=\"https:\/\/president-ksgov.net\/en\/president-thaci-meets-high-representative-of-the-european-union-for-foreign-affairs-and-security-policy-federica-mogherini\/\" \/>\n<meta property=\"og:locale\" content=\"en_US\" \/>\n<meta property=\"og:type\" content=\"article\" \/>\n<meta property=\"og:title\" content=\"President Tha\u00e7i meets High Representative of the European Union for Foreign Affairs and Security Policy, Federica Mogherini - President of the Republic of Kosovo - DR. VJOSA OSMANI - SADRIU\" \/>\n<meta property=\"og:description\" content=\"President Tha\u00e7i meets High Representative of the European Union for Foreign Affairs and Security Policy, Federica Mogherini - President of the Republic of Kosovo - DR. VJOSA OSMANI - SADRIU -\" \/>\n<meta property=\"og:url\" content=\"https:\/\/president-ksgov.net\/en\/president-thaci-meets-high-representative-of-the-european-union-for-foreign-affairs-and-security-policy-federica-mogherini\/\" \/>\n<meta property=\"og:site_name\" content=\"President of the Republic of Kosovo - DR. VJOSA OSMANI - SADRIU\" \/>\n<meta property=\"article:published_time\" content=\"2016-06-21T15:00:19+00:00\" \/>\n<meta property=\"article:modified_time\" content=\"2023-03-07T09:52:08+00:00\" \/>\n<meta property=\"og:image\" content=\"https:\/\/president-ksgov.net\/wp-content\/uploads\/21_06_2016_8427870_Photo1__3_.jpg\" \/>\n\t<meta property=\"og:image:width\" content=\"2400\" \/>\n\t<meta property=\"og:image:height\" content=\"1600\" \/>\n\t<meta property=\"og:image:type\" content=\"image\/jpeg\" \/>\n<meta name=\"author\" content=\"admin\" \/>\n<meta name=\"twitter:card\" content=\"summary_large_image\" \/>\n<meta name=\"twitter:label1\" content=\"Written by\" \/>\n\t<meta name=\"twitter:data1\" content=\"admin\" \/>\n\t<meta name=\"twitter:label2\" content=\"Est. reading time\" \/>\n\t<meta name=\"twitter:data2\" content=\"1 minute\" \/>\n<script type=\"application\/ld+json\" class=\"yoast-schema-graph\">{\"@context\":\"https:\/\/schema.org\",\"@graph\":[{\"@type\":\"WebPage\",\"@id\":\"https:\/\/president-ksgov.net\/en\/president-thaci-meets-high-representative-of-the-european-union-for-foreign-affairs-and-security-policy-federica-mogherini\/\",\"url\":\"https:\/\/president-ksgov.net\/en\/president-thaci-meets-high-representative-of-the-european-union-for-foreign-affairs-and-security-policy-federica-mogherini\/\",\"name\":\"President Tha\u00e7i meets High Representative of the European Union for Foreign Affairs and Security Policy, Federica Mogherini - President of the Republic of Kosovo - DR. VJOSA OSMANI - SADRIU\",\"isPartOf\":{\"@id\":\"https:\/\/president-ksgov.net\/#website\"},\"primaryImageOfPage\":{\"@id\":\"https:\/\/president-ksgov.net\/en\/president-thaci-meets-high-representative-of-the-european-union-for-foreign-affairs-and-security-policy-federica-mogherini\/#primaryimage\"},\"image\":{\"@id\":\"https:\/\/president-ksgov.net\/en\/president-thaci-meets-high-representative-of-the-european-union-for-foreign-affairs-and-security-policy-federica-mogherini\/#primaryimage\"},\"thumbnailUrl\":\"https:\/\/president-ksgov.net\/wp-content\/uploads\/21_06_2016_8427870_Photo1__3_.jpg\",\"datePublished\":\"2016-06-21T15:00:19+00:00\",\"dateModified\":\"2023-03-07T09:52:08+00:00\",\"author\":{\"@id\":\"https:\/\/president-ksgov.net\/#\/schema\/person\/bb4337a5fb147cb2046d80548172cbee\"},\"description\":\"President Tha\u00e7i meets High Representative of the European Union for Foreign Affairs and Security Policy, Federica Mogherini - President of the Republic of Kosovo - DR. VJOSA OSMANI - SADRIU -\",\"breadcrumb\":{\"@id\":\"https:\/\/president-ksgov.net\/en\/president-thaci-meets-high-representative-of-the-european-union-for-foreign-affairs-and-security-policy-federica-mogherini\/#breadcrumb\"},\"inLanguage\":\"en-US\",\"potentialAction\":[{\"@type\":\"ReadAction\",\"target\":[\"https:\/\/president-ksgov.net\/en\/president-thaci-meets-high-representative-of-the-european-union-for-foreign-affairs-and-security-policy-federica-mogherini\/\"]}]},{\"@type\":\"ImageObject\",\"inLanguage\":\"en-US\",\"@id\":\"https:\/\/president-ksgov.net\/en\/president-thaci-meets-high-representative-of-the-european-union-for-foreign-affairs-and-security-policy-federica-mogherini\/#primaryimage\",\"url\":\"https:\/\/president-ksgov.net\/wp-content\/uploads\/21_06_2016_8427870_Photo1__3_.jpg\",\"contentUrl\":\"https:\/\/president-ksgov.net\/wp-content\/uploads\/21_06_2016_8427870_Photo1__3_.jpg\",\"width\":2400,\"height\":1600},{\"@type\":\"BreadcrumbList\",\"@id\":\"https:\/\/president-ksgov.net\/en\/president-thaci-meets-high-representative-of-the-european-union-for-foreign-affairs-and-security-policy-federica-mogherini\/#breadcrumb\",\"itemListElement\":[{\"@type\":\"ListItem\",\"position\":1,\"name\":\"Home\",\"item\":\"https:\/\/president-ksgov.net\/en\/\"},{\"@type\":\"ListItem\",\"position\":2,\"name\":\"President Tha\u00e7i meets High Representative of the European Union for Foreign Affairs and Security Policy, Federica Mogherini\"}]},{\"@type\":\"WebSite\",\"@id\":\"https:\/\/president-ksgov.net\/#website\",\"url\":\"https:\/\/president-ksgov.net\/\",\"name\":\"Presidente e Republik\u00ebs s\u00eb Kosov\u00ebs\",\"description\":\"Presidente e Republik\u00ebs s\u00eb Kosov\u00ebs\",\"alternateName\":\"DR. VJOSA OSMANI - SADRIU\",\"potentialAction\":[{\"@type\":\"SearchAction\",\"target\":{\"@type\":\"EntryPoint\",\"urlTemplate\":\"https:\/\/president-ksgov.net\/?s={search_term_string}\"},\"query-input\":{\"@type\":\"PropertyValueSpecification\",\"valueRequired\":true,\"valueName\":\"search_term_string\"}}],\"inLanguage\":\"en-US\"},{\"@type\":\"Person\",\"@id\":\"https:\/\/president-ksgov.net\/#\/schema\/person\/bb4337a5fb147cb2046d80548172cbee\",\"name\":\"admin\",\"image\":{\"@type\":\"ImageObject\",\"inLanguage\":\"en-US\",\"@id\":\"https:\/\/president-ksgov.net\/#\/schema\/person\/image\/\",\"url\":\"https:\/\/secure.gravatar.com\/avatar\/36156ca0fa3b8d9d25174f146e16beea0cf28f37adf1b9e19b6c9c279a7c9dd3?s=96&d=mm&r=g\",\"contentUrl\":\"https:\/\/secure.gravatar.com\/avatar\/36156ca0fa3b8d9d25174f146e16beea0cf28f37adf1b9e19b6c9c279a7c9dd3?s=96&d=mm&r=g\",\"caption\":\"admin\"},\"sameAs\":[\"https:\/\/president-ksgov.net\"]}]}<\/script>\n<!-- \/ Yoast SEO plugin. -->","yoast_head_json":{"title":"President Tha\u00e7i meets High Representative of the European Union for Foreign Affairs and Security Policy, Federica Mogherini - President of the Republic of Kosovo - DR. VJOSA OSMANI - SADRIU","description":"President Tha\u00e7i meets High Representative of the European Union for Foreign Affairs and Security Policy, Federica Mogherini - President of the Republic of Kosovo - DR. VJOSA OSMANI - SADRIU -","robots":{"index":"index","follow":"follow","max-snippet":"max-snippet:-1","max-image-preview":"max-image-preview:large","max-video-preview":"max-video-preview:-1"},"canonical":"https:\/\/president-ksgov.net\/en\/president-thaci-meets-high-representative-of-the-european-union-for-foreign-affairs-and-security-policy-federica-mogherini\/","og_locale":"en_US","og_type":"article","og_title":"President Tha\u00e7i meets High Representative of the European Union for Foreign Affairs and Security Policy, Federica Mogherini - President of the Republic of Kosovo - DR. VJOSA OSMANI - SADRIU","og_description":"President Tha\u00e7i meets High Representative of the European Union for Foreign Affairs and Security Policy, Federica Mogherini - President of the Republic of Kosovo - DR. VJOSA OSMANI - SADRIU -","og_url":"https:\/\/president-ksgov.net\/en\/president-thaci-meets-high-representative-of-the-european-union-for-foreign-affairs-and-security-policy-federica-mogherini\/","og_site_name":"President of the Republic of Kosovo - DR. VJOSA OSMANI - SADRIU","article_published_time":"2016-06-21T15:00:19+00:00","article_modified_time":"2023-03-07T09:52:08+00:00","og_image":[{"width":2400,"height":1600,"url":"https:\/\/president-ksgov.net\/wp-content\/uploads\/21_06_2016_8427870_Photo1__3_.jpg","type":"image\/jpeg"}],"author":"admin","twitter_card":"summary_large_image","twitter_misc":{"Written by":"admin","Est. reading time":"1 minute"},"schema":{"@context":"https:\/\/schema.org","@graph":[{"@type":"WebPage","@id":"https:\/\/president-ksgov.net\/en\/president-thaci-meets-high-representative-of-the-european-union-for-foreign-affairs-and-security-policy-federica-mogherini\/","url":"https:\/\/president-ksgov.net\/en\/president-thaci-meets-high-representative-of-the-european-union-for-foreign-affairs-and-security-policy-federica-mogherini\/","name":"President Tha\u00e7i meets High Representative of the European Union for Foreign Affairs and Security Policy, Federica Mogherini - President of the Republic of Kosovo - DR. VJOSA OSMANI - SADRIU","isPartOf":{"@id":"https:\/\/president-ksgov.net\/#website"},"primaryImageOfPage":{"@id":"https:\/\/president-ksgov.net\/en\/president-thaci-meets-high-representative-of-the-european-union-for-foreign-affairs-and-security-policy-federica-mogherini\/#primaryimage"},"image":{"@id":"https:\/\/president-ksgov.net\/en\/president-thaci-meets-high-representative-of-the-european-union-for-foreign-affairs-and-security-policy-federica-mogherini\/#primaryimage"},"thumbnailUrl":"https:\/\/president-ksgov.net\/wp-content\/uploads\/21_06_2016_8427870_Photo1__3_.jpg","datePublished":"2016-06-21T15:00:19+00:00","dateModified":"2023-03-07T09:52:08+00:00","author":{"@id":"https:\/\/president-ksgov.net\/#\/schema\/person\/bb4337a5fb147cb2046d80548172cbee"},"description":"President Tha\u00e7i meets High Representative of the European Union for Foreign Affairs and Security Policy, Federica Mogherini - President of the Republic of Kosovo - DR. VJOSA OSMANI - SADRIU -","breadcrumb":{"@id":"https:\/\/president-ksgov.net\/en\/president-thaci-meets-high-representative-of-the-european-union-for-foreign-affairs-and-security-policy-federica-mogherini\/#breadcrumb"},"inLanguage":"en-US","potentialAction":[{"@type":"ReadAction","target":["https:\/\/president-ksgov.net\/en\/president-thaci-meets-high-representative-of-the-european-union-for-foreign-affairs-and-security-policy-federica-mogherini\/"]}]},{"@type":"ImageObject","inLanguage":"en-US","@id":"https:\/\/president-ksgov.net\/en\/president-thaci-meets-high-representative-of-the-european-union-for-foreign-affairs-and-security-policy-federica-mogherini\/#primaryimage","url":"https:\/\/president-ksgov.net\/wp-content\/uploads\/21_06_2016_8427870_Photo1__3_.jpg","contentUrl":"https:\/\/president-ksgov.net\/wp-content\/uploads\/21_06_2016_8427870_Photo1__3_.jpg","width":2400,"height":1600},{"@type":"BreadcrumbList","@id":"https:\/\/president-ksgov.net\/en\/president-thaci-meets-high-representative-of-the-european-union-for-foreign-affairs-and-security-policy-federica-mogherini\/#breadcrumb","itemListElement":[{"@type":"ListItem","position":1,"name":"Home","item":"https:\/\/president-ksgov.net\/en\/"},{"@type":"ListItem","position":2,"name":"President Tha\u00e7i meets High Representative of the European Union for Foreign Affairs and Security Policy, Federica Mogherini"}]},{"@type":"WebSite","@id":"https:\/\/president-ksgov.net\/#website","url":"https:\/\/president-ksgov.net\/","name":"Presidente e Republik\u00ebs s\u00eb Kosov\u00ebs","description":"Presidente e Republik\u00ebs s\u00eb Kosov\u00ebs","alternateName":"DR. VJOSA OSMANI - SADRIU","potentialAction":[{"@type":"SearchAction","target":{"@type":"EntryPoint","urlTemplate":"https:\/\/president-ksgov.net\/?s={search_term_string}"},"query-input":{"@type":"PropertyValueSpecification","valueRequired":true,"valueName":"search_term_string"}}],"inLanguage":"en-US"},{"@type":"Person","@id":"https:\/\/president-ksgov.net\/#\/schema\/person\/bb4337a5fb147cb2046d80548172cbee","name":"admin","image":{"@type":"ImageObject","inLanguage":"en-US","@id":"https:\/\/president-ksgov.net\/#\/schema\/person\/image\/","url":"https:\/\/secure.gravatar.com\/avatar\/36156ca0fa3b8d9d25174f146e16beea0cf28f37adf1b9e19b6c9c279a7c9dd3?s=96&d=mm&r=g","contentUrl":"https:\/\/secure.gravatar.com\/avatar\/36156ca0fa3b8d9d25174f146e16beea0cf28f37adf1b9e19b6c9c279a7c9dd3?s=96&d=mm&r=g","caption":"admin"},"sameAs":["https:\/\/president-ksgov.net"]}]}},"_links":{"self":[{"href":"https:\/\/president-ksgov.net\/en\/wp-json\/wp\/v2\/posts\/69133","targetHints":{"allow":["GET"]}}],"collection":[{"href":"https:\/\/president-ksgov.net\/en\/wp-json\/wp\/v2\/posts"}],"about":[{"href":"https:\/\/president-ksgov.net\/en\/wp-json\/wp\/v2\/types\/post"}],"author":[{"embeddable":true,"href":"https:\/\/president-ksgov.net\/en\/wp-json\/wp\/v2\/users\/1"}],"replies":[{"embeddable":true,"href":"https:\/\/president-ksgov.net\/en\/wp-json\/wp\/v2\/comments?post=69133"}],"version-history":[{"count":0,"href":"https:\/\/president-ksgov.net\/en\/wp-json\/wp\/v2\/posts\/69133\/revisions"}],"wp:featuredmedia":[{"embeddable":true,"href":"https:\/\/president-ksgov.net\/en\/wp-json\/wp\/v2\/media\/33741"}],"wp:attachment":[{"href":"https:\/\/president-ksgov.net\/en\/wp-json\/wp\/v2\/media?parent=69133"}],"wp:term":[{"taxonomy":"category","embeddable":true,"href":"https:\/\/president-ksgov.net\/en\/wp-json\/wp\/v2\/categories?post=69133"},{"taxonomy":"post_tag","embeddable":true,"href":"https:\/\/president-ksgov.net\/en\/wp-json\/wp\/v2\/tags?post=69133"}],"curies":[{"name":"wp","href":"https:\/\/api.w.org\/{rel}","templated":true}]}}