{"id":69130,"date":"2016-06-27T13:48:39","date_gmt":"2016-06-27T11:48:39","guid":{"rendered":"https:\/\/dev.president-ksgov.net\/president-thaci-joins-world-leaders-at-the-panama-canal-expansion-inauguration-ceremony\/"},"modified":"2023-03-07T09:52:08","modified_gmt":"2023-03-07T09:52:08","slug":"president-thaci-joins-world-leaders-at-the-panama-canal-expansion-inauguration-ceremony","status":"publish","type":"post","link":"https:\/\/president-ksgov.net\/en\/president-thaci-joins-world-leaders-at-the-panama-canal-expansion-inauguration-ceremony\/","title":{"rendered":"President Tha\u00e7i joins world leaders at the Panama Canal expansion inauguration ceremony"},"content":{"rendered":"<p>Panama City, June 27th, 2016 &#8211; President of the Republic of Kosovo, Hashim Tha\u00e7i joined dozens of world leaders to attend the historic Panama Canal expansion inauguration ceremony.<\/p>\n<p>On this occasion, President Tha\u00e7i said that Kosovo&#8217;s participation in this event, along with other countries of the world, strengthens the international presence and subjectivity of our country.<\/p>\n<p>&#8220;The invitation to attend the biggest event of Central America and South America is evidence that Kosovo is strengthening its international subjectivity and consolidating its position on the international stage more and more each day&#8221;, President Tha\u00e7i said.<\/p>\n<p>During the inauguration ceremony, President Tha\u00e7i held many meetings with his counterparts from the countries of Central and South America.<\/p>\n<p>President Tha\u00e7i also met with representatives of countries that have not yet formally recognized the independence of Kosovo, asking them to take the decision on its recognition as soon as possible, to join 111 countries of the world who have done so.<\/p>\n<p>&#8220;I met with presidents, prime ministers and representatives of countries from Latin America who have not recognized us. There is a very optimistic spirit to move towards a faster recognition of Kosovo, even among countries that have so far been reluctant to recognize its statehood&#8221;, he added.<\/p>\n<p>President of the Republic of Kosovo, Hashim Tha\u00e7i said that Kosovo is being represented in every corner of the world, alongside the most powerful countries in the world. Presidents, prime ministers and foreign Ministers from 60 countries from all around the world have attended the inauguration ceremony. <\/p>\n<p>The Panama Canal was opened to traffic 102 years ago. To accommodate large ships of the XXI century, the old canal has been expanded, and a new lane of the canal was added. The inauguration ceremony of the new lane of the canal was held on Sunday, June 26th.\u00a0<\/p>\n","protected":false},"excerpt":{"rendered":"<p>Panama City, June 27th, 2016 &#8211; President of the Republic of Kosovo, Hashim Tha\u00e7i joined dozens of world leaders to attend the historic Panama Canal expansion inauguration ceremony.<\/p>\n","protected":false},"author":1,"featured_media":33711,"comment_status":"open","ping_status":"closed","sticky":false,"template":"","format":"standard","meta":{"_eb_attr":"","footnotes":""},"categories":[113,111],"tags":[],"class_list":["post-69130","post","type-post","status-publish","format-standard","has-post-thumbnail","hentry","category-international-visits","category-news"],"yoast_head":"<!-- This site is optimized with the Yoast SEO plugin v23.5 - https:\/\/yoast.com\/wordpress\/plugins\/seo\/ -->\n<title>President Tha\u00e7i joins world leaders at the Panama Canal expansion inauguration ceremony - President of the Republic of Kosovo - DR. VJOSA OSMANI - SADRIU<\/title>\n<meta name=\"description\" content=\"President Tha\u00e7i joins world leaders at the Panama Canal expansion inauguration ceremony - President of the Republic of Kosovo - DR. VJOSA OSMANI - SADRIU -\" \/>\n<meta name=\"robots\" content=\"index, follow, max-snippet:-1, max-image-preview:large, max-video-preview:-1\" \/>\n<link rel=\"canonical\" href=\"https:\/\/president-ksgov.net\/en\/president-thaci-joins-world-leaders-at-the-panama-canal-expansion-inauguration-ceremony\/\" \/>\n<meta property=\"og:locale\" content=\"en_US\" \/>\n<meta property=\"og:type\" content=\"article\" \/>\n<meta property=\"og:title\" content=\"President Tha\u00e7i joins world leaders at the Panama Canal expansion inauguration ceremony - President of the Republic of Kosovo - DR. VJOSA OSMANI - SADRIU\" \/>\n<meta property=\"og:description\" content=\"President Tha\u00e7i joins world leaders at the Panama Canal expansion inauguration ceremony - President of the Republic of Kosovo - DR. VJOSA OSMANI - SADRIU -\" \/>\n<meta property=\"og:url\" content=\"https:\/\/president-ksgov.net\/en\/president-thaci-joins-world-leaders-at-the-panama-canal-expansion-inauguration-ceremony\/\" \/>\n<meta property=\"og:site_name\" content=\"President of the Republic of Kosovo - DR. VJOSA OSMANI - SADRIU\" \/>\n<meta property=\"article:published_time\" content=\"2016-06-27T11:48:39+00:00\" \/>\n<meta property=\"article:modified_time\" content=\"2023-03-07T09:52:08+00:00\" \/>\n<meta property=\"og:image\" content=\"https:\/\/president-ksgov.net\/wp-content\/uploads\/27_06_2016_1954444_Photo1-1024x683.jpg\" \/>\n\t<meta property=\"og:image:width\" content=\"1024\" \/>\n\t<meta property=\"og:image:height\" content=\"683\" \/>\n\t<meta property=\"og:image:type\" content=\"image\/jpeg\" \/>\n<meta name=\"author\" content=\"admin\" \/>\n<meta name=\"twitter:card\" content=\"summary_large_image\" \/>\n<meta name=\"twitter:label1\" content=\"Written by\" \/>\n\t<meta name=\"twitter:data1\" content=\"admin\" \/>\n\t<meta name=\"twitter:label2\" content=\"Est. reading time\" \/>\n\t<meta name=\"twitter:data2\" content=\"2 minutes\" \/>\n<script type=\"application\/ld+json\" class=\"yoast-schema-graph\">{\"@context\":\"https:\/\/schema.org\",\"@graph\":[{\"@type\":\"WebPage\",\"@id\":\"https:\/\/president-ksgov.net\/en\/president-thaci-joins-world-leaders-at-the-panama-canal-expansion-inauguration-ceremony\/\",\"url\":\"https:\/\/president-ksgov.net\/en\/president-thaci-joins-world-leaders-at-the-panama-canal-expansion-inauguration-ceremony\/\",\"name\":\"President Tha\u00e7i joins world leaders at the Panama Canal expansion inauguration ceremony - President of the Republic of Kosovo - DR. VJOSA OSMANI - SADRIU\",\"isPartOf\":{\"@id\":\"https:\/\/president-ksgov.net\/#website\"},\"primaryImageOfPage\":{\"@id\":\"https:\/\/president-ksgov.net\/en\/president-thaci-joins-world-leaders-at-the-panama-canal-expansion-inauguration-ceremony\/#primaryimage\"},\"image\":{\"@id\":\"https:\/\/president-ksgov.net\/en\/president-thaci-joins-world-leaders-at-the-panama-canal-expansion-inauguration-ceremony\/#primaryimage\"},\"thumbnailUrl\":\"https:\/\/president-ksgov.net\/wp-content\/uploads\/27_06_2016_1954444_Photo1.jpg\",\"datePublished\":\"2016-06-27T11:48:39+00:00\",\"dateModified\":\"2023-03-07T09:52:08+00:00\",\"author\":{\"@id\":\"https:\/\/president-ksgov.net\/#\/schema\/person\/bb4337a5fb147cb2046d80548172cbee\"},\"description\":\"President Tha\u00e7i joins world leaders at the Panama Canal expansion inauguration ceremony - President of the Republic of Kosovo - DR. VJOSA OSMANI - SADRIU -\",\"breadcrumb\":{\"@id\":\"https:\/\/president-ksgov.net\/en\/president-thaci-joins-world-leaders-at-the-panama-canal-expansion-inauguration-ceremony\/#breadcrumb\"},\"inLanguage\":\"en-US\",\"potentialAction\":[{\"@type\":\"ReadAction\",\"target\":[\"https:\/\/president-ksgov.net\/en\/president-thaci-joins-world-leaders-at-the-panama-canal-expansion-inauguration-ceremony\/\"]}]},{\"@type\":\"ImageObject\",\"inLanguage\":\"en-US\",\"@id\":\"https:\/\/president-ksgov.net\/en\/president-thaci-joins-world-leaders-at-the-panama-canal-expansion-inauguration-ceremony\/#primaryimage\",\"url\":\"https:\/\/president-ksgov.net\/wp-content\/uploads\/27_06_2016_1954444_Photo1.jpg\",\"contentUrl\":\"https:\/\/president-ksgov.net\/wp-content\/uploads\/27_06_2016_1954444_Photo1.jpg\",\"width\":2400,\"height\":1600},{\"@type\":\"BreadcrumbList\",\"@id\":\"https:\/\/president-ksgov.net\/en\/president-thaci-joins-world-leaders-at-the-panama-canal-expansion-inauguration-ceremony\/#breadcrumb\",\"itemListElement\":[{\"@type\":\"ListItem\",\"position\":1,\"name\":\"Home\",\"item\":\"https:\/\/president-ksgov.net\/en\/\"},{\"@type\":\"ListItem\",\"position\":2,\"name\":\"President Tha\u00e7i joins world leaders at the Panama Canal expansion inauguration ceremony\"}]},{\"@type\":\"WebSite\",\"@id\":\"https:\/\/president-ksgov.net\/#website\",\"url\":\"https:\/\/president-ksgov.net\/\",\"name\":\"Presidente e Republik\u00ebs s\u00eb Kosov\u00ebs\",\"description\":\"Presidente e Republik\u00ebs s\u00eb Kosov\u00ebs\",\"alternateName\":\"DR. VJOSA OSMANI - SADRIU\",\"potentialAction\":[{\"@type\":\"SearchAction\",\"target\":{\"@type\":\"EntryPoint\",\"urlTemplate\":\"https:\/\/president-ksgov.net\/?s={search_term_string}\"},\"query-input\":{\"@type\":\"PropertyValueSpecification\",\"valueRequired\":true,\"valueName\":\"search_term_string\"}}],\"inLanguage\":\"en-US\"},{\"@type\":\"Person\",\"@id\":\"https:\/\/president-ksgov.net\/#\/schema\/person\/bb4337a5fb147cb2046d80548172cbee\",\"name\":\"admin\",\"image\":{\"@type\":\"ImageObject\",\"inLanguage\":\"en-US\",\"@id\":\"https:\/\/president-ksgov.net\/#\/schema\/person\/image\/\",\"url\":\"https:\/\/secure.gravatar.com\/avatar\/36156ca0fa3b8d9d25174f146e16beea0cf28f37adf1b9e19b6c9c279a7c9dd3?s=96&d=mm&r=g\",\"contentUrl\":\"https:\/\/secure.gravatar.com\/avatar\/36156ca0fa3b8d9d25174f146e16beea0cf28f37adf1b9e19b6c9c279a7c9dd3?s=96&d=mm&r=g\",\"caption\":\"admin\"},\"sameAs\":[\"https:\/\/president-ksgov.net\"]}]}<\/script>\n<!-- \/ Yoast SEO plugin. -->","yoast_head_json":{"title":"President Tha\u00e7i joins world leaders at the Panama Canal expansion inauguration ceremony - President of the Republic of Kosovo - DR. VJOSA OSMANI - SADRIU","description":"President Tha\u00e7i joins world leaders at the Panama Canal expansion inauguration ceremony - President of the Republic of Kosovo - DR. VJOSA OSMANI - SADRIU -","robots":{"index":"index","follow":"follow","max-snippet":"max-snippet:-1","max-image-preview":"max-image-preview:large","max-video-preview":"max-video-preview:-1"},"canonical":"https:\/\/president-ksgov.net\/en\/president-thaci-joins-world-leaders-at-the-panama-canal-expansion-inauguration-ceremony\/","og_locale":"en_US","og_type":"article","og_title":"President Tha\u00e7i joins world leaders at the Panama Canal expansion inauguration ceremony - President of the Republic of Kosovo - DR. VJOSA OSMANI - SADRIU","og_description":"President Tha\u00e7i joins world leaders at the Panama Canal expansion inauguration ceremony - President of the Republic of Kosovo - DR. VJOSA OSMANI - SADRIU -","og_url":"https:\/\/president-ksgov.net\/en\/president-thaci-joins-world-leaders-at-the-panama-canal-expansion-inauguration-ceremony\/","og_site_name":"President of the Republic of Kosovo - DR. VJOSA OSMANI - SADRIU","article_published_time":"2016-06-27T11:48:39+00:00","article_modified_time":"2023-03-07T09:52:08+00:00","og_image":[{"width":1024,"height":683,"url":"https:\/\/president-ksgov.net\/wp-content\/uploads\/27_06_2016_1954444_Photo1-1024x683.jpg","type":"image\/jpeg"}],"author":"admin","twitter_card":"summary_large_image","twitter_misc":{"Written by":"admin","Est. reading time":"2 minutes"},"schema":{"@context":"https:\/\/schema.org","@graph":[{"@type":"WebPage","@id":"https:\/\/president-ksgov.net\/en\/president-thaci-joins-world-leaders-at-the-panama-canal-expansion-inauguration-ceremony\/","url":"https:\/\/president-ksgov.net\/en\/president-thaci-joins-world-leaders-at-the-panama-canal-expansion-inauguration-ceremony\/","name":"President Tha\u00e7i joins world leaders at the Panama Canal expansion inauguration ceremony - President of the Republic of Kosovo - DR. VJOSA OSMANI - SADRIU","isPartOf":{"@id":"https:\/\/president-ksgov.net\/#website"},"primaryImageOfPage":{"@id":"https:\/\/president-ksgov.net\/en\/president-thaci-joins-world-leaders-at-the-panama-canal-expansion-inauguration-ceremony\/#primaryimage"},"image":{"@id":"https:\/\/president-ksgov.net\/en\/president-thaci-joins-world-leaders-at-the-panama-canal-expansion-inauguration-ceremony\/#primaryimage"},"thumbnailUrl":"https:\/\/president-ksgov.net\/wp-content\/uploads\/27_06_2016_1954444_Photo1.jpg","datePublished":"2016-06-27T11:48:39+00:00","dateModified":"2023-03-07T09:52:08+00:00","author":{"@id":"https:\/\/president-ksgov.net\/#\/schema\/person\/bb4337a5fb147cb2046d80548172cbee"},"description":"President Tha\u00e7i joins world leaders at the Panama Canal expansion inauguration ceremony - President of the Republic of Kosovo - DR. VJOSA OSMANI - SADRIU -","breadcrumb":{"@id":"https:\/\/president-ksgov.net\/en\/president-thaci-joins-world-leaders-at-the-panama-canal-expansion-inauguration-ceremony\/#breadcrumb"},"inLanguage":"en-US","potentialAction":[{"@type":"ReadAction","target":["https:\/\/president-ksgov.net\/en\/president-thaci-joins-world-leaders-at-the-panama-canal-expansion-inauguration-ceremony\/"]}]},{"@type":"ImageObject","inLanguage":"en-US","@id":"https:\/\/president-ksgov.net\/en\/president-thaci-joins-world-leaders-at-the-panama-canal-expansion-inauguration-ceremony\/#primaryimage","url":"https:\/\/president-ksgov.net\/wp-content\/uploads\/27_06_2016_1954444_Photo1.jpg","contentUrl":"https:\/\/president-ksgov.net\/wp-content\/uploads\/27_06_2016_1954444_Photo1.jpg","width":2400,"height":1600},{"@type":"BreadcrumbList","@id":"https:\/\/president-ksgov.net\/en\/president-thaci-joins-world-leaders-at-the-panama-canal-expansion-inauguration-ceremony\/#breadcrumb","itemListElement":[{"@type":"ListItem","position":1,"name":"Home","item":"https:\/\/president-ksgov.net\/en\/"},{"@type":"ListItem","position":2,"name":"President Tha\u00e7i joins world leaders at the Panama Canal expansion inauguration ceremony"}]},{"@type":"WebSite","@id":"https:\/\/president-ksgov.net\/#website","url":"https:\/\/president-ksgov.net\/","name":"Presidente e Republik\u00ebs s\u00eb Kosov\u00ebs","description":"Presidente e Republik\u00ebs s\u00eb Kosov\u00ebs","alternateName":"DR. VJOSA OSMANI - SADRIU","potentialAction":[{"@type":"SearchAction","target":{"@type":"EntryPoint","urlTemplate":"https:\/\/president-ksgov.net\/?s={search_term_string}"},"query-input":{"@type":"PropertyValueSpecification","valueRequired":true,"valueName":"search_term_string"}}],"inLanguage":"en-US"},{"@type":"Person","@id":"https:\/\/president-ksgov.net\/#\/schema\/person\/bb4337a5fb147cb2046d80548172cbee","name":"admin","image":{"@type":"ImageObject","inLanguage":"en-US","@id":"https:\/\/president-ksgov.net\/#\/schema\/person\/image\/","url":"https:\/\/secure.gravatar.com\/avatar\/36156ca0fa3b8d9d25174f146e16beea0cf28f37adf1b9e19b6c9c279a7c9dd3?s=96&d=mm&r=g","contentUrl":"https:\/\/secure.gravatar.com\/avatar\/36156ca0fa3b8d9d25174f146e16beea0cf28f37adf1b9e19b6c9c279a7c9dd3?s=96&d=mm&r=g","caption":"admin"},"sameAs":["https:\/\/president-ksgov.net"]}]}},"_links":{"self":[{"href":"https:\/\/president-ksgov.net\/en\/wp-json\/wp\/v2\/posts\/69130","targetHints":{"allow":["GET"]}}],"collection":[{"href":"https:\/\/president-ksgov.net\/en\/wp-json\/wp\/v2\/posts"}],"about":[{"href":"https:\/\/president-ksgov.net\/en\/wp-json\/wp\/v2\/types\/post"}],"author":[{"embeddable":true,"href":"https:\/\/president-ksgov.net\/en\/wp-json\/wp\/v2\/users\/1"}],"replies":[{"embeddable":true,"href":"https:\/\/president-ksgov.net\/en\/wp-json\/wp\/v2\/comments?post=69130"}],"version-history":[{"count":0,"href":"https:\/\/president-ksgov.net\/en\/wp-json\/wp\/v2\/posts\/69130\/revisions"}],"wp:featuredmedia":[{"embeddable":true,"href":"https:\/\/president-ksgov.net\/en\/wp-json\/wp\/v2\/media\/33711"}],"wp:attachment":[{"href":"https:\/\/president-ksgov.net\/en\/wp-json\/wp\/v2\/media?parent=69130"}],"wp:term":[{"taxonomy":"category","embeddable":true,"href":"https:\/\/president-ksgov.net\/en\/wp-json\/wp\/v2\/categories?post=69130"},{"taxonomy":"post_tag","embeddable":true,"href":"https:\/\/president-ksgov.net\/en\/wp-json\/wp\/v2\/tags?post=69130"}],"curies":[{"name":"wp","href":"https:\/\/api.w.org\/{rel}","templated":true}]}}