{"id":69129,"date":"2016-06-28T19:56:03","date_gmt":"2016-06-28T17:56:03","guid":{"rendered":"https:\/\/dev.president-ksgov.net\/president-thaci-seeks-to-deepen-cooperation-with-the-latin-american-parliament\/"},"modified":"2023-03-07T09:52:08","modified_gmt":"2023-03-07T09:52:08","slug":"president-thaci-seeks-to-deepen-cooperation-with-the-latin-american-parliament","status":"publish","type":"post","link":"https:\/\/president-ksgov.net\/en\/president-thaci-seeks-to-deepen-cooperation-with-the-latin-american-parliament\/","title":{"rendered":"President Tha\u00e7i seeks to deepen cooperation with the Latin American Parliament"},"content":{"rendered":"<p>Panama City, June 28th, 2016 &#8211; President of the Republic of Kosovo, Hashim Tha\u00e7i, held a series of meetings with representatives of various countries during his official visit to Panama. On Monday, he met with the Secretary General of the Latin American Parliament, based in Panama, Elias Castillo.<\/p>\n<p>President Tha\u00e7i expressed his interest in establishing a Friendship Group in the Panamanian National Assembly and also the possibility of Kosovo&#8217;s membership as an observer state in the Latin American Parliament, known as Parlatino. <\/p>\n<p>&#8220;To Kosovo, Panama is the center of Latin America. It is among the first countries to have recognized Kosovo, therefore we have opened our embassy here. Other countries of Latin America should follow the example of Panama&#8221;, President Tha\u00e7i said, adding that cooperation between Kosovan MPs and those of Panama and Parlatino would ensure advancement of Kosovo&#8217;s relations with this part of the world.<br \/>\n\u00a0<br \/>\nOn the other hand, Parlatino&#8217;s Secretary General, Elias Castilo welcomed President Tha\u00e7i&#8217;s proposal stressing that Kosovo has a place in the Latin American Parliament.<\/p>\n<p>During the day, President Tha\u00e7i held a lecture at one of the most influential universities in Panama, &#8220;Universidad Cat\u00f3lica Santa Mar\u00eda La Antigua&#8221;, which is renowned for its commitment to human rights.<\/p>\n<p>At this university, President Tha\u00e7i was awarded the &#8220;Honorary visitor&#8221; title.<\/p>\n<p>Initially, the university&#8217;s rector Juan Planells Fern\u00e1ndez said that President Tha\u00e7i with his leadership and work for Kosovo has been an inspiration to all.<br \/>\n\u00a0<br \/>\n&#8220;The visit of the President of Kosovo, a small country that has emerged from a painful period, but with an attitude towards reconciliation and open dialogue for all, is undoubtedly a signal of hope for mankind and as such encourages the world to continue down that path&#8221; rector Fern\u00e1ndez said.\u00a0\u00a0<br \/>\n\u00a0<br \/>\nPresident Tha\u00e7i, in his speech before the university&#8217;s management and students said that Kosovo remains a model of coexistence.<\/p>\n<p>In separate meetings, President Tha\u00e7i met with the presidents of countries of Central and South American countries, with Juan Carlos I, former King of Spian, with prime minister and state ministers, with a particular focus on countries that have not recognized Kosovo, the country that expects to be soon recognized by them.<br \/>\n\u00a0<br \/>\n&#8220;I thanked in particular the President of Panama, Juan Carlos Varela for the generous hospitality and the support his country has given Kosovo in global diplomatic interaction&#8221;, President Tha\u00e7i added.<br \/>\n\u00a0<br \/>\nPresident Tha\u00e7i also met with the President of Costa Rica, Luis Guillermo Sol\u00eds, one of the first that has recognized Kosovo and which offered ongoing support for its membership in international organizations.<br \/>\n\u00a0<br \/>\n&#8220;We agreed to accredit non-resident ambassadors and launch a series of consultations to increase exchange in all areas. I accepted with pleasure the invitation to visit Costa Rica later, and also invited my counterpart for a visit to Kosovo. We are blessed to have friends in every part of the world&#8221;, President of the Republic of Kosovo, Hashim Tha\u00e7i.<br \/>\n\u00a0<br \/>\nPresident Tha\u00e7i also met with the President of Paraguay, Horacios Cartes, President of Honduras, Juan Orlando Hern\u00e1ndez, President of the Dominical Republic, Danilo Medina S\u00e1nchez, Prime Minister of Jamaica, Andrew Holness and Vice President of Guatemala, Jafeth Ernesto Cabrera Franco.<\/p>\n","protected":false},"excerpt":{"rendered":"<p>Panama City, June 28th, 2016 &#8211; President of the Republic of Kosovo, Hashim Tha\u00e7i, held a series of meetings with representatives of various countries during his official visit to Panama. On Monday, he met with the Secretary General of the Latin American Parliament, based in Panama, Elias Castillo.<\/p>\n","protected":false},"author":1,"featured_media":33671,"comment_status":"open","ping_status":"closed","sticky":false,"template":"","format":"standard","meta":{"_eb_attr":"","footnotes":""},"categories":[113,111],"tags":[],"class_list":["post-69129","post","type-post","status-publish","format-standard","has-post-thumbnail","hentry","category-international-visits","category-news"],"yoast_head":"<!-- This site is optimized with the Yoast SEO plugin v23.5 - https:\/\/yoast.com\/wordpress\/plugins\/seo\/ -->\n<title>President Tha\u00e7i seeks to deepen cooperation with the Latin American Parliament - President of the Republic of Kosovo - DR. VJOSA OSMANI - SADRIU<\/title>\n<meta name=\"description\" content=\"President Tha\u00e7i seeks to deepen cooperation with the Latin American Parliament - President of the Republic of Kosovo - DR. VJOSA OSMANI - SADRIU -\" \/>\n<meta name=\"robots\" content=\"index, follow, max-snippet:-1, max-image-preview:large, max-video-preview:-1\" \/>\n<link rel=\"canonical\" href=\"https:\/\/president-ksgov.net\/presidenti-thaci-kerkon-thellimin-e-bashkepunimit-me-parlamentin-e-amerikes-latine\/\" \/>\n<meta property=\"og:locale\" content=\"en_US\" \/>\n<meta property=\"og:type\" content=\"article\" \/>\n<meta property=\"og:title\" content=\"President Tha\u00e7i seeks to deepen cooperation with the Latin American Parliament - President of the Republic of Kosovo - DR. VJOSA OSMANI - SADRIU\" \/>\n<meta property=\"og:description\" content=\"President Tha\u00e7i seeks to deepen cooperation with the Latin American Parliament - President of the Republic of Kosovo - DR. VJOSA OSMANI - SADRIU -\" \/>\n<meta property=\"og:url\" content=\"https:\/\/president-ksgov.net\/presidenti-thaci-kerkon-thellimin-e-bashkepunimit-me-parlamentin-e-amerikes-latine\/\" \/>\n<meta property=\"og:site_name\" content=\"President of the Republic of Kosovo - DR. VJOSA OSMANI - SADRIU\" \/>\n<meta property=\"article:published_time\" content=\"2016-06-28T17:56:03+00:00\" \/>\n<meta property=\"article:modified_time\" content=\"2023-03-07T09:52:08+00:00\" \/>\n<meta property=\"og:image\" content=\"https:\/\/president-ksgov.net\/wp-content\/uploads\/28_06_2016_8107891_28_06_2016_Foto.jpg\" \/>\n\t<meta property=\"og:image:width\" content=\"2400\" \/>\n\t<meta property=\"og:image:height\" content=\"1600\" \/>\n\t<meta property=\"og:image:type\" content=\"image\/jpeg\" \/>\n<meta name=\"author\" content=\"admin\" \/>\n<meta name=\"twitter:card\" content=\"summary_large_image\" \/>\n<meta name=\"twitter:label1\" content=\"Written by\" \/>\n\t<meta name=\"twitter:data1\" content=\"admin\" \/>\n\t<meta name=\"twitter:label2\" content=\"Est. reading time\" \/>\n\t<meta name=\"twitter:data2\" content=\"3 minutes\" \/>\n<script type=\"application\/ld+json\" class=\"yoast-schema-graph\">{\"@context\":\"https:\/\/schema.org\",\"@graph\":[{\"@type\":\"WebPage\",\"@id\":\"https:\/\/president-ksgov.net\/presidenti-thaci-kerkon-thellimin-e-bashkepunimit-me-parlamentin-e-amerikes-latine\/\",\"url\":\"https:\/\/president-ksgov.net\/presidenti-thaci-kerkon-thellimin-e-bashkepunimit-me-parlamentin-e-amerikes-latine\/\",\"name\":\"President Tha\u00e7i seeks to deepen cooperation with the Latin American Parliament - President of the Republic of Kosovo - DR. VJOSA OSMANI - SADRIU\",\"isPartOf\":{\"@id\":\"https:\/\/president-ksgov.net\/#website\"},\"primaryImageOfPage\":{\"@id\":\"https:\/\/president-ksgov.net\/presidenti-thaci-kerkon-thellimin-e-bashkepunimit-me-parlamentin-e-amerikes-latine\/#primaryimage\"},\"image\":{\"@id\":\"https:\/\/president-ksgov.net\/presidenti-thaci-kerkon-thellimin-e-bashkepunimit-me-parlamentin-e-amerikes-latine\/#primaryimage\"},\"thumbnailUrl\":\"https:\/\/president-ksgov.net\/wp-content\/uploads\/28_06_2016_8107891_28_06_2016_Foto.jpg\",\"datePublished\":\"2016-06-28T17:56:03+00:00\",\"dateModified\":\"2023-03-07T09:52:08+00:00\",\"author\":{\"@id\":\"https:\/\/president-ksgov.net\/#\/schema\/person\/bb4337a5fb147cb2046d80548172cbee\"},\"description\":\"President Tha\u00e7i seeks to deepen cooperation with the Latin American Parliament - President of the Republic of Kosovo - DR. VJOSA OSMANI - SADRIU -\",\"breadcrumb\":{\"@id\":\"https:\/\/president-ksgov.net\/presidenti-thaci-kerkon-thellimin-e-bashkepunimit-me-parlamentin-e-amerikes-latine\/#breadcrumb\"},\"inLanguage\":\"en-US\",\"potentialAction\":[{\"@type\":\"ReadAction\",\"target\":[\"https:\/\/president-ksgov.net\/presidenti-thaci-kerkon-thellimin-e-bashkepunimit-me-parlamentin-e-amerikes-latine\/\"]}]},{\"@type\":\"ImageObject\",\"inLanguage\":\"en-US\",\"@id\":\"https:\/\/president-ksgov.net\/presidenti-thaci-kerkon-thellimin-e-bashkepunimit-me-parlamentin-e-amerikes-latine\/#primaryimage\",\"url\":\"https:\/\/president-ksgov.net\/wp-content\/uploads\/28_06_2016_8107891_28_06_2016_Foto.jpg\",\"contentUrl\":\"https:\/\/president-ksgov.net\/wp-content\/uploads\/28_06_2016_8107891_28_06_2016_Foto.jpg\",\"width\":2400,\"height\":1600},{\"@type\":\"BreadcrumbList\",\"@id\":\"https:\/\/president-ksgov.net\/presidenti-thaci-kerkon-thellimin-e-bashkepunimit-me-parlamentin-e-amerikes-latine\/#breadcrumb\",\"itemListElement\":[{\"@type\":\"ListItem\",\"position\":1,\"name\":\"Home\",\"item\":\"https:\/\/president-ksgov.net\/en\/\"},{\"@type\":\"ListItem\",\"position\":2,\"name\":\"President Tha\u00e7i seeks to deepen cooperation with the Latin American Parliament\"}]},{\"@type\":\"WebSite\",\"@id\":\"https:\/\/president-ksgov.net\/#website\",\"url\":\"https:\/\/president-ksgov.net\/\",\"name\":\"Presidente e Republik\u00ebs s\u00eb Kosov\u00ebs\",\"description\":\"Presidente e Republik\u00ebs s\u00eb Kosov\u00ebs\",\"alternateName\":\"DR. VJOSA OSMANI - SADRIU\",\"potentialAction\":[{\"@type\":\"SearchAction\",\"target\":{\"@type\":\"EntryPoint\",\"urlTemplate\":\"https:\/\/president-ksgov.net\/?s={search_term_string}\"},\"query-input\":{\"@type\":\"PropertyValueSpecification\",\"valueRequired\":true,\"valueName\":\"search_term_string\"}}],\"inLanguage\":\"en-US\"},{\"@type\":\"Person\",\"@id\":\"https:\/\/president-ksgov.net\/#\/schema\/person\/bb4337a5fb147cb2046d80548172cbee\",\"name\":\"admin\",\"image\":{\"@type\":\"ImageObject\",\"inLanguage\":\"en-US\",\"@id\":\"https:\/\/president-ksgov.net\/#\/schema\/person\/image\/\",\"url\":\"https:\/\/secure.gravatar.com\/avatar\/36156ca0fa3b8d9d25174f146e16beea0cf28f37adf1b9e19b6c9c279a7c9dd3?s=96&d=mm&r=g\",\"contentUrl\":\"https:\/\/secure.gravatar.com\/avatar\/36156ca0fa3b8d9d25174f146e16beea0cf28f37adf1b9e19b6c9c279a7c9dd3?s=96&d=mm&r=g\",\"caption\":\"admin\"},\"sameAs\":[\"https:\/\/president-ksgov.net\"]}]}<\/script>\n<!-- \/ Yoast SEO plugin. -->","yoast_head_json":{"title":"President Tha\u00e7i seeks to deepen cooperation with the Latin American Parliament - President of the Republic of Kosovo - DR. VJOSA OSMANI - SADRIU","description":"President Tha\u00e7i seeks to deepen cooperation with the Latin American Parliament - President of the Republic of Kosovo - DR. VJOSA OSMANI - SADRIU -","robots":{"index":"index","follow":"follow","max-snippet":"max-snippet:-1","max-image-preview":"max-image-preview:large","max-video-preview":"max-video-preview:-1"},"canonical":"https:\/\/president-ksgov.net\/presidenti-thaci-kerkon-thellimin-e-bashkepunimit-me-parlamentin-e-amerikes-latine\/","og_locale":"en_US","og_type":"article","og_title":"President Tha\u00e7i seeks to deepen cooperation with the Latin American Parliament - President of the Republic of Kosovo - DR. VJOSA OSMANI - SADRIU","og_description":"President Tha\u00e7i seeks to deepen cooperation with the Latin American Parliament - President of the Republic of Kosovo - DR. VJOSA OSMANI - SADRIU -","og_url":"https:\/\/president-ksgov.net\/presidenti-thaci-kerkon-thellimin-e-bashkepunimit-me-parlamentin-e-amerikes-latine\/","og_site_name":"President of the Republic of Kosovo - DR. VJOSA OSMANI - SADRIU","article_published_time":"2016-06-28T17:56:03+00:00","article_modified_time":"2023-03-07T09:52:08+00:00","og_image":[{"width":2400,"height":1600,"url":"https:\/\/president-ksgov.net\/wp-content\/uploads\/28_06_2016_8107891_28_06_2016_Foto.jpg","type":"image\/jpeg"}],"author":"admin","twitter_card":"summary_large_image","twitter_misc":{"Written by":"admin","Est. reading time":"3 minutes"},"schema":{"@context":"https:\/\/schema.org","@graph":[{"@type":"WebPage","@id":"https:\/\/president-ksgov.net\/presidenti-thaci-kerkon-thellimin-e-bashkepunimit-me-parlamentin-e-amerikes-latine\/","url":"https:\/\/president-ksgov.net\/presidenti-thaci-kerkon-thellimin-e-bashkepunimit-me-parlamentin-e-amerikes-latine\/","name":"President Tha\u00e7i seeks to deepen cooperation with the Latin American Parliament - President of the Republic of Kosovo - DR. VJOSA OSMANI - SADRIU","isPartOf":{"@id":"https:\/\/president-ksgov.net\/#website"},"primaryImageOfPage":{"@id":"https:\/\/president-ksgov.net\/presidenti-thaci-kerkon-thellimin-e-bashkepunimit-me-parlamentin-e-amerikes-latine\/#primaryimage"},"image":{"@id":"https:\/\/president-ksgov.net\/presidenti-thaci-kerkon-thellimin-e-bashkepunimit-me-parlamentin-e-amerikes-latine\/#primaryimage"},"thumbnailUrl":"https:\/\/president-ksgov.net\/wp-content\/uploads\/28_06_2016_8107891_28_06_2016_Foto.jpg","datePublished":"2016-06-28T17:56:03+00:00","dateModified":"2023-03-07T09:52:08+00:00","author":{"@id":"https:\/\/president-ksgov.net\/#\/schema\/person\/bb4337a5fb147cb2046d80548172cbee"},"description":"President Tha\u00e7i seeks to deepen cooperation with the Latin American Parliament - President of the Republic of Kosovo - DR. VJOSA OSMANI - SADRIU -","breadcrumb":{"@id":"https:\/\/president-ksgov.net\/presidenti-thaci-kerkon-thellimin-e-bashkepunimit-me-parlamentin-e-amerikes-latine\/#breadcrumb"},"inLanguage":"en-US","potentialAction":[{"@type":"ReadAction","target":["https:\/\/president-ksgov.net\/presidenti-thaci-kerkon-thellimin-e-bashkepunimit-me-parlamentin-e-amerikes-latine\/"]}]},{"@type":"ImageObject","inLanguage":"en-US","@id":"https:\/\/president-ksgov.net\/presidenti-thaci-kerkon-thellimin-e-bashkepunimit-me-parlamentin-e-amerikes-latine\/#primaryimage","url":"https:\/\/president-ksgov.net\/wp-content\/uploads\/28_06_2016_8107891_28_06_2016_Foto.jpg","contentUrl":"https:\/\/president-ksgov.net\/wp-content\/uploads\/28_06_2016_8107891_28_06_2016_Foto.jpg","width":2400,"height":1600},{"@type":"BreadcrumbList","@id":"https:\/\/president-ksgov.net\/presidenti-thaci-kerkon-thellimin-e-bashkepunimit-me-parlamentin-e-amerikes-latine\/#breadcrumb","itemListElement":[{"@type":"ListItem","position":1,"name":"Home","item":"https:\/\/president-ksgov.net\/en\/"},{"@type":"ListItem","position":2,"name":"President Tha\u00e7i seeks to deepen cooperation with the Latin American Parliament"}]},{"@type":"WebSite","@id":"https:\/\/president-ksgov.net\/#website","url":"https:\/\/president-ksgov.net\/","name":"Presidente e Republik\u00ebs s\u00eb Kosov\u00ebs","description":"Presidente e Republik\u00ebs s\u00eb Kosov\u00ebs","alternateName":"DR. VJOSA OSMANI - SADRIU","potentialAction":[{"@type":"SearchAction","target":{"@type":"EntryPoint","urlTemplate":"https:\/\/president-ksgov.net\/?s={search_term_string}"},"query-input":{"@type":"PropertyValueSpecification","valueRequired":true,"valueName":"search_term_string"}}],"inLanguage":"en-US"},{"@type":"Person","@id":"https:\/\/president-ksgov.net\/#\/schema\/person\/bb4337a5fb147cb2046d80548172cbee","name":"admin","image":{"@type":"ImageObject","inLanguage":"en-US","@id":"https:\/\/president-ksgov.net\/#\/schema\/person\/image\/","url":"https:\/\/secure.gravatar.com\/avatar\/36156ca0fa3b8d9d25174f146e16beea0cf28f37adf1b9e19b6c9c279a7c9dd3?s=96&d=mm&r=g","contentUrl":"https:\/\/secure.gravatar.com\/avatar\/36156ca0fa3b8d9d25174f146e16beea0cf28f37adf1b9e19b6c9c279a7c9dd3?s=96&d=mm&r=g","caption":"admin"},"sameAs":["https:\/\/president-ksgov.net"]}]}},"_links":{"self":[{"href":"https:\/\/president-ksgov.net\/en\/wp-json\/wp\/v2\/posts\/69129","targetHints":{"allow":["GET"]}}],"collection":[{"href":"https:\/\/president-ksgov.net\/en\/wp-json\/wp\/v2\/posts"}],"about":[{"href":"https:\/\/president-ksgov.net\/en\/wp-json\/wp\/v2\/types\/post"}],"author":[{"embeddable":true,"href":"https:\/\/president-ksgov.net\/en\/wp-json\/wp\/v2\/users\/1"}],"replies":[{"embeddable":true,"href":"https:\/\/president-ksgov.net\/en\/wp-json\/wp\/v2\/comments?post=69129"}],"version-history":[{"count":0,"href":"https:\/\/president-ksgov.net\/en\/wp-json\/wp\/v2\/posts\/69129\/revisions"}],"wp:featuredmedia":[{"embeddable":true,"href":"https:\/\/president-ksgov.net\/en\/wp-json\/wp\/v2\/media\/33671"}],"wp:attachment":[{"href":"https:\/\/president-ksgov.net\/en\/wp-json\/wp\/v2\/media?parent=69129"}],"wp:term":[{"taxonomy":"category","embeddable":true,"href":"https:\/\/president-ksgov.net\/en\/wp-json\/wp\/v2\/categories?post=69129"},{"taxonomy":"post_tag","embeddable":true,"href":"https:\/\/president-ksgov.net\/en\/wp-json\/wp\/v2\/tags?post=69129"}],"curies":[{"name":"wp","href":"https:\/\/api.w.org\/{rel}","templated":true}]}}