{"id":69125,"date":"2016-06-30T12:29:07","date_gmt":"2016-06-30T12:29:07","guid":{"rendered":"https:\/\/dev.president-ksgov.net\/president-thaci-meets-new-acting-head-of-eulex-mission-in-kosovo-says-that-kosovo-and-eulex-will-continue-cooperation\/"},"modified":"2023-03-07T09:52:08","modified_gmt":"2023-03-07T09:52:08","slug":"president-thaci-meets-new-acting-head-of-eulex-mission-in-kosovo-says-that-kosovo-and-eulex-will-continue-cooperation","status":"publish","type":"post","link":"https:\/\/president-ksgov.net\/en\/president-thaci-meets-new-acting-head-of-eulex-mission-in-kosovo-says-that-kosovo-and-eulex-will-continue-cooperation\/","title":{"rendered":"President Tha\u00e7i meets new Acting Head of EULEX Mission in Kosovo, says that Kosovo and EULEX will continue cooperation"},"content":{"rendered":"<p>Prishtina, June 30th, 2016 &#8211; President of the Republic of Kosovo, Hashim Tha\u00e7i met today with the new Acting Head of EULEX Mission in Kosovo, Bernd Thran, with whom he discussed the cooperation between Kosovo institutions and EULEX after the adoption of the new law and the restructuring of the mission.<\/p>\n<p>&#8220;We have established a good tradition of cooperation&#8221;, President Tha\u00e7i said, adding that the cooperation shall continue.<\/p>\n<p>According to President Tha\u00e7i, Kosovo&#8217;s institutions have increased their capacity and are ready to assume more powers. President Tha\u00e7i thanked him for EULEX&#8217;s cooperation with the Government, the Ministry of Justice as well as with all other relevant institutions of Kosovo. <\/p>\n<p>The Acting Head of EULEX Mission in Kosovo, Bernd Thran said that EULEX will continue cooperation with Kosovo institutions after the mission&#8217;s internal restructuring.<\/p>\n<p>President of the Republic of Kosovo, Hashim Tha\u00e7i said that Kosovo remains committed to enhancing the rule of law.<\/p>\n","protected":false},"excerpt":{"rendered":"<p>Prishtina, June 30th, 2016 &#8211; President of the Republic of Kosovo, Hashim Tha\u00e7i met today with the new Acting Head of EULEX Mission in Kosovo, Bernd Thran, with whom he discussed the cooperation between Kosovo institutions and EULEX after the adoption of the new law and the restructuring of the mission.<\/p>\n","protected":false},"author":1,"featured_media":33664,"comment_status":"open","ping_status":"closed","sticky":false,"template":"","format":"standard","meta":{"_eb_attr":"","footnotes":""},"categories":[111],"tags":[],"class_list":["post-69125","post","type-post","status-publish","format-standard","has-post-thumbnail","hentry","category-news"],"yoast_head":"<!-- This site is optimized with the Yoast SEO plugin v23.5 - https:\/\/yoast.com\/wordpress\/plugins\/seo\/ -->\n<title>President Tha\u00e7i meets new Acting Head of EULEX Mission in Kosovo, says that Kosovo and EULEX will continue cooperation - President of the Republic of Kosovo - DR. VJOSA OSMANI - SADRIU<\/title>\n<meta name=\"description\" content=\"President Tha\u00e7i meets new Acting Head of EULEX Mission in Kosovo, says that Kosovo and EULEX will continue cooperation - President of the Republic of Kosovo - DR. VJOSA OSMANI - SADRIU -\" \/>\n<meta name=\"robots\" content=\"index, follow, max-snippet:-1, max-image-preview:large, max-video-preview:-1\" \/>\n<link rel=\"canonical\" href=\"https:\/\/president-ksgov.net\/presidenti-thaci-takoi-ushtruesin-e-ri-te-detyres-se-shefit-te-eulex-it-u-shpreh-se-kosova-dhe-eulex-do-te-vazhdojne-bashkepunimin\/\" \/>\n<meta property=\"og:locale\" content=\"en_US\" \/>\n<meta property=\"og:type\" content=\"article\" \/>\n<meta property=\"og:title\" content=\"President Tha\u00e7i meets new Acting Head of EULEX Mission in Kosovo, says that Kosovo and EULEX will continue cooperation - President of the Republic of Kosovo - DR. VJOSA OSMANI - SADRIU\" \/>\n<meta property=\"og:description\" content=\"President Tha\u00e7i meets new Acting Head of EULEX Mission in Kosovo, says that Kosovo and EULEX will continue cooperation - President of the Republic of Kosovo - DR. VJOSA OSMANI - SADRIU -\" \/>\n<meta property=\"og:url\" content=\"https:\/\/president-ksgov.net\/presidenti-thaci-takoi-ushtruesin-e-ri-te-detyres-se-shefit-te-eulex-it-u-shpreh-se-kosova-dhe-eulex-do-te-vazhdojne-bashkepunimin\/\" \/>\n<meta property=\"og:site_name\" content=\"President of the Republic of Kosovo - DR. VJOSA OSMANI - SADRIU\" \/>\n<meta property=\"article:published_time\" content=\"2016-06-30T12:29:07+00:00\" \/>\n<meta property=\"article:modified_time\" content=\"2023-03-07T09:52:08+00:00\" \/>\n<meta property=\"og:image\" content=\"https:\/\/president-ksgov.net\/wp-content\/uploads\/30_06_2016_2127317_30_06_2016_Takim_me_1-scaled.jpg\" \/>\n\t<meta property=\"og:image:width\" content=\"2560\" \/>\n\t<meta property=\"og:image:height\" content=\"1789\" \/>\n\t<meta property=\"og:image:type\" content=\"image\/jpeg\" \/>\n<meta name=\"author\" content=\"admin\" \/>\n<meta name=\"twitter:card\" content=\"summary_large_image\" \/>\n<meta name=\"twitter:label1\" content=\"Written by\" \/>\n\t<meta name=\"twitter:data1\" content=\"admin\" \/>\n\t<meta name=\"twitter:label2\" content=\"Est. reading time\" \/>\n\t<meta name=\"twitter:data2\" content=\"1 minute\" \/>\n<script type=\"application\/ld+json\" class=\"yoast-schema-graph\">{\"@context\":\"https:\/\/schema.org\",\"@graph\":[{\"@type\":\"WebPage\",\"@id\":\"https:\/\/president-ksgov.net\/presidenti-thaci-takoi-ushtruesin-e-ri-te-detyres-se-shefit-te-eulex-it-u-shpreh-se-kosova-dhe-eulex-do-te-vazhdojne-bashkepunimin\/\",\"url\":\"https:\/\/president-ksgov.net\/presidenti-thaci-takoi-ushtruesin-e-ri-te-detyres-se-shefit-te-eulex-it-u-shpreh-se-kosova-dhe-eulex-do-te-vazhdojne-bashkepunimin\/\",\"name\":\"President Tha\u00e7i meets new Acting Head of EULEX Mission in Kosovo, says that Kosovo and EULEX will continue cooperation - President of the Republic of Kosovo - DR. VJOSA OSMANI - SADRIU\",\"isPartOf\":{\"@id\":\"https:\/\/president-ksgov.net\/#website\"},\"primaryImageOfPage\":{\"@id\":\"https:\/\/president-ksgov.net\/presidenti-thaci-takoi-ushtruesin-e-ri-te-detyres-se-shefit-te-eulex-it-u-shpreh-se-kosova-dhe-eulex-do-te-vazhdojne-bashkepunimin\/#primaryimage\"},\"image\":{\"@id\":\"https:\/\/president-ksgov.net\/presidenti-thaci-takoi-ushtruesin-e-ri-te-detyres-se-shefit-te-eulex-it-u-shpreh-se-kosova-dhe-eulex-do-te-vazhdojne-bashkepunimin\/#primaryimage\"},\"thumbnailUrl\":\"https:\/\/president-ksgov.net\/wp-content\/uploads\/30_06_2016_2127317_30_06_2016_Takim_me_1-scaled.jpg\",\"datePublished\":\"2016-06-30T12:29:07+00:00\",\"dateModified\":\"2023-03-07T09:52:08+00:00\",\"author\":{\"@id\":\"https:\/\/president-ksgov.net\/#\/schema\/person\/bb4337a5fb147cb2046d80548172cbee\"},\"description\":\"President Tha\u00e7i meets new Acting Head of EULEX Mission in Kosovo, says that Kosovo and EULEX will continue cooperation - President of the Republic of Kosovo - DR. VJOSA OSMANI - SADRIU -\",\"breadcrumb\":{\"@id\":\"https:\/\/president-ksgov.net\/presidenti-thaci-takoi-ushtruesin-e-ri-te-detyres-se-shefit-te-eulex-it-u-shpreh-se-kosova-dhe-eulex-do-te-vazhdojne-bashkepunimin\/#breadcrumb\"},\"inLanguage\":\"en-US\",\"potentialAction\":[{\"@type\":\"ReadAction\",\"target\":[\"https:\/\/president-ksgov.net\/presidenti-thaci-takoi-ushtruesin-e-ri-te-detyres-se-shefit-te-eulex-it-u-shpreh-se-kosova-dhe-eulex-do-te-vazhdojne-bashkepunimin\/\"]}]},{\"@type\":\"ImageObject\",\"inLanguage\":\"en-US\",\"@id\":\"https:\/\/president-ksgov.net\/presidenti-thaci-takoi-ushtruesin-e-ri-te-detyres-se-shefit-te-eulex-it-u-shpreh-se-kosova-dhe-eulex-do-te-vazhdojne-bashkepunimin\/#primaryimage\",\"url\":\"https:\/\/president-ksgov.net\/wp-content\/uploads\/30_06_2016_2127317_30_06_2016_Takim_me_1-scaled.jpg\",\"contentUrl\":\"https:\/\/president-ksgov.net\/wp-content\/uploads\/30_06_2016_2127317_30_06_2016_Takim_me_1-scaled.jpg\",\"width\":2560,\"height\":1789},{\"@type\":\"BreadcrumbList\",\"@id\":\"https:\/\/president-ksgov.net\/presidenti-thaci-takoi-ushtruesin-e-ri-te-detyres-se-shefit-te-eulex-it-u-shpreh-se-kosova-dhe-eulex-do-te-vazhdojne-bashkepunimin\/#breadcrumb\",\"itemListElement\":[{\"@type\":\"ListItem\",\"position\":1,\"name\":\"Home\",\"item\":\"https:\/\/president-ksgov.net\/en\/\"},{\"@type\":\"ListItem\",\"position\":2,\"name\":\"President Tha\u00e7i meets new Acting Head of EULEX Mission in Kosovo, says that Kosovo and EULEX will continue cooperation\"}]},{\"@type\":\"WebSite\",\"@id\":\"https:\/\/president-ksgov.net\/#website\",\"url\":\"https:\/\/president-ksgov.net\/\",\"name\":\"Presidente e Republik\u00ebs s\u00eb Kosov\u00ebs\",\"description\":\"Presidente e Republik\u00ebs s\u00eb Kosov\u00ebs\",\"alternateName\":\"DR. VJOSA OSMANI - SADRIU\",\"potentialAction\":[{\"@type\":\"SearchAction\",\"target\":{\"@type\":\"EntryPoint\",\"urlTemplate\":\"https:\/\/president-ksgov.net\/?s={search_term_string}\"},\"query-input\":{\"@type\":\"PropertyValueSpecification\",\"valueRequired\":true,\"valueName\":\"search_term_string\"}}],\"inLanguage\":\"en-US\"},{\"@type\":\"Person\",\"@id\":\"https:\/\/president-ksgov.net\/#\/schema\/person\/bb4337a5fb147cb2046d80548172cbee\",\"name\":\"admin\",\"image\":{\"@type\":\"ImageObject\",\"inLanguage\":\"en-US\",\"@id\":\"https:\/\/president-ksgov.net\/#\/schema\/person\/image\/\",\"url\":\"https:\/\/secure.gravatar.com\/avatar\/36156ca0fa3b8d9d25174f146e16beea0cf28f37adf1b9e19b6c9c279a7c9dd3?s=96&d=mm&r=g\",\"contentUrl\":\"https:\/\/secure.gravatar.com\/avatar\/36156ca0fa3b8d9d25174f146e16beea0cf28f37adf1b9e19b6c9c279a7c9dd3?s=96&d=mm&r=g\",\"caption\":\"admin\"},\"sameAs\":[\"https:\/\/president-ksgov.net\"]}]}<\/script>\n<!-- \/ Yoast SEO plugin. -->","yoast_head_json":{"title":"President Tha\u00e7i meets new Acting Head of EULEX Mission in Kosovo, says that Kosovo and EULEX will continue cooperation - President of the Republic of Kosovo - DR. VJOSA OSMANI - SADRIU","description":"President Tha\u00e7i meets new Acting Head of EULEX Mission in Kosovo, says that Kosovo and EULEX will continue cooperation - President of the Republic of Kosovo - DR. VJOSA OSMANI - SADRIU -","robots":{"index":"index","follow":"follow","max-snippet":"max-snippet:-1","max-image-preview":"max-image-preview:large","max-video-preview":"max-video-preview:-1"},"canonical":"https:\/\/president-ksgov.net\/presidenti-thaci-takoi-ushtruesin-e-ri-te-detyres-se-shefit-te-eulex-it-u-shpreh-se-kosova-dhe-eulex-do-te-vazhdojne-bashkepunimin\/","og_locale":"en_US","og_type":"article","og_title":"President Tha\u00e7i meets new Acting Head of EULEX Mission in Kosovo, says that Kosovo and EULEX will continue cooperation - President of the Republic of Kosovo - DR. VJOSA OSMANI - SADRIU","og_description":"President Tha\u00e7i meets new Acting Head of EULEX Mission in Kosovo, says that Kosovo and EULEX will continue cooperation - President of the Republic of Kosovo - DR. VJOSA OSMANI - SADRIU -","og_url":"https:\/\/president-ksgov.net\/presidenti-thaci-takoi-ushtruesin-e-ri-te-detyres-se-shefit-te-eulex-it-u-shpreh-se-kosova-dhe-eulex-do-te-vazhdojne-bashkepunimin\/","og_site_name":"President of the Republic of Kosovo - DR. VJOSA OSMANI - SADRIU","article_published_time":"2016-06-30T12:29:07+00:00","article_modified_time":"2023-03-07T09:52:08+00:00","og_image":[{"width":2560,"height":1789,"url":"https:\/\/president-ksgov.net\/wp-content\/uploads\/30_06_2016_2127317_30_06_2016_Takim_me_1-scaled.jpg","type":"image\/jpeg"}],"author":"admin","twitter_card":"summary_large_image","twitter_misc":{"Written by":"admin","Est. reading time":"1 minute"},"schema":{"@context":"https:\/\/schema.org","@graph":[{"@type":"WebPage","@id":"https:\/\/president-ksgov.net\/presidenti-thaci-takoi-ushtruesin-e-ri-te-detyres-se-shefit-te-eulex-it-u-shpreh-se-kosova-dhe-eulex-do-te-vazhdojne-bashkepunimin\/","url":"https:\/\/president-ksgov.net\/presidenti-thaci-takoi-ushtruesin-e-ri-te-detyres-se-shefit-te-eulex-it-u-shpreh-se-kosova-dhe-eulex-do-te-vazhdojne-bashkepunimin\/","name":"President Tha\u00e7i meets new Acting Head of EULEX Mission in Kosovo, says that Kosovo and EULEX will continue cooperation - President of the Republic of Kosovo - DR. VJOSA OSMANI - SADRIU","isPartOf":{"@id":"https:\/\/president-ksgov.net\/#website"},"primaryImageOfPage":{"@id":"https:\/\/president-ksgov.net\/presidenti-thaci-takoi-ushtruesin-e-ri-te-detyres-se-shefit-te-eulex-it-u-shpreh-se-kosova-dhe-eulex-do-te-vazhdojne-bashkepunimin\/#primaryimage"},"image":{"@id":"https:\/\/president-ksgov.net\/presidenti-thaci-takoi-ushtruesin-e-ri-te-detyres-se-shefit-te-eulex-it-u-shpreh-se-kosova-dhe-eulex-do-te-vazhdojne-bashkepunimin\/#primaryimage"},"thumbnailUrl":"https:\/\/president-ksgov.net\/wp-content\/uploads\/30_06_2016_2127317_30_06_2016_Takim_me_1-scaled.jpg","datePublished":"2016-06-30T12:29:07+00:00","dateModified":"2023-03-07T09:52:08+00:00","author":{"@id":"https:\/\/president-ksgov.net\/#\/schema\/person\/bb4337a5fb147cb2046d80548172cbee"},"description":"President Tha\u00e7i meets new Acting Head of EULEX Mission in Kosovo, says that Kosovo and EULEX will continue cooperation - President of the Republic of Kosovo - DR. VJOSA OSMANI - SADRIU -","breadcrumb":{"@id":"https:\/\/president-ksgov.net\/presidenti-thaci-takoi-ushtruesin-e-ri-te-detyres-se-shefit-te-eulex-it-u-shpreh-se-kosova-dhe-eulex-do-te-vazhdojne-bashkepunimin\/#breadcrumb"},"inLanguage":"en-US","potentialAction":[{"@type":"ReadAction","target":["https:\/\/president-ksgov.net\/presidenti-thaci-takoi-ushtruesin-e-ri-te-detyres-se-shefit-te-eulex-it-u-shpreh-se-kosova-dhe-eulex-do-te-vazhdojne-bashkepunimin\/"]}]},{"@type":"ImageObject","inLanguage":"en-US","@id":"https:\/\/president-ksgov.net\/presidenti-thaci-takoi-ushtruesin-e-ri-te-detyres-se-shefit-te-eulex-it-u-shpreh-se-kosova-dhe-eulex-do-te-vazhdojne-bashkepunimin\/#primaryimage","url":"https:\/\/president-ksgov.net\/wp-content\/uploads\/30_06_2016_2127317_30_06_2016_Takim_me_1-scaled.jpg","contentUrl":"https:\/\/president-ksgov.net\/wp-content\/uploads\/30_06_2016_2127317_30_06_2016_Takim_me_1-scaled.jpg","width":2560,"height":1789},{"@type":"BreadcrumbList","@id":"https:\/\/president-ksgov.net\/presidenti-thaci-takoi-ushtruesin-e-ri-te-detyres-se-shefit-te-eulex-it-u-shpreh-se-kosova-dhe-eulex-do-te-vazhdojne-bashkepunimin\/#breadcrumb","itemListElement":[{"@type":"ListItem","position":1,"name":"Home","item":"https:\/\/president-ksgov.net\/en\/"},{"@type":"ListItem","position":2,"name":"President Tha\u00e7i meets new Acting Head of EULEX Mission in Kosovo, says that Kosovo and EULEX will continue cooperation"}]},{"@type":"WebSite","@id":"https:\/\/president-ksgov.net\/#website","url":"https:\/\/president-ksgov.net\/","name":"Presidente e Republik\u00ebs s\u00eb Kosov\u00ebs","description":"Presidente e Republik\u00ebs s\u00eb Kosov\u00ebs","alternateName":"DR. VJOSA OSMANI - SADRIU","potentialAction":[{"@type":"SearchAction","target":{"@type":"EntryPoint","urlTemplate":"https:\/\/president-ksgov.net\/?s={search_term_string}"},"query-input":{"@type":"PropertyValueSpecification","valueRequired":true,"valueName":"search_term_string"}}],"inLanguage":"en-US"},{"@type":"Person","@id":"https:\/\/president-ksgov.net\/#\/schema\/person\/bb4337a5fb147cb2046d80548172cbee","name":"admin","image":{"@type":"ImageObject","inLanguage":"en-US","@id":"https:\/\/president-ksgov.net\/#\/schema\/person\/image\/","url":"https:\/\/secure.gravatar.com\/avatar\/36156ca0fa3b8d9d25174f146e16beea0cf28f37adf1b9e19b6c9c279a7c9dd3?s=96&d=mm&r=g","contentUrl":"https:\/\/secure.gravatar.com\/avatar\/36156ca0fa3b8d9d25174f146e16beea0cf28f37adf1b9e19b6c9c279a7c9dd3?s=96&d=mm&r=g","caption":"admin"},"sameAs":["https:\/\/president-ksgov.net"]}]}},"_links":{"self":[{"href":"https:\/\/president-ksgov.net\/en\/wp-json\/wp\/v2\/posts\/69125","targetHints":{"allow":["GET"]}}],"collection":[{"href":"https:\/\/president-ksgov.net\/en\/wp-json\/wp\/v2\/posts"}],"about":[{"href":"https:\/\/president-ksgov.net\/en\/wp-json\/wp\/v2\/types\/post"}],"author":[{"embeddable":true,"href":"https:\/\/president-ksgov.net\/en\/wp-json\/wp\/v2\/users\/1"}],"replies":[{"embeddable":true,"href":"https:\/\/president-ksgov.net\/en\/wp-json\/wp\/v2\/comments?post=69125"}],"version-history":[{"count":0,"href":"https:\/\/president-ksgov.net\/en\/wp-json\/wp\/v2\/posts\/69125\/revisions"}],"wp:featuredmedia":[{"embeddable":true,"href":"https:\/\/president-ksgov.net\/en\/wp-json\/wp\/v2\/media\/33664"}],"wp:attachment":[{"href":"https:\/\/president-ksgov.net\/en\/wp-json\/wp\/v2\/media?parent=69125"}],"wp:term":[{"taxonomy":"category","embeddable":true,"href":"https:\/\/president-ksgov.net\/en\/wp-json\/wp\/v2\/categories?post=69125"},{"taxonomy":"post_tag","embeddable":true,"href":"https:\/\/president-ksgov.net\/en\/wp-json\/wp\/v2\/tags?post=69125"}],"curies":[{"name":"wp","href":"https:\/\/api.w.org\/{rel}","templated":true}]}}