{"id":69121,"date":"2016-07-01T14:10:13","date_gmt":"2016-07-01T14:10:13","guid":{"rendered":"https:\/\/dev.president-ksgov.net\/president-thaci-meets-natos-new-supreme-allied-commander-europe\/"},"modified":"2023-03-07T09:52:08","modified_gmt":"2023-03-07T09:52:08","slug":"president-thaci-meets-natos-new-supreme-allied-commander-europe","status":"publish","type":"post","link":"https:\/\/president-ksgov.net\/en\/president-thaci-meets-natos-new-supreme-allied-commander-europe\/","title":{"rendered":"President Tha\u00e7i meets NATO&#146;s new Supreme Allied Commander Europe"},"content":{"rendered":"<p>Prishtina, July 1st, 2016 &#8211; President of the Republic of Kosovo, Hashim Tha\u00e7i met today with NATO&#8217;s new Supreme Allied Commander Europe, General Curtis Scaparrotti, who was accompanied by the KFOR Commander, Major General Guglielmo Luigi Miglietta.<\/p>\n<p>Besides KFOR&#8217;s role in Kosovo, President Tha\u00e7i and General Scaparrotti also discussed the work that is being done to transform the Kosovo Security Security Force (KSF) into a new multi-ethnic force, and also about Kosovo&#8217;s aim to become part of the Partnership for Peace programme, as a precondition for its full membership in NATO.<\/p>\n<p>&#8220;We are working to normalize relations with Serbia. Progress has been achieved, but more remains to be done. Also, we are now engaged in transforming the KSF into a new multiethnic force and for our country to become part of the Partnership for Peace at the earliest opportunity, as a prerequisite to becoming a full member of NATO&#8221;, President Tha\u00e7i said.<\/p>\n<p>President Tha\u00e7i added that Kosovo like many countries from all around the world has been faced with the issue of youngsters fighting in foreign wars in Iraq nad Syria, stressing that as a result of the adoption of laws and mechanisms to prohibit joining armed conflicts outside state territory,\u00a0 no Kosovan has gone to join foreign wars in the past ten months.<\/p>\n<p>On the other hand, General Curtis Scaparrotti assured President Tha\u00e7i that the stability of Kosovo and the rest of the Balkans remains a high priority for NATO.<\/p>\n<p>&#8220;We are here in Kosovo to support you for what you have done so far as Kosovo institutions. This stance is shared by NATO and the interior and foreign ministers. I support your efforts to normalize relations with Serbia, economic development and will continue to support the KSF&#8221;, General Scaparrotti said.<\/p>\n<p>President of the Republic of Kosovo, Hashim Tha\u00e7i reassured General Curtis Scaparrotti that KFOR enjoys respect, trust and support from everyone in Kosovo, regardless of ethnicity or religious affiliation.<br \/>\n\u00a0<\/p>\n","protected":false},"excerpt":{"rendered":"<p>Prishtina, July 1st, 2016 &#8211; President of the Republic of Kosovo, Hashim Tha\u00e7i met today with NATO&#8217;s new Supreme Allied Commander Europe, General Curtis Scaparrotti, who was accompanied by the KFOR Commander, Major General Guglielmo Luigi Miglietta.<\/p>\n","protected":false},"author":1,"featured_media":33618,"comment_status":"open","ping_status":"closed","sticky":false,"template":"","format":"standard","meta":{"_eb_attr":"","footnotes":""},"categories":[111],"tags":[],"class_list":["post-69121","post","type-post","status-publish","format-standard","has-post-thumbnail","hentry","category-news"],"yoast_head":"<!-- This site is optimized with the Yoast SEO plugin v23.5 - https:\/\/yoast.com\/wordpress\/plugins\/seo\/ -->\n<title>President Tha\u00e7i meets NATO&#146;s new Supreme Allied Commander Europe - President of the Republic of Kosovo - DR. VJOSA OSMANI - SADRIU<\/title>\n<meta name=\"description\" content=\"President Tha\u00e7i meets NATO&#146;s new Supreme Allied Commander Europe - President of the Republic of Kosovo - DR. VJOSA OSMANI - SADRIU -\" \/>\n<meta name=\"robots\" content=\"index, follow, max-snippet:-1, max-image-preview:large, max-video-preview:-1\" \/>\n<link rel=\"canonical\" href=\"https:\/\/president-ksgov.net\/en\/president-thaci-meets-natos-new-supreme-allied-commander-europe\/\" \/>\n<meta property=\"og:locale\" content=\"en_US\" \/>\n<meta property=\"og:type\" content=\"article\" \/>\n<meta property=\"og:title\" content=\"President Tha\u00e7i meets NATO&#146;s new Supreme Allied Commander Europe - President of the Republic of Kosovo - DR. VJOSA OSMANI - SADRIU\" \/>\n<meta property=\"og:description\" content=\"President Tha\u00e7i meets NATO&#146;s new Supreme Allied Commander Europe - President of the Republic of Kosovo - DR. VJOSA OSMANI - SADRIU -\" \/>\n<meta property=\"og:url\" content=\"https:\/\/president-ksgov.net\/en\/president-thaci-meets-natos-new-supreme-allied-commander-europe\/\" \/>\n<meta property=\"og:site_name\" content=\"President of the Republic of Kosovo - DR. VJOSA OSMANI - SADRIU\" \/>\n<meta property=\"article:published_time\" content=\"2016-07-01T14:10:13+00:00\" \/>\n<meta property=\"article:modified_time\" content=\"2023-03-07T09:52:08+00:00\" \/>\n<meta property=\"og:image\" content=\"https:\/\/president-ksgov.net\/wp-content\/uploads\/01_07_2016_2911540_01_07_2016_Takim_me_1_-scaled.jpg\" \/>\n\t<meta property=\"og:image:width\" content=\"2560\" \/>\n\t<meta property=\"og:image:height\" content=\"1982\" \/>\n\t<meta property=\"og:image:type\" content=\"image\/jpeg\" \/>\n<meta name=\"author\" content=\"admin\" \/>\n<meta name=\"twitter:card\" content=\"summary_large_image\" \/>\n<meta name=\"twitter:label1\" content=\"Written by\" \/>\n\t<meta name=\"twitter:data1\" content=\"admin\" \/>\n\t<meta name=\"twitter:label2\" content=\"Est. reading time\" \/>\n\t<meta name=\"twitter:data2\" content=\"2 minutes\" \/>\n<script type=\"application\/ld+json\" class=\"yoast-schema-graph\">{\"@context\":\"https:\/\/schema.org\",\"@graph\":[{\"@type\":\"WebPage\",\"@id\":\"https:\/\/president-ksgov.net\/en\/president-thaci-meets-natos-new-supreme-allied-commander-europe\/\",\"url\":\"https:\/\/president-ksgov.net\/en\/president-thaci-meets-natos-new-supreme-allied-commander-europe\/\",\"name\":\"President Tha\u00e7i meets NATO&#146;s new Supreme Allied Commander Europe - President of the Republic of Kosovo - DR. VJOSA OSMANI - SADRIU\",\"isPartOf\":{\"@id\":\"https:\/\/president-ksgov.net\/#website\"},\"primaryImageOfPage\":{\"@id\":\"https:\/\/president-ksgov.net\/en\/president-thaci-meets-natos-new-supreme-allied-commander-europe\/#primaryimage\"},\"image\":{\"@id\":\"https:\/\/president-ksgov.net\/en\/president-thaci-meets-natos-new-supreme-allied-commander-europe\/#primaryimage\"},\"thumbnailUrl\":\"https:\/\/president-ksgov.net\/wp-content\/uploads\/01_07_2016_2911540_01_07_2016_Takim_me_1_-scaled.jpg\",\"datePublished\":\"2016-07-01T14:10:13+00:00\",\"dateModified\":\"2023-03-07T09:52:08+00:00\",\"author\":{\"@id\":\"https:\/\/president-ksgov.net\/#\/schema\/person\/bb4337a5fb147cb2046d80548172cbee\"},\"description\":\"President Tha\u00e7i meets NATO&#146;s new Supreme Allied Commander Europe - President of the Republic of Kosovo - DR. VJOSA OSMANI - SADRIU -\",\"breadcrumb\":{\"@id\":\"https:\/\/president-ksgov.net\/en\/president-thaci-meets-natos-new-supreme-allied-commander-europe\/#breadcrumb\"},\"inLanguage\":\"en-US\",\"potentialAction\":[{\"@type\":\"ReadAction\",\"target\":[\"https:\/\/president-ksgov.net\/en\/president-thaci-meets-natos-new-supreme-allied-commander-europe\/\"]}]},{\"@type\":\"ImageObject\",\"inLanguage\":\"en-US\",\"@id\":\"https:\/\/president-ksgov.net\/en\/president-thaci-meets-natos-new-supreme-allied-commander-europe\/#primaryimage\",\"url\":\"https:\/\/president-ksgov.net\/wp-content\/uploads\/01_07_2016_2911540_01_07_2016_Takim_me_1_-scaled.jpg\",\"contentUrl\":\"https:\/\/president-ksgov.net\/wp-content\/uploads\/01_07_2016_2911540_01_07_2016_Takim_me_1_-scaled.jpg\",\"width\":2560,\"height\":1982},{\"@type\":\"BreadcrumbList\",\"@id\":\"https:\/\/president-ksgov.net\/en\/president-thaci-meets-natos-new-supreme-allied-commander-europe\/#breadcrumb\",\"itemListElement\":[{\"@type\":\"ListItem\",\"position\":1,\"name\":\"Home\",\"item\":\"https:\/\/president-ksgov.net\/en\/\"},{\"@type\":\"ListItem\",\"position\":2,\"name\":\"President Tha\u00e7i meets NATO&#146;s new Supreme Allied Commander Europe\"}]},{\"@type\":\"WebSite\",\"@id\":\"https:\/\/president-ksgov.net\/#website\",\"url\":\"https:\/\/president-ksgov.net\/\",\"name\":\"Presidente e Republik\u00ebs s\u00eb Kosov\u00ebs\",\"description\":\"Presidente e Republik\u00ebs s\u00eb Kosov\u00ebs\",\"alternateName\":\"DR. VJOSA OSMANI - SADRIU\",\"potentialAction\":[{\"@type\":\"SearchAction\",\"target\":{\"@type\":\"EntryPoint\",\"urlTemplate\":\"https:\/\/president-ksgov.net\/?s={search_term_string}\"},\"query-input\":{\"@type\":\"PropertyValueSpecification\",\"valueRequired\":true,\"valueName\":\"search_term_string\"}}],\"inLanguage\":\"en-US\"},{\"@type\":\"Person\",\"@id\":\"https:\/\/president-ksgov.net\/#\/schema\/person\/bb4337a5fb147cb2046d80548172cbee\",\"name\":\"admin\",\"image\":{\"@type\":\"ImageObject\",\"inLanguage\":\"en-US\",\"@id\":\"https:\/\/president-ksgov.net\/#\/schema\/person\/image\/\",\"url\":\"https:\/\/secure.gravatar.com\/avatar\/36156ca0fa3b8d9d25174f146e16beea0cf28f37adf1b9e19b6c9c279a7c9dd3?s=96&d=mm&r=g\",\"contentUrl\":\"https:\/\/secure.gravatar.com\/avatar\/36156ca0fa3b8d9d25174f146e16beea0cf28f37adf1b9e19b6c9c279a7c9dd3?s=96&d=mm&r=g\",\"caption\":\"admin\"},\"sameAs\":[\"https:\/\/president-ksgov.net\"]}]}<\/script>\n<!-- \/ Yoast SEO plugin. -->","yoast_head_json":{"title":"President Tha\u00e7i meets NATO&#146;s new Supreme Allied Commander Europe - President of the Republic of Kosovo - DR. VJOSA OSMANI - SADRIU","description":"President Tha\u00e7i meets NATO&#146;s new Supreme Allied Commander Europe - President of the Republic of Kosovo - DR. VJOSA OSMANI - SADRIU -","robots":{"index":"index","follow":"follow","max-snippet":"max-snippet:-1","max-image-preview":"max-image-preview:large","max-video-preview":"max-video-preview:-1"},"canonical":"https:\/\/president-ksgov.net\/en\/president-thaci-meets-natos-new-supreme-allied-commander-europe\/","og_locale":"en_US","og_type":"article","og_title":"President Tha\u00e7i meets NATO&#146;s new Supreme Allied Commander Europe - President of the Republic of Kosovo - DR. VJOSA OSMANI - SADRIU","og_description":"President Tha\u00e7i meets NATO&#146;s new Supreme Allied Commander Europe - President of the Republic of Kosovo - DR. VJOSA OSMANI - SADRIU -","og_url":"https:\/\/president-ksgov.net\/en\/president-thaci-meets-natos-new-supreme-allied-commander-europe\/","og_site_name":"President of the Republic of Kosovo - DR. VJOSA OSMANI - SADRIU","article_published_time":"2016-07-01T14:10:13+00:00","article_modified_time":"2023-03-07T09:52:08+00:00","og_image":[{"width":2560,"height":1982,"url":"https:\/\/president-ksgov.net\/wp-content\/uploads\/01_07_2016_2911540_01_07_2016_Takim_me_1_-scaled.jpg","type":"image\/jpeg"}],"author":"admin","twitter_card":"summary_large_image","twitter_misc":{"Written by":"admin","Est. reading time":"2 minutes"},"schema":{"@context":"https:\/\/schema.org","@graph":[{"@type":"WebPage","@id":"https:\/\/president-ksgov.net\/en\/president-thaci-meets-natos-new-supreme-allied-commander-europe\/","url":"https:\/\/president-ksgov.net\/en\/president-thaci-meets-natos-new-supreme-allied-commander-europe\/","name":"President Tha\u00e7i meets NATO&#146;s new Supreme Allied Commander Europe - President of the Republic of Kosovo - DR. VJOSA OSMANI - SADRIU","isPartOf":{"@id":"https:\/\/president-ksgov.net\/#website"},"primaryImageOfPage":{"@id":"https:\/\/president-ksgov.net\/en\/president-thaci-meets-natos-new-supreme-allied-commander-europe\/#primaryimage"},"image":{"@id":"https:\/\/president-ksgov.net\/en\/president-thaci-meets-natos-new-supreme-allied-commander-europe\/#primaryimage"},"thumbnailUrl":"https:\/\/president-ksgov.net\/wp-content\/uploads\/01_07_2016_2911540_01_07_2016_Takim_me_1_-scaled.jpg","datePublished":"2016-07-01T14:10:13+00:00","dateModified":"2023-03-07T09:52:08+00:00","author":{"@id":"https:\/\/president-ksgov.net\/#\/schema\/person\/bb4337a5fb147cb2046d80548172cbee"},"description":"President Tha\u00e7i meets NATO&#146;s new Supreme Allied Commander Europe - President of the Republic of Kosovo - DR. VJOSA OSMANI - SADRIU -","breadcrumb":{"@id":"https:\/\/president-ksgov.net\/en\/president-thaci-meets-natos-new-supreme-allied-commander-europe\/#breadcrumb"},"inLanguage":"en-US","potentialAction":[{"@type":"ReadAction","target":["https:\/\/president-ksgov.net\/en\/president-thaci-meets-natos-new-supreme-allied-commander-europe\/"]}]},{"@type":"ImageObject","inLanguage":"en-US","@id":"https:\/\/president-ksgov.net\/en\/president-thaci-meets-natos-new-supreme-allied-commander-europe\/#primaryimage","url":"https:\/\/president-ksgov.net\/wp-content\/uploads\/01_07_2016_2911540_01_07_2016_Takim_me_1_-scaled.jpg","contentUrl":"https:\/\/president-ksgov.net\/wp-content\/uploads\/01_07_2016_2911540_01_07_2016_Takim_me_1_-scaled.jpg","width":2560,"height":1982},{"@type":"BreadcrumbList","@id":"https:\/\/president-ksgov.net\/en\/president-thaci-meets-natos-new-supreme-allied-commander-europe\/#breadcrumb","itemListElement":[{"@type":"ListItem","position":1,"name":"Home","item":"https:\/\/president-ksgov.net\/en\/"},{"@type":"ListItem","position":2,"name":"President Tha\u00e7i meets NATO&#146;s new Supreme Allied Commander Europe"}]},{"@type":"WebSite","@id":"https:\/\/president-ksgov.net\/#website","url":"https:\/\/president-ksgov.net\/","name":"Presidente e Republik\u00ebs s\u00eb Kosov\u00ebs","description":"Presidente e Republik\u00ebs s\u00eb Kosov\u00ebs","alternateName":"DR. VJOSA OSMANI - SADRIU","potentialAction":[{"@type":"SearchAction","target":{"@type":"EntryPoint","urlTemplate":"https:\/\/president-ksgov.net\/?s={search_term_string}"},"query-input":{"@type":"PropertyValueSpecification","valueRequired":true,"valueName":"search_term_string"}}],"inLanguage":"en-US"},{"@type":"Person","@id":"https:\/\/president-ksgov.net\/#\/schema\/person\/bb4337a5fb147cb2046d80548172cbee","name":"admin","image":{"@type":"ImageObject","inLanguage":"en-US","@id":"https:\/\/president-ksgov.net\/#\/schema\/person\/image\/","url":"https:\/\/secure.gravatar.com\/avatar\/36156ca0fa3b8d9d25174f146e16beea0cf28f37adf1b9e19b6c9c279a7c9dd3?s=96&d=mm&r=g","contentUrl":"https:\/\/secure.gravatar.com\/avatar\/36156ca0fa3b8d9d25174f146e16beea0cf28f37adf1b9e19b6c9c279a7c9dd3?s=96&d=mm&r=g","caption":"admin"},"sameAs":["https:\/\/president-ksgov.net"]}]}},"_links":{"self":[{"href":"https:\/\/president-ksgov.net\/en\/wp-json\/wp\/v2\/posts\/69121","targetHints":{"allow":["GET"]}}],"collection":[{"href":"https:\/\/president-ksgov.net\/en\/wp-json\/wp\/v2\/posts"}],"about":[{"href":"https:\/\/president-ksgov.net\/en\/wp-json\/wp\/v2\/types\/post"}],"author":[{"embeddable":true,"href":"https:\/\/president-ksgov.net\/en\/wp-json\/wp\/v2\/users\/1"}],"replies":[{"embeddable":true,"href":"https:\/\/president-ksgov.net\/en\/wp-json\/wp\/v2\/comments?post=69121"}],"version-history":[{"count":0,"href":"https:\/\/president-ksgov.net\/en\/wp-json\/wp\/v2\/posts\/69121\/revisions"}],"wp:featuredmedia":[{"embeddable":true,"href":"https:\/\/president-ksgov.net\/en\/wp-json\/wp\/v2\/media\/33618"}],"wp:attachment":[{"href":"https:\/\/president-ksgov.net\/en\/wp-json\/wp\/v2\/media?parent=69121"}],"wp:term":[{"taxonomy":"category","embeddable":true,"href":"https:\/\/president-ksgov.net\/en\/wp-json\/wp\/v2\/categories?post=69121"},{"taxonomy":"post_tag","embeddable":true,"href":"https:\/\/president-ksgov.net\/en\/wp-json\/wp\/v2\/tags?post=69121"}],"curies":[{"name":"wp","href":"https:\/\/api.w.org\/{rel}","templated":true}]}}