{"id":69117,"date":"2016-07-07T18:40:39","date_gmt":"2016-07-07T18:40:39","guid":{"rendered":"https:\/\/dev.president-ksgov.net\/president-obama-congratulates-president-thaci-and-citizens-of-kosovo-on-the-occasion-of-eid-al-fitr\/"},"modified":"2023-03-07T09:52:08","modified_gmt":"2023-03-07T09:52:08","slug":"president-obama-congratulates-president-thaci-and-citizens-of-kosovo-on-the-occasion-of-eid-al-fitr","status":"publish","type":"post","link":"https:\/\/president-ksgov.net\/en\/president-obama-congratulates-president-thaci-and-citizens-of-kosovo-on-the-occasion-of-eid-al-fitr\/","title":{"rendered":"President Obama congratulates President Tha\u00e7i and citizens of Kosovo on the occasion of Eid al-Fitr"},"content":{"rendered":"<p>Prishtina, July 7th, 2016 &#8211; President of the United States, Barack Obama, has sent a congratulatory telegram to the President of the Republic of Kosovo, Hashim Tha\u00e7i, on the occasion of Eid al-Fitr.<\/p>\n<p>Below, we bring you the full telegram of President Obama.<\/p>\n<p>Dear Mr. President:<\/p>\n<p>On behalf of the American people, Michelle and I convey our best wishes to you and the people of your country as you celebrate Eid al-Fitr.<\/p>\n<p>Ramadan is a time when Muslims around the world &#8211; including the diverse and vibrant community of Muslim Americans &#8211; come together in acts of devotion, charity, and goodwill. It is a time when mosques, cultural centers, and interfaith communities open their doors to neighbors, loved ones, and the less fortunate for iftar meals and dialogue about our shared values and mutual dignity. Albeit brief, Ramadan is an important opportunity to reflect on our common humanity and the values of service and peace.<\/p>\n<p>May this coming year bring you the utmost in joy and prosperity. Eid Mubarak.<\/p>\n<p>Sincerely,<\/p>\n<p>Barack Obama<\/p>\n","protected":false},"excerpt":{"rendered":"<p>Prishtina, July 7th, 2016 &#8211; President of the United States, Barack Obama, has sent a congratulatory telegram to the President of the Republic of Kosovo, Hashim Tha\u00e7i, on the occasion of Eid al-Fitr.<\/p>\n","protected":false},"author":1,"featured_media":86338,"comment_status":"open","ping_status":"closed","sticky":false,"template":"","format":"standard","meta":{"_eb_attr":"","footnotes":""},"categories":[111],"tags":[],"class_list":["post-69117","post","type-post","status-publish","format-standard","has-post-thumbnail","hentry","category-news"],"yoast_head":"<!-- This site is optimized with the Yoast SEO plugin v23.5 - https:\/\/yoast.com\/wordpress\/plugins\/seo\/ -->\n<title>President Obama congratulates President Tha\u00e7i and citizens of Kosovo on the occasion of Eid al-Fitr - President of the Republic of Kosovo - DR. VJOSA OSMANI - SADRIU<\/title>\n<meta name=\"description\" content=\"President Obama congratulates President Tha\u00e7i and citizens of Kosovo on the occasion of Eid al-Fitr - President of the Republic of Kosovo - DR. VJOSA OSMANI - SADRIU -\" \/>\n<meta name=\"robots\" content=\"index, follow, max-snippet:-1, max-image-preview:large, max-video-preview:-1\" \/>\n<link rel=\"canonical\" href=\"https:\/\/president-ksgov.net\/en\/president-obama-congratulates-president-thaci-and-citizens-of-kosovo-on-the-occasion-of-eid-al-fitr\/\" \/>\n<meta property=\"og:locale\" content=\"en_US\" \/>\n<meta property=\"og:type\" content=\"article\" \/>\n<meta property=\"og:title\" content=\"President Obama congratulates President Tha\u00e7i and citizens of Kosovo on the occasion of Eid al-Fitr - President of the Republic of Kosovo - DR. VJOSA OSMANI - SADRIU\" \/>\n<meta property=\"og:description\" content=\"President Obama congratulates President Tha\u00e7i and citizens of Kosovo on the occasion of Eid al-Fitr - President of the Republic of Kosovo - DR. VJOSA OSMANI - SADRIU -\" \/>\n<meta property=\"og:url\" content=\"https:\/\/president-ksgov.net\/en\/president-obama-congratulates-president-thaci-and-citizens-of-kosovo-on-the-occasion-of-eid-al-fitr\/\" \/>\n<meta property=\"og:site_name\" content=\"President of the Republic of Kosovo - DR. VJOSA OSMANI - SADRIU\" \/>\n<meta property=\"article:published_time\" content=\"2016-07-07T18:40:39+00:00\" \/>\n<meta property=\"article:modified_time\" content=\"2023-03-07T09:52:08+00:00\" \/>\n<meta property=\"og:image\" content=\"https:\/\/president-ksgov.net\/wp-content\/uploads\/Zyra-e-Presidentes-Featured-Image1-e1678970937938.png\" \/>\n\t<meta property=\"og:image:width\" content=\"1024\" \/>\n\t<meta property=\"og:image:height\" content=\"716\" \/>\n\t<meta property=\"og:image:type\" content=\"image\/png\" \/>\n<meta name=\"author\" content=\"admin\" \/>\n<meta name=\"twitter:card\" content=\"summary_large_image\" \/>\n<meta name=\"twitter:label1\" content=\"Written by\" \/>\n\t<meta name=\"twitter:data1\" content=\"admin\" \/>\n\t<meta name=\"twitter:label2\" content=\"Est. reading time\" \/>\n\t<meta name=\"twitter:data2\" content=\"1 minute\" \/>\n<script type=\"application\/ld+json\" class=\"yoast-schema-graph\">{\"@context\":\"https:\/\/schema.org\",\"@graph\":[{\"@type\":\"WebPage\",\"@id\":\"https:\/\/president-ksgov.net\/en\/president-obama-congratulates-president-thaci-and-citizens-of-kosovo-on-the-occasion-of-eid-al-fitr\/\",\"url\":\"https:\/\/president-ksgov.net\/en\/president-obama-congratulates-president-thaci-and-citizens-of-kosovo-on-the-occasion-of-eid-al-fitr\/\",\"name\":\"President Obama congratulates President Tha\u00e7i and citizens of Kosovo on the occasion of Eid al-Fitr - President of the Republic of Kosovo - DR. VJOSA OSMANI - SADRIU\",\"isPartOf\":{\"@id\":\"https:\/\/president-ksgov.net\/#website\"},\"primaryImageOfPage\":{\"@id\":\"https:\/\/president-ksgov.net\/en\/president-obama-congratulates-president-thaci-and-citizens-of-kosovo-on-the-occasion-of-eid-al-fitr\/#primaryimage\"},\"image\":{\"@id\":\"https:\/\/president-ksgov.net\/en\/president-obama-congratulates-president-thaci-and-citizens-of-kosovo-on-the-occasion-of-eid-al-fitr\/#primaryimage\"},\"thumbnailUrl\":\"https:\/\/president-ksgov.net\/wp-content\/uploads\/Zyra-e-Presidentes-Featured-Image1-e1678970937938.png\",\"datePublished\":\"2016-07-07T18:40:39+00:00\",\"dateModified\":\"2023-03-07T09:52:08+00:00\",\"author\":{\"@id\":\"https:\/\/president-ksgov.net\/#\/schema\/person\/bb4337a5fb147cb2046d80548172cbee\"},\"description\":\"President Obama congratulates President Tha\u00e7i and citizens of Kosovo on the occasion of Eid al-Fitr - President of the Republic of Kosovo - DR. VJOSA OSMANI - SADRIU -\",\"breadcrumb\":{\"@id\":\"https:\/\/president-ksgov.net\/en\/president-obama-congratulates-president-thaci-and-citizens-of-kosovo-on-the-occasion-of-eid-al-fitr\/#breadcrumb\"},\"inLanguage\":\"en-US\",\"potentialAction\":[{\"@type\":\"ReadAction\",\"target\":[\"https:\/\/president-ksgov.net\/en\/president-obama-congratulates-president-thaci-and-citizens-of-kosovo-on-the-occasion-of-eid-al-fitr\/\"]}]},{\"@type\":\"ImageObject\",\"inLanguage\":\"en-US\",\"@id\":\"https:\/\/president-ksgov.net\/en\/president-obama-congratulates-president-thaci-and-citizens-of-kosovo-on-the-occasion-of-eid-al-fitr\/#primaryimage\",\"url\":\"https:\/\/president-ksgov.net\/wp-content\/uploads\/Zyra-e-Presidentes-Featured-Image1-e1678970937938.png\",\"contentUrl\":\"https:\/\/president-ksgov.net\/wp-content\/uploads\/Zyra-e-Presidentes-Featured-Image1-e1678970937938.png\",\"width\":1024,\"height\":716},{\"@type\":\"BreadcrumbList\",\"@id\":\"https:\/\/president-ksgov.net\/en\/president-obama-congratulates-president-thaci-and-citizens-of-kosovo-on-the-occasion-of-eid-al-fitr\/#breadcrumb\",\"itemListElement\":[{\"@type\":\"ListItem\",\"position\":1,\"name\":\"Home\",\"item\":\"https:\/\/president-ksgov.net\/en\/\"},{\"@type\":\"ListItem\",\"position\":2,\"name\":\"President Obama congratulates President Tha\u00e7i and citizens of Kosovo on the occasion of Eid al-Fitr\"}]},{\"@type\":\"WebSite\",\"@id\":\"https:\/\/president-ksgov.net\/#website\",\"url\":\"https:\/\/president-ksgov.net\/\",\"name\":\"Presidente e Republik\u00ebs s\u00eb Kosov\u00ebs\",\"description\":\"Presidente e Republik\u00ebs s\u00eb Kosov\u00ebs\",\"alternateName\":\"DR. VJOSA OSMANI - SADRIU\",\"potentialAction\":[{\"@type\":\"SearchAction\",\"target\":{\"@type\":\"EntryPoint\",\"urlTemplate\":\"https:\/\/president-ksgov.net\/?s={search_term_string}\"},\"query-input\":{\"@type\":\"PropertyValueSpecification\",\"valueRequired\":true,\"valueName\":\"search_term_string\"}}],\"inLanguage\":\"en-US\"},{\"@type\":\"Person\",\"@id\":\"https:\/\/president-ksgov.net\/#\/schema\/person\/bb4337a5fb147cb2046d80548172cbee\",\"name\":\"admin\",\"image\":{\"@type\":\"ImageObject\",\"inLanguage\":\"en-US\",\"@id\":\"https:\/\/president-ksgov.net\/#\/schema\/person\/image\/\",\"url\":\"https:\/\/secure.gravatar.com\/avatar\/36156ca0fa3b8d9d25174f146e16beea0cf28f37adf1b9e19b6c9c279a7c9dd3?s=96&d=mm&r=g\",\"contentUrl\":\"https:\/\/secure.gravatar.com\/avatar\/36156ca0fa3b8d9d25174f146e16beea0cf28f37adf1b9e19b6c9c279a7c9dd3?s=96&d=mm&r=g\",\"caption\":\"admin\"},\"sameAs\":[\"https:\/\/president-ksgov.net\"]}]}<\/script>\n<!-- \/ Yoast SEO plugin. -->","yoast_head_json":{"title":"President Obama congratulates President Tha\u00e7i and citizens of Kosovo on the occasion of Eid al-Fitr - President of the Republic of Kosovo - DR. VJOSA OSMANI - SADRIU","description":"President Obama congratulates President Tha\u00e7i and citizens of Kosovo on the occasion of Eid al-Fitr - President of the Republic of Kosovo - DR. VJOSA OSMANI - SADRIU -","robots":{"index":"index","follow":"follow","max-snippet":"max-snippet:-1","max-image-preview":"max-image-preview:large","max-video-preview":"max-video-preview:-1"},"canonical":"https:\/\/president-ksgov.net\/en\/president-obama-congratulates-president-thaci-and-citizens-of-kosovo-on-the-occasion-of-eid-al-fitr\/","og_locale":"en_US","og_type":"article","og_title":"President Obama congratulates President Tha\u00e7i and citizens of Kosovo on the occasion of Eid al-Fitr - President of the Republic of Kosovo - DR. VJOSA OSMANI - SADRIU","og_description":"President Obama congratulates President Tha\u00e7i and citizens of Kosovo on the occasion of Eid al-Fitr - President of the Republic of Kosovo - DR. VJOSA OSMANI - SADRIU -","og_url":"https:\/\/president-ksgov.net\/en\/president-obama-congratulates-president-thaci-and-citizens-of-kosovo-on-the-occasion-of-eid-al-fitr\/","og_site_name":"President of the Republic of Kosovo - DR. VJOSA OSMANI - SADRIU","article_published_time":"2016-07-07T18:40:39+00:00","article_modified_time":"2023-03-07T09:52:08+00:00","og_image":[{"width":1024,"height":716,"url":"https:\/\/president-ksgov.net\/wp-content\/uploads\/Zyra-e-Presidentes-Featured-Image1-e1678970937938.png","type":"image\/png"}],"author":"admin","twitter_card":"summary_large_image","twitter_misc":{"Written by":"admin","Est. reading time":"1 minute"},"schema":{"@context":"https:\/\/schema.org","@graph":[{"@type":"WebPage","@id":"https:\/\/president-ksgov.net\/en\/president-obama-congratulates-president-thaci-and-citizens-of-kosovo-on-the-occasion-of-eid-al-fitr\/","url":"https:\/\/president-ksgov.net\/en\/president-obama-congratulates-president-thaci-and-citizens-of-kosovo-on-the-occasion-of-eid-al-fitr\/","name":"President Obama congratulates President Tha\u00e7i and citizens of Kosovo on the occasion of Eid al-Fitr - President of the Republic of Kosovo - DR. VJOSA OSMANI - SADRIU","isPartOf":{"@id":"https:\/\/president-ksgov.net\/#website"},"primaryImageOfPage":{"@id":"https:\/\/president-ksgov.net\/en\/president-obama-congratulates-president-thaci-and-citizens-of-kosovo-on-the-occasion-of-eid-al-fitr\/#primaryimage"},"image":{"@id":"https:\/\/president-ksgov.net\/en\/president-obama-congratulates-president-thaci-and-citizens-of-kosovo-on-the-occasion-of-eid-al-fitr\/#primaryimage"},"thumbnailUrl":"https:\/\/president-ksgov.net\/wp-content\/uploads\/Zyra-e-Presidentes-Featured-Image1-e1678970937938.png","datePublished":"2016-07-07T18:40:39+00:00","dateModified":"2023-03-07T09:52:08+00:00","author":{"@id":"https:\/\/president-ksgov.net\/#\/schema\/person\/bb4337a5fb147cb2046d80548172cbee"},"description":"President Obama congratulates President Tha\u00e7i and citizens of Kosovo on the occasion of Eid al-Fitr - President of the Republic of Kosovo - DR. VJOSA OSMANI - SADRIU -","breadcrumb":{"@id":"https:\/\/president-ksgov.net\/en\/president-obama-congratulates-president-thaci-and-citizens-of-kosovo-on-the-occasion-of-eid-al-fitr\/#breadcrumb"},"inLanguage":"en-US","potentialAction":[{"@type":"ReadAction","target":["https:\/\/president-ksgov.net\/en\/president-obama-congratulates-president-thaci-and-citizens-of-kosovo-on-the-occasion-of-eid-al-fitr\/"]}]},{"@type":"ImageObject","inLanguage":"en-US","@id":"https:\/\/president-ksgov.net\/en\/president-obama-congratulates-president-thaci-and-citizens-of-kosovo-on-the-occasion-of-eid-al-fitr\/#primaryimage","url":"https:\/\/president-ksgov.net\/wp-content\/uploads\/Zyra-e-Presidentes-Featured-Image1-e1678970937938.png","contentUrl":"https:\/\/president-ksgov.net\/wp-content\/uploads\/Zyra-e-Presidentes-Featured-Image1-e1678970937938.png","width":1024,"height":716},{"@type":"BreadcrumbList","@id":"https:\/\/president-ksgov.net\/en\/president-obama-congratulates-president-thaci-and-citizens-of-kosovo-on-the-occasion-of-eid-al-fitr\/#breadcrumb","itemListElement":[{"@type":"ListItem","position":1,"name":"Home","item":"https:\/\/president-ksgov.net\/en\/"},{"@type":"ListItem","position":2,"name":"President Obama congratulates President Tha\u00e7i and citizens of Kosovo on the occasion of Eid al-Fitr"}]},{"@type":"WebSite","@id":"https:\/\/president-ksgov.net\/#website","url":"https:\/\/president-ksgov.net\/","name":"Presidente e Republik\u00ebs s\u00eb Kosov\u00ebs","description":"Presidente e Republik\u00ebs s\u00eb Kosov\u00ebs","alternateName":"DR. VJOSA OSMANI - SADRIU","potentialAction":[{"@type":"SearchAction","target":{"@type":"EntryPoint","urlTemplate":"https:\/\/president-ksgov.net\/?s={search_term_string}"},"query-input":{"@type":"PropertyValueSpecification","valueRequired":true,"valueName":"search_term_string"}}],"inLanguage":"en-US"},{"@type":"Person","@id":"https:\/\/president-ksgov.net\/#\/schema\/person\/bb4337a5fb147cb2046d80548172cbee","name":"admin","image":{"@type":"ImageObject","inLanguage":"en-US","@id":"https:\/\/president-ksgov.net\/#\/schema\/person\/image\/","url":"https:\/\/secure.gravatar.com\/avatar\/36156ca0fa3b8d9d25174f146e16beea0cf28f37adf1b9e19b6c9c279a7c9dd3?s=96&d=mm&r=g","contentUrl":"https:\/\/secure.gravatar.com\/avatar\/36156ca0fa3b8d9d25174f146e16beea0cf28f37adf1b9e19b6c9c279a7c9dd3?s=96&d=mm&r=g","caption":"admin"},"sameAs":["https:\/\/president-ksgov.net"]}]}},"_links":{"self":[{"href":"https:\/\/president-ksgov.net\/en\/wp-json\/wp\/v2\/posts\/69117","targetHints":{"allow":["GET"]}}],"collection":[{"href":"https:\/\/president-ksgov.net\/en\/wp-json\/wp\/v2\/posts"}],"about":[{"href":"https:\/\/president-ksgov.net\/en\/wp-json\/wp\/v2\/types\/post"}],"author":[{"embeddable":true,"href":"https:\/\/president-ksgov.net\/en\/wp-json\/wp\/v2\/users\/1"}],"replies":[{"embeddable":true,"href":"https:\/\/president-ksgov.net\/en\/wp-json\/wp\/v2\/comments?post=69117"}],"version-history":[{"count":0,"href":"https:\/\/president-ksgov.net\/en\/wp-json\/wp\/v2\/posts\/69117\/revisions"}],"wp:featuredmedia":[{"embeddable":true,"href":"https:\/\/president-ksgov.net\/en\/wp-json\/wp\/v2\/media\/86338"}],"wp:attachment":[{"href":"https:\/\/president-ksgov.net\/en\/wp-json\/wp\/v2\/media?parent=69117"}],"wp:term":[{"taxonomy":"category","embeddable":true,"href":"https:\/\/president-ksgov.net\/en\/wp-json\/wp\/v2\/categories?post=69117"},{"taxonomy":"post_tag","embeddable":true,"href":"https:\/\/president-ksgov.net\/en\/wp-json\/wp\/v2\/tags?post=69117"}],"curies":[{"name":"wp","href":"https:\/\/api.w.org\/{rel}","templated":true}]}}