{"id":69110,"date":"2016-07-20T20:29:06","date_gmt":"2016-07-20T20:29:06","guid":{"rendered":"https:\/\/dev.president-ksgov.net\/speech-by-president-thaci-at-the-memorial-dedicated-to-the-fourteen-serbs-killed-gracke-of-lipjan\/"},"modified":"2023-03-07T09:51:28","modified_gmt":"2023-03-07T09:51:28","slug":"speech-by-president-thaci-at-the-memorial-dedicated-to-the-fourteen-serbs-killed-gracke-of-lipjan","status":"publish","type":"post","link":"https:\/\/president-ksgov.net\/en\/speech-by-president-thaci-at-the-memorial-dedicated-to-the-fourteen-serbs-killed-gracke-of-lipjan\/","title":{"rendered":"Speech by President Tha\u00e7i at the memorial dedicated to the fourteen Serbs killed Gracke of Lipjan"},"content":{"rendered":"<p>Today, I laid a wreath at a memorial dedicated to the victims of a horrendous crime that took place seventeen years ago, when fourteen Kosovo Serbs were killed while working in the fields.<\/p>\n<p>Today I pray with pain and sadness for all the victims of all communities, during and after the war.<\/p>\n<p>This criminal act was an act not only against the victims and their families but also an act against freedom and the democratic future of Kosovo.<\/p>\n<p>Therefore, every crime must be brought to light and punished.<\/p>\n<p>We must shed light, once and for all, to what had happened with the missing persons, whether they are Albanians, Serbs, Roma or members of other communities.<\/p>\n<p>We all have a responsibility to work towards this goal. We have a responsibility towards their families and for the future of our children.<\/p>\n<p>We must help each other in this.<\/p>\n<p>he pain of every mother for the loss of their loved ones is the same<\/p>\n<p>Today, as we are working to build peace, reconciliation and cooperation between the nations of our region, it is important to reiterate that for a sincere reconciliation we need justice.<\/p>\n<p>As Kosovo, we have achieved a lot since the end of the war, seventeen years ago.<\/p>\n<p>We are now building bridges of communication and cooperation.<\/p>\n<p>In the near future, this will bring trust and reconciliation between communities.<\/p>\n<p>With justice being served reconciliation will happen, and reconciliation will occur in the near future, because there is a will for this.<\/p>\n<p>Only reconciliation and cooperation will make Kosovo, and the region, truly European.<\/p>\n","protected":false},"excerpt":{"rendered":"<p>Today, I laid a wreath at a memorial dedicated to the victims of a horrendous crime that took place seventeen years ago, when fourteen Kosovo Serbs were killed while working in the fields.<\/p>\n","protected":false},"author":1,"featured_media":33562,"comment_status":"open","ping_status":"closed","sticky":false,"template":"","format":"standard","meta":{"_eb_attr":"","footnotes":""},"categories":[105],"tags":[],"class_list":["post-69110","post","type-post","status-publish","format-standard","has-post-thumbnail","hentry","category-speeches"],"yoast_head":"<!-- This site is optimized with the Yoast SEO plugin v23.5 - https:\/\/yoast.com\/wordpress\/plugins\/seo\/ -->\n<title>Speech by President Tha\u00e7i at the memorial dedicated to the fourteen Serbs killed Gracke of Lipjan - President of the Republic of Kosovo - DR. VJOSA OSMANI - SADRIU<\/title>\n<meta name=\"description\" content=\"Speech by President Tha\u00e7i at the memorial dedicated to the fourteen Serbs killed Gracke of Lipjan - President of the Republic of Kosovo - DR. VJOSA OSMANI - SADRIU -\" \/>\n<meta name=\"robots\" content=\"index, follow, max-snippet:-1, max-image-preview:large, max-video-preview:-1\" \/>\n<link rel=\"canonical\" href=\"https:\/\/president-ksgov.net\/en\/speech-by-president-thaci-at-the-memorial-dedicated-to-the-fourteen-serbs-killed-gracke-of-lipjan\/\" \/>\n<meta property=\"og:locale\" content=\"en_US\" \/>\n<meta property=\"og:type\" content=\"article\" \/>\n<meta property=\"og:title\" content=\"Speech by President Tha\u00e7i at the memorial dedicated to the fourteen Serbs killed Gracke of Lipjan - President of the Republic of Kosovo - DR. VJOSA OSMANI - SADRIU\" \/>\n<meta property=\"og:description\" content=\"Speech by President Tha\u00e7i at the memorial dedicated to the fourteen Serbs killed Gracke of Lipjan - President of the Republic of Kosovo - DR. VJOSA OSMANI - SADRIU -\" \/>\n<meta property=\"og:url\" content=\"https:\/\/president-ksgov.net\/en\/speech-by-president-thaci-at-the-memorial-dedicated-to-the-fourteen-serbs-killed-gracke-of-lipjan\/\" \/>\n<meta property=\"og:site_name\" content=\"President of the Republic of Kosovo - DR. VJOSA OSMANI - SADRIU\" \/>\n<meta property=\"article:published_time\" content=\"2016-07-20T20:29:06+00:00\" \/>\n<meta property=\"article:modified_time\" content=\"2023-03-07T09:51:28+00:00\" \/>\n<meta property=\"og:image\" content=\"https:\/\/president-ksgov.net\/wp-content\/uploads\/20_07_2016_7876915_20_07_2016_778685_Photo1__2_.jpg\" \/>\n\t<meta property=\"og:image:width\" content=\"2400\" \/>\n\t<meta property=\"og:image:height\" content=\"1600\" \/>\n\t<meta property=\"og:image:type\" content=\"image\/jpeg\" \/>\n<meta name=\"author\" content=\"admin\" \/>\n<meta name=\"twitter:card\" content=\"summary_large_image\" \/>\n<meta name=\"twitter:label1\" content=\"Written by\" \/>\n\t<meta name=\"twitter:data1\" content=\"admin\" \/>\n\t<meta name=\"twitter:label2\" content=\"Est. reading time\" \/>\n\t<meta name=\"twitter:data2\" content=\"1 minute\" \/>\n<script type=\"application\/ld+json\" class=\"yoast-schema-graph\">{\"@context\":\"https:\/\/schema.org\",\"@graph\":[{\"@type\":\"WebPage\",\"@id\":\"https:\/\/president-ksgov.net\/en\/speech-by-president-thaci-at-the-memorial-dedicated-to-the-fourteen-serbs-killed-gracke-of-lipjan\/\",\"url\":\"https:\/\/president-ksgov.net\/en\/speech-by-president-thaci-at-the-memorial-dedicated-to-the-fourteen-serbs-killed-gracke-of-lipjan\/\",\"name\":\"Speech by President Tha\u00e7i at the memorial dedicated to the fourteen Serbs killed Gracke of Lipjan - President of the Republic of Kosovo - DR. VJOSA OSMANI - SADRIU\",\"isPartOf\":{\"@id\":\"https:\/\/president-ksgov.net\/#website\"},\"primaryImageOfPage\":{\"@id\":\"https:\/\/president-ksgov.net\/en\/speech-by-president-thaci-at-the-memorial-dedicated-to-the-fourteen-serbs-killed-gracke-of-lipjan\/#primaryimage\"},\"image\":{\"@id\":\"https:\/\/president-ksgov.net\/en\/speech-by-president-thaci-at-the-memorial-dedicated-to-the-fourteen-serbs-killed-gracke-of-lipjan\/#primaryimage\"},\"thumbnailUrl\":\"https:\/\/president-ksgov.net\/wp-content\/uploads\/20_07_2016_7876915_20_07_2016_778685_Photo1__2_.jpg\",\"datePublished\":\"2016-07-20T20:29:06+00:00\",\"dateModified\":\"2023-03-07T09:51:28+00:00\",\"author\":{\"@id\":\"https:\/\/president-ksgov.net\/#\/schema\/person\/bb4337a5fb147cb2046d80548172cbee\"},\"description\":\"Speech by President Tha\u00e7i at the memorial dedicated to the fourteen Serbs killed Gracke of Lipjan - President of the Republic of Kosovo - DR. VJOSA OSMANI - SADRIU -\",\"breadcrumb\":{\"@id\":\"https:\/\/president-ksgov.net\/en\/speech-by-president-thaci-at-the-memorial-dedicated-to-the-fourteen-serbs-killed-gracke-of-lipjan\/#breadcrumb\"},\"inLanguage\":\"en-US\",\"potentialAction\":[{\"@type\":\"ReadAction\",\"target\":[\"https:\/\/president-ksgov.net\/en\/speech-by-president-thaci-at-the-memorial-dedicated-to-the-fourteen-serbs-killed-gracke-of-lipjan\/\"]}]},{\"@type\":\"ImageObject\",\"inLanguage\":\"en-US\",\"@id\":\"https:\/\/president-ksgov.net\/en\/speech-by-president-thaci-at-the-memorial-dedicated-to-the-fourteen-serbs-killed-gracke-of-lipjan\/#primaryimage\",\"url\":\"https:\/\/president-ksgov.net\/wp-content\/uploads\/20_07_2016_7876915_20_07_2016_778685_Photo1__2_.jpg\",\"contentUrl\":\"https:\/\/president-ksgov.net\/wp-content\/uploads\/20_07_2016_7876915_20_07_2016_778685_Photo1__2_.jpg\",\"width\":2400,\"height\":1600},{\"@type\":\"BreadcrumbList\",\"@id\":\"https:\/\/president-ksgov.net\/en\/speech-by-president-thaci-at-the-memorial-dedicated-to-the-fourteen-serbs-killed-gracke-of-lipjan\/#breadcrumb\",\"itemListElement\":[{\"@type\":\"ListItem\",\"position\":1,\"name\":\"Home\",\"item\":\"https:\/\/president-ksgov.net\/en\/\"},{\"@type\":\"ListItem\",\"position\":2,\"name\":\"Speech by President Tha\u00e7i at the memorial dedicated to the fourteen Serbs killed Gracke of Lipjan\"}]},{\"@type\":\"WebSite\",\"@id\":\"https:\/\/president-ksgov.net\/#website\",\"url\":\"https:\/\/president-ksgov.net\/\",\"name\":\"Presidente e Republik\u00ebs s\u00eb Kosov\u00ebs\",\"description\":\"Presidente e Republik\u00ebs s\u00eb Kosov\u00ebs\",\"alternateName\":\"DR. VJOSA OSMANI - SADRIU\",\"potentialAction\":[{\"@type\":\"SearchAction\",\"target\":{\"@type\":\"EntryPoint\",\"urlTemplate\":\"https:\/\/president-ksgov.net\/?s={search_term_string}\"},\"query-input\":{\"@type\":\"PropertyValueSpecification\",\"valueRequired\":true,\"valueName\":\"search_term_string\"}}],\"inLanguage\":\"en-US\"},{\"@type\":\"Person\",\"@id\":\"https:\/\/president-ksgov.net\/#\/schema\/person\/bb4337a5fb147cb2046d80548172cbee\",\"name\":\"admin\",\"image\":{\"@type\":\"ImageObject\",\"inLanguage\":\"en-US\",\"@id\":\"https:\/\/president-ksgov.net\/#\/schema\/person\/image\/\",\"url\":\"https:\/\/secure.gravatar.com\/avatar\/36156ca0fa3b8d9d25174f146e16beea0cf28f37adf1b9e19b6c9c279a7c9dd3?s=96&d=mm&r=g\",\"contentUrl\":\"https:\/\/secure.gravatar.com\/avatar\/36156ca0fa3b8d9d25174f146e16beea0cf28f37adf1b9e19b6c9c279a7c9dd3?s=96&d=mm&r=g\",\"caption\":\"admin\"},\"sameAs\":[\"https:\/\/president-ksgov.net\"]}]}<\/script>\n<!-- \/ Yoast SEO plugin. -->","yoast_head_json":{"title":"Speech by President Tha\u00e7i at the memorial dedicated to the fourteen Serbs killed Gracke of Lipjan - President of the Republic of Kosovo - DR. VJOSA OSMANI - SADRIU","description":"Speech by President Tha\u00e7i at the memorial dedicated to the fourteen Serbs killed Gracke of Lipjan - President of the Republic of Kosovo - DR. VJOSA OSMANI - SADRIU -","robots":{"index":"index","follow":"follow","max-snippet":"max-snippet:-1","max-image-preview":"max-image-preview:large","max-video-preview":"max-video-preview:-1"},"canonical":"https:\/\/president-ksgov.net\/en\/speech-by-president-thaci-at-the-memorial-dedicated-to-the-fourteen-serbs-killed-gracke-of-lipjan\/","og_locale":"en_US","og_type":"article","og_title":"Speech by President Tha\u00e7i at the memorial dedicated to the fourteen Serbs killed Gracke of Lipjan - President of the Republic of Kosovo - DR. VJOSA OSMANI - SADRIU","og_description":"Speech by President Tha\u00e7i at the memorial dedicated to the fourteen Serbs killed Gracke of Lipjan - President of the Republic of Kosovo - DR. VJOSA OSMANI - SADRIU -","og_url":"https:\/\/president-ksgov.net\/en\/speech-by-president-thaci-at-the-memorial-dedicated-to-the-fourteen-serbs-killed-gracke-of-lipjan\/","og_site_name":"President of the Republic of Kosovo - DR. VJOSA OSMANI - SADRIU","article_published_time":"2016-07-20T20:29:06+00:00","article_modified_time":"2023-03-07T09:51:28+00:00","og_image":[{"width":2400,"height":1600,"url":"https:\/\/president-ksgov.net\/wp-content\/uploads\/20_07_2016_7876915_20_07_2016_778685_Photo1__2_.jpg","type":"image\/jpeg"}],"author":"admin","twitter_card":"summary_large_image","twitter_misc":{"Written by":"admin","Est. reading time":"1 minute"},"schema":{"@context":"https:\/\/schema.org","@graph":[{"@type":"WebPage","@id":"https:\/\/president-ksgov.net\/en\/speech-by-president-thaci-at-the-memorial-dedicated-to-the-fourteen-serbs-killed-gracke-of-lipjan\/","url":"https:\/\/president-ksgov.net\/en\/speech-by-president-thaci-at-the-memorial-dedicated-to-the-fourteen-serbs-killed-gracke-of-lipjan\/","name":"Speech by President Tha\u00e7i at the memorial dedicated to the fourteen Serbs killed Gracke of Lipjan - President of the Republic of Kosovo - DR. VJOSA OSMANI - SADRIU","isPartOf":{"@id":"https:\/\/president-ksgov.net\/#website"},"primaryImageOfPage":{"@id":"https:\/\/president-ksgov.net\/en\/speech-by-president-thaci-at-the-memorial-dedicated-to-the-fourteen-serbs-killed-gracke-of-lipjan\/#primaryimage"},"image":{"@id":"https:\/\/president-ksgov.net\/en\/speech-by-president-thaci-at-the-memorial-dedicated-to-the-fourteen-serbs-killed-gracke-of-lipjan\/#primaryimage"},"thumbnailUrl":"https:\/\/president-ksgov.net\/wp-content\/uploads\/20_07_2016_7876915_20_07_2016_778685_Photo1__2_.jpg","datePublished":"2016-07-20T20:29:06+00:00","dateModified":"2023-03-07T09:51:28+00:00","author":{"@id":"https:\/\/president-ksgov.net\/#\/schema\/person\/bb4337a5fb147cb2046d80548172cbee"},"description":"Speech by President Tha\u00e7i at the memorial dedicated to the fourteen Serbs killed Gracke of Lipjan - President of the Republic of Kosovo - DR. VJOSA OSMANI - SADRIU -","breadcrumb":{"@id":"https:\/\/president-ksgov.net\/en\/speech-by-president-thaci-at-the-memorial-dedicated-to-the-fourteen-serbs-killed-gracke-of-lipjan\/#breadcrumb"},"inLanguage":"en-US","potentialAction":[{"@type":"ReadAction","target":["https:\/\/president-ksgov.net\/en\/speech-by-president-thaci-at-the-memorial-dedicated-to-the-fourteen-serbs-killed-gracke-of-lipjan\/"]}]},{"@type":"ImageObject","inLanguage":"en-US","@id":"https:\/\/president-ksgov.net\/en\/speech-by-president-thaci-at-the-memorial-dedicated-to-the-fourteen-serbs-killed-gracke-of-lipjan\/#primaryimage","url":"https:\/\/president-ksgov.net\/wp-content\/uploads\/20_07_2016_7876915_20_07_2016_778685_Photo1__2_.jpg","contentUrl":"https:\/\/president-ksgov.net\/wp-content\/uploads\/20_07_2016_7876915_20_07_2016_778685_Photo1__2_.jpg","width":2400,"height":1600},{"@type":"BreadcrumbList","@id":"https:\/\/president-ksgov.net\/en\/speech-by-president-thaci-at-the-memorial-dedicated-to-the-fourteen-serbs-killed-gracke-of-lipjan\/#breadcrumb","itemListElement":[{"@type":"ListItem","position":1,"name":"Home","item":"https:\/\/president-ksgov.net\/en\/"},{"@type":"ListItem","position":2,"name":"Speech by President Tha\u00e7i at the memorial dedicated to the fourteen Serbs killed Gracke of Lipjan"}]},{"@type":"WebSite","@id":"https:\/\/president-ksgov.net\/#website","url":"https:\/\/president-ksgov.net\/","name":"Presidente e Republik\u00ebs s\u00eb Kosov\u00ebs","description":"Presidente e Republik\u00ebs s\u00eb Kosov\u00ebs","alternateName":"DR. VJOSA OSMANI - SADRIU","potentialAction":[{"@type":"SearchAction","target":{"@type":"EntryPoint","urlTemplate":"https:\/\/president-ksgov.net\/?s={search_term_string}"},"query-input":{"@type":"PropertyValueSpecification","valueRequired":true,"valueName":"search_term_string"}}],"inLanguage":"en-US"},{"@type":"Person","@id":"https:\/\/president-ksgov.net\/#\/schema\/person\/bb4337a5fb147cb2046d80548172cbee","name":"admin","image":{"@type":"ImageObject","inLanguage":"en-US","@id":"https:\/\/president-ksgov.net\/#\/schema\/person\/image\/","url":"https:\/\/secure.gravatar.com\/avatar\/36156ca0fa3b8d9d25174f146e16beea0cf28f37adf1b9e19b6c9c279a7c9dd3?s=96&d=mm&r=g","contentUrl":"https:\/\/secure.gravatar.com\/avatar\/36156ca0fa3b8d9d25174f146e16beea0cf28f37adf1b9e19b6c9c279a7c9dd3?s=96&d=mm&r=g","caption":"admin"},"sameAs":["https:\/\/president-ksgov.net"]}]}},"_links":{"self":[{"href":"https:\/\/president-ksgov.net\/en\/wp-json\/wp\/v2\/posts\/69110","targetHints":{"allow":["GET"]}}],"collection":[{"href":"https:\/\/president-ksgov.net\/en\/wp-json\/wp\/v2\/posts"}],"about":[{"href":"https:\/\/president-ksgov.net\/en\/wp-json\/wp\/v2\/types\/post"}],"author":[{"embeddable":true,"href":"https:\/\/president-ksgov.net\/en\/wp-json\/wp\/v2\/users\/1"}],"replies":[{"embeddable":true,"href":"https:\/\/president-ksgov.net\/en\/wp-json\/wp\/v2\/comments?post=69110"}],"version-history":[{"count":0,"href":"https:\/\/president-ksgov.net\/en\/wp-json\/wp\/v2\/posts\/69110\/revisions"}],"wp:featuredmedia":[{"embeddable":true,"href":"https:\/\/president-ksgov.net\/en\/wp-json\/wp\/v2\/media\/33562"}],"wp:attachment":[{"href":"https:\/\/president-ksgov.net\/en\/wp-json\/wp\/v2\/media?parent=69110"}],"wp:term":[{"taxonomy":"category","embeddable":true,"href":"https:\/\/president-ksgov.net\/en\/wp-json\/wp\/v2\/categories?post=69110"},{"taxonomy":"post_tag","embeddable":true,"href":"https:\/\/president-ksgov.net\/en\/wp-json\/wp\/v2\/tags?post=69110"}],"curies":[{"name":"wp","href":"https:\/\/api.w.org\/{rel}","templated":true}]}}