{"id":69097,"date":"2016-08-16T11:57:57","date_gmt":"2016-08-16T11:57:57","guid":{"rendered":"https:\/\/dev.president-ksgov.net\/speech-by-president-thaci-at-the-memorial-dedicated-to-the-youth-killed-the-village-of-gorazhdec-in-peje\/"},"modified":"2023-03-07T09:51:28","modified_gmt":"2023-03-07T09:51:28","slug":"speech-by-president-thaci-at-the-memorial-dedicated-to-the-youth-killed-the-village-of-gorazhdec-in-peje","status":"publish","type":"post","link":"https:\/\/president-ksgov.net\/en\/speech-by-president-thaci-at-the-memorial-dedicated-to-the-youth-killed-the-village-of-gorazhdec-in-peje\/","title":{"rendered":"Speech by President Tha\u00e7i at the memorial dedicated to the youth killed the village of Gorazhdec in Peje"},"content":{"rendered":"<p>Today I laid a wraith to remember a criminal act against a group of young Kosovars in the village of Gorazhdec, fourteen years ago, that took the lives of two youngsters and left four others wounded.<\/p>\n<p>Monday, 15 August 2016<\/p>\n<p>Today I laid a wraith to remember a criminal act against a group of young Kosovars in the village of Gorazhdec, fourteen years ago, that took the lives of two youngsters and left four others wounded.<\/p>\n<p>The right to life is a fundamental right for all.<\/p>\n<p>The same goes for almost 400 ethnic Albanian youngsters, under the age of fifteen, who were killed by the Serbian state during the war.<\/p>\n<p>These kids killed here in Gorazhdevac were killed by a criminal hand and not by the state.<\/p>\n<p>These kids were killed and injured while playing. I pledge that there will be no power and no criminal hand that will kill the future, the play and the joy of Kosovo&#8217;s children.<\/p>\n<p>NEVER!<\/p>\n<p>Therefore, today I PRAY and once more I express my compassion and sympathy for all the victims, during and after the war, of all communities.<\/p>\n<p>We remain determined to bring to justice everyone who committed a crime.<\/p>\n<p>A crime is a crime, regardless against whom it was directed and regardless who committed it.<\/p>\n<p>Also, once again we insist that the fate of all missing persons, whether Albanian, Serb or Roma or any other community, is brought to light.<\/p>\n<p>We all have responsibility toward this.<\/p>\n<p>We have responsibilities towards their families and towards our children&#8217;s future.<\/p>\n<p>We need to help each other.<\/p>\n<p>Today, as we are working to build peace, reconciliation and cooperation between the peoples in our region, it is important to emphasize that for honest reconciliation we need justice first.<\/p>\n<p>Reconciliation among Albanians and Serbs is possible and it will happen.<\/p>\n<p>This means peace for the whole region.<\/p>\n","protected":false},"excerpt":{"rendered":"<p>Today I laid a wraith to remember a criminal act against a group of young Kosovars in the village of Gorazhdec, fourteen years ago, that took the lives of two youngsters and left four others wounded.<\/p>\n","protected":false},"author":1,"featured_media":33467,"comment_status":"open","ping_status":"closed","sticky":false,"template":"","format":"standard","meta":{"_eb_attr":"","footnotes":""},"categories":[105],"tags":[],"class_list":["post-69097","post","type-post","status-publish","format-standard","has-post-thumbnail","hentry","category-speeches"],"yoast_head":"<!-- This site is optimized with the Yoast SEO plugin v23.5 - https:\/\/yoast.com\/wordpress\/plugins\/seo\/ -->\n<title>Speech by President Tha\u00e7i at the memorial dedicated to the youth killed the village of Gorazhdec in Peje - President of the Republic of Kosovo - DR. VJOSA OSMANI - SADRIU<\/title>\n<meta name=\"description\" content=\"Speech by President Tha\u00e7i at the memorial dedicated to the youth killed the village of Gorazhdec in Peje - President of the Republic of Kosovo - DR. VJOSA OSMANI - SADRIU -\" \/>\n<meta name=\"robots\" content=\"index, follow, max-snippet:-1, max-image-preview:large, max-video-preview:-1\" \/>\n<link rel=\"canonical\" href=\"https:\/\/president-ksgov.net\/en\/speech-by-president-thaci-at-the-memorial-dedicated-to-the-youth-killed-the-village-of-gorazhdec-in-peje\/\" \/>\n<meta property=\"og:locale\" content=\"en_US\" \/>\n<meta property=\"og:type\" content=\"article\" \/>\n<meta property=\"og:title\" content=\"Speech by President Tha\u00e7i at the memorial dedicated to the youth killed the village of Gorazhdec in Peje - President of the Republic of Kosovo - DR. VJOSA OSMANI - SADRIU\" \/>\n<meta property=\"og:description\" content=\"Speech by President Tha\u00e7i at the memorial dedicated to the youth killed the village of Gorazhdec in Peje - President of the Republic of Kosovo - DR. VJOSA OSMANI - SADRIU -\" \/>\n<meta property=\"og:url\" content=\"https:\/\/president-ksgov.net\/en\/speech-by-president-thaci-at-the-memorial-dedicated-to-the-youth-killed-the-village-of-gorazhdec-in-peje\/\" \/>\n<meta property=\"og:site_name\" content=\"President of the Republic of Kosovo - DR. VJOSA OSMANI - SADRIU\" \/>\n<meta property=\"article:published_time\" content=\"2016-08-16T11:57:57+00:00\" \/>\n<meta property=\"article:modified_time\" content=\"2023-03-07T09:51:28+00:00\" \/>\n<meta property=\"og:image\" content=\"https:\/\/president-ksgov.net\/wp-content\/uploads\/16_08_2016_8665145_15_08_2016_1881372_Photo1.jpg\" \/>\n\t<meta property=\"og:image:width\" content=\"2400\" \/>\n\t<meta property=\"og:image:height\" content=\"1600\" \/>\n\t<meta property=\"og:image:type\" content=\"image\/jpeg\" \/>\n<meta name=\"author\" content=\"admin\" \/>\n<meta name=\"twitter:card\" content=\"summary_large_image\" \/>\n<meta name=\"twitter:label1\" content=\"Written by\" \/>\n\t<meta name=\"twitter:data1\" content=\"admin\" \/>\n\t<meta name=\"twitter:label2\" content=\"Est. reading time\" \/>\n\t<meta name=\"twitter:data2\" content=\"2 minutes\" \/>\n<script type=\"application\/ld+json\" class=\"yoast-schema-graph\">{\"@context\":\"https:\/\/schema.org\",\"@graph\":[{\"@type\":\"WebPage\",\"@id\":\"https:\/\/president-ksgov.net\/en\/speech-by-president-thaci-at-the-memorial-dedicated-to-the-youth-killed-the-village-of-gorazhdec-in-peje\/\",\"url\":\"https:\/\/president-ksgov.net\/en\/speech-by-president-thaci-at-the-memorial-dedicated-to-the-youth-killed-the-village-of-gorazhdec-in-peje\/\",\"name\":\"Speech by President Tha\u00e7i at the memorial dedicated to the youth killed the village of Gorazhdec in Peje - President of the Republic of Kosovo - DR. VJOSA OSMANI - SADRIU\",\"isPartOf\":{\"@id\":\"https:\/\/president-ksgov.net\/#website\"},\"primaryImageOfPage\":{\"@id\":\"https:\/\/president-ksgov.net\/en\/speech-by-president-thaci-at-the-memorial-dedicated-to-the-youth-killed-the-village-of-gorazhdec-in-peje\/#primaryimage\"},\"image\":{\"@id\":\"https:\/\/president-ksgov.net\/en\/speech-by-president-thaci-at-the-memorial-dedicated-to-the-youth-killed-the-village-of-gorazhdec-in-peje\/#primaryimage\"},\"thumbnailUrl\":\"https:\/\/president-ksgov.net\/wp-content\/uploads\/16_08_2016_8665145_15_08_2016_1881372_Photo1.jpg\",\"datePublished\":\"2016-08-16T11:57:57+00:00\",\"dateModified\":\"2023-03-07T09:51:28+00:00\",\"author\":{\"@id\":\"https:\/\/president-ksgov.net\/#\/schema\/person\/bb4337a5fb147cb2046d80548172cbee\"},\"description\":\"Speech by President Tha\u00e7i at the memorial dedicated to the youth killed the village of Gorazhdec in Peje - President of the Republic of Kosovo - DR. VJOSA OSMANI - SADRIU -\",\"breadcrumb\":{\"@id\":\"https:\/\/president-ksgov.net\/en\/speech-by-president-thaci-at-the-memorial-dedicated-to-the-youth-killed-the-village-of-gorazhdec-in-peje\/#breadcrumb\"},\"inLanguage\":\"en-US\",\"potentialAction\":[{\"@type\":\"ReadAction\",\"target\":[\"https:\/\/president-ksgov.net\/en\/speech-by-president-thaci-at-the-memorial-dedicated-to-the-youth-killed-the-village-of-gorazhdec-in-peje\/\"]}]},{\"@type\":\"ImageObject\",\"inLanguage\":\"en-US\",\"@id\":\"https:\/\/president-ksgov.net\/en\/speech-by-president-thaci-at-the-memorial-dedicated-to-the-youth-killed-the-village-of-gorazhdec-in-peje\/#primaryimage\",\"url\":\"https:\/\/president-ksgov.net\/wp-content\/uploads\/16_08_2016_8665145_15_08_2016_1881372_Photo1.jpg\",\"contentUrl\":\"https:\/\/president-ksgov.net\/wp-content\/uploads\/16_08_2016_8665145_15_08_2016_1881372_Photo1.jpg\",\"width\":2400,\"height\":1600},{\"@type\":\"BreadcrumbList\",\"@id\":\"https:\/\/president-ksgov.net\/en\/speech-by-president-thaci-at-the-memorial-dedicated-to-the-youth-killed-the-village-of-gorazhdec-in-peje\/#breadcrumb\",\"itemListElement\":[{\"@type\":\"ListItem\",\"position\":1,\"name\":\"Home\",\"item\":\"https:\/\/president-ksgov.net\/en\/\"},{\"@type\":\"ListItem\",\"position\":2,\"name\":\"Speech by President Tha\u00e7i at the memorial dedicated to the youth killed the village of Gorazhdec in Peje\"}]},{\"@type\":\"WebSite\",\"@id\":\"https:\/\/president-ksgov.net\/#website\",\"url\":\"https:\/\/president-ksgov.net\/\",\"name\":\"Presidente e Republik\u00ebs s\u00eb Kosov\u00ebs\",\"description\":\"Presidente e Republik\u00ebs s\u00eb Kosov\u00ebs\",\"alternateName\":\"DR. VJOSA OSMANI - SADRIU\",\"potentialAction\":[{\"@type\":\"SearchAction\",\"target\":{\"@type\":\"EntryPoint\",\"urlTemplate\":\"https:\/\/president-ksgov.net\/?s={search_term_string}\"},\"query-input\":{\"@type\":\"PropertyValueSpecification\",\"valueRequired\":true,\"valueName\":\"search_term_string\"}}],\"inLanguage\":\"en-US\"},{\"@type\":\"Person\",\"@id\":\"https:\/\/president-ksgov.net\/#\/schema\/person\/bb4337a5fb147cb2046d80548172cbee\",\"name\":\"admin\",\"image\":{\"@type\":\"ImageObject\",\"inLanguage\":\"en-US\",\"@id\":\"https:\/\/president-ksgov.net\/#\/schema\/person\/image\/\",\"url\":\"https:\/\/secure.gravatar.com\/avatar\/36156ca0fa3b8d9d25174f146e16beea0cf28f37adf1b9e19b6c9c279a7c9dd3?s=96&d=mm&r=g\",\"contentUrl\":\"https:\/\/secure.gravatar.com\/avatar\/36156ca0fa3b8d9d25174f146e16beea0cf28f37adf1b9e19b6c9c279a7c9dd3?s=96&d=mm&r=g\",\"caption\":\"admin\"},\"sameAs\":[\"https:\/\/president-ksgov.net\"]}]}<\/script>\n<!-- \/ Yoast SEO plugin. -->","yoast_head_json":{"title":"Speech by President Tha\u00e7i at the memorial dedicated to the youth killed the village of Gorazhdec in Peje - President of the Republic of Kosovo - DR. VJOSA OSMANI - SADRIU","description":"Speech by President Tha\u00e7i at the memorial dedicated to the youth killed the village of Gorazhdec in Peje - President of the Republic of Kosovo - DR. VJOSA OSMANI - SADRIU -","robots":{"index":"index","follow":"follow","max-snippet":"max-snippet:-1","max-image-preview":"max-image-preview:large","max-video-preview":"max-video-preview:-1"},"canonical":"https:\/\/president-ksgov.net\/en\/speech-by-president-thaci-at-the-memorial-dedicated-to-the-youth-killed-the-village-of-gorazhdec-in-peje\/","og_locale":"en_US","og_type":"article","og_title":"Speech by President Tha\u00e7i at the memorial dedicated to the youth killed the village of Gorazhdec in Peje - President of the Republic of Kosovo - DR. VJOSA OSMANI - SADRIU","og_description":"Speech by President Tha\u00e7i at the memorial dedicated to the youth killed the village of Gorazhdec in Peje - President of the Republic of Kosovo - DR. VJOSA OSMANI - SADRIU -","og_url":"https:\/\/president-ksgov.net\/en\/speech-by-president-thaci-at-the-memorial-dedicated-to-the-youth-killed-the-village-of-gorazhdec-in-peje\/","og_site_name":"President of the Republic of Kosovo - DR. VJOSA OSMANI - SADRIU","article_published_time":"2016-08-16T11:57:57+00:00","article_modified_time":"2023-03-07T09:51:28+00:00","og_image":[{"width":2400,"height":1600,"url":"https:\/\/president-ksgov.net\/wp-content\/uploads\/16_08_2016_8665145_15_08_2016_1881372_Photo1.jpg","type":"image\/jpeg"}],"author":"admin","twitter_card":"summary_large_image","twitter_misc":{"Written by":"admin","Est. reading time":"2 minutes"},"schema":{"@context":"https:\/\/schema.org","@graph":[{"@type":"WebPage","@id":"https:\/\/president-ksgov.net\/en\/speech-by-president-thaci-at-the-memorial-dedicated-to-the-youth-killed-the-village-of-gorazhdec-in-peje\/","url":"https:\/\/president-ksgov.net\/en\/speech-by-president-thaci-at-the-memorial-dedicated-to-the-youth-killed-the-village-of-gorazhdec-in-peje\/","name":"Speech by President Tha\u00e7i at the memorial dedicated to the youth killed the village of Gorazhdec in Peje - President of the Republic of Kosovo - DR. VJOSA OSMANI - SADRIU","isPartOf":{"@id":"https:\/\/president-ksgov.net\/#website"},"primaryImageOfPage":{"@id":"https:\/\/president-ksgov.net\/en\/speech-by-president-thaci-at-the-memorial-dedicated-to-the-youth-killed-the-village-of-gorazhdec-in-peje\/#primaryimage"},"image":{"@id":"https:\/\/president-ksgov.net\/en\/speech-by-president-thaci-at-the-memorial-dedicated-to-the-youth-killed-the-village-of-gorazhdec-in-peje\/#primaryimage"},"thumbnailUrl":"https:\/\/president-ksgov.net\/wp-content\/uploads\/16_08_2016_8665145_15_08_2016_1881372_Photo1.jpg","datePublished":"2016-08-16T11:57:57+00:00","dateModified":"2023-03-07T09:51:28+00:00","author":{"@id":"https:\/\/president-ksgov.net\/#\/schema\/person\/bb4337a5fb147cb2046d80548172cbee"},"description":"Speech by President Tha\u00e7i at the memorial dedicated to the youth killed the village of Gorazhdec in Peje - President of the Republic of Kosovo - DR. VJOSA OSMANI - SADRIU -","breadcrumb":{"@id":"https:\/\/president-ksgov.net\/en\/speech-by-president-thaci-at-the-memorial-dedicated-to-the-youth-killed-the-village-of-gorazhdec-in-peje\/#breadcrumb"},"inLanguage":"en-US","potentialAction":[{"@type":"ReadAction","target":["https:\/\/president-ksgov.net\/en\/speech-by-president-thaci-at-the-memorial-dedicated-to-the-youth-killed-the-village-of-gorazhdec-in-peje\/"]}]},{"@type":"ImageObject","inLanguage":"en-US","@id":"https:\/\/president-ksgov.net\/en\/speech-by-president-thaci-at-the-memorial-dedicated-to-the-youth-killed-the-village-of-gorazhdec-in-peje\/#primaryimage","url":"https:\/\/president-ksgov.net\/wp-content\/uploads\/16_08_2016_8665145_15_08_2016_1881372_Photo1.jpg","contentUrl":"https:\/\/president-ksgov.net\/wp-content\/uploads\/16_08_2016_8665145_15_08_2016_1881372_Photo1.jpg","width":2400,"height":1600},{"@type":"BreadcrumbList","@id":"https:\/\/president-ksgov.net\/en\/speech-by-president-thaci-at-the-memorial-dedicated-to-the-youth-killed-the-village-of-gorazhdec-in-peje\/#breadcrumb","itemListElement":[{"@type":"ListItem","position":1,"name":"Home","item":"https:\/\/president-ksgov.net\/en\/"},{"@type":"ListItem","position":2,"name":"Speech by President Tha\u00e7i at the memorial dedicated to the youth killed the village of Gorazhdec in Peje"}]},{"@type":"WebSite","@id":"https:\/\/president-ksgov.net\/#website","url":"https:\/\/president-ksgov.net\/","name":"Presidente e Republik\u00ebs s\u00eb Kosov\u00ebs","description":"Presidente e Republik\u00ebs s\u00eb Kosov\u00ebs","alternateName":"DR. VJOSA OSMANI - SADRIU","potentialAction":[{"@type":"SearchAction","target":{"@type":"EntryPoint","urlTemplate":"https:\/\/president-ksgov.net\/?s={search_term_string}"},"query-input":{"@type":"PropertyValueSpecification","valueRequired":true,"valueName":"search_term_string"}}],"inLanguage":"en-US"},{"@type":"Person","@id":"https:\/\/president-ksgov.net\/#\/schema\/person\/bb4337a5fb147cb2046d80548172cbee","name":"admin","image":{"@type":"ImageObject","inLanguage":"en-US","@id":"https:\/\/president-ksgov.net\/#\/schema\/person\/image\/","url":"https:\/\/secure.gravatar.com\/avatar\/36156ca0fa3b8d9d25174f146e16beea0cf28f37adf1b9e19b6c9c279a7c9dd3?s=96&d=mm&r=g","contentUrl":"https:\/\/secure.gravatar.com\/avatar\/36156ca0fa3b8d9d25174f146e16beea0cf28f37adf1b9e19b6c9c279a7c9dd3?s=96&d=mm&r=g","caption":"admin"},"sameAs":["https:\/\/president-ksgov.net"]}]}},"_links":{"self":[{"href":"https:\/\/president-ksgov.net\/en\/wp-json\/wp\/v2\/posts\/69097","targetHints":{"allow":["GET"]}}],"collection":[{"href":"https:\/\/president-ksgov.net\/en\/wp-json\/wp\/v2\/posts"}],"about":[{"href":"https:\/\/president-ksgov.net\/en\/wp-json\/wp\/v2\/types\/post"}],"author":[{"embeddable":true,"href":"https:\/\/president-ksgov.net\/en\/wp-json\/wp\/v2\/users\/1"}],"replies":[{"embeddable":true,"href":"https:\/\/president-ksgov.net\/en\/wp-json\/wp\/v2\/comments?post=69097"}],"version-history":[{"count":0,"href":"https:\/\/president-ksgov.net\/en\/wp-json\/wp\/v2\/posts\/69097\/revisions"}],"wp:featuredmedia":[{"embeddable":true,"href":"https:\/\/president-ksgov.net\/en\/wp-json\/wp\/v2\/media\/33467"}],"wp:attachment":[{"href":"https:\/\/president-ksgov.net\/en\/wp-json\/wp\/v2\/media?parent=69097"}],"wp:term":[{"taxonomy":"category","embeddable":true,"href":"https:\/\/president-ksgov.net\/en\/wp-json\/wp\/v2\/categories?post=69097"},{"taxonomy":"post_tag","embeddable":true,"href":"https:\/\/president-ksgov.net\/en\/wp-json\/wp\/v2\/tags?post=69097"}],"curies":[{"name":"wp","href":"https:\/\/api.w.org\/{rel}","templated":true}]}}