{"id":69075,"date":"2016-09-02T13:24:34","date_gmt":"2016-09-02T13:24:34","guid":{"rendered":"https:\/\/dev.president-ksgov.net\/president-thaci-with-the-new-head-of-eulex-talk-about-cooperation-in-the-field-of-justice\/"},"modified":"2023-03-07T09:51:01","modified_gmt":"2023-03-07T09:51:01","slug":"president-thaci-with-the-new-head-of-eulex-talk-about-cooperation-in-the-field-of-justice","status":"publish","type":"post","link":"https:\/\/president-ksgov.net\/en\/president-thaci-with-the-new-head-of-eulex-talk-about-cooperation-in-the-field-of-justice\/","title":{"rendered":"President Tha\u00e7i with the new Head of EULEX talk about cooperation in the field of justice"},"content":{"rendered":"<p>The President of the Republic of Kosovo, Hashim Tha\u00e7i, received today the new Head of EULEX, Alexandra Papadopoulou.<\/p>\n<p>With the Head of EULEX, the Head of State discussed about the good cooperation of the Kosovo institutions with EULEX, about increasing new capacities and about the challenges of the institutions of justice.<br \/>\n\u00a0<br \/>\n&#8220;The cooperation with the institutions and the good work EULEX have made this mission to have many successes in Kosovo so far. Thanks to the support of EULEX our institutions of justice are empowered as well and have increased their capacity of work&#8221;, said President Tha\u00e7i.<br \/>\n\u00a0<br \/>\nWhereas, the new Head of EULEX, Alexandra Papadopoulou, said that EULEX will continue the cooperation with the Kosovo institutions and within its responsibilities it will always support them.<br \/>\n\u00a0<br \/>\n&#8220;Kosovo has been and remains committed to consolidate the rule of law&#8221;, emphasized President Tha\u00e7i.<br \/>\n\u00a0<br \/>\nPresident Tha\u00e7i congratulated the new Head of EULEX, Alexandra Papadopoulou, on her new assignment in Kosovo.<\/p>\n","protected":false},"excerpt":{"rendered":"<p>The President of the Republic of Kosovo, Hashim Tha\u00e7i, received today the new Head of EULEX, Alexandra Papadopoulou.<\/p>\n","protected":false},"author":1,"featured_media":33271,"comment_status":"open","ping_status":"closed","sticky":false,"template":"","format":"standard","meta":{"_eb_attr":"","footnotes":""},"categories":[111],"tags":[],"class_list":["post-69075","post","type-post","status-publish","format-standard","has-post-thumbnail","hentry","category-news"],"yoast_head":"<!-- This site is optimized with the Yoast SEO plugin v23.5 - https:\/\/yoast.com\/wordpress\/plugins\/seo\/ -->\n<title>President Tha\u00e7i with the new Head of EULEX talk about cooperation in the field of justice - President of the Republic of Kosovo - DR. VJOSA OSMANI - SADRIU<\/title>\n<meta name=\"description\" content=\"President Tha\u00e7i with the new Head of EULEX talk about cooperation in the field of justice - President of the Republic of Kosovo - DR. VJOSA OSMANI - SADRIU -\" \/>\n<meta name=\"robots\" content=\"index, follow, max-snippet:-1, max-image-preview:large, max-video-preview:-1\" \/>\n<link rel=\"canonical\" href=\"https:\/\/president-ksgov.net\/en\/president-thaci-with-the-new-head-of-eulex-talk-about-cooperation-in-the-field-of-justice\/\" \/>\n<meta property=\"og:locale\" content=\"en_US\" \/>\n<meta property=\"og:type\" content=\"article\" \/>\n<meta property=\"og:title\" content=\"President Tha\u00e7i with the new Head of EULEX talk about cooperation in the field of justice - President of the Republic of Kosovo - DR. VJOSA OSMANI - SADRIU\" \/>\n<meta property=\"og:description\" content=\"President Tha\u00e7i with the new Head of EULEX talk about cooperation in the field of justice - President of the Republic of Kosovo - DR. VJOSA OSMANI - SADRIU -\" \/>\n<meta property=\"og:url\" content=\"https:\/\/president-ksgov.net\/en\/president-thaci-with-the-new-head-of-eulex-talk-about-cooperation-in-the-field-of-justice\/\" \/>\n<meta property=\"og:site_name\" content=\"President of the Republic of Kosovo - DR. VJOSA OSMANI - SADRIU\" \/>\n<meta property=\"article:published_time\" content=\"2016-09-02T13:24:34+00:00\" \/>\n<meta property=\"article:modified_time\" content=\"2023-03-07T09:51:01+00:00\" \/>\n<meta property=\"og:image\" content=\"https:\/\/president-ksgov.net\/wp-content\/uploads\/02_09_2016_5431564_003.jpg\" \/>\n\t<meta property=\"og:image:width\" content=\"2345\" \/>\n\t<meta property=\"og:image:height\" content=\"1564\" \/>\n\t<meta property=\"og:image:type\" content=\"image\/jpeg\" \/>\n<meta name=\"author\" content=\"admin\" \/>\n<meta name=\"twitter:card\" content=\"summary_large_image\" \/>\n<meta name=\"twitter:label1\" content=\"Written by\" \/>\n\t<meta name=\"twitter:data1\" content=\"admin\" \/>\n\t<meta name=\"twitter:label2\" content=\"Est. reading time\" \/>\n\t<meta name=\"twitter:data2\" content=\"1 minute\" \/>\n<script type=\"application\/ld+json\" class=\"yoast-schema-graph\">{\"@context\":\"https:\/\/schema.org\",\"@graph\":[{\"@type\":\"WebPage\",\"@id\":\"https:\/\/president-ksgov.net\/en\/president-thaci-with-the-new-head-of-eulex-talk-about-cooperation-in-the-field-of-justice\/\",\"url\":\"https:\/\/president-ksgov.net\/en\/president-thaci-with-the-new-head-of-eulex-talk-about-cooperation-in-the-field-of-justice\/\",\"name\":\"President Tha\u00e7i with the new Head of EULEX talk about cooperation in the field of justice - President of the Republic of Kosovo - DR. VJOSA OSMANI - SADRIU\",\"isPartOf\":{\"@id\":\"https:\/\/president-ksgov.net\/#website\"},\"primaryImageOfPage\":{\"@id\":\"https:\/\/president-ksgov.net\/en\/president-thaci-with-the-new-head-of-eulex-talk-about-cooperation-in-the-field-of-justice\/#primaryimage\"},\"image\":{\"@id\":\"https:\/\/president-ksgov.net\/en\/president-thaci-with-the-new-head-of-eulex-talk-about-cooperation-in-the-field-of-justice\/#primaryimage\"},\"thumbnailUrl\":\"https:\/\/president-ksgov.net\/wp-content\/uploads\/02_09_2016_5431564_003.jpg\",\"datePublished\":\"2016-09-02T13:24:34+00:00\",\"dateModified\":\"2023-03-07T09:51:01+00:00\",\"author\":{\"@id\":\"https:\/\/president-ksgov.net\/#\/schema\/person\/bb4337a5fb147cb2046d80548172cbee\"},\"description\":\"President Tha\u00e7i with the new Head of EULEX talk about cooperation in the field of justice - President of the Republic of Kosovo - DR. VJOSA OSMANI - SADRIU -\",\"breadcrumb\":{\"@id\":\"https:\/\/president-ksgov.net\/en\/president-thaci-with-the-new-head-of-eulex-talk-about-cooperation-in-the-field-of-justice\/#breadcrumb\"},\"inLanguage\":\"en-US\",\"potentialAction\":[{\"@type\":\"ReadAction\",\"target\":[\"https:\/\/president-ksgov.net\/en\/president-thaci-with-the-new-head-of-eulex-talk-about-cooperation-in-the-field-of-justice\/\"]}]},{\"@type\":\"ImageObject\",\"inLanguage\":\"en-US\",\"@id\":\"https:\/\/president-ksgov.net\/en\/president-thaci-with-the-new-head-of-eulex-talk-about-cooperation-in-the-field-of-justice\/#primaryimage\",\"url\":\"https:\/\/president-ksgov.net\/wp-content\/uploads\/02_09_2016_5431564_003.jpg\",\"contentUrl\":\"https:\/\/president-ksgov.net\/wp-content\/uploads\/02_09_2016_5431564_003.jpg\",\"width\":2345,\"height\":1564},{\"@type\":\"BreadcrumbList\",\"@id\":\"https:\/\/president-ksgov.net\/en\/president-thaci-with-the-new-head-of-eulex-talk-about-cooperation-in-the-field-of-justice\/#breadcrumb\",\"itemListElement\":[{\"@type\":\"ListItem\",\"position\":1,\"name\":\"Home\",\"item\":\"https:\/\/president-ksgov.net\/en\/\"},{\"@type\":\"ListItem\",\"position\":2,\"name\":\"President Tha\u00e7i with the new Head of EULEX talk about cooperation in the field of justice\"}]},{\"@type\":\"WebSite\",\"@id\":\"https:\/\/president-ksgov.net\/#website\",\"url\":\"https:\/\/president-ksgov.net\/\",\"name\":\"Presidente e Republik\u00ebs s\u00eb Kosov\u00ebs\",\"description\":\"Presidente e Republik\u00ebs s\u00eb Kosov\u00ebs\",\"alternateName\":\"DR. VJOSA OSMANI - SADRIU\",\"potentialAction\":[{\"@type\":\"SearchAction\",\"target\":{\"@type\":\"EntryPoint\",\"urlTemplate\":\"https:\/\/president-ksgov.net\/?s={search_term_string}\"},\"query-input\":{\"@type\":\"PropertyValueSpecification\",\"valueRequired\":true,\"valueName\":\"search_term_string\"}}],\"inLanguage\":\"en-US\"},{\"@type\":\"Person\",\"@id\":\"https:\/\/president-ksgov.net\/#\/schema\/person\/bb4337a5fb147cb2046d80548172cbee\",\"name\":\"admin\",\"image\":{\"@type\":\"ImageObject\",\"inLanguage\":\"en-US\",\"@id\":\"https:\/\/president-ksgov.net\/#\/schema\/person\/image\/\",\"url\":\"https:\/\/secure.gravatar.com\/avatar\/36156ca0fa3b8d9d25174f146e16beea0cf28f37adf1b9e19b6c9c279a7c9dd3?s=96&d=mm&r=g\",\"contentUrl\":\"https:\/\/secure.gravatar.com\/avatar\/36156ca0fa3b8d9d25174f146e16beea0cf28f37adf1b9e19b6c9c279a7c9dd3?s=96&d=mm&r=g\",\"caption\":\"admin\"},\"sameAs\":[\"https:\/\/president-ksgov.net\"]}]}<\/script>\n<!-- \/ Yoast SEO plugin. -->","yoast_head_json":{"title":"President Tha\u00e7i with the new Head of EULEX talk about cooperation in the field of justice - President of the Republic of Kosovo - DR. VJOSA OSMANI - SADRIU","description":"President Tha\u00e7i with the new Head of EULEX talk about cooperation in the field of justice - President of the Republic of Kosovo - DR. VJOSA OSMANI - SADRIU -","robots":{"index":"index","follow":"follow","max-snippet":"max-snippet:-1","max-image-preview":"max-image-preview:large","max-video-preview":"max-video-preview:-1"},"canonical":"https:\/\/president-ksgov.net\/en\/president-thaci-with-the-new-head-of-eulex-talk-about-cooperation-in-the-field-of-justice\/","og_locale":"en_US","og_type":"article","og_title":"President Tha\u00e7i with the new Head of EULEX talk about cooperation in the field of justice - President of the Republic of Kosovo - DR. VJOSA OSMANI - SADRIU","og_description":"President Tha\u00e7i with the new Head of EULEX talk about cooperation in the field of justice - President of the Republic of Kosovo - DR. VJOSA OSMANI - SADRIU -","og_url":"https:\/\/president-ksgov.net\/en\/president-thaci-with-the-new-head-of-eulex-talk-about-cooperation-in-the-field-of-justice\/","og_site_name":"President of the Republic of Kosovo - DR. VJOSA OSMANI - SADRIU","article_published_time":"2016-09-02T13:24:34+00:00","article_modified_time":"2023-03-07T09:51:01+00:00","og_image":[{"width":2345,"height":1564,"url":"https:\/\/president-ksgov.net\/wp-content\/uploads\/02_09_2016_5431564_003.jpg","type":"image\/jpeg"}],"author":"admin","twitter_card":"summary_large_image","twitter_misc":{"Written by":"admin","Est. reading time":"1 minute"},"schema":{"@context":"https:\/\/schema.org","@graph":[{"@type":"WebPage","@id":"https:\/\/president-ksgov.net\/en\/president-thaci-with-the-new-head-of-eulex-talk-about-cooperation-in-the-field-of-justice\/","url":"https:\/\/president-ksgov.net\/en\/president-thaci-with-the-new-head-of-eulex-talk-about-cooperation-in-the-field-of-justice\/","name":"President Tha\u00e7i with the new Head of EULEX talk about cooperation in the field of justice - President of the Republic of Kosovo - DR. VJOSA OSMANI - SADRIU","isPartOf":{"@id":"https:\/\/president-ksgov.net\/#website"},"primaryImageOfPage":{"@id":"https:\/\/president-ksgov.net\/en\/president-thaci-with-the-new-head-of-eulex-talk-about-cooperation-in-the-field-of-justice\/#primaryimage"},"image":{"@id":"https:\/\/president-ksgov.net\/en\/president-thaci-with-the-new-head-of-eulex-talk-about-cooperation-in-the-field-of-justice\/#primaryimage"},"thumbnailUrl":"https:\/\/president-ksgov.net\/wp-content\/uploads\/02_09_2016_5431564_003.jpg","datePublished":"2016-09-02T13:24:34+00:00","dateModified":"2023-03-07T09:51:01+00:00","author":{"@id":"https:\/\/president-ksgov.net\/#\/schema\/person\/bb4337a5fb147cb2046d80548172cbee"},"description":"President Tha\u00e7i with the new Head of EULEX talk about cooperation in the field of justice - President of the Republic of Kosovo - DR. VJOSA OSMANI - SADRIU -","breadcrumb":{"@id":"https:\/\/president-ksgov.net\/en\/president-thaci-with-the-new-head-of-eulex-talk-about-cooperation-in-the-field-of-justice\/#breadcrumb"},"inLanguage":"en-US","potentialAction":[{"@type":"ReadAction","target":["https:\/\/president-ksgov.net\/en\/president-thaci-with-the-new-head-of-eulex-talk-about-cooperation-in-the-field-of-justice\/"]}]},{"@type":"ImageObject","inLanguage":"en-US","@id":"https:\/\/president-ksgov.net\/en\/president-thaci-with-the-new-head-of-eulex-talk-about-cooperation-in-the-field-of-justice\/#primaryimage","url":"https:\/\/president-ksgov.net\/wp-content\/uploads\/02_09_2016_5431564_003.jpg","contentUrl":"https:\/\/president-ksgov.net\/wp-content\/uploads\/02_09_2016_5431564_003.jpg","width":2345,"height":1564},{"@type":"BreadcrumbList","@id":"https:\/\/president-ksgov.net\/en\/president-thaci-with-the-new-head-of-eulex-talk-about-cooperation-in-the-field-of-justice\/#breadcrumb","itemListElement":[{"@type":"ListItem","position":1,"name":"Home","item":"https:\/\/president-ksgov.net\/en\/"},{"@type":"ListItem","position":2,"name":"President Tha\u00e7i with the new Head of EULEX talk about cooperation in the field of justice"}]},{"@type":"WebSite","@id":"https:\/\/president-ksgov.net\/#website","url":"https:\/\/president-ksgov.net\/","name":"Presidente e Republik\u00ebs s\u00eb Kosov\u00ebs","description":"Presidente e Republik\u00ebs s\u00eb Kosov\u00ebs","alternateName":"DR. VJOSA OSMANI - SADRIU","potentialAction":[{"@type":"SearchAction","target":{"@type":"EntryPoint","urlTemplate":"https:\/\/president-ksgov.net\/?s={search_term_string}"},"query-input":{"@type":"PropertyValueSpecification","valueRequired":true,"valueName":"search_term_string"}}],"inLanguage":"en-US"},{"@type":"Person","@id":"https:\/\/president-ksgov.net\/#\/schema\/person\/bb4337a5fb147cb2046d80548172cbee","name":"admin","image":{"@type":"ImageObject","inLanguage":"en-US","@id":"https:\/\/president-ksgov.net\/#\/schema\/person\/image\/","url":"https:\/\/secure.gravatar.com\/avatar\/36156ca0fa3b8d9d25174f146e16beea0cf28f37adf1b9e19b6c9c279a7c9dd3?s=96&d=mm&r=g","contentUrl":"https:\/\/secure.gravatar.com\/avatar\/36156ca0fa3b8d9d25174f146e16beea0cf28f37adf1b9e19b6c9c279a7c9dd3?s=96&d=mm&r=g","caption":"admin"},"sameAs":["https:\/\/president-ksgov.net"]}]}},"_links":{"self":[{"href":"https:\/\/president-ksgov.net\/en\/wp-json\/wp\/v2\/posts\/69075","targetHints":{"allow":["GET"]}}],"collection":[{"href":"https:\/\/president-ksgov.net\/en\/wp-json\/wp\/v2\/posts"}],"about":[{"href":"https:\/\/president-ksgov.net\/en\/wp-json\/wp\/v2\/types\/post"}],"author":[{"embeddable":true,"href":"https:\/\/president-ksgov.net\/en\/wp-json\/wp\/v2\/users\/1"}],"replies":[{"embeddable":true,"href":"https:\/\/president-ksgov.net\/en\/wp-json\/wp\/v2\/comments?post=69075"}],"version-history":[{"count":0,"href":"https:\/\/president-ksgov.net\/en\/wp-json\/wp\/v2\/posts\/69075\/revisions"}],"wp:featuredmedia":[{"embeddable":true,"href":"https:\/\/president-ksgov.net\/en\/wp-json\/wp\/v2\/media\/33271"}],"wp:attachment":[{"href":"https:\/\/president-ksgov.net\/en\/wp-json\/wp\/v2\/media?parent=69075"}],"wp:term":[{"taxonomy":"category","embeddable":true,"href":"https:\/\/president-ksgov.net\/en\/wp-json\/wp\/v2\/categories?post=69075"},{"taxonomy":"post_tag","embeddable":true,"href":"https:\/\/president-ksgov.net\/en\/wp-json\/wp\/v2\/tags?post=69075"}],"curies":[{"name":"wp","href":"https:\/\/api.w.org\/{rel}","templated":true}]}}