{"id":69073,"date":"2016-09-03T11:41:42","date_gmt":"2016-09-03T11:41:42","guid":{"rendered":"https:\/\/dev.president-ksgov.net\/president-thaci-condemns-the-damaging-of-the-memorial-plaque-in-gracka\/"},"modified":"2023-03-07T09:50:33","modified_gmt":"2023-03-07T09:50:33","slug":"president-thaci-condemns-the-damaging-of-the-memorial-plaque-in-gracka","status":"publish","type":"post","link":"https:\/\/president-ksgov.net\/en\/president-thaci-condemns-the-damaging-of-the-memorial-plaque-in-gracka\/","title":{"rendered":"President Tha\u00e7i condemns the damaging of the memorial plaque in Gracka"},"content":{"rendered":"<p>Prishtina, September 3 &#8211; The President of the Republic of Kosovo, Hashim Tha\u00e7i, has condemned the damaging of the memorial plaque in Old Gracka of Lipjan.<\/p>\n<p>&#8220;The damaging of the memorial plaque in Old Gracka is condemnable&#8221;, said President Tha\u00e7i and added that &#8220;everyone who desires the best for Kosovo condemns this unacceptable act&#8221;.<\/p>\n<p>He said that incidents like this violate the good interethnic relations that Kosovo is promoting, they cause fear, anger and hatred and no one in Kosovo needs this.<\/p>\n<p>&#8220;By promoting dialogue, reconciliation, cooperation, the fighting of every extremism, we are accepted as part of the international community. Only by promoting these values we preserve the place we deserve in the international community&#8221;, added President Tha\u00e7i.<\/p>\n<p>He emphasized that Kosovo can not permit to suffer because of a minority of extremists.<\/p>\n<p>&#8220;The citizens of Kosovo, the vast majority, all communities, are for peace, for stability, for development, for a better life for all. Only a very small minority still nourishes extremist ideas and exclusion, fear and hatred. We will not allow this minority to affect the ambitions and aspirations of the majority of Kosovo&#8221;, concluded President Tha\u00e7i.<\/p>\n","protected":false},"excerpt":{"rendered":"<p>Prishtina, September 3 &#8211; The President of the Republic of Kosovo, Hashim Tha\u00e7i, has condemned the damaging of the memorial plaque in Old Gracka of Lipjan.<\/p>\n","protected":false},"author":1,"featured_media":86338,"comment_status":"open","ping_status":"closed","sticky":false,"template":"","format":"standard","meta":{"_eb_attr":"","footnotes":""},"categories":[111],"tags":[],"class_list":["post-69073","post","type-post","status-publish","format-standard","has-post-thumbnail","hentry","category-news"],"yoast_head":"<!-- This site is optimized with the Yoast SEO plugin v23.5 - https:\/\/yoast.com\/wordpress\/plugins\/seo\/ -->\n<title>President Tha\u00e7i condemns the damaging of the memorial plaque in Gracka - President of the Republic of Kosovo - DR. VJOSA OSMANI - SADRIU<\/title>\n<meta name=\"description\" content=\"President Tha\u00e7i condemns the damaging of the memorial plaque in Gracka - President of the Republic of Kosovo - DR. VJOSA OSMANI - SADRIU -\" \/>\n<meta name=\"robots\" content=\"index, follow, max-snippet:-1, max-image-preview:large, max-video-preview:-1\" \/>\n<link rel=\"canonical\" href=\"https:\/\/president-ksgov.net\/en\/president-thaci-condemns-the-damaging-of-the-memorial-plaque-in-gracka\/\" \/>\n<meta property=\"og:locale\" content=\"en_US\" \/>\n<meta property=\"og:type\" content=\"article\" \/>\n<meta property=\"og:title\" content=\"President Tha\u00e7i condemns the damaging of the memorial plaque in Gracka - President of the Republic of Kosovo - DR. VJOSA OSMANI - SADRIU\" \/>\n<meta property=\"og:description\" content=\"President Tha\u00e7i condemns the damaging of the memorial plaque in Gracka - President of the Republic of Kosovo - DR. VJOSA OSMANI - SADRIU -\" \/>\n<meta property=\"og:url\" content=\"https:\/\/president-ksgov.net\/en\/president-thaci-condemns-the-damaging-of-the-memorial-plaque-in-gracka\/\" \/>\n<meta property=\"og:site_name\" content=\"President of the Republic of Kosovo - DR. VJOSA OSMANI - SADRIU\" \/>\n<meta property=\"article:published_time\" content=\"2016-09-03T11:41:42+00:00\" \/>\n<meta property=\"article:modified_time\" content=\"2023-03-07T09:50:33+00:00\" \/>\n<meta property=\"og:image\" content=\"https:\/\/president-ksgov.net\/wp-content\/uploads\/Zyra-e-Presidentes-Featured-Image1-e1678970937938.png\" \/>\n\t<meta property=\"og:image:width\" content=\"1024\" \/>\n\t<meta property=\"og:image:height\" content=\"716\" \/>\n\t<meta property=\"og:image:type\" content=\"image\/png\" \/>\n<meta name=\"author\" content=\"admin\" \/>\n<meta name=\"twitter:card\" content=\"summary_large_image\" \/>\n<meta name=\"twitter:label1\" content=\"Written by\" \/>\n\t<meta name=\"twitter:data1\" content=\"admin\" \/>\n\t<meta name=\"twitter:label2\" content=\"Est. reading time\" \/>\n\t<meta name=\"twitter:data2\" content=\"1 minute\" \/>\n<script type=\"application\/ld+json\" class=\"yoast-schema-graph\">{\"@context\":\"https:\/\/schema.org\",\"@graph\":[{\"@type\":\"WebPage\",\"@id\":\"https:\/\/president-ksgov.net\/en\/president-thaci-condemns-the-damaging-of-the-memorial-plaque-in-gracka\/\",\"url\":\"https:\/\/president-ksgov.net\/en\/president-thaci-condemns-the-damaging-of-the-memorial-plaque-in-gracka\/\",\"name\":\"President Tha\u00e7i condemns the damaging of the memorial plaque in Gracka - President of the Republic of Kosovo - DR. VJOSA OSMANI - SADRIU\",\"isPartOf\":{\"@id\":\"https:\/\/president-ksgov.net\/#website\"},\"primaryImageOfPage\":{\"@id\":\"https:\/\/president-ksgov.net\/en\/president-thaci-condemns-the-damaging-of-the-memorial-plaque-in-gracka\/#primaryimage\"},\"image\":{\"@id\":\"https:\/\/president-ksgov.net\/en\/president-thaci-condemns-the-damaging-of-the-memorial-plaque-in-gracka\/#primaryimage\"},\"thumbnailUrl\":\"https:\/\/president-ksgov.net\/wp-content\/uploads\/Zyra-e-Presidentes-Featured-Image1-e1678970937938.png\",\"datePublished\":\"2016-09-03T11:41:42+00:00\",\"dateModified\":\"2023-03-07T09:50:33+00:00\",\"author\":{\"@id\":\"https:\/\/president-ksgov.net\/#\/schema\/person\/bb4337a5fb147cb2046d80548172cbee\"},\"description\":\"President Tha\u00e7i condemns the damaging of the memorial plaque in Gracka - President of the Republic of Kosovo - DR. VJOSA OSMANI - SADRIU -\",\"breadcrumb\":{\"@id\":\"https:\/\/president-ksgov.net\/en\/president-thaci-condemns-the-damaging-of-the-memorial-plaque-in-gracka\/#breadcrumb\"},\"inLanguage\":\"en-US\",\"potentialAction\":[{\"@type\":\"ReadAction\",\"target\":[\"https:\/\/president-ksgov.net\/en\/president-thaci-condemns-the-damaging-of-the-memorial-plaque-in-gracka\/\"]}]},{\"@type\":\"ImageObject\",\"inLanguage\":\"en-US\",\"@id\":\"https:\/\/president-ksgov.net\/en\/president-thaci-condemns-the-damaging-of-the-memorial-plaque-in-gracka\/#primaryimage\",\"url\":\"https:\/\/president-ksgov.net\/wp-content\/uploads\/Zyra-e-Presidentes-Featured-Image1-e1678970937938.png\",\"contentUrl\":\"https:\/\/president-ksgov.net\/wp-content\/uploads\/Zyra-e-Presidentes-Featured-Image1-e1678970937938.png\",\"width\":1024,\"height\":716},{\"@type\":\"BreadcrumbList\",\"@id\":\"https:\/\/president-ksgov.net\/en\/president-thaci-condemns-the-damaging-of-the-memorial-plaque-in-gracka\/#breadcrumb\",\"itemListElement\":[{\"@type\":\"ListItem\",\"position\":1,\"name\":\"Home\",\"item\":\"https:\/\/president-ksgov.net\/en\/\"},{\"@type\":\"ListItem\",\"position\":2,\"name\":\"President Tha\u00e7i condemns the damaging of the memorial plaque in Gracka\"}]},{\"@type\":\"WebSite\",\"@id\":\"https:\/\/president-ksgov.net\/#website\",\"url\":\"https:\/\/president-ksgov.net\/\",\"name\":\"Presidente e Republik\u00ebs s\u00eb Kosov\u00ebs\",\"description\":\"Presidente e Republik\u00ebs s\u00eb Kosov\u00ebs\",\"alternateName\":\"DR. VJOSA OSMANI - SADRIU\",\"potentialAction\":[{\"@type\":\"SearchAction\",\"target\":{\"@type\":\"EntryPoint\",\"urlTemplate\":\"https:\/\/president-ksgov.net\/?s={search_term_string}\"},\"query-input\":{\"@type\":\"PropertyValueSpecification\",\"valueRequired\":true,\"valueName\":\"search_term_string\"}}],\"inLanguage\":\"en-US\"},{\"@type\":\"Person\",\"@id\":\"https:\/\/president-ksgov.net\/#\/schema\/person\/bb4337a5fb147cb2046d80548172cbee\",\"name\":\"admin\",\"image\":{\"@type\":\"ImageObject\",\"inLanguage\":\"en-US\",\"@id\":\"https:\/\/president-ksgov.net\/#\/schema\/person\/image\/\",\"url\":\"https:\/\/secure.gravatar.com\/avatar\/36156ca0fa3b8d9d25174f146e16beea0cf28f37adf1b9e19b6c9c279a7c9dd3?s=96&d=mm&r=g\",\"contentUrl\":\"https:\/\/secure.gravatar.com\/avatar\/36156ca0fa3b8d9d25174f146e16beea0cf28f37adf1b9e19b6c9c279a7c9dd3?s=96&d=mm&r=g\",\"caption\":\"admin\"},\"sameAs\":[\"https:\/\/president-ksgov.net\"]}]}<\/script>\n<!-- \/ Yoast SEO plugin. -->","yoast_head_json":{"title":"President Tha\u00e7i condemns the damaging of the memorial plaque in Gracka - President of the Republic of Kosovo - DR. VJOSA OSMANI - SADRIU","description":"President Tha\u00e7i condemns the damaging of the memorial plaque in Gracka - President of the Republic of Kosovo - DR. VJOSA OSMANI - SADRIU -","robots":{"index":"index","follow":"follow","max-snippet":"max-snippet:-1","max-image-preview":"max-image-preview:large","max-video-preview":"max-video-preview:-1"},"canonical":"https:\/\/president-ksgov.net\/en\/president-thaci-condemns-the-damaging-of-the-memorial-plaque-in-gracka\/","og_locale":"en_US","og_type":"article","og_title":"President Tha\u00e7i condemns the damaging of the memorial plaque in Gracka - President of the Republic of Kosovo - DR. VJOSA OSMANI - SADRIU","og_description":"President Tha\u00e7i condemns the damaging of the memorial plaque in Gracka - President of the Republic of Kosovo - DR. VJOSA OSMANI - SADRIU -","og_url":"https:\/\/president-ksgov.net\/en\/president-thaci-condemns-the-damaging-of-the-memorial-plaque-in-gracka\/","og_site_name":"President of the Republic of Kosovo - DR. VJOSA OSMANI - SADRIU","article_published_time":"2016-09-03T11:41:42+00:00","article_modified_time":"2023-03-07T09:50:33+00:00","og_image":[{"width":1024,"height":716,"url":"https:\/\/president-ksgov.net\/wp-content\/uploads\/Zyra-e-Presidentes-Featured-Image1-e1678970937938.png","type":"image\/png"}],"author":"admin","twitter_card":"summary_large_image","twitter_misc":{"Written by":"admin","Est. reading time":"1 minute"},"schema":{"@context":"https:\/\/schema.org","@graph":[{"@type":"WebPage","@id":"https:\/\/president-ksgov.net\/en\/president-thaci-condemns-the-damaging-of-the-memorial-plaque-in-gracka\/","url":"https:\/\/president-ksgov.net\/en\/president-thaci-condemns-the-damaging-of-the-memorial-plaque-in-gracka\/","name":"President Tha\u00e7i condemns the damaging of the memorial plaque in Gracka - President of the Republic of Kosovo - DR. VJOSA OSMANI - SADRIU","isPartOf":{"@id":"https:\/\/president-ksgov.net\/#website"},"primaryImageOfPage":{"@id":"https:\/\/president-ksgov.net\/en\/president-thaci-condemns-the-damaging-of-the-memorial-plaque-in-gracka\/#primaryimage"},"image":{"@id":"https:\/\/president-ksgov.net\/en\/president-thaci-condemns-the-damaging-of-the-memorial-plaque-in-gracka\/#primaryimage"},"thumbnailUrl":"https:\/\/president-ksgov.net\/wp-content\/uploads\/Zyra-e-Presidentes-Featured-Image1-e1678970937938.png","datePublished":"2016-09-03T11:41:42+00:00","dateModified":"2023-03-07T09:50:33+00:00","author":{"@id":"https:\/\/president-ksgov.net\/#\/schema\/person\/bb4337a5fb147cb2046d80548172cbee"},"description":"President Tha\u00e7i condemns the damaging of the memorial plaque in Gracka - President of the Republic of Kosovo - DR. VJOSA OSMANI - SADRIU -","breadcrumb":{"@id":"https:\/\/president-ksgov.net\/en\/president-thaci-condemns-the-damaging-of-the-memorial-plaque-in-gracka\/#breadcrumb"},"inLanguage":"en-US","potentialAction":[{"@type":"ReadAction","target":["https:\/\/president-ksgov.net\/en\/president-thaci-condemns-the-damaging-of-the-memorial-plaque-in-gracka\/"]}]},{"@type":"ImageObject","inLanguage":"en-US","@id":"https:\/\/president-ksgov.net\/en\/president-thaci-condemns-the-damaging-of-the-memorial-plaque-in-gracka\/#primaryimage","url":"https:\/\/president-ksgov.net\/wp-content\/uploads\/Zyra-e-Presidentes-Featured-Image1-e1678970937938.png","contentUrl":"https:\/\/president-ksgov.net\/wp-content\/uploads\/Zyra-e-Presidentes-Featured-Image1-e1678970937938.png","width":1024,"height":716},{"@type":"BreadcrumbList","@id":"https:\/\/president-ksgov.net\/en\/president-thaci-condemns-the-damaging-of-the-memorial-plaque-in-gracka\/#breadcrumb","itemListElement":[{"@type":"ListItem","position":1,"name":"Home","item":"https:\/\/president-ksgov.net\/en\/"},{"@type":"ListItem","position":2,"name":"President Tha\u00e7i condemns the damaging of the memorial plaque in Gracka"}]},{"@type":"WebSite","@id":"https:\/\/president-ksgov.net\/#website","url":"https:\/\/president-ksgov.net\/","name":"Presidente e Republik\u00ebs s\u00eb Kosov\u00ebs","description":"Presidente e Republik\u00ebs s\u00eb Kosov\u00ebs","alternateName":"DR. VJOSA OSMANI - SADRIU","potentialAction":[{"@type":"SearchAction","target":{"@type":"EntryPoint","urlTemplate":"https:\/\/president-ksgov.net\/?s={search_term_string}"},"query-input":{"@type":"PropertyValueSpecification","valueRequired":true,"valueName":"search_term_string"}}],"inLanguage":"en-US"},{"@type":"Person","@id":"https:\/\/president-ksgov.net\/#\/schema\/person\/bb4337a5fb147cb2046d80548172cbee","name":"admin","image":{"@type":"ImageObject","inLanguage":"en-US","@id":"https:\/\/president-ksgov.net\/#\/schema\/person\/image\/","url":"https:\/\/secure.gravatar.com\/avatar\/36156ca0fa3b8d9d25174f146e16beea0cf28f37adf1b9e19b6c9c279a7c9dd3?s=96&d=mm&r=g","contentUrl":"https:\/\/secure.gravatar.com\/avatar\/36156ca0fa3b8d9d25174f146e16beea0cf28f37adf1b9e19b6c9c279a7c9dd3?s=96&d=mm&r=g","caption":"admin"},"sameAs":["https:\/\/president-ksgov.net"]}]}},"_links":{"self":[{"href":"https:\/\/president-ksgov.net\/en\/wp-json\/wp\/v2\/posts\/69073","targetHints":{"allow":["GET"]}}],"collection":[{"href":"https:\/\/president-ksgov.net\/en\/wp-json\/wp\/v2\/posts"}],"about":[{"href":"https:\/\/president-ksgov.net\/en\/wp-json\/wp\/v2\/types\/post"}],"author":[{"embeddable":true,"href":"https:\/\/president-ksgov.net\/en\/wp-json\/wp\/v2\/users\/1"}],"replies":[{"embeddable":true,"href":"https:\/\/president-ksgov.net\/en\/wp-json\/wp\/v2\/comments?post=69073"}],"version-history":[{"count":0,"href":"https:\/\/president-ksgov.net\/en\/wp-json\/wp\/v2\/posts\/69073\/revisions"}],"wp:featuredmedia":[{"embeddable":true,"href":"https:\/\/president-ksgov.net\/en\/wp-json\/wp\/v2\/media\/86338"}],"wp:attachment":[{"href":"https:\/\/president-ksgov.net\/en\/wp-json\/wp\/v2\/media?parent=69073"}],"wp:term":[{"taxonomy":"category","embeddable":true,"href":"https:\/\/president-ksgov.net\/en\/wp-json\/wp\/v2\/categories?post=69073"},{"taxonomy":"post_tag","embeddable":true,"href":"https:\/\/president-ksgov.net\/en\/wp-json\/wp\/v2\/tags?post=69073"}],"curies":[{"name":"wp","href":"https:\/\/api.w.org\/{rel}","templated":true}]}}