{"id":69072,"date":"2016-09-03T15:23:10","date_gmt":"2016-09-03T13:23:10","guid":{"rendered":"https:\/\/dev.president-ksgov.net\/president-thaci-tomorrow-participates-at-the-canonization-ceremony-of-mother-teresa-in-the-vatican\/"},"modified":"2023-03-07T09:50:33","modified_gmt":"2023-03-07T09:50:33","slug":"president-thaci-tomorrow-participates-at-the-canonization-ceremony-of-mother-teresa-in-the-vatican","status":"publish","type":"post","link":"https:\/\/president-ksgov.net\/en\/president-thaci-tomorrow-participates-at-the-canonization-ceremony-of-mother-teresa-in-the-vatican\/","title":{"rendered":"President Tha\u00e7i tomorrow participates at the canonization ceremony of Mother Teresa in the Vatican"},"content":{"rendered":"<p>Prishtina, September 3 &#8211; The President of the Republic of Kosovo, Hashim Tha\u00e7i, has traveled today to the Holy See in the Vatican, where he will participate at the canonization ceremony of Mother Teresa.<\/p>\n<p>In honor of the Albanian humanist, tonight at the Holy See the concert &#8220;Anthem of Mother Teresa&#8221; will be held, which will be attended by world renowned artists.<\/p>\n<p>Among the renowned soloists who will perform at this concert are also two Albanian artists, Rita Ora and Inva Mula. Whereas, the Albanian footballer, Lorik Cana, will recite the poetry of &#8220;Mother Theresa&#8221;.<\/p>\n<p>The canonization ceremony of Mother Teresa will be held tomorrow and part of it will be about 100 thousand believers, and leaders and many personalities of the world.<\/p>\n<p>After the canonization ceremony, President Tha\u00e7i in the evening will also be present at the reception organized by the Embassy of the Republic of Kosovo in Rome.<\/p>\n<p>Decorated with the Nobel Peace Prize in 1979, Mother Teresa was beatified by Pope John Paul in 2003, after that the Holy See had accepted that thanks to her supernatural intervention, Mother Teresa had cured an Indian woman.<\/p>\n<p>On December 17, 2015, Pope Francis acknowledged the second miracle of Mother Teresa as well, namely the extraordinary healing of a young Brazilian, which occurred on December 9, 2008.<\/p>\n<p>The recognition of the second miracle of the Holy See opened the way to the canonization of the Albanian humanist.<\/p>\n","protected":false},"excerpt":{"rendered":"<p>Prishtina, September 3 &#8211; The President of the Republic of Kosovo, Hashim Tha\u00e7i, has traveled today to the Holy See in the Vatican, where he will participate at the canonization ceremony of Mother Teresa.<\/p>\n","protected":false},"author":1,"featured_media":86338,"comment_status":"open","ping_status":"closed","sticky":false,"template":"","format":"standard","meta":{"_eb_attr":"","footnotes":""},"categories":[113,111],"tags":[],"class_list":["post-69072","post","type-post","status-publish","format-standard","has-post-thumbnail","hentry","category-international-visits","category-news"],"yoast_head":"<!-- This site is optimized with the Yoast SEO plugin v23.5 - https:\/\/yoast.com\/wordpress\/plugins\/seo\/ -->\n<title>President Tha\u00e7i tomorrow participates at the canonization ceremony of Mother Teresa in the Vatican - President of the Republic of Kosovo - DR. VJOSA OSMANI - SADRIU<\/title>\n<meta name=\"description\" content=\"President Tha\u00e7i tomorrow participates at the canonization ceremony of Mother Teresa in the Vatican - President of the Republic of Kosovo - DR. VJOSA OSMANI - SADRIU -\" \/>\n<meta name=\"robots\" content=\"index, follow, max-snippet:-1, max-image-preview:large, max-video-preview:-1\" \/>\n<link rel=\"canonical\" href=\"https:\/\/president-ksgov.net\/en\/president-thaci-tomorrow-participates-at-the-canonization-ceremony-of-mother-teresa-in-the-vatican\/\" \/>\n<meta property=\"og:locale\" content=\"en_US\" \/>\n<meta property=\"og:type\" content=\"article\" \/>\n<meta property=\"og:title\" content=\"President Tha\u00e7i tomorrow participates at the canonization ceremony of Mother Teresa in the Vatican - President of the Republic of Kosovo - DR. VJOSA OSMANI - SADRIU\" \/>\n<meta property=\"og:description\" content=\"President Tha\u00e7i tomorrow participates at the canonization ceremony of Mother Teresa in the Vatican - President of the Republic of Kosovo - DR. VJOSA OSMANI - SADRIU -\" \/>\n<meta property=\"og:url\" content=\"https:\/\/president-ksgov.net\/en\/president-thaci-tomorrow-participates-at-the-canonization-ceremony-of-mother-teresa-in-the-vatican\/\" \/>\n<meta property=\"og:site_name\" content=\"President of the Republic of Kosovo - DR. VJOSA OSMANI - SADRIU\" \/>\n<meta property=\"article:published_time\" content=\"2016-09-03T13:23:10+00:00\" \/>\n<meta property=\"article:modified_time\" content=\"2023-03-07T09:50:33+00:00\" \/>\n<meta property=\"og:image\" content=\"https:\/\/president-ksgov.net\/wp-content\/uploads\/Zyra-e-Presidentes-Featured-Image1-e1678970937938.png\" \/>\n\t<meta property=\"og:image:width\" content=\"1024\" \/>\n\t<meta property=\"og:image:height\" content=\"716\" \/>\n\t<meta property=\"og:image:type\" content=\"image\/png\" \/>\n<meta name=\"author\" content=\"admin\" \/>\n<meta name=\"twitter:card\" content=\"summary_large_image\" \/>\n<meta name=\"twitter:label1\" content=\"Written by\" \/>\n\t<meta name=\"twitter:data1\" content=\"admin\" \/>\n\t<meta name=\"twitter:label2\" content=\"Est. reading time\" \/>\n\t<meta name=\"twitter:data2\" content=\"1 minute\" \/>\n<script type=\"application\/ld+json\" class=\"yoast-schema-graph\">{\"@context\":\"https:\/\/schema.org\",\"@graph\":[{\"@type\":\"WebPage\",\"@id\":\"https:\/\/president-ksgov.net\/en\/president-thaci-tomorrow-participates-at-the-canonization-ceremony-of-mother-teresa-in-the-vatican\/\",\"url\":\"https:\/\/president-ksgov.net\/en\/president-thaci-tomorrow-participates-at-the-canonization-ceremony-of-mother-teresa-in-the-vatican\/\",\"name\":\"President Tha\u00e7i tomorrow participates at the canonization ceremony of Mother Teresa in the Vatican - President of the Republic of Kosovo - DR. VJOSA OSMANI - SADRIU\",\"isPartOf\":{\"@id\":\"https:\/\/president-ksgov.net\/#website\"},\"primaryImageOfPage\":{\"@id\":\"https:\/\/president-ksgov.net\/en\/president-thaci-tomorrow-participates-at-the-canonization-ceremony-of-mother-teresa-in-the-vatican\/#primaryimage\"},\"image\":{\"@id\":\"https:\/\/president-ksgov.net\/en\/president-thaci-tomorrow-participates-at-the-canonization-ceremony-of-mother-teresa-in-the-vatican\/#primaryimage\"},\"thumbnailUrl\":\"https:\/\/president-ksgov.net\/wp-content\/uploads\/Zyra-e-Presidentes-Featured-Image1-e1678970937938.png\",\"datePublished\":\"2016-09-03T13:23:10+00:00\",\"dateModified\":\"2023-03-07T09:50:33+00:00\",\"author\":{\"@id\":\"https:\/\/president-ksgov.net\/#\/schema\/person\/bb4337a5fb147cb2046d80548172cbee\"},\"description\":\"President Tha\u00e7i tomorrow participates at the canonization ceremony of Mother Teresa in the Vatican - President of the Republic of Kosovo - DR. VJOSA OSMANI - SADRIU -\",\"breadcrumb\":{\"@id\":\"https:\/\/president-ksgov.net\/en\/president-thaci-tomorrow-participates-at-the-canonization-ceremony-of-mother-teresa-in-the-vatican\/#breadcrumb\"},\"inLanguage\":\"en-US\",\"potentialAction\":[{\"@type\":\"ReadAction\",\"target\":[\"https:\/\/president-ksgov.net\/en\/president-thaci-tomorrow-participates-at-the-canonization-ceremony-of-mother-teresa-in-the-vatican\/\"]}]},{\"@type\":\"ImageObject\",\"inLanguage\":\"en-US\",\"@id\":\"https:\/\/president-ksgov.net\/en\/president-thaci-tomorrow-participates-at-the-canonization-ceremony-of-mother-teresa-in-the-vatican\/#primaryimage\",\"url\":\"https:\/\/president-ksgov.net\/wp-content\/uploads\/Zyra-e-Presidentes-Featured-Image1-e1678970937938.png\",\"contentUrl\":\"https:\/\/president-ksgov.net\/wp-content\/uploads\/Zyra-e-Presidentes-Featured-Image1-e1678970937938.png\",\"width\":1024,\"height\":716},{\"@type\":\"BreadcrumbList\",\"@id\":\"https:\/\/president-ksgov.net\/en\/president-thaci-tomorrow-participates-at-the-canonization-ceremony-of-mother-teresa-in-the-vatican\/#breadcrumb\",\"itemListElement\":[{\"@type\":\"ListItem\",\"position\":1,\"name\":\"Home\",\"item\":\"https:\/\/president-ksgov.net\/en\/\"},{\"@type\":\"ListItem\",\"position\":2,\"name\":\"President Tha\u00e7i tomorrow participates at the canonization ceremony of Mother Teresa in the Vatican\"}]},{\"@type\":\"WebSite\",\"@id\":\"https:\/\/president-ksgov.net\/#website\",\"url\":\"https:\/\/president-ksgov.net\/\",\"name\":\"Presidente e Republik\u00ebs s\u00eb Kosov\u00ebs\",\"description\":\"Presidente e Republik\u00ebs s\u00eb Kosov\u00ebs\",\"alternateName\":\"DR. VJOSA OSMANI - SADRIU\",\"potentialAction\":[{\"@type\":\"SearchAction\",\"target\":{\"@type\":\"EntryPoint\",\"urlTemplate\":\"https:\/\/president-ksgov.net\/?s={search_term_string}\"},\"query-input\":{\"@type\":\"PropertyValueSpecification\",\"valueRequired\":true,\"valueName\":\"search_term_string\"}}],\"inLanguage\":\"en-US\"},{\"@type\":\"Person\",\"@id\":\"https:\/\/president-ksgov.net\/#\/schema\/person\/bb4337a5fb147cb2046d80548172cbee\",\"name\":\"admin\",\"image\":{\"@type\":\"ImageObject\",\"inLanguage\":\"en-US\",\"@id\":\"https:\/\/president-ksgov.net\/#\/schema\/person\/image\/\",\"url\":\"https:\/\/secure.gravatar.com\/avatar\/36156ca0fa3b8d9d25174f146e16beea0cf28f37adf1b9e19b6c9c279a7c9dd3?s=96&d=mm&r=g\",\"contentUrl\":\"https:\/\/secure.gravatar.com\/avatar\/36156ca0fa3b8d9d25174f146e16beea0cf28f37adf1b9e19b6c9c279a7c9dd3?s=96&d=mm&r=g\",\"caption\":\"admin\"},\"sameAs\":[\"https:\/\/president-ksgov.net\"]}]}<\/script>\n<!-- \/ Yoast SEO plugin. -->","yoast_head_json":{"title":"President Tha\u00e7i tomorrow participates at the canonization ceremony of Mother Teresa in the Vatican - President of the Republic of Kosovo - DR. VJOSA OSMANI - SADRIU","description":"President Tha\u00e7i tomorrow participates at the canonization ceremony of Mother Teresa in the Vatican - President of the Republic of Kosovo - DR. VJOSA OSMANI - SADRIU -","robots":{"index":"index","follow":"follow","max-snippet":"max-snippet:-1","max-image-preview":"max-image-preview:large","max-video-preview":"max-video-preview:-1"},"canonical":"https:\/\/president-ksgov.net\/en\/president-thaci-tomorrow-participates-at-the-canonization-ceremony-of-mother-teresa-in-the-vatican\/","og_locale":"en_US","og_type":"article","og_title":"President Tha\u00e7i tomorrow participates at the canonization ceremony of Mother Teresa in the Vatican - President of the Republic of Kosovo - DR. VJOSA OSMANI - SADRIU","og_description":"President Tha\u00e7i tomorrow participates at the canonization ceremony of Mother Teresa in the Vatican - President of the Republic of Kosovo - DR. VJOSA OSMANI - SADRIU -","og_url":"https:\/\/president-ksgov.net\/en\/president-thaci-tomorrow-participates-at-the-canonization-ceremony-of-mother-teresa-in-the-vatican\/","og_site_name":"President of the Republic of Kosovo - DR. VJOSA OSMANI - SADRIU","article_published_time":"2016-09-03T13:23:10+00:00","article_modified_time":"2023-03-07T09:50:33+00:00","og_image":[{"width":1024,"height":716,"url":"https:\/\/president-ksgov.net\/wp-content\/uploads\/Zyra-e-Presidentes-Featured-Image1-e1678970937938.png","type":"image\/png"}],"author":"admin","twitter_card":"summary_large_image","twitter_misc":{"Written by":"admin","Est. reading time":"1 minute"},"schema":{"@context":"https:\/\/schema.org","@graph":[{"@type":"WebPage","@id":"https:\/\/president-ksgov.net\/en\/president-thaci-tomorrow-participates-at-the-canonization-ceremony-of-mother-teresa-in-the-vatican\/","url":"https:\/\/president-ksgov.net\/en\/president-thaci-tomorrow-participates-at-the-canonization-ceremony-of-mother-teresa-in-the-vatican\/","name":"President Tha\u00e7i tomorrow participates at the canonization ceremony of Mother Teresa in the Vatican - President of the Republic of Kosovo - DR. VJOSA OSMANI - SADRIU","isPartOf":{"@id":"https:\/\/president-ksgov.net\/#website"},"primaryImageOfPage":{"@id":"https:\/\/president-ksgov.net\/en\/president-thaci-tomorrow-participates-at-the-canonization-ceremony-of-mother-teresa-in-the-vatican\/#primaryimage"},"image":{"@id":"https:\/\/president-ksgov.net\/en\/president-thaci-tomorrow-participates-at-the-canonization-ceremony-of-mother-teresa-in-the-vatican\/#primaryimage"},"thumbnailUrl":"https:\/\/president-ksgov.net\/wp-content\/uploads\/Zyra-e-Presidentes-Featured-Image1-e1678970937938.png","datePublished":"2016-09-03T13:23:10+00:00","dateModified":"2023-03-07T09:50:33+00:00","author":{"@id":"https:\/\/president-ksgov.net\/#\/schema\/person\/bb4337a5fb147cb2046d80548172cbee"},"description":"President Tha\u00e7i tomorrow participates at the canonization ceremony of Mother Teresa in the Vatican - President of the Republic of Kosovo - DR. VJOSA OSMANI - SADRIU -","breadcrumb":{"@id":"https:\/\/president-ksgov.net\/en\/president-thaci-tomorrow-participates-at-the-canonization-ceremony-of-mother-teresa-in-the-vatican\/#breadcrumb"},"inLanguage":"en-US","potentialAction":[{"@type":"ReadAction","target":["https:\/\/president-ksgov.net\/en\/president-thaci-tomorrow-participates-at-the-canonization-ceremony-of-mother-teresa-in-the-vatican\/"]}]},{"@type":"ImageObject","inLanguage":"en-US","@id":"https:\/\/president-ksgov.net\/en\/president-thaci-tomorrow-participates-at-the-canonization-ceremony-of-mother-teresa-in-the-vatican\/#primaryimage","url":"https:\/\/president-ksgov.net\/wp-content\/uploads\/Zyra-e-Presidentes-Featured-Image1-e1678970937938.png","contentUrl":"https:\/\/president-ksgov.net\/wp-content\/uploads\/Zyra-e-Presidentes-Featured-Image1-e1678970937938.png","width":1024,"height":716},{"@type":"BreadcrumbList","@id":"https:\/\/president-ksgov.net\/en\/president-thaci-tomorrow-participates-at-the-canonization-ceremony-of-mother-teresa-in-the-vatican\/#breadcrumb","itemListElement":[{"@type":"ListItem","position":1,"name":"Home","item":"https:\/\/president-ksgov.net\/en\/"},{"@type":"ListItem","position":2,"name":"President Tha\u00e7i tomorrow participates at the canonization ceremony of Mother Teresa in the Vatican"}]},{"@type":"WebSite","@id":"https:\/\/president-ksgov.net\/#website","url":"https:\/\/president-ksgov.net\/","name":"Presidente e Republik\u00ebs s\u00eb Kosov\u00ebs","description":"Presidente e Republik\u00ebs s\u00eb Kosov\u00ebs","alternateName":"DR. VJOSA OSMANI - SADRIU","potentialAction":[{"@type":"SearchAction","target":{"@type":"EntryPoint","urlTemplate":"https:\/\/president-ksgov.net\/?s={search_term_string}"},"query-input":{"@type":"PropertyValueSpecification","valueRequired":true,"valueName":"search_term_string"}}],"inLanguage":"en-US"},{"@type":"Person","@id":"https:\/\/president-ksgov.net\/#\/schema\/person\/bb4337a5fb147cb2046d80548172cbee","name":"admin","image":{"@type":"ImageObject","inLanguage":"en-US","@id":"https:\/\/president-ksgov.net\/#\/schema\/person\/image\/","url":"https:\/\/secure.gravatar.com\/avatar\/36156ca0fa3b8d9d25174f146e16beea0cf28f37adf1b9e19b6c9c279a7c9dd3?s=96&d=mm&r=g","contentUrl":"https:\/\/secure.gravatar.com\/avatar\/36156ca0fa3b8d9d25174f146e16beea0cf28f37adf1b9e19b6c9c279a7c9dd3?s=96&d=mm&r=g","caption":"admin"},"sameAs":["https:\/\/president-ksgov.net"]}]}},"_links":{"self":[{"href":"https:\/\/president-ksgov.net\/en\/wp-json\/wp\/v2\/posts\/69072","targetHints":{"allow":["GET"]}}],"collection":[{"href":"https:\/\/president-ksgov.net\/en\/wp-json\/wp\/v2\/posts"}],"about":[{"href":"https:\/\/president-ksgov.net\/en\/wp-json\/wp\/v2\/types\/post"}],"author":[{"embeddable":true,"href":"https:\/\/president-ksgov.net\/en\/wp-json\/wp\/v2\/users\/1"}],"replies":[{"embeddable":true,"href":"https:\/\/president-ksgov.net\/en\/wp-json\/wp\/v2\/comments?post=69072"}],"version-history":[{"count":0,"href":"https:\/\/president-ksgov.net\/en\/wp-json\/wp\/v2\/posts\/69072\/revisions"}],"wp:featuredmedia":[{"embeddable":true,"href":"https:\/\/president-ksgov.net\/en\/wp-json\/wp\/v2\/media\/86338"}],"wp:attachment":[{"href":"https:\/\/president-ksgov.net\/en\/wp-json\/wp\/v2\/media?parent=69072"}],"wp:term":[{"taxonomy":"category","embeddable":true,"href":"https:\/\/president-ksgov.net\/en\/wp-json\/wp\/v2\/categories?post=69072"},{"taxonomy":"post_tag","embeddable":true,"href":"https:\/\/president-ksgov.net\/en\/wp-json\/wp\/v2\/tags?post=69072"}],"curies":[{"name":"wp","href":"https:\/\/api.w.org\/{rel}","templated":true}]}}