{"id":69071,"date":"2016-09-04T13:00:56","date_gmt":"2016-09-04T11:00:56","guid":{"rendered":"https:\/\/dev.president-ksgov.net\/president-thaci-our-people-gave-the-world-a-miracle-they-gave-the-world-mother-teresa\/"},"modified":"2023-03-07T09:50:33","modified_gmt":"2023-03-07T09:50:33","slug":"president-thaci-our-people-gave-the-world-a-miracle-they-gave-the-world-mother-teresa","status":"publish","type":"post","link":"https:\/\/president-ksgov.net\/en\/president-thaci-our-people-gave-the-world-a-miracle-they-gave-the-world-mother-teresa\/","title":{"rendered":"President Tha\u00e7i: Our people gave the world a miracle, they gave the world Mother Teresa"},"content":{"rendered":"<p>Vatican City, September 4, 2016 &#8211; The President of the Republic of Kosovo, Hashim Tha\u00e7i, attended today the canonization ceremony of Mother Teresa, at the Vatican.<\/p>\n<p>The canonization ceremony led by Pope Francis at the St. Peter&#8217;s Basilica assembled numerous world leaders and personalities.<\/p>\n<p>&#8220;Our people gave the world a loving mother for all the peoples. They gave the world a miracle, who with her noble path was a symbol of goodness and the embodiment of the best human characteristics. Today, along with the canonization of Mother Teresa her Albanian origin has been canonized as well&#8221;, said President Tha\u00e7i<\/p>\n<p>In honor of the Albanian humanist, last night at the Holy See the concert &#8220;The Anthem of Mother Teresa&#8221; was held, where Albanian and world famous artists participated.<\/p>\n<p>Mother Teresa was decorated with the Nobel Peace Prize in 1979, and was beatified by Pope John Paul in 2003, after that the Holy See had accepted that thanks to her supernatural intervention, she had cured an Indian woman.<\/p>\n<p>Last year, on December 17, 2015, Pope Francis acknowledged the second miracle of Mother Teresa, namely the extraordinary healing of a young Brazilian, on December 9, 2008.<\/p>\n<p>The recognition of the second miracle of the Holy See gave way to today&#8217;s canonization of Mother Teresa.<\/p>\n","protected":false},"excerpt":{"rendered":"<p>Vatican City, September 4, 2016 &#8211; The President of the Republic of Kosovo, Hashim Tha\u00e7i, attended today the canonization ceremony of Mother Teresa, at the Vatican.<\/p>\n","protected":false},"author":1,"featured_media":33213,"comment_status":"open","ping_status":"closed","sticky":false,"template":"","format":"standard","meta":{"_eb_attr":"","footnotes":""},"categories":[113,111],"tags":[],"class_list":["post-69071","post","type-post","status-publish","format-standard","has-post-thumbnail","hentry","category-international-visits","category-news"],"yoast_head":"<!-- This site is optimized with the Yoast SEO plugin v23.5 - https:\/\/yoast.com\/wordpress\/plugins\/seo\/ -->\n<title>President Tha\u00e7i: Our people gave the world a miracle, they gave the world Mother Teresa - President of the Republic of Kosovo - DR. VJOSA OSMANI - SADRIU<\/title>\n<meta name=\"description\" content=\"President Tha\u00e7i: Our people gave the world a miracle, they gave the world Mother Teresa - President of the Republic of Kosovo - DR. VJOSA OSMANI - SADRIU -\" \/>\n<meta name=\"robots\" content=\"index, follow, max-snippet:-1, max-image-preview:large, max-video-preview:-1\" \/>\n<link rel=\"canonical\" href=\"https:\/\/president-ksgov.net\/en\/president-thaci-our-people-gave-the-world-a-miracle-they-gave-the-world-mother-teresa\/\" \/>\n<meta property=\"og:locale\" content=\"en_US\" \/>\n<meta property=\"og:type\" content=\"article\" \/>\n<meta property=\"og:title\" content=\"President Tha\u00e7i: Our people gave the world a miracle, they gave the world Mother Teresa - President of the Republic of Kosovo - DR. VJOSA OSMANI - SADRIU\" \/>\n<meta property=\"og:description\" content=\"President Tha\u00e7i: Our people gave the world a miracle, they gave the world Mother Teresa - President of the Republic of Kosovo - DR. VJOSA OSMANI - SADRIU -\" \/>\n<meta property=\"og:url\" content=\"https:\/\/president-ksgov.net\/en\/president-thaci-our-people-gave-the-world-a-miracle-they-gave-the-world-mother-teresa\/\" \/>\n<meta property=\"og:site_name\" content=\"President of the Republic of Kosovo - DR. VJOSA OSMANI - SADRIU\" \/>\n<meta property=\"article:published_time\" content=\"2016-09-04T11:00:56+00:00\" \/>\n<meta property=\"article:modified_time\" content=\"2023-03-07T09:50:33+00:00\" \/>\n<meta property=\"og:image\" content=\"https:\/\/president-ksgov.net\/wp-content\/uploads\/04_09_2016_9844259_Vatikan_Foto1.jpg\" \/>\n\t<meta property=\"og:image:width\" content=\"640\" \/>\n\t<meta property=\"og:image:height\" content=\"960\" \/>\n\t<meta property=\"og:image:type\" content=\"image\/jpeg\" \/>\n<meta name=\"author\" content=\"admin\" \/>\n<meta name=\"twitter:card\" content=\"summary_large_image\" \/>\n<meta name=\"twitter:label1\" content=\"Written by\" \/>\n\t<meta name=\"twitter:data1\" content=\"admin\" \/>\n\t<meta name=\"twitter:label2\" content=\"Est. reading time\" \/>\n\t<meta name=\"twitter:data2\" content=\"1 minute\" \/>\n<script type=\"application\/ld+json\" class=\"yoast-schema-graph\">{\"@context\":\"https:\/\/schema.org\",\"@graph\":[{\"@type\":\"WebPage\",\"@id\":\"https:\/\/president-ksgov.net\/en\/president-thaci-our-people-gave-the-world-a-miracle-they-gave-the-world-mother-teresa\/\",\"url\":\"https:\/\/president-ksgov.net\/en\/president-thaci-our-people-gave-the-world-a-miracle-they-gave-the-world-mother-teresa\/\",\"name\":\"President Tha\u00e7i: Our people gave the world a miracle, they gave the world Mother Teresa - President of the Republic of Kosovo - DR. VJOSA OSMANI - SADRIU\",\"isPartOf\":{\"@id\":\"https:\/\/president-ksgov.net\/#website\"},\"primaryImageOfPage\":{\"@id\":\"https:\/\/president-ksgov.net\/en\/president-thaci-our-people-gave-the-world-a-miracle-they-gave-the-world-mother-teresa\/#primaryimage\"},\"image\":{\"@id\":\"https:\/\/president-ksgov.net\/en\/president-thaci-our-people-gave-the-world-a-miracle-they-gave-the-world-mother-teresa\/#primaryimage\"},\"thumbnailUrl\":\"https:\/\/president-ksgov.net\/wp-content\/uploads\/04_09_2016_9844259_Vatikan_Foto1.jpg\",\"datePublished\":\"2016-09-04T11:00:56+00:00\",\"dateModified\":\"2023-03-07T09:50:33+00:00\",\"author\":{\"@id\":\"https:\/\/president-ksgov.net\/#\/schema\/person\/bb4337a5fb147cb2046d80548172cbee\"},\"description\":\"President Tha\u00e7i: Our people gave the world a miracle, they gave the world Mother Teresa - President of the Republic of Kosovo - DR. VJOSA OSMANI - SADRIU -\",\"breadcrumb\":{\"@id\":\"https:\/\/president-ksgov.net\/en\/president-thaci-our-people-gave-the-world-a-miracle-they-gave-the-world-mother-teresa\/#breadcrumb\"},\"inLanguage\":\"en-US\",\"potentialAction\":[{\"@type\":\"ReadAction\",\"target\":[\"https:\/\/president-ksgov.net\/en\/president-thaci-our-people-gave-the-world-a-miracle-they-gave-the-world-mother-teresa\/\"]}]},{\"@type\":\"ImageObject\",\"inLanguage\":\"en-US\",\"@id\":\"https:\/\/president-ksgov.net\/en\/president-thaci-our-people-gave-the-world-a-miracle-they-gave-the-world-mother-teresa\/#primaryimage\",\"url\":\"https:\/\/president-ksgov.net\/wp-content\/uploads\/04_09_2016_9844259_Vatikan_Foto1.jpg\",\"contentUrl\":\"https:\/\/president-ksgov.net\/wp-content\/uploads\/04_09_2016_9844259_Vatikan_Foto1.jpg\",\"width\":640,\"height\":960},{\"@type\":\"BreadcrumbList\",\"@id\":\"https:\/\/president-ksgov.net\/en\/president-thaci-our-people-gave-the-world-a-miracle-they-gave-the-world-mother-teresa\/#breadcrumb\",\"itemListElement\":[{\"@type\":\"ListItem\",\"position\":1,\"name\":\"Home\",\"item\":\"https:\/\/president-ksgov.net\/en\/\"},{\"@type\":\"ListItem\",\"position\":2,\"name\":\"President Tha\u00e7i: Our people gave the world a miracle, they gave the world Mother Teresa\"}]},{\"@type\":\"WebSite\",\"@id\":\"https:\/\/president-ksgov.net\/#website\",\"url\":\"https:\/\/president-ksgov.net\/\",\"name\":\"Presidente e Republik\u00ebs s\u00eb Kosov\u00ebs\",\"description\":\"Presidente e Republik\u00ebs s\u00eb Kosov\u00ebs\",\"alternateName\":\"DR. VJOSA OSMANI - SADRIU\",\"potentialAction\":[{\"@type\":\"SearchAction\",\"target\":{\"@type\":\"EntryPoint\",\"urlTemplate\":\"https:\/\/president-ksgov.net\/?s={search_term_string}\"},\"query-input\":{\"@type\":\"PropertyValueSpecification\",\"valueRequired\":true,\"valueName\":\"search_term_string\"}}],\"inLanguage\":\"en-US\"},{\"@type\":\"Person\",\"@id\":\"https:\/\/president-ksgov.net\/#\/schema\/person\/bb4337a5fb147cb2046d80548172cbee\",\"name\":\"admin\",\"image\":{\"@type\":\"ImageObject\",\"inLanguage\":\"en-US\",\"@id\":\"https:\/\/president-ksgov.net\/#\/schema\/person\/image\/\",\"url\":\"https:\/\/secure.gravatar.com\/avatar\/36156ca0fa3b8d9d25174f146e16beea0cf28f37adf1b9e19b6c9c279a7c9dd3?s=96&d=mm&r=g\",\"contentUrl\":\"https:\/\/secure.gravatar.com\/avatar\/36156ca0fa3b8d9d25174f146e16beea0cf28f37adf1b9e19b6c9c279a7c9dd3?s=96&d=mm&r=g\",\"caption\":\"admin\"},\"sameAs\":[\"https:\/\/president-ksgov.net\"]}]}<\/script>\n<!-- \/ Yoast SEO plugin. -->","yoast_head_json":{"title":"President Tha\u00e7i: Our people gave the world a miracle, they gave the world Mother Teresa - President of the Republic of Kosovo - DR. VJOSA OSMANI - SADRIU","description":"President Tha\u00e7i: Our people gave the world a miracle, they gave the world Mother Teresa - President of the Republic of Kosovo - DR. VJOSA OSMANI - SADRIU -","robots":{"index":"index","follow":"follow","max-snippet":"max-snippet:-1","max-image-preview":"max-image-preview:large","max-video-preview":"max-video-preview:-1"},"canonical":"https:\/\/president-ksgov.net\/en\/president-thaci-our-people-gave-the-world-a-miracle-they-gave-the-world-mother-teresa\/","og_locale":"en_US","og_type":"article","og_title":"President Tha\u00e7i: Our people gave the world a miracle, they gave the world Mother Teresa - President of the Republic of Kosovo - DR. VJOSA OSMANI - SADRIU","og_description":"President Tha\u00e7i: Our people gave the world a miracle, they gave the world Mother Teresa - President of the Republic of Kosovo - DR. VJOSA OSMANI - SADRIU -","og_url":"https:\/\/president-ksgov.net\/en\/president-thaci-our-people-gave-the-world-a-miracle-they-gave-the-world-mother-teresa\/","og_site_name":"President of the Republic of Kosovo - DR. VJOSA OSMANI - SADRIU","article_published_time":"2016-09-04T11:00:56+00:00","article_modified_time":"2023-03-07T09:50:33+00:00","og_image":[{"width":640,"height":960,"url":"https:\/\/president-ksgov.net\/wp-content\/uploads\/04_09_2016_9844259_Vatikan_Foto1.jpg","type":"image\/jpeg"}],"author":"admin","twitter_card":"summary_large_image","twitter_misc":{"Written by":"admin","Est. reading time":"1 minute"},"schema":{"@context":"https:\/\/schema.org","@graph":[{"@type":"WebPage","@id":"https:\/\/president-ksgov.net\/en\/president-thaci-our-people-gave-the-world-a-miracle-they-gave-the-world-mother-teresa\/","url":"https:\/\/president-ksgov.net\/en\/president-thaci-our-people-gave-the-world-a-miracle-they-gave-the-world-mother-teresa\/","name":"President Tha\u00e7i: Our people gave the world a miracle, they gave the world Mother Teresa - President of the Republic of Kosovo - DR. VJOSA OSMANI - SADRIU","isPartOf":{"@id":"https:\/\/president-ksgov.net\/#website"},"primaryImageOfPage":{"@id":"https:\/\/president-ksgov.net\/en\/president-thaci-our-people-gave-the-world-a-miracle-they-gave-the-world-mother-teresa\/#primaryimage"},"image":{"@id":"https:\/\/president-ksgov.net\/en\/president-thaci-our-people-gave-the-world-a-miracle-they-gave-the-world-mother-teresa\/#primaryimage"},"thumbnailUrl":"https:\/\/president-ksgov.net\/wp-content\/uploads\/04_09_2016_9844259_Vatikan_Foto1.jpg","datePublished":"2016-09-04T11:00:56+00:00","dateModified":"2023-03-07T09:50:33+00:00","author":{"@id":"https:\/\/president-ksgov.net\/#\/schema\/person\/bb4337a5fb147cb2046d80548172cbee"},"description":"President Tha\u00e7i: Our people gave the world a miracle, they gave the world Mother Teresa - President of the Republic of Kosovo - DR. VJOSA OSMANI - SADRIU -","breadcrumb":{"@id":"https:\/\/president-ksgov.net\/en\/president-thaci-our-people-gave-the-world-a-miracle-they-gave-the-world-mother-teresa\/#breadcrumb"},"inLanguage":"en-US","potentialAction":[{"@type":"ReadAction","target":["https:\/\/president-ksgov.net\/en\/president-thaci-our-people-gave-the-world-a-miracle-they-gave-the-world-mother-teresa\/"]}]},{"@type":"ImageObject","inLanguage":"en-US","@id":"https:\/\/president-ksgov.net\/en\/president-thaci-our-people-gave-the-world-a-miracle-they-gave-the-world-mother-teresa\/#primaryimage","url":"https:\/\/president-ksgov.net\/wp-content\/uploads\/04_09_2016_9844259_Vatikan_Foto1.jpg","contentUrl":"https:\/\/president-ksgov.net\/wp-content\/uploads\/04_09_2016_9844259_Vatikan_Foto1.jpg","width":640,"height":960},{"@type":"BreadcrumbList","@id":"https:\/\/president-ksgov.net\/en\/president-thaci-our-people-gave-the-world-a-miracle-they-gave-the-world-mother-teresa\/#breadcrumb","itemListElement":[{"@type":"ListItem","position":1,"name":"Home","item":"https:\/\/president-ksgov.net\/en\/"},{"@type":"ListItem","position":2,"name":"President Tha\u00e7i: Our people gave the world a miracle, they gave the world Mother Teresa"}]},{"@type":"WebSite","@id":"https:\/\/president-ksgov.net\/#website","url":"https:\/\/president-ksgov.net\/","name":"Presidente e Republik\u00ebs s\u00eb Kosov\u00ebs","description":"Presidente e Republik\u00ebs s\u00eb Kosov\u00ebs","alternateName":"DR. VJOSA OSMANI - SADRIU","potentialAction":[{"@type":"SearchAction","target":{"@type":"EntryPoint","urlTemplate":"https:\/\/president-ksgov.net\/?s={search_term_string}"},"query-input":{"@type":"PropertyValueSpecification","valueRequired":true,"valueName":"search_term_string"}}],"inLanguage":"en-US"},{"@type":"Person","@id":"https:\/\/president-ksgov.net\/#\/schema\/person\/bb4337a5fb147cb2046d80548172cbee","name":"admin","image":{"@type":"ImageObject","inLanguage":"en-US","@id":"https:\/\/president-ksgov.net\/#\/schema\/person\/image\/","url":"https:\/\/secure.gravatar.com\/avatar\/36156ca0fa3b8d9d25174f146e16beea0cf28f37adf1b9e19b6c9c279a7c9dd3?s=96&d=mm&r=g","contentUrl":"https:\/\/secure.gravatar.com\/avatar\/36156ca0fa3b8d9d25174f146e16beea0cf28f37adf1b9e19b6c9c279a7c9dd3?s=96&d=mm&r=g","caption":"admin"},"sameAs":["https:\/\/president-ksgov.net"]}]}},"_links":{"self":[{"href":"https:\/\/president-ksgov.net\/en\/wp-json\/wp\/v2\/posts\/69071","targetHints":{"allow":["GET"]}}],"collection":[{"href":"https:\/\/president-ksgov.net\/en\/wp-json\/wp\/v2\/posts"}],"about":[{"href":"https:\/\/president-ksgov.net\/en\/wp-json\/wp\/v2\/types\/post"}],"author":[{"embeddable":true,"href":"https:\/\/president-ksgov.net\/en\/wp-json\/wp\/v2\/users\/1"}],"replies":[{"embeddable":true,"href":"https:\/\/president-ksgov.net\/en\/wp-json\/wp\/v2\/comments?post=69071"}],"version-history":[{"count":0,"href":"https:\/\/president-ksgov.net\/en\/wp-json\/wp\/v2\/posts\/69071\/revisions"}],"wp:featuredmedia":[{"embeddable":true,"href":"https:\/\/president-ksgov.net\/en\/wp-json\/wp\/v2\/media\/33213"}],"wp:attachment":[{"href":"https:\/\/president-ksgov.net\/en\/wp-json\/wp\/v2\/media?parent=69071"}],"wp:term":[{"taxonomy":"category","embeddable":true,"href":"https:\/\/president-ksgov.net\/en\/wp-json\/wp\/v2\/categories?post=69071"},{"taxonomy":"post_tag","embeddable":true,"href":"https:\/\/president-ksgov.net\/en\/wp-json\/wp\/v2\/tags?post=69071"}],"curies":[{"name":"wp","href":"https:\/\/api.w.org\/{rel}","templated":true}]}}